{"id":9996,"date":"2025-11-24T14:22:00","date_gmt":"2025-11-24T13:22:00","guid":{"rendered":"https:\/\/www.asf-brandenburg.de\/asf_wp\/?p=9996"},"modified":"2026-02-11T11:01:18","modified_gmt":"2026-02-11T10:01:18","slug":"1-000-neue-zukunftsbaeume-fuer-waldesdorf-spendenschwimmen-machts-moeglich","status":"publish","type":"post","link":"https:\/\/www.asf-brandenburg.de\/asf_wp\/aktuelles\/2025\/1-000-neue-zukunftsbaeume-fuer-waldesdorf-spendenschwimmen-machts-moeglich\/","title":{"rendered":"1.000 neue Zukunftsb\u00e4ume f\u00fcr Wadelsdorf \u2013 Spendenschwimmen macht\u2019s m\u00f6glich"},"content":{"rendered":"<div class=\"fusion-fullwidth fullwidth-box fusion-builder-row-1 fusion-flex-container has-pattern-background has-mask-background nonhundred-percent-fullwidth non-hundred-percent-height-scrolling\" style=\"--awb-border-radius-top-left:0px;--awb-border-radius-top-right:0px;--awb-border-radius-bottom-right:0px;--awb-border-radius-bottom-left:0px;--awb-flex-wrap:wrap;\" ><div class=\"fusion-builder-row fusion-row fusion-flex-align-items-flex-start fusion-flex-content-wrap\" style=\"max-width:1331.2px;margin-left: calc(-4% \/ 2 );margin-right: calc(-4% \/ 2 );\"><div class=\"fusion-layout-column fusion_builder_column fusion-builder-column-0 fusion_builder_column_1_1 1_1 fusion-flex-column\" style=\"--awb-bg-size:cover;--awb-width-large:100%;--awb-margin-top-large:0px;--awb-spacing-right-large:1.92%;--awb-margin-bottom-large:20px;--awb-spacing-left-large:1.92%;--awb-width-medium:100%;--awb-order-medium:0;--awb-spacing-right-medium:1.92%;--awb-spacing-left-medium:1.92%;--awb-width-small:100%;--awb-order-small:0;--awb-spacing-right-small:1.92%;--awb-spacing-left-small:1.92%;\"><div class=\"fusion-column-wrapper fusion-column-has-shadow fusion-flex-justify-content-flex-start fusion-content-layout-column\"><div class=\"fusion-image-element \" style=\"--awb-caption-title-font-family:var(--h2_typography-font-family);--awb-caption-title-font-weight:var(--h2_typography-font-weight);--awb-caption-title-font-style:var(--h2_typography-font-style);--awb-caption-title-size:var(--h2_typography-font-size);--awb-caption-title-transform:var(--h2_typography-text-transform);--awb-caption-title-line-height:var(--h2_typography-line-height);--awb-caption-title-letter-spacing:var(--h2_typography-letter-spacing);\"><span class=\" fusion-imageframe imageframe-none imageframe-1 hover-type-none\"><img decoding=\"async\" width=\"1920\" height=\"2560\" title=\"20251112_100148\" src=\"https:\/\/www.asf-brandenburg.de\/asf_wp\/wp-content\/uploads\/2025\/11\/20251112_100148-scaled.jpg\" alt class=\"img-responsive wp-image-10001\" srcset=\"https:\/\/www.asf-brandenburg.de\/asf_wp\/wp-content\/uploads\/2025\/11\/20251112_100148-200x267.jpg 200w, https:\/\/www.asf-brandenburg.de\/asf_wp\/wp-content\/uploads\/2025\/11\/20251112_100148-400x533.jpg 400w, https:\/\/www.asf-brandenburg.de\/asf_wp\/wp-content\/uploads\/2025\/11\/20251112_100148-600x800.jpg 600w, https:\/\/www.asf-brandenburg.de\/asf_wp\/wp-content\/uploads\/2025\/11\/20251112_100148-800x1067.jpg 800w, https:\/\/www.asf-brandenburg.de\/asf_wp\/wp-content\/uploads\/2025\/11\/20251112_100148-1200x1600.jpg 1200w, https:\/\/www.asf-brandenburg.de\/asf_wp\/wp-content\/uploads\/2025\/11\/20251112_100148-scaled.jpg 1920w\" sizes=\"(max-width: 1280px) 100vw, (max-width: 770px) 100vw, 1920px\" \/><\/span><\/div><div class=\"fusion-text fusion-text-1\"><h2>1.000 neue Zukunftsb\u00e4ume f\u00fcr Wadelsdorf \u2013 Spendenschwimmen macht\u2019s m\u00f6glich<\/h2>\n<p>Im November diesen Jahres wurden in Wadelsdorf bei Spremberg ganze <strong>1.000 junge B\u00e4ume<\/strong> gepflanzt, die unseren Wald fit f\u00fcr die Zukunft machen. Was dieses Projekt besonders macht: Die Finanzierung der B\u00e4ume ist dem gro\u00dfartigen Einsatz unserer Sch\u00fclerinnen und Sch\u00fcler zu verdanken!<\/p>\n<h3>Schwimmen f\u00fcr den Wald \u2013 Einsatz mit Wirkung<\/h3>\n<p>Am 2. Juli 2025 schwammen die Kinder des Lausitzer Hauses des Lernens gemeinsam mit den 9. Klassen des Gymnasiums beim Spendenschwimmen im Spremberger Freibad insgesamt stolze <strong>188 Kilometer<\/strong>. F\u00fcr jeden geschwommenen Meter wurden Sponsoren gefunden, die Geld f\u00fcr den guten Zweck spendeten: So wurde der Grundstein f\u00fcr den neuen Wald in Wadelsdorf gelegt, neue Spielmaterialien angeschafft und die Klassenkassen gef\u00fcllt.<\/p>\n<p>Mit sportlichem Ehrgeiz, tollem Teamgeist und viel Durchhalteverm\u00f6gen haben die Sch\u00fclerinnen und Sch\u00fcler nicht nur ihre eigenen Kr\u00e4fte gest\u00e4rkt, sondern auch ein starkes Zeichen f\u00fcr Zusammenhalt und Natur gesetzt. Ihr Engagement war die Basis daf\u00fcr, dass jetzt 1.000 neue Zukunftsb\u00e4ume gepflanzt werden konnten.<\/p>\n<h3>Lausitzer Gemeinschaftsprojekt mit nachhaltiger Wirkung<\/h3>\n<p>Gemeinsam mit Waldbesitzer Steffen Marko, freiwilligen Helferinnen und Helfern sowie den Politkern Julian Br\u00fcning und Martin Heusler wurden die B\u00e4ume \u2013 Roteichen und Esskastanien \u2013 gepflanzt. Sie sorgen in den kommenden Jahren f\u00fcr ein gesundes Klima, bieten Lebensraum f\u00fcr Tiere und schenken Schatten. Alle Beteiligten, von den Sch\u00fclern bis zur lokalen Politik, waren mit Herz und Hand dabei.<\/p>\n<h3>Dank f\u00fcr Engagement und Beteiligung<\/h3>\n<p>Ein herzliches Dankesch\u00f6n geht an die unerm\u00fcdlichen Schwimmerinnen und Schwimmer, die das Projekt mit jedem einzelnen Zug m\u00f6glich gemacht haben! Dank eurem Einsatz w\u00e4chst in Waldesdorf ein Wald heran, der die Region nachhaltig st\u00e4rkt.<br \/>\nDank geb\u00fchrt auch allen Unterst\u00fctzern, Sponsoren, den Schulen, den Helferinnen und Helfern sowie den Organisationen, die dieses Gemeinschaftsprojekt erm\u00f6glicht haben.<\/p>\n<\/div><div class=\"fusion-slider-sc\"><div class=\"fusion-flexslider-loading flexslider flexslider-hover-type-none\" data-slideshow_autoplay=\"1\" data-slideshow_smooth_height=\"0\" data-slideshow_speed=\"10000\" style=\"max-width:100%;height:100%;\"><ul class=\"slides\"><li class=\"image\"><span class=\"fusion-image-hover-element hover-type-none\"><img decoding=\"async\" src=\"https:\/\/www.asf-brandenburg.de\/asf_wp\/wp-content\/uploads\/2025\/11\/20251112_091249-scaled.jpg\" width=\"1920\" height=\"2560\" class=\"wp-image-9997\" srcset=\"https:\/\/www.asf-brandenburg.de\/asf_wp\/wp-content\/uploads\/2025\/11\/20251112_091249-200x267.jpg 200w, https:\/\/www.asf-brandenburg.de\/asf_wp\/wp-content\/uploads\/2025\/11\/20251112_091249-400x533.jpg 400w, https:\/\/www.asf-brandenburg.de\/asf_wp\/wp-content\/uploads\/2025\/11\/20251112_091249-600x800.jpg 600w, https:\/\/www.asf-brandenburg.de\/asf_wp\/wp-content\/uploads\/2025\/11\/20251112_091249-800x1067.jpg 800w, https:\/\/www.asf-brandenburg.de\/asf_wp\/wp-content\/uploads\/2025\/11\/20251112_091249-1200x1600.jpg 1200w, https:\/\/www.asf-brandenburg.de\/asf_wp\/wp-content\/uploads\/2025\/11\/20251112_091249-scaled.jpg 1920w\" sizes=\"(max-width: 1280px) 100vw, (max-width: 770px) 100vw, 1920px\" \/><\/span><\/li><li class=\"image\"><span class=\"fusion-image-hover-element hover-type-none\"><img decoding=\"async\" src=\"https:\/\/www.asf-brandenburg.de\/asf_wp\/wp-content\/uploads\/2025\/11\/20251112_092059-scaled.jpg\" width=\"1920\" height=\"2560\" class=\"wp-image-9998\" srcset=\"https:\/\/www.asf-brandenburg.de\/asf_wp\/wp-content\/uploads\/2025\/11\/20251112_092059-200x267.jpg 200w, https:\/\/www.asf-brandenburg.de\/asf_wp\/wp-content\/uploads\/2025\/11\/20251112_092059-400x533.jpg 400w, https:\/\/www.asf-brandenburg.de\/asf_wp\/wp-content\/uploads\/2025\/11\/20251112_092059-600x800.jpg 600w, https:\/\/www.asf-brandenburg.de\/asf_wp\/wp-content\/uploads\/2025\/11\/20251112_092059-800x1067.jpg 800w, https:\/\/www.asf-brandenburg.de\/asf_wp\/wp-content\/uploads\/2025\/11\/20251112_092059-1200x1600.jpg 1200w, https:\/\/www.asf-brandenburg.de\/asf_wp\/wp-content\/uploads\/2025\/11\/20251112_092059-scaled.jpg 1920w\" sizes=\"(max-width: 1280px) 100vw, (max-width: 770px) 100vw, 1920px\" \/><\/span><\/li><li class=\"image\"><span class=\"fusion-image-hover-element hover-type-none\"><img decoding=\"async\" src=\"https:\/\/www.asf-brandenburg.de\/asf_wp\/wp-content\/uploads\/2025\/11\/20251112_092419-scaled.jpg\" width=\"1920\" height=\"2560\" class=\"wp-image-9999\" srcset=\"https:\/\/www.asf-brandenburg.de\/asf_wp\/wp-content\/uploads\/2025\/11\/20251112_092419-200x267.jpg 200w, https:\/\/www.asf-brandenburg.de\/asf_wp\/wp-content\/uploads\/2025\/11\/20251112_092419-400x533.jpg 400w, https:\/\/www.asf-brandenburg.de\/asf_wp\/wp-content\/uploads\/2025\/11\/20251112_092419-600x800.jpg 600w, https:\/\/www.asf-brandenburg.de\/asf_wp\/wp-content\/uploads\/2025\/11\/20251112_092419-800x1067.jpg 800w, https:\/\/www.asf-brandenburg.de\/asf_wp\/wp-content\/uploads\/2025\/11\/20251112_092419-1200x1600.jpg 1200w, https:\/\/www.asf-brandenburg.de\/asf_wp\/wp-content\/uploads\/2025\/11\/20251112_092419-scaled.jpg 1920w\" sizes=\"(max-width: 1280px) 100vw, (max-width: 770px) 100vw, 1920px\" \/><\/span><\/li><li class=\"image\"><span class=\"fusion-image-hover-element hover-type-none\"><img decoding=\"async\" src=\"https:\/\/www.asf-brandenburg.de\/asf_wp\/wp-content\/uploads\/2025\/11\/20251112_093519-scaled.jpg\" width=\"1920\" height=\"2560\" class=\"wp-image-10000\" srcset=\"https:\/\/www.asf-brandenburg.de\/asf_wp\/wp-content\/uploads\/2025\/11\/20251112_093519-200x267.jpg 200w, https:\/\/www.asf-brandenburg.de\/asf_wp\/wp-content\/uploads\/2025\/11\/20251112_093519-400x533.jpg 400w, https:\/\/www.asf-brandenburg.de\/asf_wp\/wp-content\/uploads\/2025\/11\/20251112_093519-600x800.jpg 600w, https:\/\/www.asf-brandenburg.de\/asf_wp\/wp-content\/uploads\/2025\/11\/20251112_093519-800x1067.jpg 800w, https:\/\/www.asf-brandenburg.de\/asf_wp\/wp-content\/uploads\/2025\/11\/20251112_093519-1200x1600.jpg 1200w, https:\/\/www.asf-brandenburg.de\/asf_wp\/wp-content\/uploads\/2025\/11\/20251112_093519-scaled.jpg 1920w\" sizes=\"(max-width: 1280px) 100vw, (max-width: 770px) 100vw, 1920px\" \/><\/span><\/li><li class=\"image\"><span class=\"fusion-image-hover-element hover-type-none\"><img decoding=\"async\" src=\"https:\/\/www.asf-brandenburg.de\/asf_wp\/wp-content\/uploads\/2025\/11\/20251112_100148-scaled.jpg\" width=\"1920\" height=\"2560\" class=\"wp-image-10001\" srcset=\"https:\/\/www.asf-brandenburg.de\/asf_wp\/wp-content\/uploads\/2025\/11\/20251112_100148-200x267.jpg 200w, https:\/\/www.asf-brandenburg.de\/asf_wp\/wp-content\/uploads\/2025\/11\/20251112_100148-400x533.jpg 400w, https:\/\/www.asf-brandenburg.de\/asf_wp\/wp-content\/uploads\/2025\/11\/20251112_100148-600x800.jpg 600w, https:\/\/www.asf-brandenburg.de\/asf_wp\/wp-content\/uploads\/2025\/11\/20251112_100148-800x1067.jpg 800w, https:\/\/www.asf-brandenburg.de\/asf_wp\/wp-content\/uploads\/2025\/11\/20251112_100148-1200x1600.jpg 1200w, https:\/\/www.asf-brandenburg.de\/asf_wp\/wp-content\/uploads\/2025\/11\/20251112_100148-scaled.jpg 1920w\" sizes=\"(max-width: 1280px) 100vw, (max-width: 770px) 100vw, 1920px\" \/><\/span><\/li><li class=\"image\"><span class=\"fusion-image-hover-element hover-type-none\"><img decoding=\"async\" src=\"https:\/\/www.asf-brandenburg.de\/asf_wp\/wp-content\/uploads\/2025\/11\/20251112_112608-scaled.jpg\" width=\"1920\" height=\"2560\" class=\"wp-image-10002\" srcset=\"https:\/\/www.asf-brandenburg.de\/asf_wp\/wp-content\/uploads\/2025\/11\/20251112_112608-200x267.jpg 200w, https:\/\/www.asf-brandenburg.de\/asf_wp\/wp-content\/uploads\/2025\/11\/20251112_112608-400x533.jpg 400w, https:\/\/www.asf-brandenburg.de\/asf_wp\/wp-content\/uploads\/2025\/11\/20251112_112608-600x800.jpg 600w, https:\/\/www.asf-brandenburg.de\/asf_wp\/wp-content\/uploads\/2025\/11\/20251112_112608-800x1067.jpg 800w, https:\/\/www.asf-brandenburg.de\/asf_wp\/wp-content\/uploads\/2025\/11\/20251112_112608-1200x1600.jpg 1200w, https:\/\/www.asf-brandenburg.de\/asf_wp\/wp-content\/uploads\/2025\/11\/20251112_112608-scaled.jpg 1920w\" sizes=\"(max-width: 1280px) 100vw, (max-width: 770px) 100vw, 1920px\" \/><\/span><\/li><\/ul><\/div><\/div><\/div><\/div><\/div><\/div>\n","protected":false},"excerpt":{"rendered":"<p>Im November diesen Jahres wurden in Wadelsdorf bei Spremberg ganze 1.000 junge B\u00e4ume gepflanzt, die unseren Wald fit f\u00fcr die Zukunft machen. Was dieses Projekt besonders macht: Die Finanzierung der B\u00e4ume ist dem gro\u00dfartigen Einsatz unserer Sch\u00fclerinnen und Sch\u00fcler zu verdanken!<\/p>\n","protected":false},"author":2,"featured_media":10001,"comment_status":"open","ping_status":"open","sticky":false,"template":"","format":"standard","meta":{"inline_featured_image":false,"footnotes":""},"categories":[171,18],"tags":[112],"class_list":["post-9996","post","type-post","status-publish","format-standard","has-post-thumbnail","hentry","category-neuigkeiten-2025","category-schule","tag-lhl"],"yoast_head":"<!-- This site is optimized with the Yoast SEO plugin v27.4 - https:\/\/yoast.com\/product\/yoast-seo-wordpress\/ -->\n<title>1.000 neue Zukunftsb\u00e4ume f\u00fcr Wadelsdorf \u2013 Spendenschwimmen macht\u2019s m\u00f6glich - Albert-Schweitzer-Familienwerk Brandenburg e.V.<\/title>\n<meta name=\"description\" content=\"Der Hort Kinderwelt Sellessen\/Haidem\u00fchl wurde zertifiziert: Das Team um Leiterin Doreen Kovacs hat sich einer externen wissenschaftlichen Begutachtung durch das renommierte P\u00e4dquis-Institut unterzogen \u2013 mit Erfolg! Damit ist der Hort bereits zum zweiten Mal mit dem Deutschen Kindergarten-G\u00fctesiegel ausgezeichnet worden.\" \/>\n<meta name=\"robots\" content=\"index, follow, max-snippet:-1, max-image-preview:large, max-video-preview:-1\" \/>\n<link rel=\"canonical\" href=\"https:\/\/www.asf-brandenburg.de\/asf_wp\/aktuelles\/2025\/1-000-neue-zukunftsbaeume-fuer-waldesdorf-spendenschwimmen-machts-moeglich\/\" \/>\n<meta property=\"og:locale\" content=\"de_DE\" \/>\n<meta property=\"og:type\" content=\"article\" \/>\n<meta property=\"og:title\" content=\"1.000 neue Zukunftsb\u00e4ume f\u00fcr Wadelsdorf \u2013 Spendenschwimmen macht\u2019s m\u00f6glich - Albert-Schweitzer-Familienwerk Brandenburg e.V.\" \/>\n<meta property=\"og:description\" content=\"Der Hort Kinderwelt Sellessen\/Haidem\u00fchl wurde zertifiziert: Das Team um Leiterin Doreen Kovacs hat sich einer externen wissenschaftlichen Begutachtung durch das renommierte P\u00e4dquis-Institut unterzogen \u2013 mit Erfolg! Damit ist der Hort bereits zum zweiten Mal mit dem Deutschen Kindergarten-G\u00fctesiegel ausgezeichnet worden.\" \/>\n<meta property=\"og:url\" content=\"https:\/\/www.asf-brandenburg.de\/asf_wp\/aktuelles\/2025\/1-000-neue-zukunftsbaeume-fuer-waldesdorf-spendenschwimmen-machts-moeglich\/\" \/>\n<meta property=\"og:site_name\" content=\"Albert-Schweitzer-Familienwerk Brandenburg e.V.\" \/>\n<meta property=\"article:publisher\" content=\"https:\/\/www.facebook.com\/AlbertSchweitzerFamilienwerkBrandenburg\" \/>\n<meta property=\"article:published_time\" content=\"2025-11-24T13:22:00+00:00\" \/>\n<meta property=\"article:modified_time\" content=\"2026-02-11T10:01:18+00:00\" \/>\n<meta property=\"og:image\" content=\"https:\/\/www.asf-brandenburg.de\/asf_wp\/wp-content\/uploads\/2025\/11\/20251112_100148-scaled.jpg\" \/>\n\t<meta property=\"og:image:width\" content=\"1920\" \/>\n\t<meta property=\"og:image:height\" content=\"2560\" \/>\n\t<meta property=\"og:image:type\" content=\"image\/jpeg\" \/>\n<meta name=\"author\" content=\"Web Admin\" \/>\n<meta name=\"twitter:card\" content=\"summary_large_image\" \/>\n<meta name=\"twitter:label1\" content=\"Verfasst von\" \/>\n\t<meta name=\"twitter:data1\" content=\"Web Admin\" \/>\n\t<meta name=\"twitter:label2\" content=\"Gesch\u00e4tzte Lesezeit\" \/>\n\t<meta name=\"twitter:data2\" content=\"4\u00a0Minuten\" \/>\n<script type=\"application\/ld+json\" class=\"yoast-schema-graph\">{\"@context\":\"https:\\\/\\\/schema.org\",\"@graph\":[{\"@type\":\"Article\",\"@id\":\"https:\\\/\\\/www.asf-brandenburg.de\\\/asf_wp\\\/aktuelles\\\/2025\\\/1-000-neue-zukunftsbaeume-fuer-waldesdorf-spendenschwimmen-machts-moeglich\\\/#article\",\"isPartOf\":{\"@id\":\"https:\\\/\\\/www.asf-brandenburg.de\\\/asf_wp\\\/aktuelles\\\/2025\\\/1-000-neue-zukunftsbaeume-fuer-waldesdorf-spendenschwimmen-machts-moeglich\\\/\"},\"author\":{\"name\":\"Web Admin\",\"@id\":\"https:\\\/\\\/www.asf-brandenburg.de\\\/asf_wp\\\/#\\\/schema\\\/person\\\/a63ba1553f2aa75f90f3809d9e4a1efc\"},\"headline\":\"1.000 neue Zukunftsb\u00e4ume f\u00fcr Wadelsdorf \u2013 Spendenschwimmen macht\u2019s m\u00f6glich\",\"datePublished\":\"2025-11-24T13:22:00+00:00\",\"dateModified\":\"2026-02-11T10:01:18+00:00\",\"mainEntityOfPage\":{\"@id\":\"https:\\\/\\\/www.asf-brandenburg.de\\\/asf_wp\\\/aktuelles\\\/2025\\\/1-000-neue-zukunftsbaeume-fuer-waldesdorf-spendenschwimmen-machts-moeglich\\\/\"},\"wordCount\":1883,\"commentCount\":0,\"publisher\":{\"@id\":\"https:\\\/\\\/www.asf-brandenburg.de\\\/asf_wp\\\/#organization\"},\"image\":{\"@id\":\"https:\\\/\\\/www.asf-brandenburg.de\\\/asf_wp\\\/aktuelles\\\/2025\\\/1-000-neue-zukunftsbaeume-fuer-waldesdorf-spendenschwimmen-machts-moeglich\\\/#primaryimage\"},\"thumbnailUrl\":\"https:\\\/\\\/www.asf-brandenburg.de\\\/asf_wp\\\/wp-content\\\/uploads\\\/2025\\\/11\\\/20251112_100148-scaled.jpg\",\"keywords\":[\"LHL\"],\"articleSection\":[\"Neuigkeiten 2025\",\"Schule\"],\"inLanguage\":\"de\",\"potentialAction\":[{\"@type\":\"CommentAction\",\"name\":\"Comment\",\"target\":[\"https:\\\/\\\/www.asf-brandenburg.de\\\/asf_wp\\\/aktuelles\\\/2025\\\/1-000-neue-zukunftsbaeume-fuer-waldesdorf-spendenschwimmen-machts-moeglich\\\/#respond\"]}]},{\"@type\":\"WebPage\",\"@id\":\"https:\\\/\\\/www.asf-brandenburg.de\\\/asf_wp\\\/aktuelles\\\/2025\\\/1-000-neue-zukunftsbaeume-fuer-waldesdorf-spendenschwimmen-machts-moeglich\\\/\",\"url\":\"https:\\\/\\\/www.asf-brandenburg.de\\\/asf_wp\\\/aktuelles\\\/2025\\\/1-000-neue-zukunftsbaeume-fuer-waldesdorf-spendenschwimmen-machts-moeglich\\\/\",\"name\":\"1.000 neue Zukunftsb\u00e4ume f\u00fcr Wadelsdorf \u2013 Spendenschwimmen macht\u2019s m\u00f6glich - Albert-Schweitzer-Familienwerk Brandenburg e.V.\",\"isPartOf\":{\"@id\":\"https:\\\/\\\/www.asf-brandenburg.de\\\/asf_wp\\\/#website\"},\"primaryImageOfPage\":{\"@id\":\"https:\\\/\\\/www.asf-brandenburg.de\\\/asf_wp\\\/aktuelles\\\/2025\\\/1-000-neue-zukunftsbaeume-fuer-waldesdorf-spendenschwimmen-machts-moeglich\\\/#primaryimage\"},\"image\":{\"@id\":\"https:\\\/\\\/www.asf-brandenburg.de\\\/asf_wp\\\/aktuelles\\\/2025\\\/1-000-neue-zukunftsbaeume-fuer-waldesdorf-spendenschwimmen-machts-moeglich\\\/#primaryimage\"},\"thumbnailUrl\":\"https:\\\/\\\/www.asf-brandenburg.de\\\/asf_wp\\\/wp-content\\\/uploads\\\/2025\\\/11\\\/20251112_100148-scaled.jpg\",\"datePublished\":\"2025-11-24T13:22:00+00:00\",\"dateModified\":\"2026-02-11T10:01:18+00:00\",\"description\":\"Der Hort Kinderwelt Sellessen\\\/Haidem\u00fchl wurde zertifiziert: Das Team um Leiterin Doreen Kovacs hat sich einer externen wissenschaftlichen Begutachtung durch das renommierte P\u00e4dquis-Institut unterzogen \u2013 mit Erfolg! Damit ist der Hort bereits zum zweiten Mal mit dem Deutschen Kindergarten-G\u00fctesiegel ausgezeichnet worden.\",\"breadcrumb\":{\"@id\":\"https:\\\/\\\/www.asf-brandenburg.de\\\/asf_wp\\\/aktuelles\\\/2025\\\/1-000-neue-zukunftsbaeume-fuer-waldesdorf-spendenschwimmen-machts-moeglich\\\/#breadcrumb\"},\"inLanguage\":\"de\",\"potentialAction\":[{\"@type\":\"ReadAction\",\"target\":[\"https:\\\/\\\/www.asf-brandenburg.de\\\/asf_wp\\\/aktuelles\\\/2025\\\/1-000-neue-zukunftsbaeume-fuer-waldesdorf-spendenschwimmen-machts-moeglich\\\/\"]}]},{\"@type\":\"ImageObject\",\"inLanguage\":\"de\",\"@id\":\"https:\\\/\\\/www.asf-brandenburg.de\\\/asf_wp\\\/aktuelles\\\/2025\\\/1-000-neue-zukunftsbaeume-fuer-waldesdorf-spendenschwimmen-machts-moeglich\\\/#primaryimage\",\"url\":\"https:\\\/\\\/www.asf-brandenburg.de\\\/asf_wp\\\/wp-content\\\/uploads\\\/2025\\\/11\\\/20251112_100148-scaled.jpg\",\"contentUrl\":\"https:\\\/\\\/www.asf-brandenburg.de\\\/asf_wp\\\/wp-content\\\/uploads\\\/2025\\\/11\\\/20251112_100148-scaled.jpg\",\"width\":1920,\"height\":2560},{\"@type\":\"BreadcrumbList\",\"@id\":\"https:\\\/\\\/www.asf-brandenburg.de\\\/asf_wp\\\/aktuelles\\\/2025\\\/1-000-neue-zukunftsbaeume-fuer-waldesdorf-spendenschwimmen-machts-moeglich\\\/#breadcrumb\",\"itemListElement\":[{\"@type\":\"ListItem\",\"position\":1,\"name\":\"Startseite\",\"item\":\"https:\\\/\\\/www.asf-brandenburg.de\\\/asf_wp\\\/\"},{\"@type\":\"ListItem\",\"position\":2,\"name\":\"1.000 neue Zukunftsb\u00e4ume f\u00fcr Wadelsdorf \u2013 Spendenschwimmen macht\u2019s m\u00f6glich\"}]},{\"@type\":\"WebSite\",\"@id\":\"https:\\\/\\\/www.asf-brandenburg.de\\\/asf_wp\\\/#website\",\"url\":\"https:\\\/\\\/www.asf-brandenburg.de\\\/asf_wp\\\/\",\"name\":\"Albert-Schweitzer-Kinderd\u00f6rfer und Familienwerke Brandenburg e. V.\",\"description\":\"\",\"publisher\":{\"@id\":\"https:\\\/\\\/www.asf-brandenburg.de\\\/asf_wp\\\/#organization\"},\"potentialAction\":[{\"@type\":\"SearchAction\",\"target\":{\"@type\":\"EntryPoint\",\"urlTemplate\":\"https:\\\/\\\/www.asf-brandenburg.de\\\/asf_wp\\\/?s={search_term_string}\"},\"query-input\":{\"@type\":\"PropertyValueSpecification\",\"valueRequired\":true,\"valueName\":\"search_term_string\"}}],\"inLanguage\":\"de\"},{\"@type\":\"Organization\",\"@id\":\"https:\\\/\\\/www.asf-brandenburg.de\\\/asf_wp\\\/#organization\",\"name\":\"Albert-Schweitzer-Familienwerk Brandenburg e. V.\",\"url\":\"https:\\\/\\\/www.asf-brandenburg.de\\\/asf_wp\\\/\",\"logo\":{\"@type\":\"ImageObject\",\"inLanguage\":\"de\",\"@id\":\"https:\\\/\\\/www.asf-brandenburg.de\\\/asf_wp\\\/#\\\/schema\\\/logo\\\/image\\\/\",\"url\":\"https:\\\/\\\/www.asf-brandenburg.de\\\/asf_wp\\\/wp-content\\\/uploads\\\/2018\\\/08\\\/Logo_ASF_BRB_318x107.png\",\"contentUrl\":\"https:\\\/\\\/www.asf-brandenburg.de\\\/asf_wp\\\/wp-content\\\/uploads\\\/2018\\\/08\\\/Logo_ASF_BRB_318x107.png\",\"width\":318,\"height\":107,\"caption\":\"Albert-Schweitzer-Familienwerk Brandenburg e. V.\"},\"image\":{\"@id\":\"https:\\\/\\\/www.asf-brandenburg.de\\\/asf_wp\\\/#\\\/schema\\\/logo\\\/image\\\/\"},\"sameAs\":[\"https:\\\/\\\/www.facebook.com\\\/AlbertSchweitzerFamilienwerkBrandenburg\",\"https:\\\/\\\/www.youtube.com\\\/@asfbrandenburg\",\"https:\\\/\\\/www.instagram.com\\\/asf_brandenburg\\\/\"]},{\"@type\":\"Person\",\"@id\":\"https:\\\/\\\/www.asf-brandenburg.de\\\/asf_wp\\\/#\\\/schema\\\/person\\\/a63ba1553f2aa75f90f3809d9e4a1efc\",\"name\":\"Web Admin\",\"sameAs\":[\"http:\\\/\\\/www.asf-brandenburg.de\"],\"url\":\"https:\\\/\\\/www.asf-brandenburg.de\\\/asf_wp\\\/aktuelles\\\/author\\\/asf\\\/\"}]}<\/script>\n<!-- \/ Yoast SEO plugin. -->","yoast_head_json":{"title":"1.000 neue Zukunftsb\u00e4ume f\u00fcr Wadelsdorf \u2013 Spendenschwimmen macht\u2019s m\u00f6glich - Albert-Schweitzer-Familienwerk Brandenburg e.V.","description":"Der Hort Kinderwelt Sellessen\/Haidem\u00fchl wurde zertifiziert: Das Team um Leiterin Doreen Kovacs hat sich einer externen wissenschaftlichen Begutachtung durch das renommierte P\u00e4dquis-Institut unterzogen \u2013 mit Erfolg! Damit ist der Hort bereits zum zweiten Mal mit dem Deutschen Kindergarten-G\u00fctesiegel ausgezeichnet worden.","robots":{"index":"index","follow":"follow","max-snippet":"max-snippet:-1","max-image-preview":"max-image-preview:large","max-video-preview":"max-video-preview:-1"},"canonical":"https:\/\/www.asf-brandenburg.de\/asf_wp\/aktuelles\/2025\/1-000-neue-zukunftsbaeume-fuer-waldesdorf-spendenschwimmen-machts-moeglich\/","og_locale":"de_DE","og_type":"article","og_title":"1.000 neue Zukunftsb\u00e4ume f\u00fcr Wadelsdorf \u2013 Spendenschwimmen macht\u2019s m\u00f6glich - Albert-Schweitzer-Familienwerk Brandenburg e.V.","og_description":"Der Hort Kinderwelt Sellessen\/Haidem\u00fchl wurde zertifiziert: Das Team um Leiterin Doreen Kovacs hat sich einer externen wissenschaftlichen Begutachtung durch das renommierte P\u00e4dquis-Institut unterzogen \u2013 mit Erfolg! Damit ist der Hort bereits zum zweiten Mal mit dem Deutschen Kindergarten-G\u00fctesiegel ausgezeichnet worden.","og_url":"https:\/\/www.asf-brandenburg.de\/asf_wp\/aktuelles\/2025\/1-000-neue-zukunftsbaeume-fuer-waldesdorf-spendenschwimmen-machts-moeglich\/","og_site_name":"Albert-Schweitzer-Familienwerk Brandenburg e.V.","article_publisher":"https:\/\/www.facebook.com\/AlbertSchweitzerFamilienwerkBrandenburg","article_published_time":"2025-11-24T13:22:00+00:00","article_modified_time":"2026-02-11T10:01:18+00:00","og_image":[{"width":1920,"height":2560,"url":"https:\/\/www.asf-brandenburg.de\/asf_wp\/wp-content\/uploads\/2025\/11\/20251112_100148-scaled.jpg","type":"image\/jpeg"}],"author":"Web Admin","twitter_card":"summary_large_image","twitter_misc":{"Verfasst von":"Web Admin","Gesch\u00e4tzte Lesezeit":"4\u00a0Minuten"},"schema":{"@context":"https:\/\/schema.org","@graph":[{"@type":"Article","@id":"https:\/\/www.asf-brandenburg.de\/asf_wp\/aktuelles\/2025\/1-000-neue-zukunftsbaeume-fuer-waldesdorf-spendenschwimmen-machts-moeglich\/#article","isPartOf":{"@id":"https:\/\/www.asf-brandenburg.de\/asf_wp\/aktuelles\/2025\/1-000-neue-zukunftsbaeume-fuer-waldesdorf-spendenschwimmen-machts-moeglich\/"},"author":{"name":"Web Admin","@id":"https:\/\/www.asf-brandenburg.de\/asf_wp\/#\/schema\/person\/a63ba1553f2aa75f90f3809d9e4a1efc"},"headline":"1.000 neue Zukunftsb\u00e4ume f\u00fcr Wadelsdorf \u2013 Spendenschwimmen macht\u2019s m\u00f6glich","datePublished":"2025-11-24T13:22:00+00:00","dateModified":"2026-02-11T10:01:18+00:00","mainEntityOfPage":{"@id":"https:\/\/www.asf-brandenburg.de\/asf_wp\/aktuelles\/2025\/1-000-neue-zukunftsbaeume-fuer-waldesdorf-spendenschwimmen-machts-moeglich\/"},"wordCount":1883,"commentCount":0,"publisher":{"@id":"https:\/\/www.asf-brandenburg.de\/asf_wp\/#organization"},"image":{"@id":"https:\/\/www.asf-brandenburg.de\/asf_wp\/aktuelles\/2025\/1-000-neue-zukunftsbaeume-fuer-waldesdorf-spendenschwimmen-machts-moeglich\/#primaryimage"},"thumbnailUrl":"https:\/\/www.asf-brandenburg.de\/asf_wp\/wp-content\/uploads\/2025\/11\/20251112_100148-scaled.jpg","keywords":["LHL"],"articleSection":["Neuigkeiten 2025","Schule"],"inLanguage":"de","potentialAction":[{"@type":"CommentAction","name":"Comment","target":["https:\/\/www.asf-brandenburg.de\/asf_wp\/aktuelles\/2025\/1-000-neue-zukunftsbaeume-fuer-waldesdorf-spendenschwimmen-machts-moeglich\/#respond"]}]},{"@type":"WebPage","@id":"https:\/\/www.asf-brandenburg.de\/asf_wp\/aktuelles\/2025\/1-000-neue-zukunftsbaeume-fuer-waldesdorf-spendenschwimmen-machts-moeglich\/","url":"https:\/\/www.asf-brandenburg.de\/asf_wp\/aktuelles\/2025\/1-000-neue-zukunftsbaeume-fuer-waldesdorf-spendenschwimmen-machts-moeglich\/","name":"1.000 neue Zukunftsb\u00e4ume f\u00fcr Wadelsdorf \u2013 Spendenschwimmen macht\u2019s m\u00f6glich - Albert-Schweitzer-Familienwerk Brandenburg e.V.","isPartOf":{"@id":"https:\/\/www.asf-brandenburg.de\/asf_wp\/#website"},"primaryImageOfPage":{"@id":"https:\/\/www.asf-brandenburg.de\/asf_wp\/aktuelles\/2025\/1-000-neue-zukunftsbaeume-fuer-waldesdorf-spendenschwimmen-machts-moeglich\/#primaryimage"},"image":{"@id":"https:\/\/www.asf-brandenburg.de\/asf_wp\/aktuelles\/2025\/1-000-neue-zukunftsbaeume-fuer-waldesdorf-spendenschwimmen-machts-moeglich\/#primaryimage"},"thumbnailUrl":"https:\/\/www.asf-brandenburg.de\/asf_wp\/wp-content\/uploads\/2025\/11\/20251112_100148-scaled.jpg","datePublished":"2025-11-24T13:22:00+00:00","dateModified":"2026-02-11T10:01:18+00:00","description":"Der Hort Kinderwelt Sellessen\/Haidem\u00fchl wurde zertifiziert: Das Team um Leiterin Doreen Kovacs hat sich einer externen wissenschaftlichen Begutachtung durch das renommierte P\u00e4dquis-Institut unterzogen \u2013 mit Erfolg! Damit ist der Hort bereits zum zweiten Mal mit dem Deutschen Kindergarten-G\u00fctesiegel ausgezeichnet worden.","breadcrumb":{"@id":"https:\/\/www.asf-brandenburg.de\/asf_wp\/aktuelles\/2025\/1-000-neue-zukunftsbaeume-fuer-waldesdorf-spendenschwimmen-machts-moeglich\/#breadcrumb"},"inLanguage":"de","potentialAction":[{"@type":"ReadAction","target":["https:\/\/www.asf-brandenburg.de\/asf_wp\/aktuelles\/2025\/1-000-neue-zukunftsbaeume-fuer-waldesdorf-spendenschwimmen-machts-moeglich\/"]}]},{"@type":"ImageObject","inLanguage":"de","@id":"https:\/\/www.asf-brandenburg.de\/asf_wp\/aktuelles\/2025\/1-000-neue-zukunftsbaeume-fuer-waldesdorf-spendenschwimmen-machts-moeglich\/#primaryimage","url":"https:\/\/www.asf-brandenburg.de\/asf_wp\/wp-content\/uploads\/2025\/11\/20251112_100148-scaled.jpg","contentUrl":"https:\/\/www.asf-brandenburg.de\/asf_wp\/wp-content\/uploads\/2025\/11\/20251112_100148-scaled.jpg","width":1920,"height":2560},{"@type":"BreadcrumbList","@id":"https:\/\/www.asf-brandenburg.de\/asf_wp\/aktuelles\/2025\/1-000-neue-zukunftsbaeume-fuer-waldesdorf-spendenschwimmen-machts-moeglich\/#breadcrumb","itemListElement":[{"@type":"ListItem","position":1,"name":"Startseite","item":"https:\/\/www.asf-brandenburg.de\/asf_wp\/"},{"@type":"ListItem","position":2,"name":"1.000 neue Zukunftsb\u00e4ume f\u00fcr Wadelsdorf \u2013 Spendenschwimmen macht\u2019s m\u00f6glich"}]},{"@type":"WebSite","@id":"https:\/\/www.asf-brandenburg.de\/asf_wp\/#website","url":"https:\/\/www.asf-brandenburg.de\/asf_wp\/","name":"Albert-Schweitzer-Kinderd\u00f6rfer und Familienwerke Brandenburg e. V.","description":"","publisher":{"@id":"https:\/\/www.asf-brandenburg.de\/asf_wp\/#organization"},"potentialAction":[{"@type":"SearchAction","target":{"@type":"EntryPoint","urlTemplate":"https:\/\/www.asf-brandenburg.de\/asf_wp\/?s={search_term_string}"},"query-input":{"@type":"PropertyValueSpecification","valueRequired":true,"valueName":"search_term_string"}}],"inLanguage":"de"},{"@type":"Organization","@id":"https:\/\/www.asf-brandenburg.de\/asf_wp\/#organization","name":"Albert-Schweitzer-Familienwerk Brandenburg e. V.","url":"https:\/\/www.asf-brandenburg.de\/asf_wp\/","logo":{"@type":"ImageObject","inLanguage":"de","@id":"https:\/\/www.asf-brandenburg.de\/asf_wp\/#\/schema\/logo\/image\/","url":"https:\/\/www.asf-brandenburg.de\/asf_wp\/wp-content\/uploads\/2018\/08\/Logo_ASF_BRB_318x107.png","contentUrl":"https:\/\/www.asf-brandenburg.de\/asf_wp\/wp-content\/uploads\/2018\/08\/Logo_ASF_BRB_318x107.png","width":318,"height":107,"caption":"Albert-Schweitzer-Familienwerk Brandenburg e. V."},"image":{"@id":"https:\/\/www.asf-brandenburg.de\/asf_wp\/#\/schema\/logo\/image\/"},"sameAs":["https:\/\/www.facebook.com\/AlbertSchweitzerFamilienwerkBrandenburg","https:\/\/www.youtube.com\/@asfbrandenburg","https:\/\/www.instagram.com\/asf_brandenburg\/"]},{"@type":"Person","@id":"https:\/\/www.asf-brandenburg.de\/asf_wp\/#\/schema\/person\/a63ba1553f2aa75f90f3809d9e4a1efc","name":"Web Admin","sameAs":["http:\/\/www.asf-brandenburg.de"],"url":"https:\/\/www.asf-brandenburg.de\/asf_wp\/aktuelles\/author\/asf\/"}]}},"_links":{"self":[{"href":"https:\/\/www.asf-brandenburg.de\/asf_wp\/wp-json\/wp\/v2\/posts\/9996","targetHints":{"allow":["GET"]}}],"collection":[{"href":"https:\/\/www.asf-brandenburg.de\/asf_wp\/wp-json\/wp\/v2\/posts"}],"about":[{"href":"https:\/\/www.asf-brandenburg.de\/asf_wp\/wp-json\/wp\/v2\/types\/post"}],"author":[{"embeddable":true,"href":"https:\/\/www.asf-brandenburg.de\/asf_wp\/wp-json\/wp\/v2\/users\/2"}],"replies":[{"embeddable":true,"href":"https:\/\/www.asf-brandenburg.de\/asf_wp\/wp-json\/wp\/v2\/comments?post=9996"}],"version-history":[{"count":3,"href":"https:\/\/www.asf-brandenburg.de\/asf_wp\/wp-json\/wp\/v2\/posts\/9996\/revisions"}],"predecessor-version":[{"id":10239,"href":"https:\/\/www.asf-brandenburg.de\/asf_wp\/wp-json\/wp\/v2\/posts\/9996\/revisions\/10239"}],"wp:featuredmedia":[{"embeddable":true,"href":"https:\/\/www.asf-brandenburg.de\/asf_wp\/wp-json\/wp\/v2\/media\/10001"}],"wp:attachment":[{"href":"https:\/\/www.asf-brandenburg.de\/asf_wp\/wp-json\/wp\/v2\/media?parent=9996"}],"wp:term":[{"taxonomy":"category","embeddable":true,"href":"https:\/\/www.asf-brandenburg.de\/asf_wp\/wp-json\/wp\/v2\/categories?post=9996"},{"taxonomy":"post_tag","embeddable":true,"href":"https:\/\/www.asf-brandenburg.de\/asf_wp\/wp-json\/wp\/v2\/tags?post=9996"}],"curies":[{"name":"wp","href":"https:\/\/api.w.org\/{rel}","templated":true}]}}