{"id":9934,"date":"2025-10-17T08:15:05","date_gmt":"2025-10-17T06:15:05","guid":{"rendered":"https:\/\/www.asf-brandenburg.de\/asf_wp\/?p=9934"},"modified":"2025-10-17T08:15:05","modified_gmt":"2025-10-17T06:15:05","slug":"technik-erleben-gestalten-die-offene-werkstatt-spremberg-startet-mit-neuer-koordinatorin-durch","status":"publish","type":"post","link":"https:\/\/www.asf-brandenburg.de\/asf_wp\/aktuelles\/2025\/technik-erleben-gestalten-die-offene-werkstatt-spremberg-startet-mit-neuer-koordinatorin-durch\/","title":{"rendered":"Technik erleben &#038; gestalten: Die Offene Werkstatt Spremberg startet mit neuer Koordinatorin durch"},"content":{"rendered":"<div class=\"fusion-fullwidth fullwidth-box fusion-builder-row-1 fusion-flex-container has-pattern-background has-mask-background nonhundred-percent-fullwidth non-hundred-percent-height-scrolling\" style=\"--awb-border-radius-top-left:0px;--awb-border-radius-top-right:0px;--awb-border-radius-bottom-right:0px;--awb-border-radius-bottom-left:0px;--awb-flex-wrap:wrap;\" ><div class=\"fusion-builder-row fusion-row fusion-flex-align-items-flex-start fusion-flex-content-wrap\" style=\"max-width:1331.2px;margin-left: calc(-4% \/ 2 );margin-right: calc(-4% \/ 2 );\"><div class=\"fusion-layout-column fusion_builder_column fusion-builder-column-0 fusion_builder_column_1_1 1_1 fusion-flex-column\" style=\"--awb-bg-size:cover;--awb-width-large:100%;--awb-margin-top-large:0px;--awb-spacing-right-large:1.92%;--awb-margin-bottom-large:20px;--awb-spacing-left-large:1.92%;--awb-width-medium:100%;--awb-order-medium:0;--awb-spacing-right-medium:1.92%;--awb-spacing-left-medium:1.92%;--awb-width-small:100%;--awb-order-small:0;--awb-spacing-right-small:1.92%;--awb-spacing-left-small:1.92%;\"><div class=\"fusion-column-wrapper fusion-column-has-shadow fusion-flex-justify-content-flex-start fusion-content-layout-column\"><div class=\"fusion-text fusion-text-1\"><table width=\"100%\">\n<tbody>\n<tr>\n<td width=\"20\">\u00ad<\/td>\n<td>Mit Technik kreativ sein \u2013 das k\u00f6nnen Kinder, Jugendliche und Erwachsene in der Offenen Werkstatt in Spremberg. \u201eAusprobieren, entdecken und gestalten\u201c lautet das Motto in dem MakerSpace. Dieser befindet sich in den R\u00e4umen des historischen Postgeb\u00e4udes an der Poststra\u00dfe 1 in der Innenstadt. Neue Koordinatorin und Ansprechpartnerin ist Madlen Schwausch von der ASG Spremberg GmbH. Sie arbeitet eng mit dem Projekttr\u00e4ger Albert-Schweitzer-Familienwerk Brandenburg e.V. zusammen.<\/p>\n<p>\u201eOffene Werkst\u00e4tten oder Maker Spaces sind kreative Lern- und Erlebnisorte, an denen Kinder selbstst\u00e4ndig Dinge herstellen, t\u00fcfteln, forschen und gestalten k\u00f6nnen\u201c, so Madlen Schwausch. Gearbeitet werde meist mit p\u00e4dagogischer Begleitung. An den Unterricht in der Schule soll das Angebot aber nicht erinnern. Ziel sei, Teilnehmer jeden Alters an professionelle Technik und MINT-Berufe heranzuf\u00fchren. Sie auszuprobieren, soll Spa\u00df machen. Au\u00dferdem soll die Vernetzung mit Unternehmen und Vereinen gef\u00f6rdert werden.<\/p>\n<p>Wie viel Spa\u00df der Umgang und das Basteln mit Technik macht, konnten kleine und gro\u00dfe Interessenten beim Tag der offenen T\u00fcr im Spremberger MakerSpace am 28. September 2025 selbst herausfinden. \u201eDort hatten Besucher die M\u00f6glichkeit, sich die R\u00e4umlichkeiten der Werkstatt anzuschauen und bei tollen Mitmachaktionen unsere Kursleiter kennenzulernen\u201c, sagt Madlen Schwausch. Aufgebaut waren w\u00e4hrend der vierst\u00fcndigen Veranstaltung an dem Tag mehrere Stationen. Programmiert wurden unter anderem Ozobots, kleine fahrende Lernroboter. Sie traten bei Wettk\u00e4mpfen gegeneinander an. Au\u00dferdem konnten Besucher den Umgang mit dem 3D-Drucker kennenlernen und erste kleine Projekte umsetzen. Wer wollte, konnte coole 3D-Bilder zeichnen.<\/p>\n<p>So kreativ geht es jeden Tag in der Offenen Werkstatt zu \u2013 von Montag bis Freitag ist immer was los. Im Programm sind viele Projekte und Aktionen. Wer Lust hat, kann sich anmelden und vorbeischauen und die Angebote ausprobieren. Willkommen sind auch kreative K\u00f6pfe, die gerne selbst Kurse anbieten und Teilnehmer inspirieren wollen. Die Offene Werkstatt wolle mit Vereinen und Unternehmen zusammenarbeiten, um Projekte anzubieten, bei denen Teilnehmer lernen, entdecken, mithelfen und mitgestalten k\u00f6nnen.<\/p>\n<p><strong>Kontakt:<\/strong><br \/>\nMadlen Schwausch ist telefonisch unter 0174\/6904042 zu erreichen und per E-Mail an <a href=\"mailto:werkstatt@asf-brandenburg.de\">werkstatt@asf-brandenburg.de<\/a><\/p>\n<p><strong>Das sind die aktuellen Angebote in der Offenen Werkstatt in Spremberg:<\/strong><\/p>\n<ul>\n<li>N\u00c4HWERKSTATT \u2013 montags und dienstags von 16 bis 18 Uhr<\/li>\n<li>HOLZWERKSTATT \u2013 montags und mittwochs von 15.30 bis 17.30 Uhr<\/li>\n<li>OZOBOTS \u2013 montags von 15.30 bis 16.30 Uhr<\/li>\n<li>ROBOTIK &amp; LEGO TECHNIC \u2013 mittwochs von 16 bis 18 Uhr<\/li>\n<li>MAKE &amp; REPAIR \u2013 donnerstags von 16 bis 18 Uhr<\/li>\n<li>MINT.UP \u2013 freitags von 15 bis 16.30 Uhr<\/li>\n<\/ul>\n<\/td>\n<\/tr>\n<\/tbody>\n<\/table>\n<\/div><\/div><\/div><\/div><\/div><div class=\"fusion-fullwidth fullwidth-box fusion-builder-row-2 fusion-flex-container has-pattern-background has-mask-background nonhundred-percent-fullwidth non-hundred-percent-height-scrolling\" style=\"--awb-border-radius-top-left:0px;--awb-border-radius-top-right:0px;--awb-border-radius-bottom-right:0px;--awb-border-radius-bottom-left:0px;--awb-flex-wrap:wrap;\" ><div class=\"fusion-builder-row fusion-row fusion-flex-align-items-flex-start fusion-flex-content-wrap\" style=\"max-width:1331.2px;margin-left: calc(-4% \/ 2 );margin-right: calc(-4% \/ 2 );\"><div class=\"fusion-layout-column fusion_builder_column fusion-builder-column-1 fusion_builder_column_1_2 1_2 fusion-flex-column\" style=\"--awb-bg-size:cover;--awb-width-large:50%;--awb-margin-top-large:0px;--awb-spacing-right-large:3.84%;--awb-margin-bottom-large:20px;--awb-spacing-left-large:3.84%;--awb-width-medium:100%;--awb-order-medium:0;--awb-spacing-right-medium:1.92%;--awb-spacing-left-medium:1.92%;--awb-width-small:100%;--awb-order-small:0;--awb-spacing-right-small:1.92%;--awb-spacing-left-small:1.92%;\"><div class=\"fusion-column-wrapper fusion-column-has-shadow fusion-flex-justify-content-flex-start fusion-content-layout-column\"><div class=\"fusion-image-element \" style=\"--awb-caption-title-font-family:var(--h2_typography-font-family);--awb-caption-title-font-weight:var(--h2_typography-font-weight);--awb-caption-title-font-style:var(--h2_typography-font-style);--awb-caption-title-size:var(--h2_typography-font-size);--awb-caption-title-transform:var(--h2_typography-text-transform);--awb-caption-title-line-height:var(--h2_typography-line-height);--awb-caption-title-letter-spacing:var(--h2_typography-letter-spacing);\"><span class=\" fusion-imageframe imageframe-none imageframe-1 hover-type-none\"><img decoding=\"async\" width=\"1920\" height=\"2560\" title=\"Filapen_Madlen_Schwausch\" src=\"https:\/\/www.asf-brandenburg.de\/asf_wp\/wp-content\/uploads\/2025\/10\/Filapen_Madlen_Schwausch-scaled.jpg\" alt class=\"img-responsive wp-image-9936\" srcset=\"https:\/\/www.asf-brandenburg.de\/asf_wp\/wp-content\/uploads\/2025\/10\/Filapen_Madlen_Schwausch-200x267.jpg 200w, https:\/\/www.asf-brandenburg.de\/asf_wp\/wp-content\/uploads\/2025\/10\/Filapen_Madlen_Schwausch-400x533.jpg 400w, https:\/\/www.asf-brandenburg.de\/asf_wp\/wp-content\/uploads\/2025\/10\/Filapen_Madlen_Schwausch-600x800.jpg 600w, https:\/\/www.asf-brandenburg.de\/asf_wp\/wp-content\/uploads\/2025\/10\/Filapen_Madlen_Schwausch-800x1067.jpg 800w, https:\/\/www.asf-brandenburg.de\/asf_wp\/wp-content\/uploads\/2025\/10\/Filapen_Madlen_Schwausch-1200x1600.jpg 1200w, https:\/\/www.asf-brandenburg.de\/asf_wp\/wp-content\/uploads\/2025\/10\/Filapen_Madlen_Schwausch-scaled.jpg 1920w\" sizes=\"(max-width: 1280px) 100vw, (max-width: 770px) 100vw, 800px\" \/><\/span><\/div><\/div><\/div><div class=\"fusion-layout-column fusion_builder_column fusion-builder-column-2 fusion_builder_column_1_2 1_2 fusion-flex-column\" style=\"--awb-bg-size:cover;--awb-width-large:50%;--awb-margin-top-large:0px;--awb-spacing-right-large:3.84%;--awb-margin-bottom-large:20px;--awb-spacing-left-large:3.84%;--awb-width-medium:100%;--awb-order-medium:0;--awb-spacing-right-medium:1.92%;--awb-spacing-left-medium:1.92%;--awb-width-small:100%;--awb-order-small:0;--awb-spacing-right-small:1.92%;--awb-spacing-left-small:1.92%;\"><div class=\"fusion-column-wrapper fusion-column-has-shadow fusion-flex-justify-content-flex-start fusion-content-layout-column\"><div class=\"fusion-image-element \" style=\"--awb-caption-title-font-family:var(--h2_typography-font-family);--awb-caption-title-font-weight:var(--h2_typography-font-weight);--awb-caption-title-font-style:var(--h2_typography-font-style);--awb-caption-title-size:var(--h2_typography-font-size);--awb-caption-title-transform:var(--h2_typography-text-transform);--awb-caption-title-line-height:var(--h2_typography-line-height);--awb-caption-title-letter-spacing:var(--h2_typography-letter-spacing);\"><span class=\" fusion-imageframe imageframe-none imageframe-2 hover-type-none\"><img decoding=\"async\" width=\"1920\" height=\"2560\" title=\"Calliope_Motion_Kit_Madlen_Schwausch\" src=\"https:\/\/www.asf-brandenburg.de\/asf_wp\/wp-content\/uploads\/2025\/10\/Calliope_Motion_Kit_Madlen_Schwausch-scaled.jpg\" alt class=\"img-responsive wp-image-9937\" srcset=\"https:\/\/www.asf-brandenburg.de\/asf_wp\/wp-content\/uploads\/2025\/10\/Calliope_Motion_Kit_Madlen_Schwausch-200x267.jpg 200w, https:\/\/www.asf-brandenburg.de\/asf_wp\/wp-content\/uploads\/2025\/10\/Calliope_Motion_Kit_Madlen_Schwausch-400x533.jpg 400w, https:\/\/www.asf-brandenburg.de\/asf_wp\/wp-content\/uploads\/2025\/10\/Calliope_Motion_Kit_Madlen_Schwausch-600x800.jpg 600w, https:\/\/www.asf-brandenburg.de\/asf_wp\/wp-content\/uploads\/2025\/10\/Calliope_Motion_Kit_Madlen_Schwausch-800x1067.jpg 800w, https:\/\/www.asf-brandenburg.de\/asf_wp\/wp-content\/uploads\/2025\/10\/Calliope_Motion_Kit_Madlen_Schwausch-1200x1600.jpg 1200w, https:\/\/www.asf-brandenburg.de\/asf_wp\/wp-content\/uploads\/2025\/10\/Calliope_Motion_Kit_Madlen_Schwausch-scaled.jpg 1920w\" sizes=\"(max-width: 1280px) 100vw, (max-width: 770px) 100vw, 800px\" \/><\/span><\/div><\/div><\/div><\/div><\/div>\n","protected":false},"excerpt":{"rendered":"<p>Mit Technik kreativ sein \u2013 das k\u00f6nnen Kinder, Jugendliche und Erwachsene in der Offenen Werkstatt in Spremberg. \u201eAusprobieren, entdecken und gestalten\u201c lautet das Motto in dem MakerSpace. Dieser befindet sich in den R\u00e4umen des historischen Postgeb\u00e4udes an der Poststra\u00dfe 1 in der Innenstadt. Neue Koordinatorin und Ansprechpartnerin ist Madlen Schwausch von der ASG Spremberg GmbH. Sie arbeitet eng mit dem Projekttr\u00e4ger Albert-Schweitzer-Familienwerk Brandenburg e.V. zusammen.<\/p>\n","protected":false},"author":2,"featured_media":9936,"comment_status":"open","ping_status":"open","sticky":false,"template":"","format":"standard","meta":{"inline_featured_image":false,"footnotes":""},"categories":[171],"tags":[80,191],"class_list":["post-9934","post","type-post","status-publish","format-standard","has-post-thumbnail","hentry","category-neuigkeiten-2025","tag-albert-schweitzer-familienwerk-brandenburg-e-v","tag-offene-werkstatt"],"yoast_head":"<!-- This site is optimized with the Yoast SEO plugin v27.4 - https:\/\/yoast.com\/product\/yoast-seo-wordpress\/ -->\n<title>Technik erleben &amp; gestalten: Die Offene Werkstatt Spremberg startet mit neuer Koordinatorin durch - Albert-Schweitzer-Familienwerk Brandenburg e.V.<\/title>\n<meta name=\"description\" content=\"Der Hort Kinderwelt Sellessen\/Haidem\u00fchl wurde zertifiziert: Das Team um Leiterin Doreen Kovacs hat sich einer externen wissenschaftlichen Begutachtung durch das renommierte P\u00e4dquis-Institut unterzogen \u2013 mit Erfolg! Damit ist der Hort bereits zum zweiten Mal mit dem Deutschen Kindergarten-G\u00fctesiegel ausgezeichnet worden.\" \/>\n<meta name=\"robots\" content=\"index, follow, max-snippet:-1, max-image-preview:large, max-video-preview:-1\" \/>\n<link rel=\"canonical\" href=\"https:\/\/www.asf-brandenburg.de\/asf_wp\/aktuelles\/2025\/technik-erleben-gestalten-die-offene-werkstatt-spremberg-startet-mit-neuer-koordinatorin-durch\/\" \/>\n<meta property=\"og:locale\" content=\"de_DE\" \/>\n<meta property=\"og:type\" content=\"article\" \/>\n<meta property=\"og:title\" content=\"Technik erleben &amp; gestalten: Die Offene Werkstatt Spremberg startet mit neuer Koordinatorin durch - Albert-Schweitzer-Familienwerk Brandenburg e.V.\" \/>\n<meta property=\"og:description\" content=\"Der Hort Kinderwelt Sellessen\/Haidem\u00fchl wurde zertifiziert: Das Team um Leiterin Doreen Kovacs hat sich einer externen wissenschaftlichen Begutachtung durch das renommierte P\u00e4dquis-Institut unterzogen \u2013 mit Erfolg! Damit ist der Hort bereits zum zweiten Mal mit dem Deutschen Kindergarten-G\u00fctesiegel ausgezeichnet worden.\" \/>\n<meta property=\"og:url\" content=\"https:\/\/www.asf-brandenburg.de\/asf_wp\/aktuelles\/2025\/technik-erleben-gestalten-die-offene-werkstatt-spremberg-startet-mit-neuer-koordinatorin-durch\/\" \/>\n<meta property=\"og:site_name\" content=\"Albert-Schweitzer-Familienwerk Brandenburg e.V.\" \/>\n<meta property=\"article:publisher\" content=\"https:\/\/www.facebook.com\/AlbertSchweitzerFamilienwerkBrandenburg\" \/>\n<meta property=\"article:published_time\" content=\"2025-10-17T06:15:05+00:00\" \/>\n<meta property=\"og:image\" content=\"https:\/\/www.asf-brandenburg.de\/asf_wp\/wp-content\/uploads\/2025\/10\/Filapen_Madlen_Schwausch-scaled.jpg\" \/>\n\t<meta property=\"og:image:width\" content=\"1920\" \/>\n\t<meta property=\"og:image:height\" content=\"2560\" \/>\n\t<meta property=\"og:image:type\" content=\"image\/jpeg\" \/>\n<meta name=\"author\" content=\"Web Admin\" \/>\n<meta name=\"twitter:card\" content=\"summary_large_image\" \/>\n<meta name=\"twitter:label1\" content=\"Verfasst von\" \/>\n\t<meta name=\"twitter:data1\" content=\"Web Admin\" \/>\n\t<meta name=\"twitter:label2\" content=\"Gesch\u00e4tzte Lesezeit\" \/>\n\t<meta name=\"twitter:data2\" content=\"3\u00a0Minuten\" \/>\n<script type=\"application\/ld+json\" class=\"yoast-schema-graph\">{\"@context\":\"https:\\\/\\\/schema.org\",\"@graph\":[{\"@type\":\"Article\",\"@id\":\"https:\\\/\\\/www.asf-brandenburg.de\\\/asf_wp\\\/aktuelles\\\/2025\\\/technik-erleben-gestalten-die-offene-werkstatt-spremberg-startet-mit-neuer-koordinatorin-durch\\\/#article\",\"isPartOf\":{\"@id\":\"https:\\\/\\\/www.asf-brandenburg.de\\\/asf_wp\\\/aktuelles\\\/2025\\\/technik-erleben-gestalten-die-offene-werkstatt-spremberg-startet-mit-neuer-koordinatorin-durch\\\/\"},\"author\":{\"name\":\"Web Admin\",\"@id\":\"https:\\\/\\\/www.asf-brandenburg.de\\\/asf_wp\\\/#\\\/schema\\\/person\\\/a63ba1553f2aa75f90f3809d9e4a1efc\"},\"headline\":\"Technik erleben &#038; gestalten: Die Offene Werkstatt Spremberg startet mit neuer Koordinatorin durch\",\"datePublished\":\"2025-10-17T06:15:05+00:00\",\"mainEntityOfPage\":{\"@id\":\"https:\\\/\\\/www.asf-brandenburg.de\\\/asf_wp\\\/aktuelles\\\/2025\\\/technik-erleben-gestalten-die-offene-werkstatt-spremberg-startet-mit-neuer-koordinatorin-durch\\\/\"},\"wordCount\":3496,\"commentCount\":0,\"publisher\":{\"@id\":\"https:\\\/\\\/www.asf-brandenburg.de\\\/asf_wp\\\/#organization\"},\"image\":{\"@id\":\"https:\\\/\\\/www.asf-brandenburg.de\\\/asf_wp\\\/aktuelles\\\/2025\\\/technik-erleben-gestalten-die-offene-werkstatt-spremberg-startet-mit-neuer-koordinatorin-durch\\\/#primaryimage\"},\"thumbnailUrl\":\"https:\\\/\\\/www.asf-brandenburg.de\\\/asf_wp\\\/wp-content\\\/uploads\\\/2025\\\/10\\\/Filapen_Madlen_Schwausch-scaled.jpg\",\"keywords\":[\"Albert-Schweitzer-Familienwerk Brandenburg e.V.\",\"Offene Werkstatt\"],\"articleSection\":[\"Neuigkeiten 2025\"],\"inLanguage\":\"de\",\"potentialAction\":[{\"@type\":\"CommentAction\",\"name\":\"Comment\",\"target\":[\"https:\\\/\\\/www.asf-brandenburg.de\\\/asf_wp\\\/aktuelles\\\/2025\\\/technik-erleben-gestalten-die-offene-werkstatt-spremberg-startet-mit-neuer-koordinatorin-durch\\\/#respond\"]}]},{\"@type\":\"WebPage\",\"@id\":\"https:\\\/\\\/www.asf-brandenburg.de\\\/asf_wp\\\/aktuelles\\\/2025\\\/technik-erleben-gestalten-die-offene-werkstatt-spremberg-startet-mit-neuer-koordinatorin-durch\\\/\",\"url\":\"https:\\\/\\\/www.asf-brandenburg.de\\\/asf_wp\\\/aktuelles\\\/2025\\\/technik-erleben-gestalten-die-offene-werkstatt-spremberg-startet-mit-neuer-koordinatorin-durch\\\/\",\"name\":\"Technik erleben & gestalten: Die Offene Werkstatt Spremberg startet mit neuer Koordinatorin durch - Albert-Schweitzer-Familienwerk Brandenburg e.V.\",\"isPartOf\":{\"@id\":\"https:\\\/\\\/www.asf-brandenburg.de\\\/asf_wp\\\/#website\"},\"primaryImageOfPage\":{\"@id\":\"https:\\\/\\\/www.asf-brandenburg.de\\\/asf_wp\\\/aktuelles\\\/2025\\\/technik-erleben-gestalten-die-offene-werkstatt-spremberg-startet-mit-neuer-koordinatorin-durch\\\/#primaryimage\"},\"image\":{\"@id\":\"https:\\\/\\\/www.asf-brandenburg.de\\\/asf_wp\\\/aktuelles\\\/2025\\\/technik-erleben-gestalten-die-offene-werkstatt-spremberg-startet-mit-neuer-koordinatorin-durch\\\/#primaryimage\"},\"thumbnailUrl\":\"https:\\\/\\\/www.asf-brandenburg.de\\\/asf_wp\\\/wp-content\\\/uploads\\\/2025\\\/10\\\/Filapen_Madlen_Schwausch-scaled.jpg\",\"datePublished\":\"2025-10-17T06:15:05+00:00\",\"description\":\"Der Hort Kinderwelt Sellessen\\\/Haidem\u00fchl wurde zertifiziert: Das Team um Leiterin Doreen Kovacs hat sich einer externen wissenschaftlichen Begutachtung durch das renommierte P\u00e4dquis-Institut unterzogen \u2013 mit Erfolg! Damit ist der Hort bereits zum zweiten Mal mit dem Deutschen Kindergarten-G\u00fctesiegel ausgezeichnet worden.\",\"breadcrumb\":{\"@id\":\"https:\\\/\\\/www.asf-brandenburg.de\\\/asf_wp\\\/aktuelles\\\/2025\\\/technik-erleben-gestalten-die-offene-werkstatt-spremberg-startet-mit-neuer-koordinatorin-durch\\\/#breadcrumb\"},\"inLanguage\":\"de\",\"potentialAction\":[{\"@type\":\"ReadAction\",\"target\":[\"https:\\\/\\\/www.asf-brandenburg.de\\\/asf_wp\\\/aktuelles\\\/2025\\\/technik-erleben-gestalten-die-offene-werkstatt-spremberg-startet-mit-neuer-koordinatorin-durch\\\/\"]}]},{\"@type\":\"ImageObject\",\"inLanguage\":\"de\",\"@id\":\"https:\\\/\\\/www.asf-brandenburg.de\\\/asf_wp\\\/aktuelles\\\/2025\\\/technik-erleben-gestalten-die-offene-werkstatt-spremberg-startet-mit-neuer-koordinatorin-durch\\\/#primaryimage\",\"url\":\"https:\\\/\\\/www.asf-brandenburg.de\\\/asf_wp\\\/wp-content\\\/uploads\\\/2025\\\/10\\\/Filapen_Madlen_Schwausch-scaled.jpg\",\"contentUrl\":\"https:\\\/\\\/www.asf-brandenburg.de\\\/asf_wp\\\/wp-content\\\/uploads\\\/2025\\\/10\\\/Filapen_Madlen_Schwausch-scaled.jpg\",\"width\":1920,\"height\":2560},{\"@type\":\"BreadcrumbList\",\"@id\":\"https:\\\/\\\/www.asf-brandenburg.de\\\/asf_wp\\\/aktuelles\\\/2025\\\/technik-erleben-gestalten-die-offene-werkstatt-spremberg-startet-mit-neuer-koordinatorin-durch\\\/#breadcrumb\",\"itemListElement\":[{\"@type\":\"ListItem\",\"position\":1,\"name\":\"Startseite\",\"item\":\"https:\\\/\\\/www.asf-brandenburg.de\\\/asf_wp\\\/\"},{\"@type\":\"ListItem\",\"position\":2,\"name\":\"Technik erleben &#038; gestalten: Die Offene Werkstatt Spremberg startet mit neuer Koordinatorin durch\"}]},{\"@type\":\"WebSite\",\"@id\":\"https:\\\/\\\/www.asf-brandenburg.de\\\/asf_wp\\\/#website\",\"url\":\"https:\\\/\\\/www.asf-brandenburg.de\\\/asf_wp\\\/\",\"name\":\"Albert-Schweitzer-Kinderd\u00f6rfer und Familienwerke Brandenburg e. V.\",\"description\":\"\",\"publisher\":{\"@id\":\"https:\\\/\\\/www.asf-brandenburg.de\\\/asf_wp\\\/#organization\"},\"potentialAction\":[{\"@type\":\"SearchAction\",\"target\":{\"@type\":\"EntryPoint\",\"urlTemplate\":\"https:\\\/\\\/www.asf-brandenburg.de\\\/asf_wp\\\/?s={search_term_string}\"},\"query-input\":{\"@type\":\"PropertyValueSpecification\",\"valueRequired\":true,\"valueName\":\"search_term_string\"}}],\"inLanguage\":\"de\"},{\"@type\":\"Organization\",\"@id\":\"https:\\\/\\\/www.asf-brandenburg.de\\\/asf_wp\\\/#organization\",\"name\":\"Albert-Schweitzer-Familienwerk Brandenburg e. V.\",\"url\":\"https:\\\/\\\/www.asf-brandenburg.de\\\/asf_wp\\\/\",\"logo\":{\"@type\":\"ImageObject\",\"inLanguage\":\"de\",\"@id\":\"https:\\\/\\\/www.asf-brandenburg.de\\\/asf_wp\\\/#\\\/schema\\\/logo\\\/image\\\/\",\"url\":\"https:\\\/\\\/www.asf-brandenburg.de\\\/asf_wp\\\/wp-content\\\/uploads\\\/2018\\\/08\\\/Logo_ASF_BRB_318x107.png\",\"contentUrl\":\"https:\\\/\\\/www.asf-brandenburg.de\\\/asf_wp\\\/wp-content\\\/uploads\\\/2018\\\/08\\\/Logo_ASF_BRB_318x107.png\",\"width\":318,\"height\":107,\"caption\":\"Albert-Schweitzer-Familienwerk Brandenburg e. V.\"},\"image\":{\"@id\":\"https:\\\/\\\/www.asf-brandenburg.de\\\/asf_wp\\\/#\\\/schema\\\/logo\\\/image\\\/\"},\"sameAs\":[\"https:\\\/\\\/www.facebook.com\\\/AlbertSchweitzerFamilienwerkBrandenburg\",\"https:\\\/\\\/www.youtube.com\\\/@asfbrandenburg\",\"https:\\\/\\\/www.instagram.com\\\/asf_brandenburg\\\/\"]},{\"@type\":\"Person\",\"@id\":\"https:\\\/\\\/www.asf-brandenburg.de\\\/asf_wp\\\/#\\\/schema\\\/person\\\/a63ba1553f2aa75f90f3809d9e4a1efc\",\"name\":\"Web Admin\",\"sameAs\":[\"http:\\\/\\\/www.asf-brandenburg.de\"],\"url\":\"https:\\\/\\\/www.asf-brandenburg.de\\\/asf_wp\\\/aktuelles\\\/author\\\/asf\\\/\"}]}<\/script>\n<!-- \/ Yoast SEO plugin. -->","yoast_head_json":{"title":"Technik erleben & gestalten: Die Offene Werkstatt Spremberg startet mit neuer Koordinatorin durch - Albert-Schweitzer-Familienwerk Brandenburg e.V.","description":"Der Hort Kinderwelt Sellessen\/Haidem\u00fchl wurde zertifiziert: Das Team um Leiterin Doreen Kovacs hat sich einer externen wissenschaftlichen Begutachtung durch das renommierte P\u00e4dquis-Institut unterzogen \u2013 mit Erfolg! Damit ist der Hort bereits zum zweiten Mal mit dem Deutschen Kindergarten-G\u00fctesiegel ausgezeichnet worden.","robots":{"index":"index","follow":"follow","max-snippet":"max-snippet:-1","max-image-preview":"max-image-preview:large","max-video-preview":"max-video-preview:-1"},"canonical":"https:\/\/www.asf-brandenburg.de\/asf_wp\/aktuelles\/2025\/technik-erleben-gestalten-die-offene-werkstatt-spremberg-startet-mit-neuer-koordinatorin-durch\/","og_locale":"de_DE","og_type":"article","og_title":"Technik erleben & gestalten: Die Offene Werkstatt Spremberg startet mit neuer Koordinatorin durch - Albert-Schweitzer-Familienwerk Brandenburg e.V.","og_description":"Der Hort Kinderwelt Sellessen\/Haidem\u00fchl wurde zertifiziert: Das Team um Leiterin Doreen Kovacs hat sich einer externen wissenschaftlichen Begutachtung durch das renommierte P\u00e4dquis-Institut unterzogen \u2013 mit Erfolg! Damit ist der Hort bereits zum zweiten Mal mit dem Deutschen Kindergarten-G\u00fctesiegel ausgezeichnet worden.","og_url":"https:\/\/www.asf-brandenburg.de\/asf_wp\/aktuelles\/2025\/technik-erleben-gestalten-die-offene-werkstatt-spremberg-startet-mit-neuer-koordinatorin-durch\/","og_site_name":"Albert-Schweitzer-Familienwerk Brandenburg e.V.","article_publisher":"https:\/\/www.facebook.com\/AlbertSchweitzerFamilienwerkBrandenburg","article_published_time":"2025-10-17T06:15:05+00:00","og_image":[{"width":1920,"height":2560,"url":"https:\/\/www.asf-brandenburg.de\/asf_wp\/wp-content\/uploads\/2025\/10\/Filapen_Madlen_Schwausch-scaled.jpg","type":"image\/jpeg"}],"author":"Web Admin","twitter_card":"summary_large_image","twitter_misc":{"Verfasst von":"Web Admin","Gesch\u00e4tzte Lesezeit":"3\u00a0Minuten"},"schema":{"@context":"https:\/\/schema.org","@graph":[{"@type":"Article","@id":"https:\/\/www.asf-brandenburg.de\/asf_wp\/aktuelles\/2025\/technik-erleben-gestalten-die-offene-werkstatt-spremberg-startet-mit-neuer-koordinatorin-durch\/#article","isPartOf":{"@id":"https:\/\/www.asf-brandenburg.de\/asf_wp\/aktuelles\/2025\/technik-erleben-gestalten-die-offene-werkstatt-spremberg-startet-mit-neuer-koordinatorin-durch\/"},"author":{"name":"Web Admin","@id":"https:\/\/www.asf-brandenburg.de\/asf_wp\/#\/schema\/person\/a63ba1553f2aa75f90f3809d9e4a1efc"},"headline":"Technik erleben &#038; gestalten: Die Offene Werkstatt Spremberg startet mit neuer Koordinatorin durch","datePublished":"2025-10-17T06:15:05+00:00","mainEntityOfPage":{"@id":"https:\/\/www.asf-brandenburg.de\/asf_wp\/aktuelles\/2025\/technik-erleben-gestalten-die-offene-werkstatt-spremberg-startet-mit-neuer-koordinatorin-durch\/"},"wordCount":3496,"commentCount":0,"publisher":{"@id":"https:\/\/www.asf-brandenburg.de\/asf_wp\/#organization"},"image":{"@id":"https:\/\/www.asf-brandenburg.de\/asf_wp\/aktuelles\/2025\/technik-erleben-gestalten-die-offene-werkstatt-spremberg-startet-mit-neuer-koordinatorin-durch\/#primaryimage"},"thumbnailUrl":"https:\/\/www.asf-brandenburg.de\/asf_wp\/wp-content\/uploads\/2025\/10\/Filapen_Madlen_Schwausch-scaled.jpg","keywords":["Albert-Schweitzer-Familienwerk Brandenburg e.V.","Offene Werkstatt"],"articleSection":["Neuigkeiten 2025"],"inLanguage":"de","potentialAction":[{"@type":"CommentAction","name":"Comment","target":["https:\/\/www.asf-brandenburg.de\/asf_wp\/aktuelles\/2025\/technik-erleben-gestalten-die-offene-werkstatt-spremberg-startet-mit-neuer-koordinatorin-durch\/#respond"]}]},{"@type":"WebPage","@id":"https:\/\/www.asf-brandenburg.de\/asf_wp\/aktuelles\/2025\/technik-erleben-gestalten-die-offene-werkstatt-spremberg-startet-mit-neuer-koordinatorin-durch\/","url":"https:\/\/www.asf-brandenburg.de\/asf_wp\/aktuelles\/2025\/technik-erleben-gestalten-die-offene-werkstatt-spremberg-startet-mit-neuer-koordinatorin-durch\/","name":"Technik erleben & gestalten: Die Offene Werkstatt Spremberg startet mit neuer Koordinatorin durch - Albert-Schweitzer-Familienwerk Brandenburg e.V.","isPartOf":{"@id":"https:\/\/www.asf-brandenburg.de\/asf_wp\/#website"},"primaryImageOfPage":{"@id":"https:\/\/www.asf-brandenburg.de\/asf_wp\/aktuelles\/2025\/technik-erleben-gestalten-die-offene-werkstatt-spremberg-startet-mit-neuer-koordinatorin-durch\/#primaryimage"},"image":{"@id":"https:\/\/www.asf-brandenburg.de\/asf_wp\/aktuelles\/2025\/technik-erleben-gestalten-die-offene-werkstatt-spremberg-startet-mit-neuer-koordinatorin-durch\/#primaryimage"},"thumbnailUrl":"https:\/\/www.asf-brandenburg.de\/asf_wp\/wp-content\/uploads\/2025\/10\/Filapen_Madlen_Schwausch-scaled.jpg","datePublished":"2025-10-17T06:15:05+00:00","description":"Der Hort Kinderwelt Sellessen\/Haidem\u00fchl wurde zertifiziert: Das Team um Leiterin Doreen Kovacs hat sich einer externen wissenschaftlichen Begutachtung durch das renommierte P\u00e4dquis-Institut unterzogen \u2013 mit Erfolg! Damit ist der Hort bereits zum zweiten Mal mit dem Deutschen Kindergarten-G\u00fctesiegel ausgezeichnet worden.","breadcrumb":{"@id":"https:\/\/www.asf-brandenburg.de\/asf_wp\/aktuelles\/2025\/technik-erleben-gestalten-die-offene-werkstatt-spremberg-startet-mit-neuer-koordinatorin-durch\/#breadcrumb"},"inLanguage":"de","potentialAction":[{"@type":"ReadAction","target":["https:\/\/www.asf-brandenburg.de\/asf_wp\/aktuelles\/2025\/technik-erleben-gestalten-die-offene-werkstatt-spremberg-startet-mit-neuer-koordinatorin-durch\/"]}]},{"@type":"ImageObject","inLanguage":"de","@id":"https:\/\/www.asf-brandenburg.de\/asf_wp\/aktuelles\/2025\/technik-erleben-gestalten-die-offene-werkstatt-spremberg-startet-mit-neuer-koordinatorin-durch\/#primaryimage","url":"https:\/\/www.asf-brandenburg.de\/asf_wp\/wp-content\/uploads\/2025\/10\/Filapen_Madlen_Schwausch-scaled.jpg","contentUrl":"https:\/\/www.asf-brandenburg.de\/asf_wp\/wp-content\/uploads\/2025\/10\/Filapen_Madlen_Schwausch-scaled.jpg","width":1920,"height":2560},{"@type":"BreadcrumbList","@id":"https:\/\/www.asf-brandenburg.de\/asf_wp\/aktuelles\/2025\/technik-erleben-gestalten-die-offene-werkstatt-spremberg-startet-mit-neuer-koordinatorin-durch\/#breadcrumb","itemListElement":[{"@type":"ListItem","position":1,"name":"Startseite","item":"https:\/\/www.asf-brandenburg.de\/asf_wp\/"},{"@type":"ListItem","position":2,"name":"Technik erleben &#038; gestalten: Die Offene Werkstatt Spremberg startet mit neuer Koordinatorin durch"}]},{"@type":"WebSite","@id":"https:\/\/www.asf-brandenburg.de\/asf_wp\/#website","url":"https:\/\/www.asf-brandenburg.de\/asf_wp\/","name":"Albert-Schweitzer-Kinderd\u00f6rfer und Familienwerke Brandenburg e. V.","description":"","publisher":{"@id":"https:\/\/www.asf-brandenburg.de\/asf_wp\/#organization"},"potentialAction":[{"@type":"SearchAction","target":{"@type":"EntryPoint","urlTemplate":"https:\/\/www.asf-brandenburg.de\/asf_wp\/?s={search_term_string}"},"query-input":{"@type":"PropertyValueSpecification","valueRequired":true,"valueName":"search_term_string"}}],"inLanguage":"de"},{"@type":"Organization","@id":"https:\/\/www.asf-brandenburg.de\/asf_wp\/#organization","name":"Albert-Schweitzer-Familienwerk Brandenburg e. V.","url":"https:\/\/www.asf-brandenburg.de\/asf_wp\/","logo":{"@type":"ImageObject","inLanguage":"de","@id":"https:\/\/www.asf-brandenburg.de\/asf_wp\/#\/schema\/logo\/image\/","url":"https:\/\/www.asf-brandenburg.de\/asf_wp\/wp-content\/uploads\/2018\/08\/Logo_ASF_BRB_318x107.png","contentUrl":"https:\/\/www.asf-brandenburg.de\/asf_wp\/wp-content\/uploads\/2018\/08\/Logo_ASF_BRB_318x107.png","width":318,"height":107,"caption":"Albert-Schweitzer-Familienwerk Brandenburg e. V."},"image":{"@id":"https:\/\/www.asf-brandenburg.de\/asf_wp\/#\/schema\/logo\/image\/"},"sameAs":["https:\/\/www.facebook.com\/AlbertSchweitzerFamilienwerkBrandenburg","https:\/\/www.youtube.com\/@asfbrandenburg","https:\/\/www.instagram.com\/asf_brandenburg\/"]},{"@type":"Person","@id":"https:\/\/www.asf-brandenburg.de\/asf_wp\/#\/schema\/person\/a63ba1553f2aa75f90f3809d9e4a1efc","name":"Web Admin","sameAs":["http:\/\/www.asf-brandenburg.de"],"url":"https:\/\/www.asf-brandenburg.de\/asf_wp\/aktuelles\/author\/asf\/"}]}},"_links":{"self":[{"href":"https:\/\/www.asf-brandenburg.de\/asf_wp\/wp-json\/wp\/v2\/posts\/9934","targetHints":{"allow":["GET"]}}],"collection":[{"href":"https:\/\/www.asf-brandenburg.de\/asf_wp\/wp-json\/wp\/v2\/posts"}],"about":[{"href":"https:\/\/www.asf-brandenburg.de\/asf_wp\/wp-json\/wp\/v2\/types\/post"}],"author":[{"embeddable":true,"href":"https:\/\/www.asf-brandenburg.de\/asf_wp\/wp-json\/wp\/v2\/users\/2"}],"replies":[{"embeddable":true,"href":"https:\/\/www.asf-brandenburg.de\/asf_wp\/wp-json\/wp\/v2\/comments?post=9934"}],"version-history":[{"count":5,"href":"https:\/\/www.asf-brandenburg.de\/asf_wp\/wp-json\/wp\/v2\/posts\/9934\/revisions"}],"predecessor-version":[{"id":9941,"href":"https:\/\/www.asf-brandenburg.de\/asf_wp\/wp-json\/wp\/v2\/posts\/9934\/revisions\/9941"}],"wp:featuredmedia":[{"embeddable":true,"href":"https:\/\/www.asf-brandenburg.de\/asf_wp\/wp-json\/wp\/v2\/media\/9936"}],"wp:attachment":[{"href":"https:\/\/www.asf-brandenburg.de\/asf_wp\/wp-json\/wp\/v2\/media?parent=9934"}],"wp:term":[{"taxonomy":"category","embeddable":true,"href":"https:\/\/www.asf-brandenburg.de\/asf_wp\/wp-json\/wp\/v2\/categories?post=9934"},{"taxonomy":"post_tag","embeddable":true,"href":"https:\/\/www.asf-brandenburg.de\/asf_wp\/wp-json\/wp\/v2\/tags?post=9934"}],"curies":[{"name":"wp","href":"https:\/\/api.w.org\/{rel}","templated":true}]}}