{"id":9894,"date":"2025-10-02T09:46:58","date_gmt":"2025-10-02T07:46:58","guid":{"rendered":"https:\/\/www.asf-brandenburg.de\/asf_wp\/?p=9894"},"modified":"2025-10-02T09:48:16","modified_gmt":"2025-10-02T07:48:16","slug":"weltkindertag-2025-in-spremberg-ein-fest-fuer-die-kinder","status":"publish","type":"post","link":"https:\/\/www.asf-brandenburg.de\/asf_wp\/aktuelles\/2025\/weltkindertag-2025-in-spremberg-ein-fest-fuer-die-kinder\/","title":{"rendered":"Weltkindertag 2025 in Spremberg \u2013 Ein Fest f\u00fcr die Kinder"},"content":{"rendered":"<div class=\"fusion-fullwidth fullwidth-box fusion-builder-row-1 fusion-flex-container has-pattern-background has-mask-background nonhundred-percent-fullwidth non-hundred-percent-height-scrolling\" style=\"--awb-border-radius-top-left:0px;--awb-border-radius-top-right:0px;--awb-border-radius-bottom-right:0px;--awb-border-radius-bottom-left:0px;--awb-flex-wrap:wrap;\" ><div class=\"fusion-builder-row fusion-row fusion-flex-align-items-flex-start fusion-flex-content-wrap\" style=\"max-width:1331.2px;margin-left: calc(-4% \/ 2 );margin-right: calc(-4% \/ 2 );\"><div class=\"fusion-layout-column fusion_builder_column fusion-builder-column-0 fusion_builder_column_1_1 1_1 fusion-flex-column\" style=\"--awb-bg-size:cover;--awb-width-large:100%;--awb-margin-top-large:0px;--awb-spacing-right-large:1.92%;--awb-margin-bottom-large:20px;--awb-spacing-left-large:1.92%;--awb-width-medium:100%;--awb-order-medium:0;--awb-spacing-right-medium:1.92%;--awb-spacing-left-medium:1.92%;--awb-width-small:100%;--awb-order-small:0;--awb-spacing-right-small:1.92%;--awb-spacing-left-small:1.92%;\"><div class=\"fusion-column-wrapper fusion-column-has-shadow fusion-flex-justify-content-flex-start fusion-content-layout-column\"><div class=\"fusion-image-element \" style=\"--awb-caption-title-font-family:var(--h2_typography-font-family);--awb-caption-title-font-weight:var(--h2_typography-font-weight);--awb-caption-title-font-style:var(--h2_typography-font-style);--awb-caption-title-size:var(--h2_typography-font-size);--awb-caption-title-transform:var(--h2_typography-text-transform);--awb-caption-title-line-height:var(--h2_typography-line-height);--awb-caption-title-letter-spacing:var(--h2_typography-letter-spacing);\"><span class=\" fusion-imageframe imageframe-none imageframe-1 hover-type-none\"><img decoding=\"async\" width=\"2560\" height=\"1920\" title=\"20250920_170017\" src=\"https:\/\/www.asf-brandenburg.de\/asf_wp\/wp-content\/uploads\/2025\/10\/20250920_170017-scaled.jpg\" alt class=\"img-responsive wp-image-9901\" srcset=\"https:\/\/www.asf-brandenburg.de\/asf_wp\/wp-content\/uploads\/2025\/10\/20250920_170017-200x150.jpg 200w, https:\/\/www.asf-brandenburg.de\/asf_wp\/wp-content\/uploads\/2025\/10\/20250920_170017-400x300.jpg 400w, https:\/\/www.asf-brandenburg.de\/asf_wp\/wp-content\/uploads\/2025\/10\/20250920_170017-600x450.jpg 600w, https:\/\/www.asf-brandenburg.de\/asf_wp\/wp-content\/uploads\/2025\/10\/20250920_170017-800x600.jpg 800w, https:\/\/www.asf-brandenburg.de\/asf_wp\/wp-content\/uploads\/2025\/10\/20250920_170017-1200x900.jpg 1200w, https:\/\/www.asf-brandenburg.de\/asf_wp\/wp-content\/uploads\/2025\/10\/20250920_170017-scaled.jpg 2560w\" sizes=\"(max-width: 1280px) 100vw, (max-width: 770px) 100vw, 2560px\" \/><\/span><\/div><div class=\"fusion-text fusion-text-1\"><h1 data-start=\"140\" data-end=\"217\">Der Weltkindertag 2025 in Spremberg.<\/h1>\n<p data-start=\"233\" data-end=\"627\">Am 20.September stand in Spremberg alles im Zeichen der Kinder: Der Weltkindertag wurde gefeiert \u2013 bunt, lebendig und voller unvergesslicher Momente. Schon beim Betreten des Gel\u00e4ndes war zu sp\u00fcren, dass dies ein ganz besonderer Tag werden w\u00fcrde. \u00dcberall gab es fr\u00f6hliches Kinderlachen, leuchtende Augen und neugierige kleine H\u00e4nde, die es kaum erwarten konnten, die vielen Angebote auszuprobieren.<\/p>\n<p data-start=\"629\" data-end=\"1037\">Die Kinder konnten sich beim Malen und Basteln kreativ austoben, mit Spielger\u00e4ten toben oder bei Mitmachaktionen zeigen, was in ihnen steckt. Auch sportliche Spiele sorgten f\u00fcr Begeisterung, w\u00e4hrend an anderen St\u00e4nden Ruhe, Fantasie und Kreativit\u00e4t im Mittelpunkt standen. F\u00fcr jede Altersgruppe war etwas dabei \u2013 ob beim gemeinsamen Spielen, beim Zuh\u00f6ren oder einfach beim Genie\u00dfen des fr\u00f6hlichen Treibens.<\/p>\n<p data-start=\"1039\" data-end=\"1360\">Besonders sch\u00f6n war die Atmosph\u00e4re: Eltern, Gro\u00dfeltern und Kinder verbrachten gemeinsam Zeit, tauschten sich aus, lachten miteinander und st\u00e4rkten so das Gef\u00fchl von Zusammenhalt. Viele Familien nutzten den Tag auch, um Neues auszuprobieren und gemeinsam Erinnerungen zu schaffen, die lange in Erinnerung bleiben werden.<\/p>\n<p data-start=\"1362\" data-end=\"1806\">Ein herzliches Dankesch\u00f6n gilt den zahlreichen Unterst\u00fctzern, die den Weltkindertag in Spremberg m\u00f6glich gemacht haben: Kaufland, Play Spremberg, die Stadtapotheke, das Spreekino, das Br\u00fcckenh\u00e4uschen, das Krankenhaus Spremberg und Iris Besemer von der Allianz. Sie alle haben dazu beigetragen, dass die Kinder an diesem Tag nicht nur Spiel und Spa\u00df erleben, sondern auch Wertsch\u00e4tzung und Aufmerksamkeit f\u00fcr ihre Bed\u00fcrfnisse erfahren konnten.<\/p>\n<p data-start=\"1808\" data-end=\"2171\">Der Weltkindertag erinnert uns jedes Jahr daran, wie wichtig es ist, die Stimmen der Kinder zu h\u00f6ren, ihre Rechte zu sch\u00fctzen und ihnen R\u00e4ume zu schenken, in denen sie sich entfalten d\u00fcrfen. Der diesj\u00e4hrige Tag in Spremberg hat dies eindrucksvoll gezeigt: Kinder stehen im Mittelpunkt \u2013 mit all ihrer Lebensfreude, ihren Talenten und ihrer Neugier auf die Welt.<\/p>\n<\/div><div class=\"fusion-slider-sc\"><div class=\"fusion-flexslider-loading flexslider flexslider-hover-type-none\" data-slideshow_autoplay=\"1\" data-slideshow_smooth_height=\"0\" data-slideshow_speed=\"10000\" style=\"max-width:100%;height:100%;\"><ul class=\"slides\"><li class=\"image\"><span class=\"fusion-image-hover-element hover-type-none\"><img decoding=\"async\" src=\"https:\/\/www.asf-brandenburg.de\/asf_wp\/wp-content\/uploads\/2025\/10\/20250920_140813-scaled.jpg\" width=\"1920\" height=\"2560\" class=\"wp-image-9905\" srcset=\"https:\/\/www.asf-brandenburg.de\/asf_wp\/wp-content\/uploads\/2025\/10\/20250920_140813-200x267.jpg 200w, https:\/\/www.asf-brandenburg.de\/asf_wp\/wp-content\/uploads\/2025\/10\/20250920_140813-400x533.jpg 400w, https:\/\/www.asf-brandenburg.de\/asf_wp\/wp-content\/uploads\/2025\/10\/20250920_140813-600x800.jpg 600w, https:\/\/www.asf-brandenburg.de\/asf_wp\/wp-content\/uploads\/2025\/10\/20250920_140813-800x1067.jpg 800w, https:\/\/www.asf-brandenburg.de\/asf_wp\/wp-content\/uploads\/2025\/10\/20250920_140813-1200x1600.jpg 1200w, https:\/\/www.asf-brandenburg.de\/asf_wp\/wp-content\/uploads\/2025\/10\/20250920_140813-scaled.jpg 1920w\" sizes=\"(max-width: 1280px) 100vw, (max-width: 770px) 100vw, 1920px\" \/><\/span><\/li><li class=\"image\"><span class=\"fusion-image-hover-element hover-type-none\"><img decoding=\"async\" src=\"https:\/\/www.asf-brandenburg.de\/asf_wp\/wp-content\/uploads\/2025\/10\/20250920_1406580-scaled.jpg\" width=\"1920\" height=\"2560\" class=\"wp-image-9904\" srcset=\"https:\/\/www.asf-brandenburg.de\/asf_wp\/wp-content\/uploads\/2025\/10\/20250920_1406580-200x267.jpg 200w, https:\/\/www.asf-brandenburg.de\/asf_wp\/wp-content\/uploads\/2025\/10\/20250920_1406580-400x533.jpg 400w, https:\/\/www.asf-brandenburg.de\/asf_wp\/wp-content\/uploads\/2025\/10\/20250920_1406580-600x800.jpg 600w, https:\/\/www.asf-brandenburg.de\/asf_wp\/wp-content\/uploads\/2025\/10\/20250920_1406580-800x1067.jpg 800w, https:\/\/www.asf-brandenburg.de\/asf_wp\/wp-content\/uploads\/2025\/10\/20250920_1406580-1200x1600.jpg 1200w, https:\/\/www.asf-brandenburg.de\/asf_wp\/wp-content\/uploads\/2025\/10\/20250920_1406580-scaled.jpg 1920w\" sizes=\"(max-width: 1280px) 100vw, (max-width: 770px) 100vw, 1920px\" \/><\/span><\/li><li class=\"image\"><span class=\"fusion-image-hover-element hover-type-none\"><img decoding=\"async\" src=\"https:\/\/www.asf-brandenburg.de\/asf_wp\/wp-content\/uploads\/2025\/10\/IMG-20250922-WA0007.jpg\" width=\"2048\" height=\"1536\" class=\"wp-image-9903\" srcset=\"https:\/\/www.asf-brandenburg.de\/asf_wp\/wp-content\/uploads\/2025\/10\/IMG-20250922-WA0007-200x150.jpg 200w, https:\/\/www.asf-brandenburg.de\/asf_wp\/wp-content\/uploads\/2025\/10\/IMG-20250922-WA0007-400x300.jpg 400w, https:\/\/www.asf-brandenburg.de\/asf_wp\/wp-content\/uploads\/2025\/10\/IMG-20250922-WA0007-600x450.jpg 600w, https:\/\/www.asf-brandenburg.de\/asf_wp\/wp-content\/uploads\/2025\/10\/IMG-20250922-WA0007-800x600.jpg 800w, https:\/\/www.asf-brandenburg.de\/asf_wp\/wp-content\/uploads\/2025\/10\/IMG-20250922-WA0007-1200x900.jpg 1200w, https:\/\/www.asf-brandenburg.de\/asf_wp\/wp-content\/uploads\/2025\/10\/IMG-20250922-WA0007.jpg 2048w\" sizes=\"(max-width: 1280px) 100vw, (max-width: 770px) 100vw, 2048px\" \/><\/span><\/li><li class=\"image\"><span class=\"fusion-image-hover-element hover-type-none\"><img decoding=\"async\" src=\"https:\/\/www.asf-brandenburg.de\/asf_wp\/wp-content\/uploads\/2025\/10\/20250920_165015-scaled.jpg\" width=\"1920\" height=\"2560\" class=\"wp-image-9899\" srcset=\"https:\/\/www.asf-brandenburg.de\/asf_wp\/wp-content\/uploads\/2025\/10\/20250920_165015-200x267.jpg 200w, https:\/\/www.asf-brandenburg.de\/asf_wp\/wp-content\/uploads\/2025\/10\/20250920_165015-400x533.jpg 400w, https:\/\/www.asf-brandenburg.de\/asf_wp\/wp-content\/uploads\/2025\/10\/20250920_165015-600x800.jpg 600w, https:\/\/www.asf-brandenburg.de\/asf_wp\/wp-content\/uploads\/2025\/10\/20250920_165015-800x1067.jpg 800w, https:\/\/www.asf-brandenburg.de\/asf_wp\/wp-content\/uploads\/2025\/10\/20250920_165015-1200x1600.jpg 1200w, https:\/\/www.asf-brandenburg.de\/asf_wp\/wp-content\/uploads\/2025\/10\/20250920_165015-scaled.jpg 1920w\" sizes=\"(max-width: 1280px) 100vw, (max-width: 770px) 100vw, 1920px\" \/><\/span><\/li><li class=\"image\"><span class=\"fusion-image-hover-element hover-type-none\"><img decoding=\"async\" src=\"https:\/\/www.asf-brandenburg.de\/asf_wp\/wp-content\/uploads\/2025\/10\/20250920_165058-scaled.jpg\" width=\"1920\" height=\"2560\" class=\"wp-image-9900\" srcset=\"https:\/\/www.asf-brandenburg.de\/asf_wp\/wp-content\/uploads\/2025\/10\/20250920_165058-200x267.jpg 200w, https:\/\/www.asf-brandenburg.de\/asf_wp\/wp-content\/uploads\/2025\/10\/20250920_165058-400x533.jpg 400w, https:\/\/www.asf-brandenburg.de\/asf_wp\/wp-content\/uploads\/2025\/10\/20250920_165058-600x800.jpg 600w, https:\/\/www.asf-brandenburg.de\/asf_wp\/wp-content\/uploads\/2025\/10\/20250920_165058-800x1067.jpg 800w, https:\/\/www.asf-brandenburg.de\/asf_wp\/wp-content\/uploads\/2025\/10\/20250920_165058-1200x1600.jpg 1200w, https:\/\/www.asf-brandenburg.de\/asf_wp\/wp-content\/uploads\/2025\/10\/20250920_165058-scaled.jpg 1920w\" sizes=\"(max-width: 1280px) 100vw, (max-width: 770px) 100vw, 1920px\" \/><\/span><\/li><li class=\"image\"><span class=\"fusion-image-hover-element hover-type-none\"><img decoding=\"async\" src=\"https:\/\/www.asf-brandenburg.de\/asf_wp\/wp-content\/uploads\/2025\/10\/20250920_163849-scaled.jpg\" width=\"1920\" height=\"2560\" class=\"wp-image-9898\" srcset=\"https:\/\/www.asf-brandenburg.de\/asf_wp\/wp-content\/uploads\/2025\/10\/20250920_163849-200x267.jpg 200w, https:\/\/www.asf-brandenburg.de\/asf_wp\/wp-content\/uploads\/2025\/10\/20250920_163849-400x533.jpg 400w, https:\/\/www.asf-brandenburg.de\/asf_wp\/wp-content\/uploads\/2025\/10\/20250920_163849-600x800.jpg 600w, https:\/\/www.asf-brandenburg.de\/asf_wp\/wp-content\/uploads\/2025\/10\/20250920_163849-800x1067.jpg 800w, https:\/\/www.asf-brandenburg.de\/asf_wp\/wp-content\/uploads\/2025\/10\/20250920_163849-1200x1600.jpg 1200w, https:\/\/www.asf-brandenburg.de\/asf_wp\/wp-content\/uploads\/2025\/10\/20250920_163849-scaled.jpg 1920w\" sizes=\"(max-width: 1280px) 100vw, (max-width: 770px) 100vw, 1920px\" \/><\/span><\/li><li class=\"image\"><span class=\"fusion-image-hover-element hover-type-none\"><img decoding=\"async\" src=\"https:\/\/www.asf-brandenburg.de\/asf_wp\/wp-content\/uploads\/2025\/10\/20250920_160726-scaled.jpg\" width=\"1920\" height=\"2560\" class=\"wp-image-9897\" srcset=\"https:\/\/www.asf-brandenburg.de\/asf_wp\/wp-content\/uploads\/2025\/10\/20250920_160726-200x267.jpg 200w, https:\/\/www.asf-brandenburg.de\/asf_wp\/wp-content\/uploads\/2025\/10\/20250920_160726-400x533.jpg 400w, https:\/\/www.asf-brandenburg.de\/asf_wp\/wp-content\/uploads\/2025\/10\/20250920_160726-600x800.jpg 600w, https:\/\/www.asf-brandenburg.de\/asf_wp\/wp-content\/uploads\/2025\/10\/20250920_160726-800x1067.jpg 800w, https:\/\/www.asf-brandenburg.de\/asf_wp\/wp-content\/uploads\/2025\/10\/20250920_160726-1200x1600.jpg 1200w, https:\/\/www.asf-brandenburg.de\/asf_wp\/wp-content\/uploads\/2025\/10\/20250920_160726-scaled.jpg 1920w\" sizes=\"(max-width: 1280px) 100vw, (max-width: 770px) 100vw, 1920px\" \/><\/span><\/li><li class=\"image\"><span class=\"fusion-image-hover-element hover-type-none\"><img decoding=\"async\" src=\"https:\/\/www.asf-brandenburg.de\/asf_wp\/wp-content\/uploads\/2025\/10\/20250920_142115-scaled.jpg\" width=\"1920\" height=\"2560\" class=\"wp-image-9895\" srcset=\"https:\/\/www.asf-brandenburg.de\/asf_wp\/wp-content\/uploads\/2025\/10\/20250920_142115-200x267.jpg 200w, https:\/\/www.asf-brandenburg.de\/asf_wp\/wp-content\/uploads\/2025\/10\/20250920_142115-400x533.jpg 400w, https:\/\/www.asf-brandenburg.de\/asf_wp\/wp-content\/uploads\/2025\/10\/20250920_142115-600x800.jpg 600w, https:\/\/www.asf-brandenburg.de\/asf_wp\/wp-content\/uploads\/2025\/10\/20250920_142115-800x1067.jpg 800w, https:\/\/www.asf-brandenburg.de\/asf_wp\/wp-content\/uploads\/2025\/10\/20250920_142115-1200x1600.jpg 1200w, https:\/\/www.asf-brandenburg.de\/asf_wp\/wp-content\/uploads\/2025\/10\/20250920_142115-scaled.jpg 1920w\" sizes=\"(max-width: 1280px) 100vw, (max-width: 770px) 100vw, 1920px\" \/><\/span><\/li><\/ul><\/div><\/div><\/div><\/div><\/div><\/div>\n","protected":false},"excerpt":{"rendered":"<p>Am 20.September wurde in Spremberg der Weltkindertag gefeiert \u2013 und es war ein voller Erfolg! Zahlreiche Familien, Kinder und G\u00e4ste kamen zusammen, um einen Tag voller Spiel, Spa\u00df und Gemeinschaft zu erleben.<\/p>\n","protected":false},"author":2,"featured_media":9898,"comment_status":"open","ping_status":"open","sticky":false,"template":"","format":"standard","meta":{"inline_featured_image":false,"footnotes":""},"categories":[171],"tags":[80,188],"class_list":["post-9894","post","type-post","status-publish","format-standard","has-post-thumbnail","hentry","category-neuigkeiten-2025","tag-albert-schweitzer-familienwerk-brandenburg-e-v","tag-weltkindertag"],"yoast_head":"<!-- This site is optimized with the Yoast SEO plugin v27.5 - https:\/\/yoast.com\/product\/yoast-seo-wordpress\/ -->\n<title>Weltkindertag 2025 in Spremberg \u2013 Ein Fest f\u00fcr die Kinder - Albert-Schweitzer-Familienwerk Brandenburg e.V.<\/title>\n<meta name=\"description\" content=\"Der Hort Kinderwelt Sellessen\/Haidem\u00fchl wurde zertifiziert: Das Team um Leiterin Doreen Kovacs hat sich einer externen wissenschaftlichen Begutachtung durch das renommierte P\u00e4dquis-Institut unterzogen \u2013 mit Erfolg! Damit ist der Hort bereits zum zweiten Mal mit dem Deutschen Kindergarten-G\u00fctesiegel ausgezeichnet worden.\" \/>\n<meta name=\"robots\" content=\"index, follow, max-snippet:-1, max-image-preview:large, max-video-preview:-1\" \/>\n<link rel=\"canonical\" href=\"https:\/\/www.asf-brandenburg.de\/asf_wp\/aktuelles\/2025\/weltkindertag-2025-in-spremberg-ein-fest-fuer-die-kinder\/\" \/>\n<meta property=\"og:locale\" content=\"de_DE\" \/>\n<meta property=\"og:type\" content=\"article\" \/>\n<meta property=\"og:title\" content=\"Weltkindertag 2025 in Spremberg \u2013 Ein Fest f\u00fcr die Kinder - Albert-Schweitzer-Familienwerk Brandenburg e.V.\" \/>\n<meta property=\"og:description\" content=\"Der Hort Kinderwelt Sellessen\/Haidem\u00fchl wurde zertifiziert: Das Team um Leiterin Doreen Kovacs hat sich einer externen wissenschaftlichen Begutachtung durch das renommierte P\u00e4dquis-Institut unterzogen \u2013 mit Erfolg! Damit ist der Hort bereits zum zweiten Mal mit dem Deutschen Kindergarten-G\u00fctesiegel ausgezeichnet worden.\" \/>\n<meta property=\"og:url\" content=\"https:\/\/www.asf-brandenburg.de\/asf_wp\/aktuelles\/2025\/weltkindertag-2025-in-spremberg-ein-fest-fuer-die-kinder\/\" \/>\n<meta property=\"og:site_name\" content=\"Albert-Schweitzer-Familienwerk Brandenburg e.V.\" \/>\n<meta property=\"article:publisher\" content=\"https:\/\/www.facebook.com\/AlbertSchweitzerFamilienwerkBrandenburg\" \/>\n<meta property=\"article:published_time\" content=\"2025-10-02T07:46:58+00:00\" \/>\n<meta property=\"article:modified_time\" content=\"2025-10-02T07:48:16+00:00\" \/>\n<meta property=\"og:image\" content=\"https:\/\/www.asf-brandenburg.de\/asf_wp\/wp-content\/uploads\/2025\/10\/20250920_163849-scaled.jpg\" \/>\n\t<meta property=\"og:image:width\" content=\"1920\" \/>\n\t<meta property=\"og:image:height\" content=\"2560\" \/>\n\t<meta property=\"og:image:type\" content=\"image\/jpeg\" \/>\n<meta name=\"author\" content=\"Web Admin\" \/>\n<meta name=\"twitter:card\" content=\"summary_large_image\" \/>\n<meta name=\"twitter:label1\" content=\"Verfasst von\" \/>\n\t<meta name=\"twitter:data1\" content=\"Web Admin\" \/>\n\t<meta name=\"twitter:label2\" content=\"Gesch\u00e4tzte Lesezeit\" \/>\n\t<meta name=\"twitter:data2\" content=\"4\u00a0Minuten\" \/>\n<script type=\"application\/ld+json\" class=\"yoast-schema-graph\">{\"@context\":\"https:\\\/\\\/schema.org\",\"@graph\":[{\"@type\":\"Article\",\"@id\":\"https:\\\/\\\/www.asf-brandenburg.de\\\/asf_wp\\\/aktuelles\\\/2025\\\/weltkindertag-2025-in-spremberg-ein-fest-fuer-die-kinder\\\/#article\",\"isPartOf\":{\"@id\":\"https:\\\/\\\/www.asf-brandenburg.de\\\/asf_wp\\\/aktuelles\\\/2025\\\/weltkindertag-2025-in-spremberg-ein-fest-fuer-die-kinder\\\/\"},\"author\":{\"name\":\"Web Admin\",\"@id\":\"https:\\\/\\\/www.asf-brandenburg.de\\\/asf_wp\\\/#\\\/schema\\\/person\\\/a63ba1553f2aa75f90f3809d9e4a1efc\"},\"headline\":\"Weltkindertag 2025 in Spremberg \u2013 Ein Fest f\u00fcr die Kinder\",\"datePublished\":\"2025-10-02T07:46:58+00:00\",\"dateModified\":\"2025-10-02T07:48:16+00:00\",\"mainEntityOfPage\":{\"@id\":\"https:\\\/\\\/www.asf-brandenburg.de\\\/asf_wp\\\/aktuelles\\\/2025\\\/weltkindertag-2025-in-spremberg-ein-fest-fuer-die-kinder\\\/\"},\"wordCount\":1924,\"commentCount\":0,\"publisher\":{\"@id\":\"https:\\\/\\\/www.asf-brandenburg.de\\\/asf_wp\\\/#organization\"},\"image\":{\"@id\":\"https:\\\/\\\/www.asf-brandenburg.de\\\/asf_wp\\\/aktuelles\\\/2025\\\/weltkindertag-2025-in-spremberg-ein-fest-fuer-die-kinder\\\/#primaryimage\"},\"thumbnailUrl\":\"https:\\\/\\\/www.asf-brandenburg.de\\\/asf_wp\\\/wp-content\\\/uploads\\\/2025\\\/10\\\/20250920_163849-scaled.jpg\",\"keywords\":[\"Albert-Schweitzer-Familienwerk Brandenburg e.V.\",\"Weltkindertag\"],\"articleSection\":[\"Neuigkeiten 2025\"],\"inLanguage\":\"de\",\"potentialAction\":[{\"@type\":\"CommentAction\",\"name\":\"Comment\",\"target\":[\"https:\\\/\\\/www.asf-brandenburg.de\\\/asf_wp\\\/aktuelles\\\/2025\\\/weltkindertag-2025-in-spremberg-ein-fest-fuer-die-kinder\\\/#respond\"]}]},{\"@type\":\"WebPage\",\"@id\":\"https:\\\/\\\/www.asf-brandenburg.de\\\/asf_wp\\\/aktuelles\\\/2025\\\/weltkindertag-2025-in-spremberg-ein-fest-fuer-die-kinder\\\/\",\"url\":\"https:\\\/\\\/www.asf-brandenburg.de\\\/asf_wp\\\/aktuelles\\\/2025\\\/weltkindertag-2025-in-spremberg-ein-fest-fuer-die-kinder\\\/\",\"name\":\"Weltkindertag 2025 in Spremberg \u2013 Ein Fest f\u00fcr die Kinder - Albert-Schweitzer-Familienwerk Brandenburg e.V.\",\"isPartOf\":{\"@id\":\"https:\\\/\\\/www.asf-brandenburg.de\\\/asf_wp\\\/#website\"},\"primaryImageOfPage\":{\"@id\":\"https:\\\/\\\/www.asf-brandenburg.de\\\/asf_wp\\\/aktuelles\\\/2025\\\/weltkindertag-2025-in-spremberg-ein-fest-fuer-die-kinder\\\/#primaryimage\"},\"image\":{\"@id\":\"https:\\\/\\\/www.asf-brandenburg.de\\\/asf_wp\\\/aktuelles\\\/2025\\\/weltkindertag-2025-in-spremberg-ein-fest-fuer-die-kinder\\\/#primaryimage\"},\"thumbnailUrl\":\"https:\\\/\\\/www.asf-brandenburg.de\\\/asf_wp\\\/wp-content\\\/uploads\\\/2025\\\/10\\\/20250920_163849-scaled.jpg\",\"datePublished\":\"2025-10-02T07:46:58+00:00\",\"dateModified\":\"2025-10-02T07:48:16+00:00\",\"description\":\"Der Hort Kinderwelt Sellessen\\\/Haidem\u00fchl wurde zertifiziert: Das Team um Leiterin Doreen Kovacs hat sich einer externen wissenschaftlichen Begutachtung durch das renommierte P\u00e4dquis-Institut unterzogen \u2013 mit Erfolg! Damit ist der Hort bereits zum zweiten Mal mit dem Deutschen Kindergarten-G\u00fctesiegel ausgezeichnet worden.\",\"breadcrumb\":{\"@id\":\"https:\\\/\\\/www.asf-brandenburg.de\\\/asf_wp\\\/aktuelles\\\/2025\\\/weltkindertag-2025-in-spremberg-ein-fest-fuer-die-kinder\\\/#breadcrumb\"},\"inLanguage\":\"de\",\"potentialAction\":[{\"@type\":\"ReadAction\",\"target\":[\"https:\\\/\\\/www.asf-brandenburg.de\\\/asf_wp\\\/aktuelles\\\/2025\\\/weltkindertag-2025-in-spremberg-ein-fest-fuer-die-kinder\\\/\"]}]},{\"@type\":\"ImageObject\",\"inLanguage\":\"de\",\"@id\":\"https:\\\/\\\/www.asf-brandenburg.de\\\/asf_wp\\\/aktuelles\\\/2025\\\/weltkindertag-2025-in-spremberg-ein-fest-fuer-die-kinder\\\/#primaryimage\",\"url\":\"https:\\\/\\\/www.asf-brandenburg.de\\\/asf_wp\\\/wp-content\\\/uploads\\\/2025\\\/10\\\/20250920_163849-scaled.jpg\",\"contentUrl\":\"https:\\\/\\\/www.asf-brandenburg.de\\\/asf_wp\\\/wp-content\\\/uploads\\\/2025\\\/10\\\/20250920_163849-scaled.jpg\",\"width\":1920,\"height\":2560},{\"@type\":\"BreadcrumbList\",\"@id\":\"https:\\\/\\\/www.asf-brandenburg.de\\\/asf_wp\\\/aktuelles\\\/2025\\\/weltkindertag-2025-in-spremberg-ein-fest-fuer-die-kinder\\\/#breadcrumb\",\"itemListElement\":[{\"@type\":\"ListItem\",\"position\":1,\"name\":\"Startseite\",\"item\":\"https:\\\/\\\/www.asf-brandenburg.de\\\/asf_wp\\\/\"},{\"@type\":\"ListItem\",\"position\":2,\"name\":\"Weltkindertag 2025 in Spremberg \u2013 Ein Fest f\u00fcr die Kinder\"}]},{\"@type\":\"WebSite\",\"@id\":\"https:\\\/\\\/www.asf-brandenburg.de\\\/asf_wp\\\/#website\",\"url\":\"https:\\\/\\\/www.asf-brandenburg.de\\\/asf_wp\\\/\",\"name\":\"Albert-Schweitzer-Kinderd\u00f6rfer und Familienwerke Brandenburg e. V.\",\"description\":\"\",\"publisher\":{\"@id\":\"https:\\\/\\\/www.asf-brandenburg.de\\\/asf_wp\\\/#organization\"},\"potentialAction\":[{\"@type\":\"SearchAction\",\"target\":{\"@type\":\"EntryPoint\",\"urlTemplate\":\"https:\\\/\\\/www.asf-brandenburg.de\\\/asf_wp\\\/?s={search_term_string}\"},\"query-input\":{\"@type\":\"PropertyValueSpecification\",\"valueRequired\":true,\"valueName\":\"search_term_string\"}}],\"inLanguage\":\"de\"},{\"@type\":\"Organization\",\"@id\":\"https:\\\/\\\/www.asf-brandenburg.de\\\/asf_wp\\\/#organization\",\"name\":\"Albert-Schweitzer-Familienwerk Brandenburg e. V.\",\"url\":\"https:\\\/\\\/www.asf-brandenburg.de\\\/asf_wp\\\/\",\"logo\":{\"@type\":\"ImageObject\",\"inLanguage\":\"de\",\"@id\":\"https:\\\/\\\/www.asf-brandenburg.de\\\/asf_wp\\\/#\\\/schema\\\/logo\\\/image\\\/\",\"url\":\"https:\\\/\\\/www.asf-brandenburg.de\\\/asf_wp\\\/wp-content\\\/uploads\\\/2018\\\/08\\\/Logo_ASF_BRB_318x107.png\",\"contentUrl\":\"https:\\\/\\\/www.asf-brandenburg.de\\\/asf_wp\\\/wp-content\\\/uploads\\\/2018\\\/08\\\/Logo_ASF_BRB_318x107.png\",\"width\":318,\"height\":107,\"caption\":\"Albert-Schweitzer-Familienwerk Brandenburg e. V.\"},\"image\":{\"@id\":\"https:\\\/\\\/www.asf-brandenburg.de\\\/asf_wp\\\/#\\\/schema\\\/logo\\\/image\\\/\"},\"sameAs\":[\"https:\\\/\\\/www.facebook.com\\\/AlbertSchweitzerFamilienwerkBrandenburg\",\"https:\\\/\\\/www.youtube.com\\\/@asfbrandenburg\",\"https:\\\/\\\/www.instagram.com\\\/asf_brandenburg\\\/\"]},{\"@type\":\"Person\",\"@id\":\"https:\\\/\\\/www.asf-brandenburg.de\\\/asf_wp\\\/#\\\/schema\\\/person\\\/a63ba1553f2aa75f90f3809d9e4a1efc\",\"name\":\"Web Admin\",\"sameAs\":[\"http:\\\/\\\/www.asf-brandenburg.de\"],\"url\":\"https:\\\/\\\/www.asf-brandenburg.de\\\/asf_wp\\\/aktuelles\\\/author\\\/asf\\\/\"}]}<\/script>\n<!-- \/ Yoast SEO plugin. -->","yoast_head_json":{"title":"Weltkindertag 2025 in Spremberg \u2013 Ein Fest f\u00fcr die Kinder - Albert-Schweitzer-Familienwerk Brandenburg e.V.","description":"Der Hort Kinderwelt Sellessen\/Haidem\u00fchl wurde zertifiziert: Das Team um Leiterin Doreen Kovacs hat sich einer externen wissenschaftlichen Begutachtung durch das renommierte P\u00e4dquis-Institut unterzogen \u2013 mit Erfolg! Damit ist der Hort bereits zum zweiten Mal mit dem Deutschen Kindergarten-G\u00fctesiegel ausgezeichnet worden.","robots":{"index":"index","follow":"follow","max-snippet":"max-snippet:-1","max-image-preview":"max-image-preview:large","max-video-preview":"max-video-preview:-1"},"canonical":"https:\/\/www.asf-brandenburg.de\/asf_wp\/aktuelles\/2025\/weltkindertag-2025-in-spremberg-ein-fest-fuer-die-kinder\/","og_locale":"de_DE","og_type":"article","og_title":"Weltkindertag 2025 in Spremberg \u2013 Ein Fest f\u00fcr die Kinder - Albert-Schweitzer-Familienwerk Brandenburg e.V.","og_description":"Der Hort Kinderwelt Sellessen\/Haidem\u00fchl wurde zertifiziert: Das Team um Leiterin Doreen Kovacs hat sich einer externen wissenschaftlichen Begutachtung durch das renommierte P\u00e4dquis-Institut unterzogen \u2013 mit Erfolg! Damit ist der Hort bereits zum zweiten Mal mit dem Deutschen Kindergarten-G\u00fctesiegel ausgezeichnet worden.","og_url":"https:\/\/www.asf-brandenburg.de\/asf_wp\/aktuelles\/2025\/weltkindertag-2025-in-spremberg-ein-fest-fuer-die-kinder\/","og_site_name":"Albert-Schweitzer-Familienwerk Brandenburg e.V.","article_publisher":"https:\/\/www.facebook.com\/AlbertSchweitzerFamilienwerkBrandenburg","article_published_time":"2025-10-02T07:46:58+00:00","article_modified_time":"2025-10-02T07:48:16+00:00","og_image":[{"width":1920,"height":2560,"url":"https:\/\/www.asf-brandenburg.de\/asf_wp\/wp-content\/uploads\/2025\/10\/20250920_163849-scaled.jpg","type":"image\/jpeg"}],"author":"Web Admin","twitter_card":"summary_large_image","twitter_misc":{"Verfasst von":"Web Admin","Gesch\u00e4tzte Lesezeit":"4\u00a0Minuten"},"schema":{"@context":"https:\/\/schema.org","@graph":[{"@type":"Article","@id":"https:\/\/www.asf-brandenburg.de\/asf_wp\/aktuelles\/2025\/weltkindertag-2025-in-spremberg-ein-fest-fuer-die-kinder\/#article","isPartOf":{"@id":"https:\/\/www.asf-brandenburg.de\/asf_wp\/aktuelles\/2025\/weltkindertag-2025-in-spremberg-ein-fest-fuer-die-kinder\/"},"author":{"name":"Web Admin","@id":"https:\/\/www.asf-brandenburg.de\/asf_wp\/#\/schema\/person\/a63ba1553f2aa75f90f3809d9e4a1efc"},"headline":"Weltkindertag 2025 in Spremberg \u2013 Ein Fest f\u00fcr die Kinder","datePublished":"2025-10-02T07:46:58+00:00","dateModified":"2025-10-02T07:48:16+00:00","mainEntityOfPage":{"@id":"https:\/\/www.asf-brandenburg.de\/asf_wp\/aktuelles\/2025\/weltkindertag-2025-in-spremberg-ein-fest-fuer-die-kinder\/"},"wordCount":1924,"commentCount":0,"publisher":{"@id":"https:\/\/www.asf-brandenburg.de\/asf_wp\/#organization"},"image":{"@id":"https:\/\/www.asf-brandenburg.de\/asf_wp\/aktuelles\/2025\/weltkindertag-2025-in-spremberg-ein-fest-fuer-die-kinder\/#primaryimage"},"thumbnailUrl":"https:\/\/www.asf-brandenburg.de\/asf_wp\/wp-content\/uploads\/2025\/10\/20250920_163849-scaled.jpg","keywords":["Albert-Schweitzer-Familienwerk Brandenburg e.V.","Weltkindertag"],"articleSection":["Neuigkeiten 2025"],"inLanguage":"de","potentialAction":[{"@type":"CommentAction","name":"Comment","target":["https:\/\/www.asf-brandenburg.de\/asf_wp\/aktuelles\/2025\/weltkindertag-2025-in-spremberg-ein-fest-fuer-die-kinder\/#respond"]}]},{"@type":"WebPage","@id":"https:\/\/www.asf-brandenburg.de\/asf_wp\/aktuelles\/2025\/weltkindertag-2025-in-spremberg-ein-fest-fuer-die-kinder\/","url":"https:\/\/www.asf-brandenburg.de\/asf_wp\/aktuelles\/2025\/weltkindertag-2025-in-spremberg-ein-fest-fuer-die-kinder\/","name":"Weltkindertag 2025 in Spremberg \u2013 Ein Fest f\u00fcr die Kinder - Albert-Schweitzer-Familienwerk Brandenburg e.V.","isPartOf":{"@id":"https:\/\/www.asf-brandenburg.de\/asf_wp\/#website"},"primaryImageOfPage":{"@id":"https:\/\/www.asf-brandenburg.de\/asf_wp\/aktuelles\/2025\/weltkindertag-2025-in-spremberg-ein-fest-fuer-die-kinder\/#primaryimage"},"image":{"@id":"https:\/\/www.asf-brandenburg.de\/asf_wp\/aktuelles\/2025\/weltkindertag-2025-in-spremberg-ein-fest-fuer-die-kinder\/#primaryimage"},"thumbnailUrl":"https:\/\/www.asf-brandenburg.de\/asf_wp\/wp-content\/uploads\/2025\/10\/20250920_163849-scaled.jpg","datePublished":"2025-10-02T07:46:58+00:00","dateModified":"2025-10-02T07:48:16+00:00","description":"Der Hort Kinderwelt Sellessen\/Haidem\u00fchl wurde zertifiziert: Das Team um Leiterin Doreen Kovacs hat sich einer externen wissenschaftlichen Begutachtung durch das renommierte P\u00e4dquis-Institut unterzogen \u2013 mit Erfolg! Damit ist der Hort bereits zum zweiten Mal mit dem Deutschen Kindergarten-G\u00fctesiegel ausgezeichnet worden.","breadcrumb":{"@id":"https:\/\/www.asf-brandenburg.de\/asf_wp\/aktuelles\/2025\/weltkindertag-2025-in-spremberg-ein-fest-fuer-die-kinder\/#breadcrumb"},"inLanguage":"de","potentialAction":[{"@type":"ReadAction","target":["https:\/\/www.asf-brandenburg.de\/asf_wp\/aktuelles\/2025\/weltkindertag-2025-in-spremberg-ein-fest-fuer-die-kinder\/"]}]},{"@type":"ImageObject","inLanguage":"de","@id":"https:\/\/www.asf-brandenburg.de\/asf_wp\/aktuelles\/2025\/weltkindertag-2025-in-spremberg-ein-fest-fuer-die-kinder\/#primaryimage","url":"https:\/\/www.asf-brandenburg.de\/asf_wp\/wp-content\/uploads\/2025\/10\/20250920_163849-scaled.jpg","contentUrl":"https:\/\/www.asf-brandenburg.de\/asf_wp\/wp-content\/uploads\/2025\/10\/20250920_163849-scaled.jpg","width":1920,"height":2560},{"@type":"BreadcrumbList","@id":"https:\/\/www.asf-brandenburg.de\/asf_wp\/aktuelles\/2025\/weltkindertag-2025-in-spremberg-ein-fest-fuer-die-kinder\/#breadcrumb","itemListElement":[{"@type":"ListItem","position":1,"name":"Startseite","item":"https:\/\/www.asf-brandenburg.de\/asf_wp\/"},{"@type":"ListItem","position":2,"name":"Weltkindertag 2025 in Spremberg \u2013 Ein Fest f\u00fcr die Kinder"}]},{"@type":"WebSite","@id":"https:\/\/www.asf-brandenburg.de\/asf_wp\/#website","url":"https:\/\/www.asf-brandenburg.de\/asf_wp\/","name":"Albert-Schweitzer-Kinderd\u00f6rfer und Familienwerke Brandenburg e. V.","description":"","publisher":{"@id":"https:\/\/www.asf-brandenburg.de\/asf_wp\/#organization"},"potentialAction":[{"@type":"SearchAction","target":{"@type":"EntryPoint","urlTemplate":"https:\/\/www.asf-brandenburg.de\/asf_wp\/?s={search_term_string}"},"query-input":{"@type":"PropertyValueSpecification","valueRequired":true,"valueName":"search_term_string"}}],"inLanguage":"de"},{"@type":"Organization","@id":"https:\/\/www.asf-brandenburg.de\/asf_wp\/#organization","name":"Albert-Schweitzer-Familienwerk Brandenburg e. V.","url":"https:\/\/www.asf-brandenburg.de\/asf_wp\/","logo":{"@type":"ImageObject","inLanguage":"de","@id":"https:\/\/www.asf-brandenburg.de\/asf_wp\/#\/schema\/logo\/image\/","url":"https:\/\/www.asf-brandenburg.de\/asf_wp\/wp-content\/uploads\/2018\/08\/Logo_ASF_BRB_318x107.png","contentUrl":"https:\/\/www.asf-brandenburg.de\/asf_wp\/wp-content\/uploads\/2018\/08\/Logo_ASF_BRB_318x107.png","width":318,"height":107,"caption":"Albert-Schweitzer-Familienwerk Brandenburg e. V."},"image":{"@id":"https:\/\/www.asf-brandenburg.de\/asf_wp\/#\/schema\/logo\/image\/"},"sameAs":["https:\/\/www.facebook.com\/AlbertSchweitzerFamilienwerkBrandenburg","https:\/\/www.youtube.com\/@asfbrandenburg","https:\/\/www.instagram.com\/asf_brandenburg\/"]},{"@type":"Person","@id":"https:\/\/www.asf-brandenburg.de\/asf_wp\/#\/schema\/person\/a63ba1553f2aa75f90f3809d9e4a1efc","name":"Web Admin","sameAs":["http:\/\/www.asf-brandenburg.de"],"url":"https:\/\/www.asf-brandenburg.de\/asf_wp\/aktuelles\/author\/asf\/"}]}},"_links":{"self":[{"href":"https:\/\/www.asf-brandenburg.de\/asf_wp\/wp-json\/wp\/v2\/posts\/9894","targetHints":{"allow":["GET"]}}],"collection":[{"href":"https:\/\/www.asf-brandenburg.de\/asf_wp\/wp-json\/wp\/v2\/posts"}],"about":[{"href":"https:\/\/www.asf-brandenburg.de\/asf_wp\/wp-json\/wp\/v2\/types\/post"}],"author":[{"embeddable":true,"href":"https:\/\/www.asf-brandenburg.de\/asf_wp\/wp-json\/wp\/v2\/users\/2"}],"replies":[{"embeddable":true,"href":"https:\/\/www.asf-brandenburg.de\/asf_wp\/wp-json\/wp\/v2\/comments?post=9894"}],"version-history":[{"count":1,"href":"https:\/\/www.asf-brandenburg.de\/asf_wp\/wp-json\/wp\/v2\/posts\/9894\/revisions"}],"predecessor-version":[{"id":9906,"href":"https:\/\/www.asf-brandenburg.de\/asf_wp\/wp-json\/wp\/v2\/posts\/9894\/revisions\/9906"}],"wp:featuredmedia":[{"embeddable":true,"href":"https:\/\/www.asf-brandenburg.de\/asf_wp\/wp-json\/wp\/v2\/media\/9898"}],"wp:attachment":[{"href":"https:\/\/www.asf-brandenburg.de\/asf_wp\/wp-json\/wp\/v2\/media?parent=9894"}],"wp:term":[{"taxonomy":"category","embeddable":true,"href":"https:\/\/www.asf-brandenburg.de\/asf_wp\/wp-json\/wp\/v2\/categories?post=9894"},{"taxonomy":"post_tag","embeddable":true,"href":"https:\/\/www.asf-brandenburg.de\/asf_wp\/wp-json\/wp\/v2\/tags?post=9894"}],"curies":[{"name":"wp","href":"https:\/\/api.w.org\/{rel}","templated":true}]}}