{"id":9451,"date":"2025-02-24T09:38:35","date_gmt":"2025-02-24T08:38:35","guid":{"rendered":"https:\/\/www.asf-brandenburg.de\/asf_wp\/?p=9451"},"modified":"2025-02-24T09:40:00","modified_gmt":"2025-02-24T08:40:00","slug":"wintercamp_harrachov_2025","status":"publish","type":"post","link":"https:\/\/www.asf-brandenburg.de\/asf_wp\/aktuelles\/2025\/wintercamp_harrachov_2025\/","title":{"rendered":"Wintercamp Harrachov 2025 \u2013 Unvergessliche Erlebnisse im Schnee"},"content":{"rendered":"<div class=\"fusion-fullwidth fullwidth-box fusion-builder-row-1 fusion-flex-container has-pattern-background has-mask-background nonhundred-percent-fullwidth non-hundred-percent-height-scrolling\" style=\"--awb-border-radius-top-left:0px;--awb-border-radius-top-right:0px;--awb-border-radius-bottom-right:0px;--awb-border-radius-bottom-left:0px;--awb-flex-wrap:wrap;\" ><div class=\"fusion-builder-row fusion-row fusion-flex-align-items-flex-start fusion-flex-content-wrap\" style=\"max-width:1331.2px;margin-left: calc(-4% \/ 2 );margin-right: calc(-4% \/ 2 );\"><div class=\"fusion-layout-column fusion_builder_column fusion-builder-column-0 fusion_builder_column_1_2 1_2 fusion-flex-column\" style=\"--awb-bg-size:cover;--awb-width-large:50%;--awb-margin-top-large:0px;--awb-spacing-right-large:3.84%;--awb-margin-bottom-large:20px;--awb-spacing-left-large:3.84%;--awb-width-medium:100%;--awb-order-medium:0;--awb-spacing-right-medium:1.92%;--awb-spacing-left-medium:1.92%;--awb-width-small:100%;--awb-order-small:0;--awb-spacing-right-small:1.92%;--awb-spacing-left-small:1.92%;\"><div class=\"fusion-column-wrapper fusion-column-has-shadow fusion-flex-justify-content-flex-start fusion-content-layout-column\"><div class=\"fusion-text fusion-text-1\"><p data-start=\"0\" data-end=\"69\"><strong data-start=\"0\" data-end=\"67\">Wintercamp Harrachov 2025 \u2013 Unvergessliche Erlebnisse im Schnee<\/strong><\/p>\n<p data-start=\"71\" data-end=\"403\">In den Winterferien war es wieder soweit: Die Kinder und Jugendlichen des <strong data-start=\"145\" data-end=\"193\">Albert-Schweitzer-Familienwerkes Brandenburg<\/strong> machten sich voller Vorfreude auf den Weg ins verschneite <strong data-start=\"252\" data-end=\"269\">Riesengebirge<\/strong>. Unser Ziel, das idyllische <strong data-start=\"298\" data-end=\"311\">Harrachov<\/strong>, bot wie jedes Jahr ideale Bedingungen f\u00fcr Wintersport, Gemeinschaft und jede Menge Spa\u00df.<\/p>\n<h3 data-start=\"405\" data-end=\"450\">Perfekte Unterkunft &amp; beste Bedingungen<\/h3>\n<p data-start=\"451\" data-end=\"786\">Unsere Unterkunft lie\u00df keine W\u00fcnsche offen: <strong data-start=\"495\" data-end=\"596\">Ger\u00e4umige Zimmer, eine gut ausgestattete K\u00fcche mit Essbereich und ein gem\u00fctlicher Aufenthaltsraum<\/strong> sorgten f\u00fcr eine heimelige Atmosph\u00e4re. Nach der Ankunft wurde direkt das ben\u00f6tigte <strong data-start=\"680\" data-end=\"715\">Snowboard-Equipment ausgeliehen<\/strong>, denn auf die Teilnehmer wartete ein spannendes Wintersportprogramm.<\/p>\n<h3 data-start=\"788\" data-end=\"838\">Snowboardkurs \u2013 Vom Anf\u00e4nger zum Pistenprofi<\/h3>\n<p data-start=\"839\" data-end=\"1166\">An f\u00fcnf Tagen stand f\u00fcr die Teilnehmer <strong data-start=\"878\" data-end=\"914\">Snowboardschule auf dem Programm<\/strong>. Dank der professionellen Anleitung unseres Snowboardlehrers gelang es allen, in k\u00fcrzester Zeit deutliche Fortschritte zu machen. Vom ersten Rutschen auf dem \u00dcbungshang bis hin zu sicheren Abfahrten auf gr\u00f6\u00dferen Pisten \u2013 die Begeisterung war riesig!<\/p>\n<h3 data-start=\"1168\" data-end=\"1215\">Gemeinschaft &amp; Highlights neben der Piste<\/h3>\n<p data-start=\"1216\" data-end=\"1494\">Neben dem Wintersport legten wir gro\u00dfen Wert auf <strong data-start=\"1265\" data-end=\"1298\">Gemeinschaft und Zusammenhalt<\/strong>. Gemeinsam wurden <strong data-start=\"1317\" data-end=\"1342\">Mahlzeiten zubereitet<\/strong>, gespielt und gelacht. Ein besonderes Highlight war der <strong data-start=\"1399\" data-end=\"1437\">Ausflug ins Jumphouse nach Liberec<\/strong>, wo sich die Kinder und Jugendlichen austoben konnten.<\/p>\n<h3 data-start=\"1496\" data-end=\"1540\">Fazit: Eine Woche voller Gl\u00fccksmomente<\/h3>\n<p data-start=\"1541\" data-end=\"1793\">Die Woche in Harrachov war ein voller Erfolg! <strong data-start=\"1587\" data-end=\"1662\">Strahlende Gesichter, neue Freundschaften und unvergessliche Erlebnisse<\/strong> machten dieses Wintercamp zu einem besonderen Erlebnis f\u00fcr alle. Wir freuen uns schon jetzt auf das n\u00e4chste Abenteuer im Schnee!<\/p>\n<\/div><div class=\"fusion-image-element \" style=\"--awb-caption-title-font-family:var(--h2_typography-font-family);--awb-caption-title-font-weight:var(--h2_typography-font-weight);--awb-caption-title-font-style:var(--h2_typography-font-style);--awb-caption-title-size:var(--h2_typography-font-size);--awb-caption-title-transform:var(--h2_typography-text-transform);--awb-caption-title-line-height:var(--h2_typography-line-height);--awb-caption-title-letter-spacing:var(--h2_typography-letter-spacing);\"><span class=\" fusion-imageframe imageframe-none imageframe-1 hover-type-none\"><img decoding=\"async\" width=\"1310\" height=\"1135\" title=\"IMG-20250207-WA0006~2\" src=\"https:\/\/www.asf-brandenburg.de\/asf_wp\/wp-content\/uploads\/2025\/02\/IMG-20250207-WA00062.jpg\" alt class=\"img-responsive wp-image-9453\"\/><\/span><\/div><\/div><\/div><div class=\"fusion-layout-column fusion_builder_column fusion-builder-column-1 fusion_builder_column_1_2 1_2 fusion-flex-column\" style=\"--awb-bg-size:cover;--awb-width-large:50%;--awb-margin-top-large:0px;--awb-spacing-right-large:3.84%;--awb-margin-bottom-large:20px;--awb-spacing-left-large:3.84%;--awb-width-medium:100%;--awb-order-medium:0;--awb-spacing-right-medium:1.92%;--awb-spacing-left-medium:1.92%;--awb-width-small:100%;--awb-order-small:0;--awb-spacing-right-small:1.92%;--awb-spacing-left-small:1.92%;\"><div class=\"fusion-column-wrapper fusion-column-has-shadow fusion-flex-justify-content-flex-start fusion-content-layout-column\"><div class=\"fusion-image-element \" style=\"--awb-caption-title-font-family:var(--h2_typography-font-family);--awb-caption-title-font-weight:var(--h2_typography-font-weight);--awb-caption-title-font-style:var(--h2_typography-font-style);--awb-caption-title-size:var(--h2_typography-font-size);--awb-caption-title-transform:var(--h2_typography-text-transform);--awb-caption-title-line-height:var(--h2_typography-line-height);--awb-caption-title-letter-spacing:var(--h2_typography-letter-spacing);\"><span class=\" fusion-imageframe imageframe-none imageframe-2 hover-type-none\"><img decoding=\"async\" width=\"1222\" height=\"924\" title=\"IMG-20250206-WA0002~2\" src=\"https:\/\/www.asf-brandenburg.de\/asf_wp\/wp-content\/uploads\/2025\/02\/IMG-20250206-WA00022.jpg\" alt class=\"img-responsive wp-image-9452\" srcset=\"https:\/\/www.asf-brandenburg.de\/asf_wp\/wp-content\/uploads\/2025\/02\/IMG-20250206-WA00022-200x151.jpg 200w, https:\/\/www.asf-brandenburg.de\/asf_wp\/wp-content\/uploads\/2025\/02\/IMG-20250206-WA00022-400x302.jpg 400w, https:\/\/www.asf-brandenburg.de\/asf_wp\/wp-content\/uploads\/2025\/02\/IMG-20250206-WA00022-600x454.jpg 600w, https:\/\/www.asf-brandenburg.de\/asf_wp\/wp-content\/uploads\/2025\/02\/IMG-20250206-WA00022-800x605.jpg 800w, https:\/\/www.asf-brandenburg.de\/asf_wp\/wp-content\/uploads\/2025\/02\/IMG-20250206-WA00022-1200x907.jpg 1200w, https:\/\/www.asf-brandenburg.de\/asf_wp\/wp-content\/uploads\/2025\/02\/IMG-20250206-WA00022.jpg 1222w\" sizes=\"(max-width: 1280px) 100vw, (max-width: 770px) 100vw, 800px\" \/><\/span><\/div><div class=\"fusion-image-element \" style=\"--awb-caption-title-font-family:var(--h2_typography-font-family);--awb-caption-title-font-weight:var(--h2_typography-font-weight);--awb-caption-title-font-style:var(--h2_typography-font-style);--awb-caption-title-size:var(--h2_typography-font-size);--awb-caption-title-transform:var(--h2_typography-text-transform);--awb-caption-title-line-height:var(--h2_typography-line-height);--awb-caption-title-letter-spacing:var(--h2_typography-letter-spacing);\"><span class=\" fusion-imageframe imageframe-none imageframe-3 hover-type-none\"><img decoding=\"async\" width=\"2523\" height=\"2560\" title=\"PXL_20250203_091056565~2\" src=\"https:\/\/www.asf-brandenburg.de\/asf_wp\/wp-content\/uploads\/2025\/02\/PXL_20250203_0910565652-scaled.jpg\" alt class=\"img-responsive wp-image-9454\" srcset=\"https:\/\/www.asf-brandenburg.de\/asf_wp\/wp-content\/uploads\/2025\/02\/PXL_20250203_0910565652-200x203.jpg 200w, https:\/\/www.asf-brandenburg.de\/asf_wp\/wp-content\/uploads\/2025\/02\/PXL_20250203_0910565652-400x406.jpg 400w, https:\/\/www.asf-brandenburg.de\/asf_wp\/wp-content\/uploads\/2025\/02\/PXL_20250203_0910565652-600x609.jpg 600w, https:\/\/www.asf-brandenburg.de\/asf_wp\/wp-content\/uploads\/2025\/02\/PXL_20250203_0910565652-800x812.jpg 800w, https:\/\/www.asf-brandenburg.de\/asf_wp\/wp-content\/uploads\/2025\/02\/PXL_20250203_0910565652-1200x1218.jpg 1200w, https:\/\/www.asf-brandenburg.de\/asf_wp\/wp-content\/uploads\/2025\/02\/PXL_20250203_0910565652-scaled.jpg 2523w\" sizes=\"(max-width: 1280px) 100vw, (max-width: 770px) 100vw, 800px\" \/><\/span><\/div><div class=\"fusion-image-element \" style=\"--awb-caption-title-font-family:var(--h2_typography-font-family);--awb-caption-title-font-weight:var(--h2_typography-font-weight);--awb-caption-title-font-style:var(--h2_typography-font-style);--awb-caption-title-size:var(--h2_typography-font-size);--awb-caption-title-transform:var(--h2_typography-text-transform);--awb-caption-title-line-height:var(--h2_typography-line-height);--awb-caption-title-letter-spacing:var(--h2_typography-letter-spacing);\"><span class=\" fusion-imageframe imageframe-none imageframe-4 hover-type-none\"><img decoding=\"async\" width=\"2560\" height=\"1786\" title=\"PXL_20250203_091150652~2\" src=\"https:\/\/www.asf-brandenburg.de\/asf_wp\/wp-content\/uploads\/2025\/02\/PXL_20250203_0911506522-scaled.jpg\" alt class=\"img-responsive wp-image-9455\" srcset=\"https:\/\/www.asf-brandenburg.de\/asf_wp\/wp-content\/uploads\/2025\/02\/PXL_20250203_0911506522-200x140.jpg 200w, https:\/\/www.asf-brandenburg.de\/asf_wp\/wp-content\/uploads\/2025\/02\/PXL_20250203_0911506522-400x279.jpg 400w, https:\/\/www.asf-brandenburg.de\/asf_wp\/wp-content\/uploads\/2025\/02\/PXL_20250203_0911506522-600x419.jpg 600w, https:\/\/www.asf-brandenburg.de\/asf_wp\/wp-content\/uploads\/2025\/02\/PXL_20250203_0911506522-800x558.jpg 800w, https:\/\/www.asf-brandenburg.de\/asf_wp\/wp-content\/uploads\/2025\/02\/PXL_20250203_0911506522-1200x837.jpg 1200w, https:\/\/www.asf-brandenburg.de\/asf_wp\/wp-content\/uploads\/2025\/02\/PXL_20250203_0911506522-scaled.jpg 2560w\" sizes=\"(max-width: 1280px) 100vw, (max-width: 770px) 100vw, 800px\" \/><\/span><\/div><\/div><\/div><\/div><\/div><div class=\"fusion-fullwidth fullwidth-box fusion-builder-row-2 fusion-flex-container has-pattern-background has-mask-background nonhundred-percent-fullwidth non-hundred-percent-height-scrolling\" style=\"--awb-border-radius-top-left:0px;--awb-border-radius-top-right:0px;--awb-border-radius-bottom-right:0px;--awb-border-radius-bottom-left:0px;--awb-flex-wrap:wrap;\" ><div class=\"fusion-builder-row fusion-row fusion-flex-align-items-flex-start fusion-flex-content-wrap\" style=\"max-width:1331.2px;margin-left: calc(-4% \/ 2 );margin-right: calc(-4% \/ 2 );\"><\/div><\/div>\n","protected":false},"excerpt":{"rendered":"<p>In den Winterferien war es wieder soweit: Die Kinder und Jugendlichen des Albert-Schweitzer-Familienwerkes Brandenburg machten sich voller Vorfreude auf den Weg ins verschneite Riesengebirge. Unser Ziel, das idyllische Harrachov, bot wie jedes Jahr ideale Bedingungen f\u00fcr Wintersport, Gemeinschaft und jede Menge Spa\u00df.<\/p>\n","protected":false},"author":2,"featured_media":9453,"comment_status":"open","ping_status":"open","sticky":false,"template":"","format":"standard","meta":{"inline_featured_image":false,"footnotes":""},"categories":[171],"tags":[177],"class_list":["post-9451","post","type-post","status-publish","format-standard","has-post-thumbnail","hentry","category-neuigkeiten-2025","tag-offener-jugendtreff"],"yoast_head":"<!-- This site is optimized with the Yoast SEO plugin v27.5 - https:\/\/yoast.com\/product\/yoast-seo-wordpress\/ -->\n<title>Wintercamp Harrachov 2025 \u2013 Unvergessliche Erlebnisse im Schnee - Albert-Schweitzer-Familienwerk Brandenburg e.V.<\/title>\n<meta name=\"robots\" content=\"index, follow, max-snippet:-1, max-image-preview:large, max-video-preview:-1\" \/>\n<link rel=\"canonical\" href=\"https:\/\/www.asf-brandenburg.de\/asf_wp\/aktuelles\/2025\/wintercamp_harrachov_2025\/\" \/>\n<meta property=\"og:locale\" content=\"de_DE\" \/>\n<meta property=\"og:type\" content=\"article\" \/>\n<meta property=\"og:title\" content=\"Wintercamp Harrachov 2025 \u2013 Unvergessliche Erlebnisse im Schnee - Albert-Schweitzer-Familienwerk Brandenburg e.V.\" \/>\n<meta property=\"og:description\" content=\"In den Winterferien war es wieder soweit: Die Kinder und Jugendlichen des Albert-Schweitzer-Familienwerkes Brandenburg machten sich voller Vorfreude auf den Weg ins verschneite Riesengebirge. Unser Ziel, das idyllische Harrachov, bot wie jedes Jahr ideale Bedingungen f\u00fcr Wintersport, Gemeinschaft und jede Menge Spa\u00df.\" \/>\n<meta property=\"og:url\" content=\"https:\/\/www.asf-brandenburg.de\/asf_wp\/aktuelles\/2025\/wintercamp_harrachov_2025\/\" \/>\n<meta property=\"og:site_name\" content=\"Albert-Schweitzer-Familienwerk Brandenburg e.V.\" \/>\n<meta property=\"article:publisher\" content=\"https:\/\/www.facebook.com\/AlbertSchweitzerFamilienwerkBrandenburg\" \/>\n<meta property=\"article:published_time\" content=\"2025-02-24T08:38:35+00:00\" \/>\n<meta property=\"article:modified_time\" content=\"2025-02-24T08:40:00+00:00\" \/>\n<meta property=\"og:image\" content=\"https:\/\/www.asf-brandenburg.de\/asf_wp\/wp-content\/uploads\/2025\/02\/IMG-20250207-WA00062-e1740386392335.jpg\" \/>\n\t<meta property=\"og:image:width\" content=\"1310\" \/>\n\t<meta property=\"og:image:height\" content=\"1135\" \/>\n\t<meta property=\"og:image:type\" content=\"image\/jpeg\" \/>\n<meta name=\"author\" content=\"Web Admin\" \/>\n<meta name=\"twitter:card\" content=\"summary_large_image\" \/>\n<meta name=\"twitter:label1\" content=\"Verfasst von\" \/>\n\t<meta name=\"twitter:data1\" content=\"Web Admin\" \/>\n\t<meta name=\"twitter:label2\" content=\"Gesch\u00e4tzte Lesezeit\" \/>\n\t<meta name=\"twitter:data2\" content=\"3\u00a0Minuten\" \/>\n<script type=\"application\/ld+json\" class=\"yoast-schema-graph\">{\"@context\":\"https:\\\/\\\/schema.org\",\"@graph\":[{\"@type\":\"Article\",\"@id\":\"https:\\\/\\\/www.asf-brandenburg.de\\\/asf_wp\\\/aktuelles\\\/2025\\\/wintercamp_harrachov_2025\\\/#article\",\"isPartOf\":{\"@id\":\"https:\\\/\\\/www.asf-brandenburg.de\\\/asf_wp\\\/aktuelles\\\/2025\\\/wintercamp_harrachov_2025\\\/\"},\"author\":{\"name\":\"Web Admin\",\"@id\":\"https:\\\/\\\/www.asf-brandenburg.de\\\/asf_wp\\\/#\\\/schema\\\/person\\\/a63ba1553f2aa75f90f3809d9e4a1efc\"},\"headline\":\"Wintercamp Harrachov 2025 \u2013 Unvergessliche Erlebnisse im Schnee\",\"datePublished\":\"2025-02-24T08:38:35+00:00\",\"dateModified\":\"2025-02-24T08:40:00+00:00\",\"mainEntityOfPage\":{\"@id\":\"https:\\\/\\\/www.asf-brandenburg.de\\\/asf_wp\\\/aktuelles\\\/2025\\\/wintercamp_harrachov_2025\\\/\"},\"wordCount\":3421,\"commentCount\":0,\"publisher\":{\"@id\":\"https:\\\/\\\/www.asf-brandenburg.de\\\/asf_wp\\\/#organization\"},\"image\":{\"@id\":\"https:\\\/\\\/www.asf-brandenburg.de\\\/asf_wp\\\/aktuelles\\\/2025\\\/wintercamp_harrachov_2025\\\/#primaryimage\"},\"thumbnailUrl\":\"https:\\\/\\\/www.asf-brandenburg.de\\\/asf_wp\\\/wp-content\\\/uploads\\\/2025\\\/02\\\/IMG-20250207-WA00062-e1740386392335.jpg\",\"keywords\":[\"Offener Jugendtreff\"],\"articleSection\":[\"Neuigkeiten 2025\"],\"inLanguage\":\"de\",\"potentialAction\":[{\"@type\":\"CommentAction\",\"name\":\"Comment\",\"target\":[\"https:\\\/\\\/www.asf-brandenburg.de\\\/asf_wp\\\/aktuelles\\\/2025\\\/wintercamp_harrachov_2025\\\/#respond\"]}]},{\"@type\":\"WebPage\",\"@id\":\"https:\\\/\\\/www.asf-brandenburg.de\\\/asf_wp\\\/aktuelles\\\/2025\\\/wintercamp_harrachov_2025\\\/\",\"url\":\"https:\\\/\\\/www.asf-brandenburg.de\\\/asf_wp\\\/aktuelles\\\/2025\\\/wintercamp_harrachov_2025\\\/\",\"name\":\"Wintercamp Harrachov 2025 \u2013 Unvergessliche Erlebnisse im Schnee - Albert-Schweitzer-Familienwerk Brandenburg e.V.\",\"isPartOf\":{\"@id\":\"https:\\\/\\\/www.asf-brandenburg.de\\\/asf_wp\\\/#website\"},\"primaryImageOfPage\":{\"@id\":\"https:\\\/\\\/www.asf-brandenburg.de\\\/asf_wp\\\/aktuelles\\\/2025\\\/wintercamp_harrachov_2025\\\/#primaryimage\"},\"image\":{\"@id\":\"https:\\\/\\\/www.asf-brandenburg.de\\\/asf_wp\\\/aktuelles\\\/2025\\\/wintercamp_harrachov_2025\\\/#primaryimage\"},\"thumbnailUrl\":\"https:\\\/\\\/www.asf-brandenburg.de\\\/asf_wp\\\/wp-content\\\/uploads\\\/2025\\\/02\\\/IMG-20250207-WA00062-e1740386392335.jpg\",\"datePublished\":\"2025-02-24T08:38:35+00:00\",\"dateModified\":\"2025-02-24T08:40:00+00:00\",\"breadcrumb\":{\"@id\":\"https:\\\/\\\/www.asf-brandenburg.de\\\/asf_wp\\\/aktuelles\\\/2025\\\/wintercamp_harrachov_2025\\\/#breadcrumb\"},\"inLanguage\":\"de\",\"potentialAction\":[{\"@type\":\"ReadAction\",\"target\":[\"https:\\\/\\\/www.asf-brandenburg.de\\\/asf_wp\\\/aktuelles\\\/2025\\\/wintercamp_harrachov_2025\\\/\"]}]},{\"@type\":\"ImageObject\",\"inLanguage\":\"de\",\"@id\":\"https:\\\/\\\/www.asf-brandenburg.de\\\/asf_wp\\\/aktuelles\\\/2025\\\/wintercamp_harrachov_2025\\\/#primaryimage\",\"url\":\"https:\\\/\\\/www.asf-brandenburg.de\\\/asf_wp\\\/wp-content\\\/uploads\\\/2025\\\/02\\\/IMG-20250207-WA00062-e1740386392335.jpg\",\"contentUrl\":\"https:\\\/\\\/www.asf-brandenburg.de\\\/asf_wp\\\/wp-content\\\/uploads\\\/2025\\\/02\\\/IMG-20250207-WA00062-e1740386392335.jpg\",\"width\":1310,\"height\":1135},{\"@type\":\"BreadcrumbList\",\"@id\":\"https:\\\/\\\/www.asf-brandenburg.de\\\/asf_wp\\\/aktuelles\\\/2025\\\/wintercamp_harrachov_2025\\\/#breadcrumb\",\"itemListElement\":[{\"@type\":\"ListItem\",\"position\":1,\"name\":\"Startseite\",\"item\":\"https:\\\/\\\/www.asf-brandenburg.de\\\/asf_wp\\\/\"},{\"@type\":\"ListItem\",\"position\":2,\"name\":\"Wintercamp Harrachov 2025 \u2013 Unvergessliche Erlebnisse im Schnee\"}]},{\"@type\":\"WebSite\",\"@id\":\"https:\\\/\\\/www.asf-brandenburg.de\\\/asf_wp\\\/#website\",\"url\":\"https:\\\/\\\/www.asf-brandenburg.de\\\/asf_wp\\\/\",\"name\":\"Albert-Schweitzer-Kinderd\u00f6rfer und Familienwerke Brandenburg e. V.\",\"description\":\"\",\"publisher\":{\"@id\":\"https:\\\/\\\/www.asf-brandenburg.de\\\/asf_wp\\\/#organization\"},\"potentialAction\":[{\"@type\":\"SearchAction\",\"target\":{\"@type\":\"EntryPoint\",\"urlTemplate\":\"https:\\\/\\\/www.asf-brandenburg.de\\\/asf_wp\\\/?s={search_term_string}\"},\"query-input\":{\"@type\":\"PropertyValueSpecification\",\"valueRequired\":true,\"valueName\":\"search_term_string\"}}],\"inLanguage\":\"de\"},{\"@type\":\"Organization\",\"@id\":\"https:\\\/\\\/www.asf-brandenburg.de\\\/asf_wp\\\/#organization\",\"name\":\"Albert-Schweitzer-Familienwerk Brandenburg e. V.\",\"url\":\"https:\\\/\\\/www.asf-brandenburg.de\\\/asf_wp\\\/\",\"logo\":{\"@type\":\"ImageObject\",\"inLanguage\":\"de\",\"@id\":\"https:\\\/\\\/www.asf-brandenburg.de\\\/asf_wp\\\/#\\\/schema\\\/logo\\\/image\\\/\",\"url\":\"https:\\\/\\\/www.asf-brandenburg.de\\\/asf_wp\\\/wp-content\\\/uploads\\\/2018\\\/08\\\/Logo_ASF_BRB_318x107.png\",\"contentUrl\":\"https:\\\/\\\/www.asf-brandenburg.de\\\/asf_wp\\\/wp-content\\\/uploads\\\/2018\\\/08\\\/Logo_ASF_BRB_318x107.png\",\"width\":318,\"height\":107,\"caption\":\"Albert-Schweitzer-Familienwerk Brandenburg e. V.\"},\"image\":{\"@id\":\"https:\\\/\\\/www.asf-brandenburg.de\\\/asf_wp\\\/#\\\/schema\\\/logo\\\/image\\\/\"},\"sameAs\":[\"https:\\\/\\\/www.facebook.com\\\/AlbertSchweitzerFamilienwerkBrandenburg\",\"https:\\\/\\\/www.youtube.com\\\/@asfbrandenburg\",\"https:\\\/\\\/www.instagram.com\\\/asf_brandenburg\\\/\"]},{\"@type\":\"Person\",\"@id\":\"https:\\\/\\\/www.asf-brandenburg.de\\\/asf_wp\\\/#\\\/schema\\\/person\\\/a63ba1553f2aa75f90f3809d9e4a1efc\",\"name\":\"Web Admin\",\"sameAs\":[\"http:\\\/\\\/www.asf-brandenburg.de\"],\"url\":\"https:\\\/\\\/www.asf-brandenburg.de\\\/asf_wp\\\/aktuelles\\\/author\\\/asf\\\/\"}]}<\/script>\n<!-- \/ Yoast SEO plugin. -->","yoast_head_json":{"title":"Wintercamp Harrachov 2025 \u2013 Unvergessliche Erlebnisse im Schnee - Albert-Schweitzer-Familienwerk Brandenburg e.V.","robots":{"index":"index","follow":"follow","max-snippet":"max-snippet:-1","max-image-preview":"max-image-preview:large","max-video-preview":"max-video-preview:-1"},"canonical":"https:\/\/www.asf-brandenburg.de\/asf_wp\/aktuelles\/2025\/wintercamp_harrachov_2025\/","og_locale":"de_DE","og_type":"article","og_title":"Wintercamp Harrachov 2025 \u2013 Unvergessliche Erlebnisse im Schnee - Albert-Schweitzer-Familienwerk Brandenburg e.V.","og_description":"In den Winterferien war es wieder soweit: Die Kinder und Jugendlichen des Albert-Schweitzer-Familienwerkes Brandenburg machten sich voller Vorfreude auf den Weg ins verschneite Riesengebirge. Unser Ziel, das idyllische Harrachov, bot wie jedes Jahr ideale Bedingungen f\u00fcr Wintersport, Gemeinschaft und jede Menge Spa\u00df.","og_url":"https:\/\/www.asf-brandenburg.de\/asf_wp\/aktuelles\/2025\/wintercamp_harrachov_2025\/","og_site_name":"Albert-Schweitzer-Familienwerk Brandenburg e.V.","article_publisher":"https:\/\/www.facebook.com\/AlbertSchweitzerFamilienwerkBrandenburg","article_published_time":"2025-02-24T08:38:35+00:00","article_modified_time":"2025-02-24T08:40:00+00:00","og_image":[{"width":1310,"height":1135,"url":"https:\/\/www.asf-brandenburg.de\/asf_wp\/wp-content\/uploads\/2025\/02\/IMG-20250207-WA00062-e1740386392335.jpg","type":"image\/jpeg"}],"author":"Web Admin","twitter_card":"summary_large_image","twitter_misc":{"Verfasst von":"Web Admin","Gesch\u00e4tzte Lesezeit":"3\u00a0Minuten"},"schema":{"@context":"https:\/\/schema.org","@graph":[{"@type":"Article","@id":"https:\/\/www.asf-brandenburg.de\/asf_wp\/aktuelles\/2025\/wintercamp_harrachov_2025\/#article","isPartOf":{"@id":"https:\/\/www.asf-brandenburg.de\/asf_wp\/aktuelles\/2025\/wintercamp_harrachov_2025\/"},"author":{"name":"Web Admin","@id":"https:\/\/www.asf-brandenburg.de\/asf_wp\/#\/schema\/person\/a63ba1553f2aa75f90f3809d9e4a1efc"},"headline":"Wintercamp Harrachov 2025 \u2013 Unvergessliche Erlebnisse im Schnee","datePublished":"2025-02-24T08:38:35+00:00","dateModified":"2025-02-24T08:40:00+00:00","mainEntityOfPage":{"@id":"https:\/\/www.asf-brandenburg.de\/asf_wp\/aktuelles\/2025\/wintercamp_harrachov_2025\/"},"wordCount":3421,"commentCount":0,"publisher":{"@id":"https:\/\/www.asf-brandenburg.de\/asf_wp\/#organization"},"image":{"@id":"https:\/\/www.asf-brandenburg.de\/asf_wp\/aktuelles\/2025\/wintercamp_harrachov_2025\/#primaryimage"},"thumbnailUrl":"https:\/\/www.asf-brandenburg.de\/asf_wp\/wp-content\/uploads\/2025\/02\/IMG-20250207-WA00062-e1740386392335.jpg","keywords":["Offener Jugendtreff"],"articleSection":["Neuigkeiten 2025"],"inLanguage":"de","potentialAction":[{"@type":"CommentAction","name":"Comment","target":["https:\/\/www.asf-brandenburg.de\/asf_wp\/aktuelles\/2025\/wintercamp_harrachov_2025\/#respond"]}]},{"@type":"WebPage","@id":"https:\/\/www.asf-brandenburg.de\/asf_wp\/aktuelles\/2025\/wintercamp_harrachov_2025\/","url":"https:\/\/www.asf-brandenburg.de\/asf_wp\/aktuelles\/2025\/wintercamp_harrachov_2025\/","name":"Wintercamp Harrachov 2025 \u2013 Unvergessliche Erlebnisse im Schnee - Albert-Schweitzer-Familienwerk Brandenburg e.V.","isPartOf":{"@id":"https:\/\/www.asf-brandenburg.de\/asf_wp\/#website"},"primaryImageOfPage":{"@id":"https:\/\/www.asf-brandenburg.de\/asf_wp\/aktuelles\/2025\/wintercamp_harrachov_2025\/#primaryimage"},"image":{"@id":"https:\/\/www.asf-brandenburg.de\/asf_wp\/aktuelles\/2025\/wintercamp_harrachov_2025\/#primaryimage"},"thumbnailUrl":"https:\/\/www.asf-brandenburg.de\/asf_wp\/wp-content\/uploads\/2025\/02\/IMG-20250207-WA00062-e1740386392335.jpg","datePublished":"2025-02-24T08:38:35+00:00","dateModified":"2025-02-24T08:40:00+00:00","breadcrumb":{"@id":"https:\/\/www.asf-brandenburg.de\/asf_wp\/aktuelles\/2025\/wintercamp_harrachov_2025\/#breadcrumb"},"inLanguage":"de","potentialAction":[{"@type":"ReadAction","target":["https:\/\/www.asf-brandenburg.de\/asf_wp\/aktuelles\/2025\/wintercamp_harrachov_2025\/"]}]},{"@type":"ImageObject","inLanguage":"de","@id":"https:\/\/www.asf-brandenburg.de\/asf_wp\/aktuelles\/2025\/wintercamp_harrachov_2025\/#primaryimage","url":"https:\/\/www.asf-brandenburg.de\/asf_wp\/wp-content\/uploads\/2025\/02\/IMG-20250207-WA00062-e1740386392335.jpg","contentUrl":"https:\/\/www.asf-brandenburg.de\/asf_wp\/wp-content\/uploads\/2025\/02\/IMG-20250207-WA00062-e1740386392335.jpg","width":1310,"height":1135},{"@type":"BreadcrumbList","@id":"https:\/\/www.asf-brandenburg.de\/asf_wp\/aktuelles\/2025\/wintercamp_harrachov_2025\/#breadcrumb","itemListElement":[{"@type":"ListItem","position":1,"name":"Startseite","item":"https:\/\/www.asf-brandenburg.de\/asf_wp\/"},{"@type":"ListItem","position":2,"name":"Wintercamp Harrachov 2025 \u2013 Unvergessliche Erlebnisse im Schnee"}]},{"@type":"WebSite","@id":"https:\/\/www.asf-brandenburg.de\/asf_wp\/#website","url":"https:\/\/www.asf-brandenburg.de\/asf_wp\/","name":"Albert-Schweitzer-Kinderd\u00f6rfer und Familienwerke Brandenburg e. V.","description":"","publisher":{"@id":"https:\/\/www.asf-brandenburg.de\/asf_wp\/#organization"},"potentialAction":[{"@type":"SearchAction","target":{"@type":"EntryPoint","urlTemplate":"https:\/\/www.asf-brandenburg.de\/asf_wp\/?s={search_term_string}"},"query-input":{"@type":"PropertyValueSpecification","valueRequired":true,"valueName":"search_term_string"}}],"inLanguage":"de"},{"@type":"Organization","@id":"https:\/\/www.asf-brandenburg.de\/asf_wp\/#organization","name":"Albert-Schweitzer-Familienwerk Brandenburg e. V.","url":"https:\/\/www.asf-brandenburg.de\/asf_wp\/","logo":{"@type":"ImageObject","inLanguage":"de","@id":"https:\/\/www.asf-brandenburg.de\/asf_wp\/#\/schema\/logo\/image\/","url":"https:\/\/www.asf-brandenburg.de\/asf_wp\/wp-content\/uploads\/2018\/08\/Logo_ASF_BRB_318x107.png","contentUrl":"https:\/\/www.asf-brandenburg.de\/asf_wp\/wp-content\/uploads\/2018\/08\/Logo_ASF_BRB_318x107.png","width":318,"height":107,"caption":"Albert-Schweitzer-Familienwerk Brandenburg e. V."},"image":{"@id":"https:\/\/www.asf-brandenburg.de\/asf_wp\/#\/schema\/logo\/image\/"},"sameAs":["https:\/\/www.facebook.com\/AlbertSchweitzerFamilienwerkBrandenburg","https:\/\/www.youtube.com\/@asfbrandenburg","https:\/\/www.instagram.com\/asf_brandenburg\/"]},{"@type":"Person","@id":"https:\/\/www.asf-brandenburg.de\/asf_wp\/#\/schema\/person\/a63ba1553f2aa75f90f3809d9e4a1efc","name":"Web Admin","sameAs":["http:\/\/www.asf-brandenburg.de"],"url":"https:\/\/www.asf-brandenburg.de\/asf_wp\/aktuelles\/author\/asf\/"}]}},"_links":{"self":[{"href":"https:\/\/www.asf-brandenburg.de\/asf_wp\/wp-json\/wp\/v2\/posts\/9451","targetHints":{"allow":["GET"]}}],"collection":[{"href":"https:\/\/www.asf-brandenburg.de\/asf_wp\/wp-json\/wp\/v2\/posts"}],"about":[{"href":"https:\/\/www.asf-brandenburg.de\/asf_wp\/wp-json\/wp\/v2\/types\/post"}],"author":[{"embeddable":true,"href":"https:\/\/www.asf-brandenburg.de\/asf_wp\/wp-json\/wp\/v2\/users\/2"}],"replies":[{"embeddable":true,"href":"https:\/\/www.asf-brandenburg.de\/asf_wp\/wp-json\/wp\/v2\/comments?post=9451"}],"version-history":[{"count":4,"href":"https:\/\/www.asf-brandenburg.de\/asf_wp\/wp-json\/wp\/v2\/posts\/9451\/revisions"}],"predecessor-version":[{"id":9459,"href":"https:\/\/www.asf-brandenburg.de\/asf_wp\/wp-json\/wp\/v2\/posts\/9451\/revisions\/9459"}],"wp:featuredmedia":[{"embeddable":true,"href":"https:\/\/www.asf-brandenburg.de\/asf_wp\/wp-json\/wp\/v2\/media\/9453"}],"wp:attachment":[{"href":"https:\/\/www.asf-brandenburg.de\/asf_wp\/wp-json\/wp\/v2\/media?parent=9451"}],"wp:term":[{"taxonomy":"category","embeddable":true,"href":"https:\/\/www.asf-brandenburg.de\/asf_wp\/wp-json\/wp\/v2\/categories?post=9451"},{"taxonomy":"post_tag","embeddable":true,"href":"https:\/\/www.asf-brandenburg.de\/asf_wp\/wp-json\/wp\/v2\/tags?post=9451"}],"curies":[{"name":"wp","href":"https:\/\/api.w.org\/{rel}","templated":true}]}}