{"id":9369,"date":"2025-01-20T11:01:15","date_gmt":"2025-01-20T10:01:15","guid":{"rendered":"https:\/\/www.asf-brandenburg.de\/asf_wp\/?p=9369"},"modified":"2025-01-20T11:02:20","modified_gmt":"2025-01-20T10:02:20","slug":"heimlichkeit-in-der-kita-luja","status":"publish","type":"post","link":"https:\/\/www.asf-brandenburg.de\/asf_wp\/aktuelles\/2025\/heimlichkeit-in-der-kita-luja\/","title":{"rendered":"So viel Heimlichkeit in der Kita Gro\u00df-Luja des ASF"},"content":{"rendered":"<div class=\"fusion-fullwidth fullwidth-box fusion-builder-row-1 fusion-flex-container has-pattern-background has-mask-background nonhundred-percent-fullwidth non-hundred-percent-height-scrolling\" style=\"--awb-border-radius-top-left:0px;--awb-border-radius-top-right:0px;--awb-border-radius-bottom-right:0px;--awb-border-radius-bottom-left:0px;--awb-flex-wrap:wrap;\" ><div class=\"fusion-builder-row fusion-row fusion-flex-align-items-flex-start fusion-flex-content-wrap\" style=\"max-width:1331.2px;margin-left: calc(-4% \/ 2 );margin-right: calc(-4% \/ 2 );\"><div class=\"fusion-layout-column fusion_builder_column fusion-builder-column-0 fusion_builder_column_1_1 1_1 fusion-flex-column\" style=\"--awb-bg-size:cover;--awb-width-large:100%;--awb-margin-top-large:0px;--awb-spacing-right-large:1.92%;--awb-margin-bottom-large:20px;--awb-spacing-left-large:1.92%;--awb-width-medium:100%;--awb-order-medium:0;--awb-spacing-right-medium:1.92%;--awb-spacing-left-medium:1.92%;--awb-width-small:100%;--awb-order-small:0;--awb-spacing-right-small:1.92%;--awb-spacing-left-small:1.92%;\"><div class=\"fusion-column-wrapper fusion-column-has-shadow fusion-flex-justify-content-flex-start fusion-content-layout-column\"><\/div><\/div><\/div><\/div><div class=\"fusion-fullwidth fullwidth-box fusion-builder-row-2 fusion-flex-container has-pattern-background has-mask-background nonhundred-percent-fullwidth non-hundred-percent-height-scrolling\" style=\"--awb-border-radius-top-left:0px;--awb-border-radius-top-right:0px;--awb-border-radius-bottom-right:0px;--awb-border-radius-bottom-left:0px;--awb-flex-wrap:wrap;\" ><div class=\"fusion-builder-row fusion-row fusion-flex-align-items-flex-start fusion-flex-content-wrap\" style=\"max-width:1331.2px;margin-left: calc(-4% \/ 2 );margin-right: calc(-4% \/ 2 );\"><div class=\"fusion-layout-column fusion_builder_column fusion-builder-column-1 fusion_builder_column_1_2 1_2 fusion-flex-column\" style=\"--awb-bg-size:cover;--awb-width-large:50%;--awb-margin-top-large:0px;--awb-spacing-right-large:3.84%;--awb-margin-bottom-large:20px;--awb-spacing-left-large:3.84%;--awb-width-medium:100%;--awb-order-medium:0;--awb-spacing-right-medium:1.92%;--awb-spacing-left-medium:1.92%;--awb-width-small:100%;--awb-order-small:0;--awb-spacing-right-small:1.92%;--awb-spacing-left-small:1.92%;\"><div class=\"fusion-column-wrapper fusion-column-has-shadow fusion-flex-justify-content-flex-start fusion-content-layout-column\"><div class=\"fusion-text fusion-text-1\"><p>Im Dezember herrschte in unserer Kita weihnachtliche Hochstimmung! Unser Hausmeister J\u00f6rg holte die vielen Kisten vom Boden herunter, in denen unser Weihnachtsschmuck gut verstaut war. Gemeinsam mit allen Kindern und den Erzieherinnen schm\u00fcckten wir die Kita festlich f\u00fcr den Advent.<\/p>\n<p>Heimlich trafen sich die Eltern mit den Erzieherinnen und bastelten kleine Baum-Anh\u00e4nger f\u00fcr die Kinder, die sp\u00e4ter liebevoll verpackt vom Weihnachtsmann \u00fcberreicht wurden. Bei diesem gem\u00fctlichen Abend mit Gl\u00fchwein, Pfefferkuchen und Pl\u00e4tzchen lernten sich die Eltern besser kennen und kamen mit dem Kita-Team ins Gespr\u00e4ch. Stolz pr\u00e4sentierten alle ihre kreativen Ergebnisse, als diese fertiggestellt waren.<\/p>\n<p>Bei den Kindern zog w\u00e4hrenddessen ein kleiner Wichtel \u00fcber Nacht in unser Spielzimmer ein. Er baute sich ein kleines Haus, doch zu sehen war er nie. Jeden Tag spielte er ein paar Streiche f\u00fcr uns. Gespannt liefen die Kinder jeden Morgen zu seinem Haus, um die Briefe in seinem kleinen Briefkasten zu lesen. Einmal baute er sogar einen Schneemann aus Toilettenpapier-Rollen und versteckte ihn in der Toilette \u2013 das sorgte f\u00fcr gro\u00dfen Spa\u00df!<\/p>\n<p>P\u00fcnktlich zum 1. Dezember \u00fcberraschte uns, wie jedes Jahr, die Firma B\u00f6rner aus Spremberg mit leckeren Weihnachtskalendern. Darin versteckten sich 24 kleine Schoko-Bilder, die t\u00e4glich genascht wurden. Vielen Dank daf\u00fcr!<\/p>\n<p>Auch der Nikolaustag war etwas Besonderes. Der Tag begann mit dem flei\u00dfigen Schuheputzen durch die Kinder, ist doch klar, denn schlie\u00dflich m\u00fcssen die Schuhe sauber sein. Und tats\u00e4chlich besuchte uns der Nikolaus von der Firma \u201eNikolaus\u201c aus Spremberg und schenkte den Kindern einen lustigen Leucht-Flummi-Ball. Auch daf\u00fcr ein herzliches Dankesch\u00f6n! Die Kinder trugen zum Schluss noch ein paar Lieder vor, wor\u00fcber sich auch der Nikolaus erfreuen konnte.<\/p>\n<p>Ein weiteres Highlight der Adventszeit war unser Projekt \u201eWeihnachten hier und anderswo\u201c. Die Kinder lernten viele regionale Weihnachtsbr\u00e4uche, aber auch solche aus anderen L\u00e4ndern kennen. Sie h\u00f6rten die Weihnachtsgeschichte vom Kind in der Krippe, schauten sich dazu ein Buch mit vielen Bildern an und lernten die Wichtel aus Finnland kennen. Au\u00dferdem h\u00f6rten sie das Wichtellied und schl\u00fcpften selbst in Wichtelkost\u00fcme. Auch die Lichterk\u00f6nigin aus Schweden wurde den Kindern vorgestellt, und sie sangen gemeinsam das Lied von der \u201eSanta Lucia\u201c. Anschauliches Material und eine interessante Weihnachts-CD erweckten immer wieder Staunen bei den Kindern.<\/p>\n<p>T\u00e4glich wurde auch flei\u00dfig gebastelt: Glitzernde Sterne, bunte beklebte Tannenb\u00e4ume und anderer Schmuck entstanden in liebevoller Handarbeit. Diese kleinen Kunstwerke wurden sch\u00f6n verpackt und am Weihnachtsabend von den Kindern an ihre Eltern \u00fcberreicht.<\/p>\n<p>Ein besonderer H\u00f6hepunkt war die Fahrt mit dem ASF-Bus und Herrn Schreiber, Mitarbeiter des ASF, ins Bergschl\u00f6sschen. Dort erlebten die Kinder einen sch\u00f6n geschm\u00fcckten Saal mit einem riesigen Tannenbaum und ein Weihnachtsm\u00e4rchen von der Hexe Befana, das von Eigensinn, Habgier und Hinterlist erz\u00e4hlte und zum Nachdenken anregte. Nach der Auff\u00fchrung durften die Kinder sich mit den Schauspielern fotografieren lassen \u2013 ein tolles Erlebnis!<\/p>\n<p>Regelm\u00e4\u00dfig besuchte uns Frau Schreiber, jahrelange treue Vorleserin aus Spremberg, die immer wieder interessante B\u00fccher aus der Bibliothek mitbringt und den Kindern vorliest. In der Adventszeit durften Weihnachtsgeschichten nicht fehlen. Sie brachte sogar ein kleines Tischtheater mit, in dem die Kinder die Bilder hinein- und herausschieben konnten, w\u00e4hrend sie vorlas. Sogar die j\u00fcngsten Kinder waren begeistert und h\u00f6rten gespannt zu. Ein gro\u00dfes Dankesch\u00f6n geht an Frau Schreiber!<\/p>\n<p>In unserer Weihnachtsb\u00e4ckerei stechen die Kinder Pl\u00e4tzchen aus, genie\u00dfen den wunderbaren Duft und naschten nat\u00fcrlich auch mal zwischendurch. Hmmm, das schmeckte herrlich!<\/p>\n<p>Da besonders die Weihnachtszeit dazu anh\u00e4lt auch an andere Menschen zu denken und eine Freude zu bereiten, waren die Kinder zu einem besonderen Event f\u00fcr die Senioren des Dorfes eingeladen<strong>.<\/strong> Sie hatten ein kleines Programm mit Bewegungsliedern und Gedichten wie dem \u201eBratapfel\u201c und den \u201eDrei Spatzen\u201c einstudiert und den Senioren zu ihrer Weihnachtsfeier vorgetragen. Aber auch die Eltern der Kinder haben sich an der Aktion der Tafel Spremberg des ASF und der Aktion \u201eWeihnachten im Schuhkarton\u201c beteiligt und den beschenkten Kindern und Senioren damit wirklich eine gro\u00dfe Freude bereitet. Vielen herzlichen Dank daf\u00fcr!<\/p>\n<p>Als gro\u00dfes Finale und Highlight besuchte uns der Weihnachtsmann zusammen mit einem Wichtel. Die Kinder waren voller Vorfreude und Aufregung, endlich den Weihnachtsmann zu sehen. Sie hatten extra Lieder vorbereitet, die sie ihm voller Begeisterung vorsangen. Der Weihnachtsmann und sein Wichtel hatten f\u00fcr jedes Kind kleine Geschenke und S\u00fc\u00dfigkeiten dabei, was f\u00fcr strahlende Kinderaugen und einen zauberhaften Abschluss der Weihnachtszeit sorgte.<\/p>\n<p>Wir danken allen Kindern mit ihren Familien, unseren Sponsoren und allen, die uns in diesem Jahr etwas Gutes taten und w\u00fcnschen von Herzen ein frohes und gesundes neues Jahr 2025!<\/p>\n<p>Die Kinder der ASF Kita Gro\u00df-Luja sowie das Kita-Team<\/p>\n<\/div><div class=\"fusion-image-element \" style=\"--awb-caption-title-font-family:var(--h2_typography-font-family);--awb-caption-title-font-weight:var(--h2_typography-font-weight);--awb-caption-title-font-style:var(--h2_typography-font-style);--awb-caption-title-size:var(--h2_typography-font-size);--awb-caption-title-transform:var(--h2_typography-text-transform);--awb-caption-title-line-height:var(--h2_typography-line-height);--awb-caption-title-letter-spacing:var(--h2_typography-letter-spacing);\"><span class=\" fusion-imageframe imageframe-none imageframe-1 hover-type-none\"><img decoding=\"async\" width=\"1654\" height=\"2560\" src=\"https:\/\/www.asf-brandenburg.de\/asf_wp\/wp-content\/uploads\/2025\/01\/20241218_101743-scaled.jpg\" alt class=\"img-responsive wp-image-9380\" srcset=\"https:\/\/www.asf-brandenburg.de\/asf_wp\/wp-content\/uploads\/2025\/01\/20241218_101743-200x309.jpg 200w, https:\/\/www.asf-brandenburg.de\/asf_wp\/wp-content\/uploads\/2025\/01\/20241218_101743-400x619.jpg 400w, https:\/\/www.asf-brandenburg.de\/asf_wp\/wp-content\/uploads\/2025\/01\/20241218_101743-600x928.jpg 600w, https:\/\/www.asf-brandenburg.de\/asf_wp\/wp-content\/uploads\/2025\/01\/20241218_101743-800x1238.jpg 800w, https:\/\/www.asf-brandenburg.de\/asf_wp\/wp-content\/uploads\/2025\/01\/20241218_101743-1200x1857.jpg 1200w, https:\/\/www.asf-brandenburg.de\/asf_wp\/wp-content\/uploads\/2025\/01\/20241218_101743-scaled.jpg 1654w\" sizes=\"(max-width: 1280px) 100vw, (max-width: 770px) 100vw, 800px\" \/><\/span><\/div><\/div><\/div><div class=\"fusion-layout-column fusion_builder_column fusion-builder-column-2 fusion_builder_column_1_2 1_2 fusion-flex-column\" style=\"--awb-bg-size:cover;--awb-width-large:50%;--awb-margin-top-large:0px;--awb-spacing-right-large:3.84%;--awb-margin-bottom-large:20px;--awb-spacing-left-large:3.84%;--awb-width-medium:100%;--awb-order-medium:0;--awb-spacing-right-medium:1.92%;--awb-spacing-left-medium:1.92%;--awb-width-small:100%;--awb-order-small:0;--awb-spacing-right-small:1.92%;--awb-spacing-left-small:1.92%;\"><div class=\"fusion-column-wrapper fusion-column-has-shadow fusion-flex-justify-content-flex-start fusion-content-layout-column\"><div class=\"fusion-image-element \" style=\"--awb-caption-title-font-family:var(--h2_typography-font-family);--awb-caption-title-font-weight:var(--h2_typography-font-weight);--awb-caption-title-font-style:var(--h2_typography-font-style);--awb-caption-title-size:var(--h2_typography-font-size);--awb-caption-title-transform:var(--h2_typography-text-transform);--awb-caption-title-line-height:var(--h2_typography-line-height);--awb-caption-title-letter-spacing:var(--h2_typography-letter-spacing);\"><span class=\" fusion-imageframe imageframe-none imageframe-2 hover-type-none\"><img decoding=\"async\" width=\"670\" height=\"504\" title=\"Die Eltern &#038; Erzieherinnen bastelten Baumanh\u00e4nger f\u00fcr die Kinder\" src=\"https:\/\/www.asf-brandenburg.de\/asf_wp\/wp-content\/uploads\/2025\/01\/1.jpg\" alt class=\"img-responsive wp-image-9371\" srcset=\"https:\/\/www.asf-brandenburg.de\/asf_wp\/wp-content\/uploads\/2025\/01\/1-200x150.jpg 200w, https:\/\/www.asf-brandenburg.de\/asf_wp\/wp-content\/uploads\/2025\/01\/1-400x301.jpg 400w, https:\/\/www.asf-brandenburg.de\/asf_wp\/wp-content\/uploads\/2025\/01\/1-600x451.jpg 600w, https:\/\/www.asf-brandenburg.de\/asf_wp\/wp-content\/uploads\/2025\/01\/1.jpg 670w\" sizes=\"(max-width: 1280px) 100vw, (max-width: 770px) 100vw, 670px\" \/><\/span><\/div><div class=\"fusion-text fusion-text-2\"><p><span style=\"color: #ffffff;\">.<\/span><\/p>\n<p><span style=\"color: #ffffff;\">.<\/span><\/p>\n<\/div><div class=\"fusion-image-element \" style=\"--awb-caption-title-font-family:var(--h2_typography-font-family);--awb-caption-title-font-weight:var(--h2_typography-font-weight);--awb-caption-title-font-style:var(--h2_typography-font-style);--awb-caption-title-size:var(--h2_typography-font-size);--awb-caption-title-transform:var(--h2_typography-text-transform);--awb-caption-title-line-height:var(--h2_typography-line-height);--awb-caption-title-letter-spacing:var(--h2_typography-letter-spacing);\"><span class=\" fusion-imageframe imageframe-none imageframe-3 hover-type-none\"><img decoding=\"async\" width=\"835\" height=\"628\" src=\"https:\/\/www.asf-brandenburg.de\/asf_wp\/wp-content\/uploads\/2025\/01\/3.jpg\" alt class=\"img-responsive wp-image-9373\" srcset=\"https:\/\/www.asf-brandenburg.de\/asf_wp\/wp-content\/uploads\/2025\/01\/3-200x150.jpg 200w, https:\/\/www.asf-brandenburg.de\/asf_wp\/wp-content\/uploads\/2025\/01\/3-400x301.jpg 400w, https:\/\/www.asf-brandenburg.de\/asf_wp\/wp-content\/uploads\/2025\/01\/3-600x451.jpg 600w, https:\/\/www.asf-brandenburg.de\/asf_wp\/wp-content\/uploads\/2025\/01\/3-800x602.jpg 800w, https:\/\/www.asf-brandenburg.de\/asf_wp\/wp-content\/uploads\/2025\/01\/3.jpg 835w\" sizes=\"(max-width: 1280px) 100vw, (max-width: 770px) 100vw, 800px\" \/><\/span><\/div><div class=\"fusion-text fusion-text-3\"><p><span style=\"color: #ffffff;\">.<\/span><\/p>\n<p><span style=\"color: #ffffff;\">.<\/span><\/p>\n<\/div><div class=\"fusion-image-element \" style=\"--awb-caption-title-font-family:var(--h2_typography-font-family);--awb-caption-title-font-weight:var(--h2_typography-font-weight);--awb-caption-title-font-style:var(--h2_typography-font-style);--awb-caption-title-size:var(--h2_typography-font-size);--awb-caption-title-transform:var(--h2_typography-text-transform);--awb-caption-title-line-height:var(--h2_typography-line-height);--awb-caption-title-letter-spacing:var(--h2_typography-letter-spacing);\"><span class=\" fusion-imageframe imageframe-none imageframe-4 hover-type-none\"><img decoding=\"async\" width=\"611\" height=\"458\" src=\"https:\/\/www.asf-brandenburg.de\/asf_wp\/wp-content\/uploads\/2025\/01\/5.jpg\" alt class=\"img-responsive wp-image-9374\" srcset=\"https:\/\/www.asf-brandenburg.de\/asf_wp\/wp-content\/uploads\/2025\/01\/5-200x150.jpg 200w, https:\/\/www.asf-brandenburg.de\/asf_wp\/wp-content\/uploads\/2025\/01\/5-400x300.jpg 400w, https:\/\/www.asf-brandenburg.de\/asf_wp\/wp-content\/uploads\/2025\/01\/5-600x450.jpg 600w, https:\/\/www.asf-brandenburg.de\/asf_wp\/wp-content\/uploads\/2025\/01\/5.jpg 611w\" sizes=\"(max-width: 1280px) 100vw, (max-width: 770px) 100vw, 611px\" \/><\/span><\/div><div class=\"fusion-text fusion-text-4\"><p><span style=\"color: #ffffff;\">.<\/span><\/p>\n<p><span style=\"color: #ffffff;\">.<\/span><\/p>\n<\/div><div class=\"fusion-image-element \" style=\"--awb-caption-title-font-family:var(--h2_typography-font-family);--awb-caption-title-font-weight:var(--h2_typography-font-weight);--awb-caption-title-font-style:var(--h2_typography-font-style);--awb-caption-title-size:var(--h2_typography-font-size);--awb-caption-title-transform:var(--h2_typography-text-transform);--awb-caption-title-line-height:var(--h2_typography-line-height);--awb-caption-title-letter-spacing:var(--h2_typography-letter-spacing);\"><span class=\" fusion-imageframe imageframe-none imageframe-5 hover-type-none\"><img decoding=\"async\" width=\"611\" height=\"458\" src=\"https:\/\/www.asf-brandenburg.de\/asf_wp\/wp-content\/uploads\/2025\/01\/6.jpg\" alt class=\"img-responsive wp-image-9377\" srcset=\"https:\/\/www.asf-brandenburg.de\/asf_wp\/wp-content\/uploads\/2025\/01\/6-200x150.jpg 200w, https:\/\/www.asf-brandenburg.de\/asf_wp\/wp-content\/uploads\/2025\/01\/6-400x300.jpg 400w, https:\/\/www.asf-brandenburg.de\/asf_wp\/wp-content\/uploads\/2025\/01\/6-600x450.jpg 600w, https:\/\/www.asf-brandenburg.de\/asf_wp\/wp-content\/uploads\/2025\/01\/6.jpg 611w\" sizes=\"(max-width: 1280px) 100vw, (max-width: 770px) 100vw, 611px\" \/><\/span><\/div><div class=\"fusion-text fusion-text-5\"><p><span style=\"color: #ffffff;\">.<\/span><\/p>\n<p><span style=\"color: #ffffff;\">.<\/span><\/p>\n<\/div><div class=\"fusion-image-element \" style=\"--awb-caption-title-font-family:var(--h2_typography-font-family);--awb-caption-title-font-weight:var(--h2_typography-font-weight);--awb-caption-title-font-style:var(--h2_typography-font-style);--awb-caption-title-size:var(--h2_typography-font-size);--awb-caption-title-transform:var(--h2_typography-text-transform);--awb-caption-title-line-height:var(--h2_typography-line-height);--awb-caption-title-letter-spacing:var(--h2_typography-letter-spacing);\"><span class=\" fusion-imageframe imageframe-none imageframe-6 hover-type-none\"><img decoding=\"async\" width=\"1920\" height=\"2560\" src=\"https:\/\/www.asf-brandenburg.de\/asf_wp\/wp-content\/uploads\/2025\/01\/20241218_095138-scaled.jpg\" alt class=\"img-responsive wp-image-9378\" srcset=\"https:\/\/www.asf-brandenburg.de\/asf_wp\/wp-content\/uploads\/2025\/01\/20241218_095138-200x267.jpg 200w, https:\/\/www.asf-brandenburg.de\/asf_wp\/wp-content\/uploads\/2025\/01\/20241218_095138-400x533.jpg 400w, https:\/\/www.asf-brandenburg.de\/asf_wp\/wp-content\/uploads\/2025\/01\/20241218_095138-600x800.jpg 600w, https:\/\/www.asf-brandenburg.de\/asf_wp\/wp-content\/uploads\/2025\/01\/20241218_095138-800x1067.jpg 800w, https:\/\/www.asf-brandenburg.de\/asf_wp\/wp-content\/uploads\/2025\/01\/20241218_095138-1200x1600.jpg 1200w, https:\/\/www.asf-brandenburg.de\/asf_wp\/wp-content\/uploads\/2025\/01\/20241218_095138-scaled.jpg 1920w\" sizes=\"(max-width: 1280px) 100vw, (max-width: 770px) 100vw, 800px\" \/><\/span><\/div><\/div><\/div><\/div><\/div>\n","protected":false},"excerpt":{"rendered":"<p>Im Dezember herrschte in unserer Kita weihnachtliche Hochstimmung! Die Kita Gro\u00df-Luja hatte einen ganz besonderen Dezember mit Spa\u00df, Freude, aufregende Events, Geschenken und einen Besuch vom Weihnachtsmann.<\/p>\n","protected":false},"author":2,"featured_media":9378,"comment_status":"open","ping_status":"open","sticky":false,"template":"","format":"standard","meta":{"inline_featured_image":false,"footnotes":""},"categories":[166],"tags":[80,105,170],"class_list":["post-9369","post","type-post","status-publish","format-standard","has-post-thumbnail","hentry","category-neuigkeiten-2024","tag-albert-schweitzer-familienwerk-brandenburg-e-v","tag-kita-gross-luja","tag-weihnachten"],"yoast_head":"<!-- This site is optimized with the Yoast SEO plugin v27.4 - https:\/\/yoast.com\/product\/yoast-seo-wordpress\/ -->\n<title>So viel Heimlichkeit in der Kita Gro\u00df-Luja des ASF - Albert-Schweitzer-Familienwerk Brandenburg e.V.<\/title>\n<meta name=\"description\" content=\"Die Sch\u00fclerinnen und Sch\u00fcler der Grundschule Lausitzer Haus des Lernens gestalten sie in dieser Woche zum dritten Mal eigenst\u00e4ndig den Maibaum der Stadt Spremberg\/Grodk. Angeleitet, begleitet und \u00fcberwacht wird das Projekt von unserem Team der Jugendsozialarbeit.\" \/>\n<meta name=\"robots\" content=\"index, follow, max-snippet:-1, max-image-preview:large, max-video-preview:-1\" \/>\n<link rel=\"canonical\" href=\"https:\/\/www.asf-brandenburg.de\/asf_wp\/aktuelles\/2025\/heimlichkeit-in-der-kita-luja\/\" \/>\n<meta property=\"og:locale\" content=\"de_DE\" \/>\n<meta property=\"og:type\" content=\"article\" \/>\n<meta property=\"og:title\" content=\"So viel Heimlichkeit in der Kita Gro\u00df-Luja des ASF - Albert-Schweitzer-Familienwerk Brandenburg e.V.\" \/>\n<meta property=\"og:description\" content=\"Die Sch\u00fclerinnen und Sch\u00fcler der Grundschule Lausitzer Haus des Lernens gestalten sie in dieser Woche zum dritten Mal eigenst\u00e4ndig den Maibaum der Stadt Spremberg\/Grodk. Angeleitet, begleitet und \u00fcberwacht wird das Projekt von unserem Team der Jugendsozialarbeit.\" \/>\n<meta property=\"og:url\" content=\"https:\/\/www.asf-brandenburg.de\/asf_wp\/aktuelles\/2025\/heimlichkeit-in-der-kita-luja\/\" \/>\n<meta property=\"og:site_name\" content=\"Albert-Schweitzer-Familienwerk Brandenburg e.V.\" \/>\n<meta property=\"article:publisher\" content=\"https:\/\/www.facebook.com\/AlbertSchweitzerFamilienwerkBrandenburg\" \/>\n<meta property=\"article:published_time\" content=\"2025-01-20T10:01:15+00:00\" \/>\n<meta property=\"article:modified_time\" content=\"2025-01-20T10:02:20+00:00\" \/>\n<meta property=\"og:image\" content=\"https:\/\/www.asf-brandenburg.de\/asf_wp\/wp-content\/uploads\/2025\/01\/20241218_095138-scaled.jpg\" \/>\n\t<meta property=\"og:image:width\" content=\"1920\" \/>\n\t<meta property=\"og:image:height\" content=\"2560\" \/>\n\t<meta property=\"og:image:type\" content=\"image\/jpeg\" \/>\n<meta name=\"author\" content=\"Web Admin\" \/>\n<meta name=\"twitter:card\" content=\"summary_large_image\" \/>\n<meta name=\"twitter:label1\" content=\"Verfasst von\" \/>\n\t<meta name=\"twitter:data1\" content=\"Web Admin\" \/>\n\t<meta name=\"twitter:label2\" content=\"Gesch\u00e4tzte Lesezeit\" \/>\n\t<meta name=\"twitter:data2\" content=\"6\u00a0Minuten\" \/>\n<script type=\"application\/ld+json\" class=\"yoast-schema-graph\">{\"@context\":\"https:\\\/\\\/schema.org\",\"@graph\":[{\"@type\":\"Article\",\"@id\":\"https:\\\/\\\/www.asf-brandenburg.de\\\/asf_wp\\\/aktuelles\\\/2025\\\/heimlichkeit-in-der-kita-luja\\\/#article\",\"isPartOf\":{\"@id\":\"https:\\\/\\\/www.asf-brandenburg.de\\\/asf_wp\\\/aktuelles\\\/2025\\\/heimlichkeit-in-der-kita-luja\\\/\"},\"author\":{\"name\":\"Web Admin\",\"@id\":\"https:\\\/\\\/www.asf-brandenburg.de\\\/asf_wp\\\/#\\\/schema\\\/person\\\/a63ba1553f2aa75f90f3809d9e4a1efc\"},\"headline\":\"So viel Heimlichkeit in der Kita Gro\u00df-Luja des ASF\",\"datePublished\":\"2025-01-20T10:01:15+00:00\",\"dateModified\":\"2025-01-20T10:02:20+00:00\",\"mainEntityOfPage\":{\"@id\":\"https:\\\/\\\/www.asf-brandenburg.de\\\/asf_wp\\\/aktuelles\\\/2025\\\/heimlichkeit-in-der-kita-luja\\\/\"},\"wordCount\":5339,\"commentCount\":0,\"publisher\":{\"@id\":\"https:\\\/\\\/www.asf-brandenburg.de\\\/asf_wp\\\/#organization\"},\"image\":{\"@id\":\"https:\\\/\\\/www.asf-brandenburg.de\\\/asf_wp\\\/aktuelles\\\/2025\\\/heimlichkeit-in-der-kita-luja\\\/#primaryimage\"},\"thumbnailUrl\":\"https:\\\/\\\/www.asf-brandenburg.de\\\/asf_wp\\\/wp-content\\\/uploads\\\/2025\\\/01\\\/20241218_095138-scaled.jpg\",\"keywords\":[\"Albert-Schweitzer-Familienwerk Brandenburg e.V.\",\"Kita Gro\u00df Luja\",\"Weihnachten\"],\"articleSection\":[\"Neuigkeiten 2024\"],\"inLanguage\":\"de\",\"potentialAction\":[{\"@type\":\"CommentAction\",\"name\":\"Comment\",\"target\":[\"https:\\\/\\\/www.asf-brandenburg.de\\\/asf_wp\\\/aktuelles\\\/2025\\\/heimlichkeit-in-der-kita-luja\\\/#respond\"]}]},{\"@type\":\"WebPage\",\"@id\":\"https:\\\/\\\/www.asf-brandenburg.de\\\/asf_wp\\\/aktuelles\\\/2025\\\/heimlichkeit-in-der-kita-luja\\\/\",\"url\":\"https:\\\/\\\/www.asf-brandenburg.de\\\/asf_wp\\\/aktuelles\\\/2025\\\/heimlichkeit-in-der-kita-luja\\\/\",\"name\":\"So viel Heimlichkeit in der Kita Gro\u00df-Luja des ASF - Albert-Schweitzer-Familienwerk Brandenburg e.V.\",\"isPartOf\":{\"@id\":\"https:\\\/\\\/www.asf-brandenburg.de\\\/asf_wp\\\/#website\"},\"primaryImageOfPage\":{\"@id\":\"https:\\\/\\\/www.asf-brandenburg.de\\\/asf_wp\\\/aktuelles\\\/2025\\\/heimlichkeit-in-der-kita-luja\\\/#primaryimage\"},\"image\":{\"@id\":\"https:\\\/\\\/www.asf-brandenburg.de\\\/asf_wp\\\/aktuelles\\\/2025\\\/heimlichkeit-in-der-kita-luja\\\/#primaryimage\"},\"thumbnailUrl\":\"https:\\\/\\\/www.asf-brandenburg.de\\\/asf_wp\\\/wp-content\\\/uploads\\\/2025\\\/01\\\/20241218_095138-scaled.jpg\",\"datePublished\":\"2025-01-20T10:01:15+00:00\",\"dateModified\":\"2025-01-20T10:02:20+00:00\",\"description\":\"Die Sch\u00fclerinnen und Sch\u00fcler der Grundschule Lausitzer Haus des Lernens gestalten sie in dieser Woche zum dritten Mal eigenst\u00e4ndig den Maibaum der Stadt Spremberg\\\/Grodk. Angeleitet, begleitet und \u00fcberwacht wird das Projekt von unserem Team der Jugendsozialarbeit.\",\"breadcrumb\":{\"@id\":\"https:\\\/\\\/www.asf-brandenburg.de\\\/asf_wp\\\/aktuelles\\\/2025\\\/heimlichkeit-in-der-kita-luja\\\/#breadcrumb\"},\"inLanguage\":\"de\",\"potentialAction\":[{\"@type\":\"ReadAction\",\"target\":[\"https:\\\/\\\/www.asf-brandenburg.de\\\/asf_wp\\\/aktuelles\\\/2025\\\/heimlichkeit-in-der-kita-luja\\\/\"]}]},{\"@type\":\"ImageObject\",\"inLanguage\":\"de\",\"@id\":\"https:\\\/\\\/www.asf-brandenburg.de\\\/asf_wp\\\/aktuelles\\\/2025\\\/heimlichkeit-in-der-kita-luja\\\/#primaryimage\",\"url\":\"https:\\\/\\\/www.asf-brandenburg.de\\\/asf_wp\\\/wp-content\\\/uploads\\\/2025\\\/01\\\/20241218_095138-scaled.jpg\",\"contentUrl\":\"https:\\\/\\\/www.asf-brandenburg.de\\\/asf_wp\\\/wp-content\\\/uploads\\\/2025\\\/01\\\/20241218_095138-scaled.jpg\",\"width\":1920,\"height\":2560},{\"@type\":\"BreadcrumbList\",\"@id\":\"https:\\\/\\\/www.asf-brandenburg.de\\\/asf_wp\\\/aktuelles\\\/2025\\\/heimlichkeit-in-der-kita-luja\\\/#breadcrumb\",\"itemListElement\":[{\"@type\":\"ListItem\",\"position\":1,\"name\":\"Startseite\",\"item\":\"https:\\\/\\\/www.asf-brandenburg.de\\\/asf_wp\\\/\"},{\"@type\":\"ListItem\",\"position\":2,\"name\":\"So viel Heimlichkeit in der Kita Gro\u00df-Luja des ASF\"}]},{\"@type\":\"WebSite\",\"@id\":\"https:\\\/\\\/www.asf-brandenburg.de\\\/asf_wp\\\/#website\",\"url\":\"https:\\\/\\\/www.asf-brandenburg.de\\\/asf_wp\\\/\",\"name\":\"Albert-Schweitzer-Kinderd\u00f6rfer und Familienwerke Brandenburg e. V.\",\"description\":\"\",\"publisher\":{\"@id\":\"https:\\\/\\\/www.asf-brandenburg.de\\\/asf_wp\\\/#organization\"},\"potentialAction\":[{\"@type\":\"SearchAction\",\"target\":{\"@type\":\"EntryPoint\",\"urlTemplate\":\"https:\\\/\\\/www.asf-brandenburg.de\\\/asf_wp\\\/?s={search_term_string}\"},\"query-input\":{\"@type\":\"PropertyValueSpecification\",\"valueRequired\":true,\"valueName\":\"search_term_string\"}}],\"inLanguage\":\"de\"},{\"@type\":\"Organization\",\"@id\":\"https:\\\/\\\/www.asf-brandenburg.de\\\/asf_wp\\\/#organization\",\"name\":\"Albert-Schweitzer-Familienwerk Brandenburg e. V.\",\"url\":\"https:\\\/\\\/www.asf-brandenburg.de\\\/asf_wp\\\/\",\"logo\":{\"@type\":\"ImageObject\",\"inLanguage\":\"de\",\"@id\":\"https:\\\/\\\/www.asf-brandenburg.de\\\/asf_wp\\\/#\\\/schema\\\/logo\\\/image\\\/\",\"url\":\"https:\\\/\\\/www.asf-brandenburg.de\\\/asf_wp\\\/wp-content\\\/uploads\\\/2018\\\/08\\\/Logo_ASF_BRB_318x107.png\",\"contentUrl\":\"https:\\\/\\\/www.asf-brandenburg.de\\\/asf_wp\\\/wp-content\\\/uploads\\\/2018\\\/08\\\/Logo_ASF_BRB_318x107.png\",\"width\":318,\"height\":107,\"caption\":\"Albert-Schweitzer-Familienwerk Brandenburg e. V.\"},\"image\":{\"@id\":\"https:\\\/\\\/www.asf-brandenburg.de\\\/asf_wp\\\/#\\\/schema\\\/logo\\\/image\\\/\"},\"sameAs\":[\"https:\\\/\\\/www.facebook.com\\\/AlbertSchweitzerFamilienwerkBrandenburg\",\"https:\\\/\\\/www.youtube.com\\\/@asfbrandenburg\",\"https:\\\/\\\/www.instagram.com\\\/asf_brandenburg\\\/\"]},{\"@type\":\"Person\",\"@id\":\"https:\\\/\\\/www.asf-brandenburg.de\\\/asf_wp\\\/#\\\/schema\\\/person\\\/a63ba1553f2aa75f90f3809d9e4a1efc\",\"name\":\"Web Admin\",\"sameAs\":[\"http:\\\/\\\/www.asf-brandenburg.de\"],\"url\":\"https:\\\/\\\/www.asf-brandenburg.de\\\/asf_wp\\\/aktuelles\\\/author\\\/asf\\\/\"}]}<\/script>\n<!-- \/ Yoast SEO plugin. -->","yoast_head_json":{"title":"So viel Heimlichkeit in der Kita Gro\u00df-Luja des ASF - Albert-Schweitzer-Familienwerk Brandenburg e.V.","description":"Die Sch\u00fclerinnen und Sch\u00fcler der Grundschule Lausitzer Haus des Lernens gestalten sie in dieser Woche zum dritten Mal eigenst\u00e4ndig den Maibaum der Stadt Spremberg\/Grodk. Angeleitet, begleitet und \u00fcberwacht wird das Projekt von unserem Team der Jugendsozialarbeit.","robots":{"index":"index","follow":"follow","max-snippet":"max-snippet:-1","max-image-preview":"max-image-preview:large","max-video-preview":"max-video-preview:-1"},"canonical":"https:\/\/www.asf-brandenburg.de\/asf_wp\/aktuelles\/2025\/heimlichkeit-in-der-kita-luja\/","og_locale":"de_DE","og_type":"article","og_title":"So viel Heimlichkeit in der Kita Gro\u00df-Luja des ASF - Albert-Schweitzer-Familienwerk Brandenburg e.V.","og_description":"Die Sch\u00fclerinnen und Sch\u00fcler der Grundschule Lausitzer Haus des Lernens gestalten sie in dieser Woche zum dritten Mal eigenst\u00e4ndig den Maibaum der Stadt Spremberg\/Grodk. Angeleitet, begleitet und \u00fcberwacht wird das Projekt von unserem Team der Jugendsozialarbeit.","og_url":"https:\/\/www.asf-brandenburg.de\/asf_wp\/aktuelles\/2025\/heimlichkeit-in-der-kita-luja\/","og_site_name":"Albert-Schweitzer-Familienwerk Brandenburg e.V.","article_publisher":"https:\/\/www.facebook.com\/AlbertSchweitzerFamilienwerkBrandenburg","article_published_time":"2025-01-20T10:01:15+00:00","article_modified_time":"2025-01-20T10:02:20+00:00","og_image":[{"width":1920,"height":2560,"url":"https:\/\/www.asf-brandenburg.de\/asf_wp\/wp-content\/uploads\/2025\/01\/20241218_095138-scaled.jpg","type":"image\/jpeg"}],"author":"Web Admin","twitter_card":"summary_large_image","twitter_misc":{"Verfasst von":"Web Admin","Gesch\u00e4tzte Lesezeit":"6\u00a0Minuten"},"schema":{"@context":"https:\/\/schema.org","@graph":[{"@type":"Article","@id":"https:\/\/www.asf-brandenburg.de\/asf_wp\/aktuelles\/2025\/heimlichkeit-in-der-kita-luja\/#article","isPartOf":{"@id":"https:\/\/www.asf-brandenburg.de\/asf_wp\/aktuelles\/2025\/heimlichkeit-in-der-kita-luja\/"},"author":{"name":"Web Admin","@id":"https:\/\/www.asf-brandenburg.de\/asf_wp\/#\/schema\/person\/a63ba1553f2aa75f90f3809d9e4a1efc"},"headline":"So viel Heimlichkeit in der Kita Gro\u00df-Luja des ASF","datePublished":"2025-01-20T10:01:15+00:00","dateModified":"2025-01-20T10:02:20+00:00","mainEntityOfPage":{"@id":"https:\/\/www.asf-brandenburg.de\/asf_wp\/aktuelles\/2025\/heimlichkeit-in-der-kita-luja\/"},"wordCount":5339,"commentCount":0,"publisher":{"@id":"https:\/\/www.asf-brandenburg.de\/asf_wp\/#organization"},"image":{"@id":"https:\/\/www.asf-brandenburg.de\/asf_wp\/aktuelles\/2025\/heimlichkeit-in-der-kita-luja\/#primaryimage"},"thumbnailUrl":"https:\/\/www.asf-brandenburg.de\/asf_wp\/wp-content\/uploads\/2025\/01\/20241218_095138-scaled.jpg","keywords":["Albert-Schweitzer-Familienwerk Brandenburg e.V.","Kita Gro\u00df Luja","Weihnachten"],"articleSection":["Neuigkeiten 2024"],"inLanguage":"de","potentialAction":[{"@type":"CommentAction","name":"Comment","target":["https:\/\/www.asf-brandenburg.de\/asf_wp\/aktuelles\/2025\/heimlichkeit-in-der-kita-luja\/#respond"]}]},{"@type":"WebPage","@id":"https:\/\/www.asf-brandenburg.de\/asf_wp\/aktuelles\/2025\/heimlichkeit-in-der-kita-luja\/","url":"https:\/\/www.asf-brandenburg.de\/asf_wp\/aktuelles\/2025\/heimlichkeit-in-der-kita-luja\/","name":"So viel Heimlichkeit in der Kita Gro\u00df-Luja des ASF - Albert-Schweitzer-Familienwerk Brandenburg e.V.","isPartOf":{"@id":"https:\/\/www.asf-brandenburg.de\/asf_wp\/#website"},"primaryImageOfPage":{"@id":"https:\/\/www.asf-brandenburg.de\/asf_wp\/aktuelles\/2025\/heimlichkeit-in-der-kita-luja\/#primaryimage"},"image":{"@id":"https:\/\/www.asf-brandenburg.de\/asf_wp\/aktuelles\/2025\/heimlichkeit-in-der-kita-luja\/#primaryimage"},"thumbnailUrl":"https:\/\/www.asf-brandenburg.de\/asf_wp\/wp-content\/uploads\/2025\/01\/20241218_095138-scaled.jpg","datePublished":"2025-01-20T10:01:15+00:00","dateModified":"2025-01-20T10:02:20+00:00","description":"Die Sch\u00fclerinnen und Sch\u00fcler der Grundschule Lausitzer Haus des Lernens gestalten sie in dieser Woche zum dritten Mal eigenst\u00e4ndig den Maibaum der Stadt Spremberg\/Grodk. Angeleitet, begleitet und \u00fcberwacht wird das Projekt von unserem Team der Jugendsozialarbeit.","breadcrumb":{"@id":"https:\/\/www.asf-brandenburg.de\/asf_wp\/aktuelles\/2025\/heimlichkeit-in-der-kita-luja\/#breadcrumb"},"inLanguage":"de","potentialAction":[{"@type":"ReadAction","target":["https:\/\/www.asf-brandenburg.de\/asf_wp\/aktuelles\/2025\/heimlichkeit-in-der-kita-luja\/"]}]},{"@type":"ImageObject","inLanguage":"de","@id":"https:\/\/www.asf-brandenburg.de\/asf_wp\/aktuelles\/2025\/heimlichkeit-in-der-kita-luja\/#primaryimage","url":"https:\/\/www.asf-brandenburg.de\/asf_wp\/wp-content\/uploads\/2025\/01\/20241218_095138-scaled.jpg","contentUrl":"https:\/\/www.asf-brandenburg.de\/asf_wp\/wp-content\/uploads\/2025\/01\/20241218_095138-scaled.jpg","width":1920,"height":2560},{"@type":"BreadcrumbList","@id":"https:\/\/www.asf-brandenburg.de\/asf_wp\/aktuelles\/2025\/heimlichkeit-in-der-kita-luja\/#breadcrumb","itemListElement":[{"@type":"ListItem","position":1,"name":"Startseite","item":"https:\/\/www.asf-brandenburg.de\/asf_wp\/"},{"@type":"ListItem","position":2,"name":"So viel Heimlichkeit in der Kita Gro\u00df-Luja des ASF"}]},{"@type":"WebSite","@id":"https:\/\/www.asf-brandenburg.de\/asf_wp\/#website","url":"https:\/\/www.asf-brandenburg.de\/asf_wp\/","name":"Albert-Schweitzer-Kinderd\u00f6rfer und Familienwerke Brandenburg e. V.","description":"","publisher":{"@id":"https:\/\/www.asf-brandenburg.de\/asf_wp\/#organization"},"potentialAction":[{"@type":"SearchAction","target":{"@type":"EntryPoint","urlTemplate":"https:\/\/www.asf-brandenburg.de\/asf_wp\/?s={search_term_string}"},"query-input":{"@type":"PropertyValueSpecification","valueRequired":true,"valueName":"search_term_string"}}],"inLanguage":"de"},{"@type":"Organization","@id":"https:\/\/www.asf-brandenburg.de\/asf_wp\/#organization","name":"Albert-Schweitzer-Familienwerk Brandenburg e. V.","url":"https:\/\/www.asf-brandenburg.de\/asf_wp\/","logo":{"@type":"ImageObject","inLanguage":"de","@id":"https:\/\/www.asf-brandenburg.de\/asf_wp\/#\/schema\/logo\/image\/","url":"https:\/\/www.asf-brandenburg.de\/asf_wp\/wp-content\/uploads\/2018\/08\/Logo_ASF_BRB_318x107.png","contentUrl":"https:\/\/www.asf-brandenburg.de\/asf_wp\/wp-content\/uploads\/2018\/08\/Logo_ASF_BRB_318x107.png","width":318,"height":107,"caption":"Albert-Schweitzer-Familienwerk Brandenburg e. V."},"image":{"@id":"https:\/\/www.asf-brandenburg.de\/asf_wp\/#\/schema\/logo\/image\/"},"sameAs":["https:\/\/www.facebook.com\/AlbertSchweitzerFamilienwerkBrandenburg","https:\/\/www.youtube.com\/@asfbrandenburg","https:\/\/www.instagram.com\/asf_brandenburg\/"]},{"@type":"Person","@id":"https:\/\/www.asf-brandenburg.de\/asf_wp\/#\/schema\/person\/a63ba1553f2aa75f90f3809d9e4a1efc","name":"Web Admin","sameAs":["http:\/\/www.asf-brandenburg.de"],"url":"https:\/\/www.asf-brandenburg.de\/asf_wp\/aktuelles\/author\/asf\/"}]}},"_links":{"self":[{"href":"https:\/\/www.asf-brandenburg.de\/asf_wp\/wp-json\/wp\/v2\/posts\/9369","targetHints":{"allow":["GET"]}}],"collection":[{"href":"https:\/\/www.asf-brandenburg.de\/asf_wp\/wp-json\/wp\/v2\/posts"}],"about":[{"href":"https:\/\/www.asf-brandenburg.de\/asf_wp\/wp-json\/wp\/v2\/types\/post"}],"author":[{"embeddable":true,"href":"https:\/\/www.asf-brandenburg.de\/asf_wp\/wp-json\/wp\/v2\/users\/2"}],"replies":[{"embeddable":true,"href":"https:\/\/www.asf-brandenburg.de\/asf_wp\/wp-json\/wp\/v2\/comments?post=9369"}],"version-history":[{"count":7,"href":"https:\/\/www.asf-brandenburg.de\/asf_wp\/wp-json\/wp\/v2\/posts\/9369\/revisions"}],"predecessor-version":[{"id":9382,"href":"https:\/\/www.asf-brandenburg.de\/asf_wp\/wp-json\/wp\/v2\/posts\/9369\/revisions\/9382"}],"wp:featuredmedia":[{"embeddable":true,"href":"https:\/\/www.asf-brandenburg.de\/asf_wp\/wp-json\/wp\/v2\/media\/9378"}],"wp:attachment":[{"href":"https:\/\/www.asf-brandenburg.de\/asf_wp\/wp-json\/wp\/v2\/media?parent=9369"}],"wp:term":[{"taxonomy":"category","embeddable":true,"href":"https:\/\/www.asf-brandenburg.de\/asf_wp\/wp-json\/wp\/v2\/categories?post=9369"},{"taxonomy":"post_tag","embeddable":true,"href":"https:\/\/www.asf-brandenburg.de\/asf_wp\/wp-json\/wp\/v2\/tags?post=9369"}],"curies":[{"name":"wp","href":"https:\/\/api.w.org\/{rel}","templated":true}]}}