{"id":8890,"date":"2024-05-08T09:35:23","date_gmt":"2024-05-08T07:35:23","guid":{"rendered":"https:\/\/www.asf-brandenburg.de\/asf_wp\/?p=8890"},"modified":"2024-05-15T10:34:52","modified_gmt":"2024-05-15T08:34:52","slug":"selbsthilfekontaktstelle-spremberg-laedt-ein-zum-2-selbsthilfe-cafe","status":"publish","type":"post","link":"https:\/\/www.asf-brandenburg.de\/asf_wp\/aktuelles\/2024\/selbsthilfekontaktstelle-spremberg-laedt-ein-zum-2-selbsthilfe-cafe\/","title":{"rendered":"Selbsthilfekontaktstelle Spremberg l\u00e4dt ein zum 2. Selbsthilfe-Caf\u00e9"},"content":{"rendered":"<div class=\"fusion-fullwidth fullwidth-box fusion-builder-row-1 fusion-flex-container has-pattern-background has-mask-background nonhundred-percent-fullwidth non-hundred-percent-height-scrolling\" style=\"--awb-border-radius-top-left:0px;--awb-border-radius-top-right:0px;--awb-border-radius-bottom-right:0px;--awb-border-radius-bottom-left:0px;--awb-flex-wrap:wrap;\" ><div class=\"fusion-builder-row fusion-row fusion-flex-align-items-flex-start fusion-flex-content-wrap\" style=\"max-width:1331.2px;margin-left: calc(-4% \/ 2 );margin-right: calc(-4% \/ 2 );\"><div class=\"fusion-layout-column fusion_builder_column fusion-builder-column-0 fusion_builder_column_1_2 1_2 fusion-flex-column\" style=\"--awb-bg-size:cover;--awb-width-large:50%;--awb-margin-top-large:0px;--awb-spacing-right-large:3.84%;--awb-margin-bottom-large:20px;--awb-spacing-left-large:3.84%;--awb-width-medium:100%;--awb-order-medium:0;--awb-spacing-right-medium:1.92%;--awb-spacing-left-medium:1.92%;--awb-width-small:100%;--awb-order-small:0;--awb-spacing-right-small:1.92%;--awb-spacing-left-small:1.92%;\"><div class=\"fusion-column-wrapper fusion-column-has-shadow fusion-flex-justify-content-flex-start fusion-content-layout-column\"><div class=\"fusion-text fusion-text-1\"><p>Der erste Schritt kann der schwierigste sein \u2014 muss aber nicht! Ob der Gedanke an eine Selbsthilfegruppe schon mal da war, der Entschluss schon gefasst ist oder du eine neue Gruppe gr\u00fcnden willst: In gem\u00fctlicher Runde mit Kaffee und Kuchen (selbst gebacken!) beantwortet das Team der Selbsthilfekontaktstelle Spremberg (KiSS) Fragen, bauen Ber\u00fchrungs\u00e4ngste ab und stellen ihre Angebote vor. Der Besuch ist anonym und kostenfrei.<\/p>\n<p>Wir freuen uns auf euch.<\/p>\n<p>Unsere Selbsthilfekontaktstelle Spremberg (KiSS) bietet Gruppen zu den Themen:<\/p>\n<p>\ud83d\udd38\ufe0fAlkoholerkrankung (Betroffene)<br \/>\n\ud83d\udd38\ufe0fAlkoholerkrankung (Angeh\u00f6rige\/Interessierte)<br \/>\n\ud83d\udd38\ufe0fFrauen mit Suchterkrankungen<br \/>\n\ud83d\udd38\ufe0fAngeh\u00f6rige von Psychoseerkrankten<br \/>\n\ud83d\udd38\ufe0fAngsterkrankungen<br \/>\n\ud83d\udd38\ufe0fBurn-Out-Erkrankung\/Depression<br \/>\n\ud83d\udd38\ufe0fDepressionen und andere psychsiche Erkrankungen<br \/>\n\ud83d\udd38\ufe0fDiabetes<br \/>\n\ud83d\udd38\ufe0fEltern von Kindern mit Diabetes<br \/>\n\ud83d\udd38\ufe0fEsst\u00f6rungen<br \/>\n\ud83d\udd38\ufe0fFrauen nach Krebs<br \/>\n\ud83d\udd38\ufe0fGruppe f\u00fcr soziale Teilhabe im Alter (55+)<br \/>\n\ud83d\udd38\ufe0fOsteoporose<br \/>\n\ud83d\udd38\ufe0fpflegende Angeh\u00f6rige von Demenzerkrankten<br \/>\n\ud83d\udd38\ufe0fpflegende Angeh\u00f6rige<br \/>\n\ud83d\udd38\ufe0fRheuma<br \/>\n\ud83d\udd38\ufe0fSchlaganfall\/Multiple Sklerose\/neurologische Erkrankungen<br \/>\n\ud83d\udd38\ufe0fTrauer<br \/>\n\ud83d\udd38\ufe0fLong Covid<br \/>\n\ud83d\udd38\ufe0fJunge Selbsthilfe<br \/>\n\ud83d\udd38\ufe0fErwachsene mit ADHS<\/p>\n<p>Damit sich weitere Gruppen gr\u00fcnden k\u00f6nnen, suchen wir au\u00dferdem Betroffene f\u00fcr die Themen<\/p>\n<p>\ud83d\udd39\ufe0fParkinson<br \/>\n\ud83d\udd39\ufe0fM\u00e4nner nach den Kreis<br \/>\n\ud83d\udd39\ufe0fFrauen nach dem Krebs (2. Gruppe)<br \/>\n\ud83d\udd39\ufe0fAngeh\u00f6rige von Menschen mit Suchterkrankung<br \/>\n\ud83d\udd39\ufe0fAngeh\u00f6rige von Menschen mit Krebserkrankung<br \/>\n\ud83d\udd39\ufe0fZwangserkrankungen<br \/>\n\ud83d\udd39\ufe0fchronische Schmerzen<br \/>\n\ud83d\udd39\ufe0fSchilddr\u00fcsenerkrankung<br \/>\n\ud83d\udd39\ufe0fLip\u00f6dem<br \/>\n\ud83d\udd39\ufe0fMenschen mit Autismus\/Angeh\u00f6rige von Kindern mit Autismus<\/p>\n<\/div><\/div><\/div><div class=\"fusion-layout-column fusion_builder_column fusion-builder-column-1 fusion_builder_column_1_2 1_2 fusion-flex-column\" style=\"--awb-bg-size:cover;--awb-width-large:50%;--awb-margin-top-large:0px;--awb-spacing-right-large:3.84%;--awb-margin-bottom-large:20px;--awb-spacing-left-large:3.84%;--awb-width-medium:100%;--awb-order-medium:0;--awb-spacing-right-medium:1.92%;--awb-spacing-left-medium:1.92%;--awb-width-small:100%;--awb-order-small:0;--awb-spacing-right-small:1.92%;--awb-spacing-left-small:1.92%;\"><div class=\"fusion-column-wrapper fusion-column-has-shadow fusion-flex-justify-content-flex-start fusion-content-layout-column\"><div class=\"fusion-image-element \" style=\"--awb-caption-title-font-family:var(--h2_typography-font-family);--awb-caption-title-font-weight:var(--h2_typography-font-weight);--awb-caption-title-font-style:var(--h2_typography-font-style);--awb-caption-title-size:var(--h2_typography-font-size);--awb-caption-title-transform:var(--h2_typography-text-transform);--awb-caption-title-line-height:var(--h2_typography-line-height);--awb-caption-title-letter-spacing:var(--h2_typography-letter-spacing);\"><span class=\" fusion-imageframe imageframe-none imageframe-1 hover-type-none\"><img decoding=\"async\" width=\"1440\" height=\"2560\" src=\"https:\/\/www.asf-brandenburg.de\/asf_wp\/wp-content\/uploads\/2024\/05\/Kopie-von-Kopie-von-Marketing-Proposal-Instagram-Story-scaled.jpg\" alt class=\"img-responsive wp-image-8892\" srcset=\"https:\/\/www.asf-brandenburg.de\/asf_wp\/wp-content\/uploads\/2024\/05\/Kopie-von-Kopie-von-Marketing-Proposal-Instagram-Story-200x356.jpg 200w, https:\/\/www.asf-brandenburg.de\/asf_wp\/wp-content\/uploads\/2024\/05\/Kopie-von-Kopie-von-Marketing-Proposal-Instagram-Story-400x711.jpg 400w, https:\/\/www.asf-brandenburg.de\/asf_wp\/wp-content\/uploads\/2024\/05\/Kopie-von-Kopie-von-Marketing-Proposal-Instagram-Story-600x1067.jpg 600w, https:\/\/www.asf-brandenburg.de\/asf_wp\/wp-content\/uploads\/2024\/05\/Kopie-von-Kopie-von-Marketing-Proposal-Instagram-Story-800x1422.jpg 800w, https:\/\/www.asf-brandenburg.de\/asf_wp\/wp-content\/uploads\/2024\/05\/Kopie-von-Kopie-von-Marketing-Proposal-Instagram-Story-1200x2133.jpg 1200w, https:\/\/www.asf-brandenburg.de\/asf_wp\/wp-content\/uploads\/2024\/05\/Kopie-von-Kopie-von-Marketing-Proposal-Instagram-Story-scaled.jpg 1440w\" sizes=\"(max-width: 1280px) 100vw, (max-width: 770px) 100vw, 800px\" \/><\/span><\/div><\/div><\/div><\/div><\/div>\n","protected":false},"excerpt":{"rendered":"<p>Der erste Schritt kann der schwierigste sein \u2014 muss aber nicht! Ob der Gedanke an eine Selbsthilfegruppe schon mal da war, der Entschluss schon gefasst ist oder du eine neue Gruppe gr\u00fcnden willst: In gem\u00fctlicher Runde mit Kaffee und Kuchen (selbst gebacken!) kl\u00e4ren wir Fragen, bauen Ber\u00fchrungs\u00e4ngste ab und die Angebote der Selbsthilfekontaktstelle vor.<\/p>\n","protected":false},"author":2,"featured_media":8891,"comment_status":"open","ping_status":"open","sticky":false,"template":"","format":"standard","meta":{"inline_featured_image":false,"footnotes":""},"categories":[164],"tags":[],"class_list":["post-8890","post","type-post","status-publish","format-standard","has-post-thumbnail","hentry","category-neugkeiten-2023"],"yoast_head":"<!-- This site is optimized with the Yoast SEO plugin v27.4 - https:\/\/yoast.com\/product\/yoast-seo-wordpress\/ -->\n<title>Selbsthilfekontaktstelle Spremberg l\u00e4dt ein zum 2. Selbsthilfe-Caf\u00e9 - Albert-Schweitzer-Familienwerk Brandenburg e.V.<\/title>\n<meta name=\"description\" content=\"Der erste Schritt kann der schwierigste sein \u2014 muss aber nicht! Ob der Gedanke an eine Selbsthilfegruppe schon mal da war, der Entschluss schon gefasst ist oder du eine neue Gruppe gr\u00fcnden willst: In gem\u00fctlicher Runde mit Kaffee und Kuchen (selbst gebacken!) kl\u00e4ren wir Fragen, bauen Ber\u00fchrungs\u00e4ngste ab und die Angebote der Selbsthilfekontaktstelle vor.\" \/>\n<meta name=\"robots\" content=\"index, follow, max-snippet:-1, max-image-preview:large, max-video-preview:-1\" \/>\n<link rel=\"canonical\" href=\"https:\/\/www.asf-brandenburg.de\/asf_wp\/aktuelles\/2024\/selbsthilfekontaktstelle-spremberg-laedt-ein-zum-2-selbsthilfe-cafe\/\" \/>\n<meta property=\"og:locale\" content=\"de_DE\" \/>\n<meta property=\"og:type\" content=\"article\" \/>\n<meta property=\"og:title\" content=\"Selbsthilfekontaktstelle Spremberg l\u00e4dt ein zum 2. Selbsthilfe-Caf\u00e9 - Albert-Schweitzer-Familienwerk Brandenburg e.V.\" \/>\n<meta property=\"og:description\" content=\"Der erste Schritt kann der schwierigste sein \u2014 muss aber nicht! Ob der Gedanke an eine Selbsthilfegruppe schon mal da war, der Entschluss schon gefasst ist oder du eine neue Gruppe gr\u00fcnden willst: In gem\u00fctlicher Runde mit Kaffee und Kuchen (selbst gebacken!) kl\u00e4ren wir Fragen, bauen Ber\u00fchrungs\u00e4ngste ab und die Angebote der Selbsthilfekontaktstelle vor.\" \/>\n<meta property=\"og:url\" content=\"https:\/\/www.asf-brandenburg.de\/asf_wp\/aktuelles\/2024\/selbsthilfekontaktstelle-spremberg-laedt-ein-zum-2-selbsthilfe-cafe\/\" \/>\n<meta property=\"og:site_name\" content=\"Albert-Schweitzer-Familienwerk Brandenburg e.V.\" \/>\n<meta property=\"article:publisher\" content=\"https:\/\/www.facebook.com\/AlbertSchweitzerFamilienwerkBrandenburg\" \/>\n<meta property=\"article:published_time\" content=\"2024-05-08T07:35:23+00:00\" \/>\n<meta property=\"article:modified_time\" content=\"2024-05-15T08:34:52+00:00\" \/>\n<meta property=\"og:image\" content=\"https:\/\/www.asf-brandenburg.de\/asf_wp\/wp-content\/uploads\/2024\/05\/closeup-image-group-young-people-enjoyed-talking-drinking-coffee-together-scaled.jpg\" \/>\n\t<meta property=\"og:image:width\" content=\"2560\" \/>\n\t<meta property=\"og:image:height\" content=\"1707\" \/>\n\t<meta property=\"og:image:type\" content=\"image\/jpeg\" \/>\n<meta name=\"author\" content=\"Web Admin\" \/>\n<meta name=\"twitter:card\" content=\"summary_large_image\" \/>\n<meta name=\"twitter:label1\" content=\"Verfasst von\" \/>\n\t<meta name=\"twitter:data1\" content=\"Web Admin\" \/>\n\t<meta name=\"twitter:label2\" content=\"Gesch\u00e4tzte Lesezeit\" \/>\n\t<meta name=\"twitter:data2\" content=\"2\u00a0Minuten\" \/>\n<script type=\"application\/ld+json\" class=\"yoast-schema-graph\">{\"@context\":\"https:\\\/\\\/schema.org\",\"@graph\":[{\"@type\":\"Article\",\"@id\":\"https:\\\/\\\/www.asf-brandenburg.de\\\/asf_wp\\\/aktuelles\\\/2024\\\/selbsthilfekontaktstelle-spremberg-laedt-ein-zum-2-selbsthilfe-cafe\\\/#article\",\"isPartOf\":{\"@id\":\"https:\\\/\\\/www.asf-brandenburg.de\\\/asf_wp\\\/aktuelles\\\/2024\\\/selbsthilfekontaktstelle-spremberg-laedt-ein-zum-2-selbsthilfe-cafe\\\/\"},\"author\":{\"name\":\"Web Admin\",\"@id\":\"https:\\\/\\\/www.asf-brandenburg.de\\\/asf_wp\\\/#\\\/schema\\\/person\\\/a63ba1553f2aa75f90f3809d9e4a1efc\"},\"headline\":\"Selbsthilfekontaktstelle Spremberg l\u00e4dt ein zum 2. Selbsthilfe-Caf\u00e9\",\"datePublished\":\"2024-05-08T07:35:23+00:00\",\"dateModified\":\"2024-05-15T08:34:52+00:00\",\"mainEntityOfPage\":{\"@id\":\"https:\\\/\\\/www.asf-brandenburg.de\\\/asf_wp\\\/aktuelles\\\/2024\\\/selbsthilfekontaktstelle-spremberg-laedt-ein-zum-2-selbsthilfe-cafe\\\/\"},\"wordCount\":1996,\"commentCount\":0,\"publisher\":{\"@id\":\"https:\\\/\\\/www.asf-brandenburg.de\\\/asf_wp\\\/#organization\"},\"image\":{\"@id\":\"https:\\\/\\\/www.asf-brandenburg.de\\\/asf_wp\\\/aktuelles\\\/2024\\\/selbsthilfekontaktstelle-spremberg-laedt-ein-zum-2-selbsthilfe-cafe\\\/#primaryimage\"},\"thumbnailUrl\":\"https:\\\/\\\/www.asf-brandenburg.de\\\/asf_wp\\\/wp-content\\\/uploads\\\/2024\\\/05\\\/closeup-image-group-young-people-enjoyed-talking-drinking-coffee-together-scaled.jpg\",\"articleSection\":[\"Neugkeiten 2023\"],\"inLanguage\":\"de\",\"potentialAction\":[{\"@type\":\"CommentAction\",\"name\":\"Comment\",\"target\":[\"https:\\\/\\\/www.asf-brandenburg.de\\\/asf_wp\\\/aktuelles\\\/2024\\\/selbsthilfekontaktstelle-spremberg-laedt-ein-zum-2-selbsthilfe-cafe\\\/#respond\"]}]},{\"@type\":\"WebPage\",\"@id\":\"https:\\\/\\\/www.asf-brandenburg.de\\\/asf_wp\\\/aktuelles\\\/2024\\\/selbsthilfekontaktstelle-spremberg-laedt-ein-zum-2-selbsthilfe-cafe\\\/\",\"url\":\"https:\\\/\\\/www.asf-brandenburg.de\\\/asf_wp\\\/aktuelles\\\/2024\\\/selbsthilfekontaktstelle-spremberg-laedt-ein-zum-2-selbsthilfe-cafe\\\/\",\"name\":\"Selbsthilfekontaktstelle Spremberg l\u00e4dt ein zum 2. Selbsthilfe-Caf\u00e9 - Albert-Schweitzer-Familienwerk Brandenburg e.V.\",\"isPartOf\":{\"@id\":\"https:\\\/\\\/www.asf-brandenburg.de\\\/asf_wp\\\/#website\"},\"primaryImageOfPage\":{\"@id\":\"https:\\\/\\\/www.asf-brandenburg.de\\\/asf_wp\\\/aktuelles\\\/2024\\\/selbsthilfekontaktstelle-spremberg-laedt-ein-zum-2-selbsthilfe-cafe\\\/#primaryimage\"},\"image\":{\"@id\":\"https:\\\/\\\/www.asf-brandenburg.de\\\/asf_wp\\\/aktuelles\\\/2024\\\/selbsthilfekontaktstelle-spremberg-laedt-ein-zum-2-selbsthilfe-cafe\\\/#primaryimage\"},\"thumbnailUrl\":\"https:\\\/\\\/www.asf-brandenburg.de\\\/asf_wp\\\/wp-content\\\/uploads\\\/2024\\\/05\\\/closeup-image-group-young-people-enjoyed-talking-drinking-coffee-together-scaled.jpg\",\"datePublished\":\"2024-05-08T07:35:23+00:00\",\"dateModified\":\"2024-05-15T08:34:52+00:00\",\"description\":\"Der erste Schritt kann der schwierigste sein \u2014 muss aber nicht! Ob der Gedanke an eine Selbsthilfegruppe schon mal da war, der Entschluss schon gefasst ist oder du eine neue Gruppe gr\u00fcnden willst: In gem\u00fctlicher Runde mit Kaffee und Kuchen (selbst gebacken!) kl\u00e4ren wir Fragen, bauen Ber\u00fchrungs\u00e4ngste ab und die Angebote der Selbsthilfekontaktstelle vor.\",\"breadcrumb\":{\"@id\":\"https:\\\/\\\/www.asf-brandenburg.de\\\/asf_wp\\\/aktuelles\\\/2024\\\/selbsthilfekontaktstelle-spremberg-laedt-ein-zum-2-selbsthilfe-cafe\\\/#breadcrumb\"},\"inLanguage\":\"de\",\"potentialAction\":[{\"@type\":\"ReadAction\",\"target\":[\"https:\\\/\\\/www.asf-brandenburg.de\\\/asf_wp\\\/aktuelles\\\/2024\\\/selbsthilfekontaktstelle-spremberg-laedt-ein-zum-2-selbsthilfe-cafe\\\/\"]}]},{\"@type\":\"ImageObject\",\"inLanguage\":\"de\",\"@id\":\"https:\\\/\\\/www.asf-brandenburg.de\\\/asf_wp\\\/aktuelles\\\/2024\\\/selbsthilfekontaktstelle-spremberg-laedt-ein-zum-2-selbsthilfe-cafe\\\/#primaryimage\",\"url\":\"https:\\\/\\\/www.asf-brandenburg.de\\\/asf_wp\\\/wp-content\\\/uploads\\\/2024\\\/05\\\/closeup-image-group-young-people-enjoyed-talking-drinking-coffee-together-scaled.jpg\",\"contentUrl\":\"https:\\\/\\\/www.asf-brandenburg.de\\\/asf_wp\\\/wp-content\\\/uploads\\\/2024\\\/05\\\/closeup-image-group-young-people-enjoyed-talking-drinking-coffee-together-scaled.jpg\",\"width\":2560,\"height\":1707},{\"@type\":\"BreadcrumbList\",\"@id\":\"https:\\\/\\\/www.asf-brandenburg.de\\\/asf_wp\\\/aktuelles\\\/2024\\\/selbsthilfekontaktstelle-spremberg-laedt-ein-zum-2-selbsthilfe-cafe\\\/#breadcrumb\",\"itemListElement\":[{\"@type\":\"ListItem\",\"position\":1,\"name\":\"Startseite\",\"item\":\"https:\\\/\\\/www.asf-brandenburg.de\\\/asf_wp\\\/\"},{\"@type\":\"ListItem\",\"position\":2,\"name\":\"Selbsthilfekontaktstelle Spremberg l\u00e4dt ein zum 2. Selbsthilfe-Caf\u00e9\"}]},{\"@type\":\"WebSite\",\"@id\":\"https:\\\/\\\/www.asf-brandenburg.de\\\/asf_wp\\\/#website\",\"url\":\"https:\\\/\\\/www.asf-brandenburg.de\\\/asf_wp\\\/\",\"name\":\"Albert-Schweitzer-Kinderd\u00f6rfer und Familienwerke Brandenburg e. V.\",\"description\":\"\",\"publisher\":{\"@id\":\"https:\\\/\\\/www.asf-brandenburg.de\\\/asf_wp\\\/#organization\"},\"potentialAction\":[{\"@type\":\"SearchAction\",\"target\":{\"@type\":\"EntryPoint\",\"urlTemplate\":\"https:\\\/\\\/www.asf-brandenburg.de\\\/asf_wp\\\/?s={search_term_string}\"},\"query-input\":{\"@type\":\"PropertyValueSpecification\",\"valueRequired\":true,\"valueName\":\"search_term_string\"}}],\"inLanguage\":\"de\"},{\"@type\":\"Organization\",\"@id\":\"https:\\\/\\\/www.asf-brandenburg.de\\\/asf_wp\\\/#organization\",\"name\":\"Albert-Schweitzer-Familienwerk Brandenburg e. V.\",\"url\":\"https:\\\/\\\/www.asf-brandenburg.de\\\/asf_wp\\\/\",\"logo\":{\"@type\":\"ImageObject\",\"inLanguage\":\"de\",\"@id\":\"https:\\\/\\\/www.asf-brandenburg.de\\\/asf_wp\\\/#\\\/schema\\\/logo\\\/image\\\/\",\"url\":\"https:\\\/\\\/www.asf-brandenburg.de\\\/asf_wp\\\/wp-content\\\/uploads\\\/2018\\\/08\\\/Logo_ASF_BRB_318x107.png\",\"contentUrl\":\"https:\\\/\\\/www.asf-brandenburg.de\\\/asf_wp\\\/wp-content\\\/uploads\\\/2018\\\/08\\\/Logo_ASF_BRB_318x107.png\",\"width\":318,\"height\":107,\"caption\":\"Albert-Schweitzer-Familienwerk Brandenburg e. V.\"},\"image\":{\"@id\":\"https:\\\/\\\/www.asf-brandenburg.de\\\/asf_wp\\\/#\\\/schema\\\/logo\\\/image\\\/\"},\"sameAs\":[\"https:\\\/\\\/www.facebook.com\\\/AlbertSchweitzerFamilienwerkBrandenburg\",\"https:\\\/\\\/www.youtube.com\\\/@asfbrandenburg\",\"https:\\\/\\\/www.instagram.com\\\/asf_brandenburg\\\/\"]},{\"@type\":\"Person\",\"@id\":\"https:\\\/\\\/www.asf-brandenburg.de\\\/asf_wp\\\/#\\\/schema\\\/person\\\/a63ba1553f2aa75f90f3809d9e4a1efc\",\"name\":\"Web Admin\",\"sameAs\":[\"http:\\\/\\\/www.asf-brandenburg.de\"],\"url\":\"https:\\\/\\\/www.asf-brandenburg.de\\\/asf_wp\\\/aktuelles\\\/author\\\/asf\\\/\"}]}<\/script>\n<!-- \/ Yoast SEO plugin. -->","yoast_head_json":{"title":"Selbsthilfekontaktstelle Spremberg l\u00e4dt ein zum 2. Selbsthilfe-Caf\u00e9 - Albert-Schweitzer-Familienwerk Brandenburg e.V.","description":"Der erste Schritt kann der schwierigste sein \u2014 muss aber nicht! Ob der Gedanke an eine Selbsthilfegruppe schon mal da war, der Entschluss schon gefasst ist oder du eine neue Gruppe gr\u00fcnden willst: In gem\u00fctlicher Runde mit Kaffee und Kuchen (selbst gebacken!) kl\u00e4ren wir Fragen, bauen Ber\u00fchrungs\u00e4ngste ab und die Angebote der Selbsthilfekontaktstelle vor.","robots":{"index":"index","follow":"follow","max-snippet":"max-snippet:-1","max-image-preview":"max-image-preview:large","max-video-preview":"max-video-preview:-1"},"canonical":"https:\/\/www.asf-brandenburg.de\/asf_wp\/aktuelles\/2024\/selbsthilfekontaktstelle-spremberg-laedt-ein-zum-2-selbsthilfe-cafe\/","og_locale":"de_DE","og_type":"article","og_title":"Selbsthilfekontaktstelle Spremberg l\u00e4dt ein zum 2. Selbsthilfe-Caf\u00e9 - Albert-Schweitzer-Familienwerk Brandenburg e.V.","og_description":"Der erste Schritt kann der schwierigste sein \u2014 muss aber nicht! Ob der Gedanke an eine Selbsthilfegruppe schon mal da war, der Entschluss schon gefasst ist oder du eine neue Gruppe gr\u00fcnden willst: In gem\u00fctlicher Runde mit Kaffee und Kuchen (selbst gebacken!) kl\u00e4ren wir Fragen, bauen Ber\u00fchrungs\u00e4ngste ab und die Angebote der Selbsthilfekontaktstelle vor.","og_url":"https:\/\/www.asf-brandenburg.de\/asf_wp\/aktuelles\/2024\/selbsthilfekontaktstelle-spremberg-laedt-ein-zum-2-selbsthilfe-cafe\/","og_site_name":"Albert-Schweitzer-Familienwerk Brandenburg e.V.","article_publisher":"https:\/\/www.facebook.com\/AlbertSchweitzerFamilienwerkBrandenburg","article_published_time":"2024-05-08T07:35:23+00:00","article_modified_time":"2024-05-15T08:34:52+00:00","og_image":[{"width":2560,"height":1707,"url":"https:\/\/www.asf-brandenburg.de\/asf_wp\/wp-content\/uploads\/2024\/05\/closeup-image-group-young-people-enjoyed-talking-drinking-coffee-together-scaled.jpg","type":"image\/jpeg"}],"author":"Web Admin","twitter_card":"summary_large_image","twitter_misc":{"Verfasst von":"Web Admin","Gesch\u00e4tzte Lesezeit":"2\u00a0Minuten"},"schema":{"@context":"https:\/\/schema.org","@graph":[{"@type":"Article","@id":"https:\/\/www.asf-brandenburg.de\/asf_wp\/aktuelles\/2024\/selbsthilfekontaktstelle-spremberg-laedt-ein-zum-2-selbsthilfe-cafe\/#article","isPartOf":{"@id":"https:\/\/www.asf-brandenburg.de\/asf_wp\/aktuelles\/2024\/selbsthilfekontaktstelle-spremberg-laedt-ein-zum-2-selbsthilfe-cafe\/"},"author":{"name":"Web Admin","@id":"https:\/\/www.asf-brandenburg.de\/asf_wp\/#\/schema\/person\/a63ba1553f2aa75f90f3809d9e4a1efc"},"headline":"Selbsthilfekontaktstelle Spremberg l\u00e4dt ein zum 2. Selbsthilfe-Caf\u00e9","datePublished":"2024-05-08T07:35:23+00:00","dateModified":"2024-05-15T08:34:52+00:00","mainEntityOfPage":{"@id":"https:\/\/www.asf-brandenburg.de\/asf_wp\/aktuelles\/2024\/selbsthilfekontaktstelle-spremberg-laedt-ein-zum-2-selbsthilfe-cafe\/"},"wordCount":1996,"commentCount":0,"publisher":{"@id":"https:\/\/www.asf-brandenburg.de\/asf_wp\/#organization"},"image":{"@id":"https:\/\/www.asf-brandenburg.de\/asf_wp\/aktuelles\/2024\/selbsthilfekontaktstelle-spremberg-laedt-ein-zum-2-selbsthilfe-cafe\/#primaryimage"},"thumbnailUrl":"https:\/\/www.asf-brandenburg.de\/asf_wp\/wp-content\/uploads\/2024\/05\/closeup-image-group-young-people-enjoyed-talking-drinking-coffee-together-scaled.jpg","articleSection":["Neugkeiten 2023"],"inLanguage":"de","potentialAction":[{"@type":"CommentAction","name":"Comment","target":["https:\/\/www.asf-brandenburg.de\/asf_wp\/aktuelles\/2024\/selbsthilfekontaktstelle-spremberg-laedt-ein-zum-2-selbsthilfe-cafe\/#respond"]}]},{"@type":"WebPage","@id":"https:\/\/www.asf-brandenburg.de\/asf_wp\/aktuelles\/2024\/selbsthilfekontaktstelle-spremberg-laedt-ein-zum-2-selbsthilfe-cafe\/","url":"https:\/\/www.asf-brandenburg.de\/asf_wp\/aktuelles\/2024\/selbsthilfekontaktstelle-spremberg-laedt-ein-zum-2-selbsthilfe-cafe\/","name":"Selbsthilfekontaktstelle Spremberg l\u00e4dt ein zum 2. Selbsthilfe-Caf\u00e9 - Albert-Schweitzer-Familienwerk Brandenburg e.V.","isPartOf":{"@id":"https:\/\/www.asf-brandenburg.de\/asf_wp\/#website"},"primaryImageOfPage":{"@id":"https:\/\/www.asf-brandenburg.de\/asf_wp\/aktuelles\/2024\/selbsthilfekontaktstelle-spremberg-laedt-ein-zum-2-selbsthilfe-cafe\/#primaryimage"},"image":{"@id":"https:\/\/www.asf-brandenburg.de\/asf_wp\/aktuelles\/2024\/selbsthilfekontaktstelle-spremberg-laedt-ein-zum-2-selbsthilfe-cafe\/#primaryimage"},"thumbnailUrl":"https:\/\/www.asf-brandenburg.de\/asf_wp\/wp-content\/uploads\/2024\/05\/closeup-image-group-young-people-enjoyed-talking-drinking-coffee-together-scaled.jpg","datePublished":"2024-05-08T07:35:23+00:00","dateModified":"2024-05-15T08:34:52+00:00","description":"Der erste Schritt kann der schwierigste sein \u2014 muss aber nicht! Ob der Gedanke an eine Selbsthilfegruppe schon mal da war, der Entschluss schon gefasst ist oder du eine neue Gruppe gr\u00fcnden willst: In gem\u00fctlicher Runde mit Kaffee und Kuchen (selbst gebacken!) kl\u00e4ren wir Fragen, bauen Ber\u00fchrungs\u00e4ngste ab und die Angebote der Selbsthilfekontaktstelle vor.","breadcrumb":{"@id":"https:\/\/www.asf-brandenburg.de\/asf_wp\/aktuelles\/2024\/selbsthilfekontaktstelle-spremberg-laedt-ein-zum-2-selbsthilfe-cafe\/#breadcrumb"},"inLanguage":"de","potentialAction":[{"@type":"ReadAction","target":["https:\/\/www.asf-brandenburg.de\/asf_wp\/aktuelles\/2024\/selbsthilfekontaktstelle-spremberg-laedt-ein-zum-2-selbsthilfe-cafe\/"]}]},{"@type":"ImageObject","inLanguage":"de","@id":"https:\/\/www.asf-brandenburg.de\/asf_wp\/aktuelles\/2024\/selbsthilfekontaktstelle-spremberg-laedt-ein-zum-2-selbsthilfe-cafe\/#primaryimage","url":"https:\/\/www.asf-brandenburg.de\/asf_wp\/wp-content\/uploads\/2024\/05\/closeup-image-group-young-people-enjoyed-talking-drinking-coffee-together-scaled.jpg","contentUrl":"https:\/\/www.asf-brandenburg.de\/asf_wp\/wp-content\/uploads\/2024\/05\/closeup-image-group-young-people-enjoyed-talking-drinking-coffee-together-scaled.jpg","width":2560,"height":1707},{"@type":"BreadcrumbList","@id":"https:\/\/www.asf-brandenburg.de\/asf_wp\/aktuelles\/2024\/selbsthilfekontaktstelle-spremberg-laedt-ein-zum-2-selbsthilfe-cafe\/#breadcrumb","itemListElement":[{"@type":"ListItem","position":1,"name":"Startseite","item":"https:\/\/www.asf-brandenburg.de\/asf_wp\/"},{"@type":"ListItem","position":2,"name":"Selbsthilfekontaktstelle Spremberg l\u00e4dt ein zum 2. Selbsthilfe-Caf\u00e9"}]},{"@type":"WebSite","@id":"https:\/\/www.asf-brandenburg.de\/asf_wp\/#website","url":"https:\/\/www.asf-brandenburg.de\/asf_wp\/","name":"Albert-Schweitzer-Kinderd\u00f6rfer und Familienwerke Brandenburg e. V.","description":"","publisher":{"@id":"https:\/\/www.asf-brandenburg.de\/asf_wp\/#organization"},"potentialAction":[{"@type":"SearchAction","target":{"@type":"EntryPoint","urlTemplate":"https:\/\/www.asf-brandenburg.de\/asf_wp\/?s={search_term_string}"},"query-input":{"@type":"PropertyValueSpecification","valueRequired":true,"valueName":"search_term_string"}}],"inLanguage":"de"},{"@type":"Organization","@id":"https:\/\/www.asf-brandenburg.de\/asf_wp\/#organization","name":"Albert-Schweitzer-Familienwerk Brandenburg e. V.","url":"https:\/\/www.asf-brandenburg.de\/asf_wp\/","logo":{"@type":"ImageObject","inLanguage":"de","@id":"https:\/\/www.asf-brandenburg.de\/asf_wp\/#\/schema\/logo\/image\/","url":"https:\/\/www.asf-brandenburg.de\/asf_wp\/wp-content\/uploads\/2018\/08\/Logo_ASF_BRB_318x107.png","contentUrl":"https:\/\/www.asf-brandenburg.de\/asf_wp\/wp-content\/uploads\/2018\/08\/Logo_ASF_BRB_318x107.png","width":318,"height":107,"caption":"Albert-Schweitzer-Familienwerk Brandenburg e. V."},"image":{"@id":"https:\/\/www.asf-brandenburg.de\/asf_wp\/#\/schema\/logo\/image\/"},"sameAs":["https:\/\/www.facebook.com\/AlbertSchweitzerFamilienwerkBrandenburg","https:\/\/www.youtube.com\/@asfbrandenburg","https:\/\/www.instagram.com\/asf_brandenburg\/"]},{"@type":"Person","@id":"https:\/\/www.asf-brandenburg.de\/asf_wp\/#\/schema\/person\/a63ba1553f2aa75f90f3809d9e4a1efc","name":"Web Admin","sameAs":["http:\/\/www.asf-brandenburg.de"],"url":"https:\/\/www.asf-brandenburg.de\/asf_wp\/aktuelles\/author\/asf\/"}]}},"_links":{"self":[{"href":"https:\/\/www.asf-brandenburg.de\/asf_wp\/wp-json\/wp\/v2\/posts\/8890","targetHints":{"allow":["GET"]}}],"collection":[{"href":"https:\/\/www.asf-brandenburg.de\/asf_wp\/wp-json\/wp\/v2\/posts"}],"about":[{"href":"https:\/\/www.asf-brandenburg.de\/asf_wp\/wp-json\/wp\/v2\/types\/post"}],"author":[{"embeddable":true,"href":"https:\/\/www.asf-brandenburg.de\/asf_wp\/wp-json\/wp\/v2\/users\/2"}],"replies":[{"embeddable":true,"href":"https:\/\/www.asf-brandenburg.de\/asf_wp\/wp-json\/wp\/v2\/comments?post=8890"}],"version-history":[{"count":2,"href":"https:\/\/www.asf-brandenburg.de\/asf_wp\/wp-json\/wp\/v2\/posts\/8890\/revisions"}],"predecessor-version":[{"id":8947,"href":"https:\/\/www.asf-brandenburg.de\/asf_wp\/wp-json\/wp\/v2\/posts\/8890\/revisions\/8947"}],"wp:featuredmedia":[{"embeddable":true,"href":"https:\/\/www.asf-brandenburg.de\/asf_wp\/wp-json\/wp\/v2\/media\/8891"}],"wp:attachment":[{"href":"https:\/\/www.asf-brandenburg.de\/asf_wp\/wp-json\/wp\/v2\/media?parent=8890"}],"wp:term":[{"taxonomy":"category","embeddable":true,"href":"https:\/\/www.asf-brandenburg.de\/asf_wp\/wp-json\/wp\/v2\/categories?post=8890"},{"taxonomy":"post_tag","embeddable":true,"href":"https:\/\/www.asf-brandenburg.de\/asf_wp\/wp-json\/wp\/v2\/tags?post=8890"}],"curies":[{"name":"wp","href":"https:\/\/api.w.org\/{rel}","templated":true}]}}