{"id":7674,"date":"2023-09-12T11:52:31","date_gmt":"2023-09-12T09:52:31","guid":{"rendered":"https:\/\/www.asf-brandenburg.de\/asf_wp\/?p=7674"},"modified":"2023-09-12T16:22:42","modified_gmt":"2023-09-12T14:22:42","slug":"lhl_verkehrserziehung","status":"publish","type":"post","link":"https:\/\/www.asf-brandenburg.de\/asf_wp\/aktuelles\/2023\/lhl_verkehrserziehung\/","title":{"rendered":"Gef\u00e4hrliches Gef\u00e4hrt im Stra\u00dfenverkehr: Drittkl\u00e4ssler des Lausitzer Haus des Lernens bekommen LKW-Lehrstunde"},"content":{"rendered":"<div class=\"fusion-fullwidth fullwidth-box fusion-builder-row-1 fusion-flex-container has-pattern-background has-mask-background nonhundred-percent-fullwidth non-hundred-percent-height-scrolling\" style=\"--awb-border-radius-top-left:0px;--awb-border-radius-top-right:0px;--awb-border-radius-bottom-right:0px;--awb-border-radius-bottom-left:0px;--awb-flex-wrap:wrap;\" ><div class=\"fusion-builder-row fusion-row fusion-flex-align-items-flex-start fusion-flex-content-wrap\" style=\"max-width:1331.2px;margin-left: calc(-4% \/ 2 );margin-right: calc(-4% \/ 2 );\"><div class=\"fusion-layout-column fusion_builder_column fusion-builder-column-0 fusion_builder_column_1_1 1_1 fusion-flex-column\" style=\"--awb-bg-size:cover;--awb-width-large:100%;--awb-margin-top-large:0px;--awb-spacing-right-large:1.92%;--awb-margin-bottom-large:20px;--awb-spacing-left-large:1.92%;--awb-width-medium:100%;--awb-order-medium:0;--awb-spacing-right-medium:1.92%;--awb-spacing-left-medium:1.92%;--awb-width-small:100%;--awb-order-small:0;--awb-spacing-right-small:1.92%;--awb-spacing-left-small:1.92%;\"><div class=\"fusion-column-wrapper fusion-column-has-shadow fusion-flex-justify-content-flex-start fusion-content-layout-column\"><div class=\"fusion-image-element \" style=\"--awb-caption-title-font-family:var(--h2_typography-font-family);--awb-caption-title-font-weight:var(--h2_typography-font-weight);--awb-caption-title-font-style:var(--h2_typography-font-style);--awb-caption-title-size:var(--h2_typography-font-size);--awb-caption-title-transform:var(--h2_typography-text-transform);--awb-caption-title-line-height:var(--h2_typography-line-height);--awb-caption-title-letter-spacing:var(--h2_typography-letter-spacing);\"><span class=\" fusion-imageframe imageframe-none imageframe-1 hover-type-none\"><img decoding=\"async\" src=\"https:\/\/www.asf-brandenburg.de\/asf_wp\/wp-content\/uploads\/2023\/09\/20230911_101252-248x300.jpg\" alt class=\"img-responsive\"\/><\/span><\/div><\/div><\/div><\/div><\/div><div class=\"fusion-fullwidth fullwidth-box fusion-builder-row-2 fusion-flex-container has-pattern-background has-mask-background nonhundred-percent-fullwidth non-hundred-percent-height-scrolling\" style=\"--awb-border-radius-top-left:0px;--awb-border-radius-top-right:0px;--awb-border-radius-bottom-right:0px;--awb-border-radius-bottom-left:0px;--awb-flex-wrap:wrap;\" ><div class=\"fusion-builder-row fusion-row fusion-flex-align-items-flex-start fusion-flex-content-wrap\" style=\"max-width:1331.2px;margin-left: calc(-4% \/ 2 );margin-right: calc(-4% \/ 2 );\"><div class=\"fusion-layout-column fusion_builder_column fusion-builder-column-1 fusion_builder_column_1_2 1_2 fusion-flex-column\" style=\"--awb-bg-size:cover;--awb-width-large:50%;--awb-margin-top-large:0px;--awb-spacing-right-large:3.84%;--awb-margin-bottom-large:20px;--awb-spacing-left-large:3.84%;--awb-width-medium:100%;--awb-order-medium:0;--awb-spacing-right-medium:1.92%;--awb-spacing-left-medium:1.92%;--awb-width-small:100%;--awb-order-small:0;--awb-spacing-right-small:1.92%;--awb-spacing-left-small:1.92%;\"><div class=\"fusion-column-wrapper fusion-column-has-shadow fusion-flex-justify-content-flex-start fusion-content-layout-column\"><div class=\"fusion-text fusion-text-1\"><p>Die Fakten sind gruselig: 2022 wurde im Schnitt alle 20 Minuten ein Kind bei einem Verkehrsunfall verletzt oder get\u00f6tet. Oder in Zahlen ausgedr\u00fcckt: 25.800 Kinder sind w\u00e4hrend eines Jahres auf Deutschlands Stra\u00dfen zu Schaden gekommen. Noch bedenklicher: Die 6- bis 14-J\u00e4hrigen verungl\u00fccken montags bis freitags besonders h\u00e4ufig in der Zeit von 7 bis 8 Uhr \u2013 das ist nicht nur zuf\u00e4llig die \u00fcbliche Zeit, zu der sich die Kinder auf dem Weg zur Schule befinden. (Quelle: Statistisches Bundesamt, www.destatis.de).<\/p>\n<p>Das ist Grund genug, um die Verkehrserziehung im Lausitzer Haus des Lernens mit Erlebnischarakter \u2013 und damit mit Nachdruck \u2013 zu gestalten. Lehrerin Karola Schmidtke schnappte sich ihre 3. Klasse f\u00fcr einen Ausflug mit Aha-Effekt. Sch\u00fcler-Papa Alexander Zedel hat sich bereit erkl\u00e4rt, sein Dienstauto f\u00fcr eine Lernstunde bereitzustellen. Sein Dienstfahrzeug, das ist ein 40-Tonnen-K\u00fchlfahrzeug mit 16,5 Meter L\u00e4nge, 2,5 Meter Breite und 4 Meter H\u00f6he, das sich am Montagvormittag auf einem stillgelegten Parkplatz man\u00f6vriert, wo schon die Sch\u00fclerinnen und Sch\u00fcler auf ihn warten. Alexander Zedel erkl\u00e4rt ihnen die Technik und was ein LKW kann und was er nicht kann: zum Beispiel Menschen sehen, die sich im toten Winkel aufhalten. Oder Rechtsabbieger an einer Kreuzung, die nicht gen\u00fcgend Zeit einplanen. Bis zu 30 Kinder k\u00f6nnen sich im toten Winkel aufhalten und sind damit in Lebensgefahr. Soweit die Theorie.<\/p>\n<p>Die Kinder reihen sich ein, um nacheinander die Leiter in das Fahrerhaus hochzukraxeln und sich das monstr\u00f6se Gef\u00e4hrt von oben anzuschauen. LKW-Abbiegeunf\u00e4lle enden oft t\u00f6dlich, auch wegen fehlender Assistenzsysteme. Doch nur etwa acht Prozent der LKWs besitzen die moderne Technik. Aber auch ein stehender LKW birgt Gefahr:\u00a0 Der abgekoppelte Auflieger und auch die Ladung und Fracht k\u00f6nnen kippen und m\u00fcssen immer gesichert sein. Auch hier gilt: Von einem LKW h\u00e4lt man als Fu\u00dfg\u00e4nger und Fahrradfahrer am besten immer und gro\u00dfen Abstand \u2013 trotz Spiegeln, Sensoren und Kameras.<\/p>\n<p>Die Sachkunde-Lehrstunde ist Teil der Stra\u00dfenverkehrserziehung des Lausitzer Haus des Lernens. Die Kinder waren interessiert und staunend dabei. Unter anderem weil im n\u00e4chsten Schuljahr auch die Fahrradpr\u00fcfung f\u00fcr die Klasse ansteht \u2013 sp\u00e4testens dann wird das LKW-Wissen aufgefrischt.<\/p>\n<\/div><\/div><\/div><div class=\"fusion-layout-column fusion_builder_column fusion-builder-column-2 fusion_builder_column_1_2 1_2 fusion-flex-column\" style=\"--awb-bg-size:cover;--awb-width-large:50%;--awb-margin-top-large:0px;--awb-spacing-right-large:3.84%;--awb-margin-bottom-large:20px;--awb-spacing-left-large:3.84%;--awb-width-medium:100%;--awb-order-medium:0;--awb-spacing-right-medium:1.92%;--awb-spacing-left-medium:1.92%;--awb-width-small:100%;--awb-order-small:0;--awb-spacing-right-small:1.92%;--awb-spacing-left-small:1.92%;\"><div class=\"fusion-column-wrapper fusion-column-has-shadow fusion-flex-justify-content-flex-start fusion-content-layout-column\"><div class=\"fusion-image-element awb-imageframe-style awb-imageframe-style-below awb-imageframe-style-2\" style=\"--awb-caption-title-font-family:var(--h2_typography-font-family);--awb-caption-title-font-weight:var(--h2_typography-font-weight);--awb-caption-title-font-style:var(--h2_typography-font-style);--awb-caption-title-size:var(--h2_typography-font-size);--awb-caption-title-transform:var(--h2_typography-text-transform);--awb-caption-title-line-height:var(--h2_typography-line-height);--awb-caption-title-letter-spacing:var(--h2_typography-letter-spacing);\"><span class=\" fusion-imageframe imageframe-none imageframe-2 hover-type-none\"><img decoding=\"async\" src=\"https:\/\/www.asf-brandenburg.de\/asf_wp\/wp-content\/uploads\/2023\/09\/20230911_1013121-225x300.jpg\" alt class=\"img-responsive\"\/><\/span><div class=\"awb-imageframe-caption-container\"><div class=\"awb-imageframe-caption\"><p class=\"awb-imageframe-caption-text\">Wie viel sieht ein LKW-Fahrer beim Abbiegen? Die Kinder haben es selbst getestet. Und erinnern sich beim n\u00e4chsten Stra\u00dfen \u00fcberqueren hoffentlich daran.<\/p><\/div><\/div><\/div><div class=\"fusion-text fusion-text-2\"><p><span style=\"color: #ffffff;\">:<\/span><\/p>\n<p><span style=\"color: #ffffff;\">:<\/span><\/p>\n<\/div><div class=\"fusion-image-element awb-imageframe-style awb-imageframe-style-below awb-imageframe-style-3\" style=\"--awb-caption-title-font-family:var(--h2_typography-font-family);--awb-caption-title-font-weight:var(--h2_typography-font-weight);--awb-caption-title-font-style:var(--h2_typography-font-style);--awb-caption-title-size:var(--h2_typography-font-size);--awb-caption-title-transform:var(--h2_typography-text-transform);--awb-caption-title-line-height:var(--h2_typography-line-height);--awb-caption-title-letter-spacing:var(--h2_typography-letter-spacing);\"><span class=\" fusion-imageframe imageframe-none imageframe-3 hover-type-none\"><img decoding=\"async\" width=\"225\" height=\"300\" src=\"https:\/\/www.asf-brandenburg.de\/asf_wp\/wp-content\/uploads\/2023\/09\/20230911_095547-225x300.jpg\" alt class=\"img-responsive wp-image-7683\" srcset=\"https:\/\/www.asf-brandenburg.de\/asf_wp\/wp-content\/uploads\/2023\/09\/20230911_095547-200x267.jpg 200w, https:\/\/www.asf-brandenburg.de\/asf_wp\/wp-content\/uploads\/2023\/09\/20230911_095547-400x533.jpg 400w, https:\/\/www.asf-brandenburg.de\/asf_wp\/wp-content\/uploads\/2023\/09\/20230911_095547-600x800.jpg 600w, https:\/\/www.asf-brandenburg.de\/asf_wp\/wp-content\/uploads\/2023\/09\/20230911_095547-800x1067.jpg 800w, https:\/\/www.asf-brandenburg.de\/asf_wp\/wp-content\/uploads\/2023\/09\/20230911_095547-1200x1600.jpg 1200w, https:\/\/www.asf-brandenburg.de\/asf_wp\/wp-content\/uploads\/2023\/09\/20230911_095547-scaled.jpg 1920w\" sizes=\"(max-width: 1280px) 100vw, (max-width: 770px) 100vw, 800px\" \/><\/span><div class=\"awb-imageframe-caption-container\"><div class=\"awb-imageframe-caption\"><p class=\"awb-imageframe-caption-text\">Interessiert dabei: Die Sch\u00fclerinnen und Sch\u00fcler der dritten Klasse hatten viele Fragen an Berufsfahrer Alexander Zedel. Unser Dankesch\u00f6n gilt ihm f\u00fcr seine Bereitschaft, lebendige Einblicke in die Gefahren der LKWs zu geben. <\/p><\/div><\/div><\/div><div class=\"fusion-text fusion-text-3\"><p><span style=\"color: #ffffff;\">:<\/span><\/p>\n<p><span style=\"color: #ffffff;\">:<\/span><\/p>\n<\/div><\/div><\/div><\/div><\/div><div class=\"fusion-fullwidth fullwidth-box fusion-builder-row-3 fusion-flex-container has-pattern-background has-mask-background nonhundred-percent-fullwidth non-hundred-percent-height-scrolling\" style=\"--awb-border-radius-top-left:0px;--awb-border-radius-top-right:0px;--awb-border-radius-bottom-right:0px;--awb-border-radius-bottom-left:0px;--awb-flex-wrap:wrap;\" ><div class=\"fusion-builder-row fusion-row fusion-flex-align-items-flex-start fusion-flex-content-wrap\" style=\"max-width:1331.2px;margin-left: calc(-4% \/ 2 );margin-right: calc(-4% \/ 2 );\"><div class=\"fusion-layout-column fusion_builder_column fusion-builder-column-3 fusion_builder_column_1_2 1_2 fusion-flex-column\" style=\"--awb-bg-size:cover;--awb-width-large:50%;--awb-margin-top-large:0px;--awb-spacing-right-large:3.84%;--awb-margin-bottom-large:20px;--awb-spacing-left-large:3.84%;--awb-width-medium:100%;--awb-order-medium:0;--awb-spacing-right-medium:1.92%;--awb-spacing-left-medium:1.92%;--awb-width-small:100%;--awb-order-small:0;--awb-spacing-right-small:1.92%;--awb-spacing-left-small:1.92%;\"><div class=\"fusion-column-wrapper fusion-column-has-shadow fusion-flex-justify-content-flex-start fusion-content-layout-column\"><div class=\"fusion-image-element awb-imageframe-style awb-imageframe-style-below awb-imageframe-style-4\" style=\"--awb-caption-title-font-family:var(--h2_typography-font-family);--awb-caption-title-font-weight:var(--h2_typography-font-weight);--awb-caption-title-font-style:var(--h2_typography-font-style);--awb-caption-title-size:var(--h2_typography-font-size);--awb-caption-title-transform:var(--h2_typography-text-transform);--awb-caption-title-line-height:var(--h2_typography-line-height);--awb-caption-title-letter-spacing:var(--h2_typography-letter-spacing);\"><span class=\" fusion-imageframe imageframe-none imageframe-4 hover-type-none\"><img decoding=\"async\" width=\"225\" height=\"300\" src=\"https:\/\/www.asf-brandenburg.de\/asf_wp\/wp-content\/uploads\/2023\/09\/IMG-20230911-WA0047-1-225x300.jpg\" alt class=\"img-responsive wp-image-7694\" srcset=\"https:\/\/www.asf-brandenburg.de\/asf_wp\/wp-content\/uploads\/2023\/09\/IMG-20230911-WA0047-1-200x267.jpg 200w, https:\/\/www.asf-brandenburg.de\/asf_wp\/wp-content\/uploads\/2023\/09\/IMG-20230911-WA0047-1-400x533.jpg 400w, https:\/\/www.asf-brandenburg.de\/asf_wp\/wp-content\/uploads\/2023\/09\/IMG-20230911-WA0047-1-600x800.jpg 600w, https:\/\/www.asf-brandenburg.de\/asf_wp\/wp-content\/uploads\/2023\/09\/IMG-20230911-WA0047-1-800x1067.jpg 800w, https:\/\/www.asf-brandenburg.de\/asf_wp\/wp-content\/uploads\/2023\/09\/IMG-20230911-WA0047-1-1200x1600.jpg 1200w, https:\/\/www.asf-brandenburg.de\/asf_wp\/wp-content\/uploads\/2023\/09\/IMG-20230911-WA0047-1.jpg 1536w\" sizes=\"(max-width: 1280px) 100vw, (max-width: 770px) 100vw, 800px\" \/><\/span><div class=\"awb-imageframe-caption-container\"><div class=\"awb-imageframe-caption\"><p class=\"awb-imageframe-caption-text\">Wieder angekoppelt: Die Sch\u00fclerin kurbelt die St\u00e4nder des Aufliegers hoch.<\/p><\/div><\/div><\/div><\/div><\/div><div class=\"fusion-layout-column fusion_builder_column fusion-builder-column-4 fusion_builder_column_1_2 1_2 fusion-flex-column\" style=\"--awb-bg-size:cover;--awb-width-large:50%;--awb-margin-top-large:0px;--awb-spacing-right-large:3.84%;--awb-margin-bottom-large:20px;--awb-spacing-left-large:3.84%;--awb-width-medium:100%;--awb-order-medium:0;--awb-spacing-right-medium:1.92%;--awb-spacing-left-medium:1.92%;--awb-width-small:100%;--awb-order-small:0;--awb-spacing-right-small:1.92%;--awb-spacing-left-small:1.92%;\"><div class=\"fusion-column-wrapper fusion-column-has-shadow fusion-flex-justify-content-flex-start fusion-content-layout-column\"><div class=\"fusion-image-element awb-imageframe-style awb-imageframe-style-below awb-imageframe-style-5\" style=\"--awb-caption-title-font-family:var(--h2_typography-font-family);--awb-caption-title-font-weight:var(--h2_typography-font-weight);--awb-caption-title-font-style:var(--h2_typography-font-style);--awb-caption-title-size:var(--h2_typography-font-size);--awb-caption-title-transform:var(--h2_typography-text-transform);--awb-caption-title-line-height:var(--h2_typography-line-height);--awb-caption-title-letter-spacing:var(--h2_typography-letter-spacing);\"><span class=\" fusion-imageframe imageframe-none imageframe-5 hover-type-none\"><img decoding=\"async\" width=\"225\" height=\"300\" src=\"https:\/\/www.asf-brandenburg.de\/asf_wp\/wp-content\/uploads\/2023\/09\/20230911_100849-225x300.jpg\" alt class=\"img-responsive wp-image-7697\" srcset=\"https:\/\/www.asf-brandenburg.de\/asf_wp\/wp-content\/uploads\/2023\/09\/20230911_100849-200x267.jpg 200w, https:\/\/www.asf-brandenburg.de\/asf_wp\/wp-content\/uploads\/2023\/09\/20230911_100849-400x533.jpg 400w, https:\/\/www.asf-brandenburg.de\/asf_wp\/wp-content\/uploads\/2023\/09\/20230911_100849-600x800.jpg 600w, https:\/\/www.asf-brandenburg.de\/asf_wp\/wp-content\/uploads\/2023\/09\/20230911_100849-800x1067.jpg 800w, https:\/\/www.asf-brandenburg.de\/asf_wp\/wp-content\/uploads\/2023\/09\/20230911_100849-1200x1600.jpg 1200w, https:\/\/www.asf-brandenburg.de\/asf_wp\/wp-content\/uploads\/2023\/09\/20230911_100849-scaled.jpg 1920w\" sizes=\"(max-width: 1280px) 100vw, (max-width: 770px) 100vw, 800px\" \/><\/span><div class=\"awb-imageframe-caption-container\"><div class=\"awb-imageframe-caption\"><p class=\"awb-imageframe-caption-text\">Verkehrserziehung abseits des Lehrbuchs: Erfahrungslernen ist Erlebnislernen! Die Kinder durchleben in den Nachbesprechungen die LKW-Lernstunde nochmal. Wissen kann somit optimal \u00fcbernommen und vertieft werden.<\/p><\/div><\/div><\/div><\/div><\/div><\/div><\/div>\n","protected":false},"excerpt":{"rendered":"<p>Der Horror jeder Eltern: Das Kind wird auf dem Schulweg vom LKW erfasst. Die Statistik sagt leider: Die Angst ist nicht unbegr\u00fcndet. Grund genug f\u00fcr Lehrerin Karola Schmidtke, ihre dritte Klasse zu einem eindrucksvollen Lernausflug auszuf\u00fchren.<\/p>\n","protected":false},"author":2,"featured_media":7679,"comment_status":"closed","ping_status":"open","sticky":false,"template":"","format":"standard","meta":{"inline_featured_image":false,"footnotes":""},"categories":[164,18],"tags":[80],"class_list":["post-7674","post","type-post","status-publish","format-standard","has-post-thumbnail","hentry","category-neugkeiten-2023","category-schule","tag-albert-schweitzer-familienwerk-brandenburg-e-v"],"yoast_head":"<!-- This site is optimized with the Yoast SEO plugin v27.5 - https:\/\/yoast.com\/product\/yoast-seo-wordpress\/ -->\n<title>Gef\u00e4hrliches Gef\u00e4hrt im Stra\u00dfenverkehr: Drittkl\u00e4ssler des Lausitzer Haus des Lernens bekommen LKW-Lehrstunde<\/title>\n<meta name=\"description\" content=\"Der Horror jeder Eltern: Das Kind wird auf dem Schulweg vom LKW erfasst. Die Statistik sagt leider: Die Angst ist nicht unbegr\u00fcndet. Grund genug f\u00fcr Lehrerin Karola Schmidtke, ihre dritte Klasse zu einem eindrucksvollen Lernausflug auszuf\u00fchren.\" \/>\n<meta name=\"robots\" content=\"index, follow, max-snippet:-1, max-image-preview:large, max-video-preview:-1\" \/>\n<link rel=\"canonical\" href=\"https:\/\/www.asf-brandenburg.de\/asf_wp\/aktuelles\/2023\/lhl_verkehrserziehung\/\" \/>\n<meta property=\"og:locale\" content=\"de_DE\" \/>\n<meta property=\"og:type\" content=\"article\" \/>\n<meta property=\"og:title\" content=\"Gef\u00e4hrliches Gef\u00e4hrt im Stra\u00dfenverkehr: Drittkl\u00e4ssler des Lausitzer Haus des Lernens bekommen LKW-Lehrstunde\" \/>\n<meta property=\"og:description\" content=\"Der Horror jeder Eltern: Das Kind wird auf dem Schulweg vom LKW erfasst. Die Statistik sagt leider: Die Angst ist nicht unbegr\u00fcndet. Grund genug f\u00fcr Lehrerin Karola Schmidtke, ihre dritte Klasse zu einem eindrucksvollen Lernausflug auszuf\u00fchren.\" \/>\n<meta property=\"og:url\" content=\"https:\/\/www.asf-brandenburg.de\/asf_wp\/aktuelles\/2023\/lhl_verkehrserziehung\/\" \/>\n<meta property=\"og:site_name\" content=\"Albert-Schweitzer-Familienwerk Brandenburg e.V.\" \/>\n<meta property=\"article:publisher\" content=\"https:\/\/www.facebook.com\/AlbertSchweitzerFamilienwerkBrandenburg\" \/>\n<meta property=\"article:published_time\" content=\"2023-09-12T09:52:31+00:00\" \/>\n<meta property=\"article:modified_time\" content=\"2023-09-12T14:22:42+00:00\" \/>\n<meta property=\"og:image\" content=\"https:\/\/www.asf-brandenburg.de\/asf_wp\/wp-content\/uploads\/2023\/09\/20230911_095623-1-scaled.jpg\" \/>\n\t<meta property=\"og:image:width\" content=\"1920\" \/>\n\t<meta property=\"og:image:height\" content=\"2560\" \/>\n\t<meta property=\"og:image:type\" content=\"image\/jpeg\" \/>\n<meta name=\"author\" content=\"Web Admin\" \/>\n<meta name=\"twitter:card\" content=\"summary_large_image\" \/>\n<meta name=\"twitter:label1\" content=\"Verfasst von\" \/>\n\t<meta name=\"twitter:data1\" content=\"Web Admin\" \/>\n\t<meta name=\"twitter:label2\" content=\"Gesch\u00e4tzte Lesezeit\" \/>\n\t<meta name=\"twitter:data2\" content=\"13\u00a0Minuten\" \/>\n<script type=\"application\/ld+json\" class=\"yoast-schema-graph\">{\"@context\":\"https:\\\/\\\/schema.org\",\"@graph\":[{\"@type\":\"Article\",\"@id\":\"https:\\\/\\\/www.asf-brandenburg.de\\\/asf_wp\\\/aktuelles\\\/2023\\\/lhl_verkehrserziehung\\\/#article\",\"isPartOf\":{\"@id\":\"https:\\\/\\\/www.asf-brandenburg.de\\\/asf_wp\\\/aktuelles\\\/2023\\\/lhl_verkehrserziehung\\\/\"},\"author\":{\"name\":\"Web Admin\",\"@id\":\"https:\\\/\\\/www.asf-brandenburg.de\\\/asf_wp\\\/#\\\/schema\\\/person\\\/a63ba1553f2aa75f90f3809d9e4a1efc\"},\"headline\":\"Gef\u00e4hrliches Gef\u00e4hrt im Stra\u00dfenverkehr: Drittkl\u00e4ssler des Lausitzer Haus des Lernens bekommen LKW-Lehrstunde\",\"datePublished\":\"2023-09-12T09:52:31+00:00\",\"dateModified\":\"2023-09-12T14:22:42+00:00\",\"mainEntityOfPage\":{\"@id\":\"https:\\\/\\\/www.asf-brandenburg.de\\\/asf_wp\\\/aktuelles\\\/2023\\\/lhl_verkehrserziehung\\\/\"},\"wordCount\":5644,\"publisher\":{\"@id\":\"https:\\\/\\\/www.asf-brandenburg.de\\\/asf_wp\\\/#organization\"},\"image\":{\"@id\":\"https:\\\/\\\/www.asf-brandenburg.de\\\/asf_wp\\\/aktuelles\\\/2023\\\/lhl_verkehrserziehung\\\/#primaryimage\"},\"thumbnailUrl\":\"https:\\\/\\\/www.asf-brandenburg.de\\\/asf_wp\\\/wp-content\\\/uploads\\\/2023\\\/09\\\/20230911_095623-1-scaled.jpg\",\"keywords\":[\"Albert-Schweitzer-Familienwerk Brandenburg e.V.\"],\"articleSection\":[\"Neugkeiten 2023\",\"Schule\"],\"inLanguage\":\"de\"},{\"@type\":\"WebPage\",\"@id\":\"https:\\\/\\\/www.asf-brandenburg.de\\\/asf_wp\\\/aktuelles\\\/2023\\\/lhl_verkehrserziehung\\\/\",\"url\":\"https:\\\/\\\/www.asf-brandenburg.de\\\/asf_wp\\\/aktuelles\\\/2023\\\/lhl_verkehrserziehung\\\/\",\"name\":\"Gef\u00e4hrliches Gef\u00e4hrt im Stra\u00dfenverkehr: Drittkl\u00e4ssler des Lausitzer Haus des Lernens bekommen LKW-Lehrstunde\",\"isPartOf\":{\"@id\":\"https:\\\/\\\/www.asf-brandenburg.de\\\/asf_wp\\\/#website\"},\"primaryImageOfPage\":{\"@id\":\"https:\\\/\\\/www.asf-brandenburg.de\\\/asf_wp\\\/aktuelles\\\/2023\\\/lhl_verkehrserziehung\\\/#primaryimage\"},\"image\":{\"@id\":\"https:\\\/\\\/www.asf-brandenburg.de\\\/asf_wp\\\/aktuelles\\\/2023\\\/lhl_verkehrserziehung\\\/#primaryimage\"},\"thumbnailUrl\":\"https:\\\/\\\/www.asf-brandenburg.de\\\/asf_wp\\\/wp-content\\\/uploads\\\/2023\\\/09\\\/20230911_095623-1-scaled.jpg\",\"datePublished\":\"2023-09-12T09:52:31+00:00\",\"dateModified\":\"2023-09-12T14:22:42+00:00\",\"description\":\"Der Horror jeder Eltern: Das Kind wird auf dem Schulweg vom LKW erfasst. Die Statistik sagt leider: Die Angst ist nicht unbegr\u00fcndet. Grund genug f\u00fcr Lehrerin Karola Schmidtke, ihre dritte Klasse zu einem eindrucksvollen Lernausflug auszuf\u00fchren.\",\"breadcrumb\":{\"@id\":\"https:\\\/\\\/www.asf-brandenburg.de\\\/asf_wp\\\/aktuelles\\\/2023\\\/lhl_verkehrserziehung\\\/#breadcrumb\"},\"inLanguage\":\"de\",\"potentialAction\":[{\"@type\":\"ReadAction\",\"target\":[\"https:\\\/\\\/www.asf-brandenburg.de\\\/asf_wp\\\/aktuelles\\\/2023\\\/lhl_verkehrserziehung\\\/\"]}]},{\"@type\":\"ImageObject\",\"inLanguage\":\"de\",\"@id\":\"https:\\\/\\\/www.asf-brandenburg.de\\\/asf_wp\\\/aktuelles\\\/2023\\\/lhl_verkehrserziehung\\\/#primaryimage\",\"url\":\"https:\\\/\\\/www.asf-brandenburg.de\\\/asf_wp\\\/wp-content\\\/uploads\\\/2023\\\/09\\\/20230911_095623-1-scaled.jpg\",\"contentUrl\":\"https:\\\/\\\/www.asf-brandenburg.de\\\/asf_wp\\\/wp-content\\\/uploads\\\/2023\\\/09\\\/20230911_095623-1-scaled.jpg\",\"width\":1920,\"height\":2560},{\"@type\":\"BreadcrumbList\",\"@id\":\"https:\\\/\\\/www.asf-brandenburg.de\\\/asf_wp\\\/aktuelles\\\/2023\\\/lhl_verkehrserziehung\\\/#breadcrumb\",\"itemListElement\":[{\"@type\":\"ListItem\",\"position\":1,\"name\":\"Startseite\",\"item\":\"https:\\\/\\\/www.asf-brandenburg.de\\\/asf_wp\\\/\"},{\"@type\":\"ListItem\",\"position\":2,\"name\":\"Gef\u00e4hrliches Gef\u00e4hrt im Stra\u00dfenverkehr: Drittkl\u00e4ssler des Lausitzer Haus des Lernens bekommen LKW-Lehrstunde\"}]},{\"@type\":\"WebSite\",\"@id\":\"https:\\\/\\\/www.asf-brandenburg.de\\\/asf_wp\\\/#website\",\"url\":\"https:\\\/\\\/www.asf-brandenburg.de\\\/asf_wp\\\/\",\"name\":\"Albert-Schweitzer-Kinderd\u00f6rfer und Familienwerke Brandenburg e. V.\",\"description\":\"\",\"publisher\":{\"@id\":\"https:\\\/\\\/www.asf-brandenburg.de\\\/asf_wp\\\/#organization\"},\"potentialAction\":[{\"@type\":\"SearchAction\",\"target\":{\"@type\":\"EntryPoint\",\"urlTemplate\":\"https:\\\/\\\/www.asf-brandenburg.de\\\/asf_wp\\\/?s={search_term_string}\"},\"query-input\":{\"@type\":\"PropertyValueSpecification\",\"valueRequired\":true,\"valueName\":\"search_term_string\"}}],\"inLanguage\":\"de\"},{\"@type\":\"Organization\",\"@id\":\"https:\\\/\\\/www.asf-brandenburg.de\\\/asf_wp\\\/#organization\",\"name\":\"Albert-Schweitzer-Familienwerk Brandenburg e. V.\",\"url\":\"https:\\\/\\\/www.asf-brandenburg.de\\\/asf_wp\\\/\",\"logo\":{\"@type\":\"ImageObject\",\"inLanguage\":\"de\",\"@id\":\"https:\\\/\\\/www.asf-brandenburg.de\\\/asf_wp\\\/#\\\/schema\\\/logo\\\/image\\\/\",\"url\":\"https:\\\/\\\/www.asf-brandenburg.de\\\/asf_wp\\\/wp-content\\\/uploads\\\/2018\\\/08\\\/Logo_ASF_BRB_318x107.png\",\"contentUrl\":\"https:\\\/\\\/www.asf-brandenburg.de\\\/asf_wp\\\/wp-content\\\/uploads\\\/2018\\\/08\\\/Logo_ASF_BRB_318x107.png\",\"width\":318,\"height\":107,\"caption\":\"Albert-Schweitzer-Familienwerk Brandenburg e. V.\"},\"image\":{\"@id\":\"https:\\\/\\\/www.asf-brandenburg.de\\\/asf_wp\\\/#\\\/schema\\\/logo\\\/image\\\/\"},\"sameAs\":[\"https:\\\/\\\/www.facebook.com\\\/AlbertSchweitzerFamilienwerkBrandenburg\",\"https:\\\/\\\/www.youtube.com\\\/@asfbrandenburg\",\"https:\\\/\\\/www.instagram.com\\\/asf_brandenburg\\\/\"]},{\"@type\":\"Person\",\"@id\":\"https:\\\/\\\/www.asf-brandenburg.de\\\/asf_wp\\\/#\\\/schema\\\/person\\\/a63ba1553f2aa75f90f3809d9e4a1efc\",\"name\":\"Web Admin\",\"sameAs\":[\"http:\\\/\\\/www.asf-brandenburg.de\"],\"url\":\"https:\\\/\\\/www.asf-brandenburg.de\\\/asf_wp\\\/aktuelles\\\/author\\\/asf\\\/\"}]}<\/script>\n<!-- \/ Yoast SEO plugin. -->","yoast_head_json":{"title":"Gef\u00e4hrliches Gef\u00e4hrt im Stra\u00dfenverkehr: Drittkl\u00e4ssler des Lausitzer Haus des Lernens bekommen LKW-Lehrstunde","description":"Der Horror jeder Eltern: Das Kind wird auf dem Schulweg vom LKW erfasst. Die Statistik sagt leider: Die Angst ist nicht unbegr\u00fcndet. Grund genug f\u00fcr Lehrerin Karola Schmidtke, ihre dritte Klasse zu einem eindrucksvollen Lernausflug auszuf\u00fchren.","robots":{"index":"index","follow":"follow","max-snippet":"max-snippet:-1","max-image-preview":"max-image-preview:large","max-video-preview":"max-video-preview:-1"},"canonical":"https:\/\/www.asf-brandenburg.de\/asf_wp\/aktuelles\/2023\/lhl_verkehrserziehung\/","og_locale":"de_DE","og_type":"article","og_title":"Gef\u00e4hrliches Gef\u00e4hrt im Stra\u00dfenverkehr: Drittkl\u00e4ssler des Lausitzer Haus des Lernens bekommen LKW-Lehrstunde","og_description":"Der Horror jeder Eltern: Das Kind wird auf dem Schulweg vom LKW erfasst. Die Statistik sagt leider: Die Angst ist nicht unbegr\u00fcndet. Grund genug f\u00fcr Lehrerin Karola Schmidtke, ihre dritte Klasse zu einem eindrucksvollen Lernausflug auszuf\u00fchren.","og_url":"https:\/\/www.asf-brandenburg.de\/asf_wp\/aktuelles\/2023\/lhl_verkehrserziehung\/","og_site_name":"Albert-Schweitzer-Familienwerk Brandenburg e.V.","article_publisher":"https:\/\/www.facebook.com\/AlbertSchweitzerFamilienwerkBrandenburg","article_published_time":"2023-09-12T09:52:31+00:00","article_modified_time":"2023-09-12T14:22:42+00:00","og_image":[{"width":1920,"height":2560,"url":"https:\/\/www.asf-brandenburg.de\/asf_wp\/wp-content\/uploads\/2023\/09\/20230911_095623-1-scaled.jpg","type":"image\/jpeg"}],"author":"Web Admin","twitter_card":"summary_large_image","twitter_misc":{"Verfasst von":"Web Admin","Gesch\u00e4tzte Lesezeit":"13\u00a0Minuten"},"schema":{"@context":"https:\/\/schema.org","@graph":[{"@type":"Article","@id":"https:\/\/www.asf-brandenburg.de\/asf_wp\/aktuelles\/2023\/lhl_verkehrserziehung\/#article","isPartOf":{"@id":"https:\/\/www.asf-brandenburg.de\/asf_wp\/aktuelles\/2023\/lhl_verkehrserziehung\/"},"author":{"name":"Web Admin","@id":"https:\/\/www.asf-brandenburg.de\/asf_wp\/#\/schema\/person\/a63ba1553f2aa75f90f3809d9e4a1efc"},"headline":"Gef\u00e4hrliches Gef\u00e4hrt im Stra\u00dfenverkehr: Drittkl\u00e4ssler des Lausitzer Haus des Lernens bekommen LKW-Lehrstunde","datePublished":"2023-09-12T09:52:31+00:00","dateModified":"2023-09-12T14:22:42+00:00","mainEntityOfPage":{"@id":"https:\/\/www.asf-brandenburg.de\/asf_wp\/aktuelles\/2023\/lhl_verkehrserziehung\/"},"wordCount":5644,"publisher":{"@id":"https:\/\/www.asf-brandenburg.de\/asf_wp\/#organization"},"image":{"@id":"https:\/\/www.asf-brandenburg.de\/asf_wp\/aktuelles\/2023\/lhl_verkehrserziehung\/#primaryimage"},"thumbnailUrl":"https:\/\/www.asf-brandenburg.de\/asf_wp\/wp-content\/uploads\/2023\/09\/20230911_095623-1-scaled.jpg","keywords":["Albert-Schweitzer-Familienwerk Brandenburg e.V."],"articleSection":["Neugkeiten 2023","Schule"],"inLanguage":"de"},{"@type":"WebPage","@id":"https:\/\/www.asf-brandenburg.de\/asf_wp\/aktuelles\/2023\/lhl_verkehrserziehung\/","url":"https:\/\/www.asf-brandenburg.de\/asf_wp\/aktuelles\/2023\/lhl_verkehrserziehung\/","name":"Gef\u00e4hrliches Gef\u00e4hrt im Stra\u00dfenverkehr: Drittkl\u00e4ssler des Lausitzer Haus des Lernens bekommen LKW-Lehrstunde","isPartOf":{"@id":"https:\/\/www.asf-brandenburg.de\/asf_wp\/#website"},"primaryImageOfPage":{"@id":"https:\/\/www.asf-brandenburg.de\/asf_wp\/aktuelles\/2023\/lhl_verkehrserziehung\/#primaryimage"},"image":{"@id":"https:\/\/www.asf-brandenburg.de\/asf_wp\/aktuelles\/2023\/lhl_verkehrserziehung\/#primaryimage"},"thumbnailUrl":"https:\/\/www.asf-brandenburg.de\/asf_wp\/wp-content\/uploads\/2023\/09\/20230911_095623-1-scaled.jpg","datePublished":"2023-09-12T09:52:31+00:00","dateModified":"2023-09-12T14:22:42+00:00","description":"Der Horror jeder Eltern: Das Kind wird auf dem Schulweg vom LKW erfasst. Die Statistik sagt leider: Die Angst ist nicht unbegr\u00fcndet. Grund genug f\u00fcr Lehrerin Karola Schmidtke, ihre dritte Klasse zu einem eindrucksvollen Lernausflug auszuf\u00fchren.","breadcrumb":{"@id":"https:\/\/www.asf-brandenburg.de\/asf_wp\/aktuelles\/2023\/lhl_verkehrserziehung\/#breadcrumb"},"inLanguage":"de","potentialAction":[{"@type":"ReadAction","target":["https:\/\/www.asf-brandenburg.de\/asf_wp\/aktuelles\/2023\/lhl_verkehrserziehung\/"]}]},{"@type":"ImageObject","inLanguage":"de","@id":"https:\/\/www.asf-brandenburg.de\/asf_wp\/aktuelles\/2023\/lhl_verkehrserziehung\/#primaryimage","url":"https:\/\/www.asf-brandenburg.de\/asf_wp\/wp-content\/uploads\/2023\/09\/20230911_095623-1-scaled.jpg","contentUrl":"https:\/\/www.asf-brandenburg.de\/asf_wp\/wp-content\/uploads\/2023\/09\/20230911_095623-1-scaled.jpg","width":1920,"height":2560},{"@type":"BreadcrumbList","@id":"https:\/\/www.asf-brandenburg.de\/asf_wp\/aktuelles\/2023\/lhl_verkehrserziehung\/#breadcrumb","itemListElement":[{"@type":"ListItem","position":1,"name":"Startseite","item":"https:\/\/www.asf-brandenburg.de\/asf_wp\/"},{"@type":"ListItem","position":2,"name":"Gef\u00e4hrliches Gef\u00e4hrt im Stra\u00dfenverkehr: Drittkl\u00e4ssler des Lausitzer Haus des Lernens bekommen LKW-Lehrstunde"}]},{"@type":"WebSite","@id":"https:\/\/www.asf-brandenburg.de\/asf_wp\/#website","url":"https:\/\/www.asf-brandenburg.de\/asf_wp\/","name":"Albert-Schweitzer-Kinderd\u00f6rfer und Familienwerke Brandenburg e. V.","description":"","publisher":{"@id":"https:\/\/www.asf-brandenburg.de\/asf_wp\/#organization"},"potentialAction":[{"@type":"SearchAction","target":{"@type":"EntryPoint","urlTemplate":"https:\/\/www.asf-brandenburg.de\/asf_wp\/?s={search_term_string}"},"query-input":{"@type":"PropertyValueSpecification","valueRequired":true,"valueName":"search_term_string"}}],"inLanguage":"de"},{"@type":"Organization","@id":"https:\/\/www.asf-brandenburg.de\/asf_wp\/#organization","name":"Albert-Schweitzer-Familienwerk Brandenburg e. V.","url":"https:\/\/www.asf-brandenburg.de\/asf_wp\/","logo":{"@type":"ImageObject","inLanguage":"de","@id":"https:\/\/www.asf-brandenburg.de\/asf_wp\/#\/schema\/logo\/image\/","url":"https:\/\/www.asf-brandenburg.de\/asf_wp\/wp-content\/uploads\/2018\/08\/Logo_ASF_BRB_318x107.png","contentUrl":"https:\/\/www.asf-brandenburg.de\/asf_wp\/wp-content\/uploads\/2018\/08\/Logo_ASF_BRB_318x107.png","width":318,"height":107,"caption":"Albert-Schweitzer-Familienwerk Brandenburg e. V."},"image":{"@id":"https:\/\/www.asf-brandenburg.de\/asf_wp\/#\/schema\/logo\/image\/"},"sameAs":["https:\/\/www.facebook.com\/AlbertSchweitzerFamilienwerkBrandenburg","https:\/\/www.youtube.com\/@asfbrandenburg","https:\/\/www.instagram.com\/asf_brandenburg\/"]},{"@type":"Person","@id":"https:\/\/www.asf-brandenburg.de\/asf_wp\/#\/schema\/person\/a63ba1553f2aa75f90f3809d9e4a1efc","name":"Web Admin","sameAs":["http:\/\/www.asf-brandenburg.de"],"url":"https:\/\/www.asf-brandenburg.de\/asf_wp\/aktuelles\/author\/asf\/"}]}},"_links":{"self":[{"href":"https:\/\/www.asf-brandenburg.de\/asf_wp\/wp-json\/wp\/v2\/posts\/7674","targetHints":{"allow":["GET"]}}],"collection":[{"href":"https:\/\/www.asf-brandenburg.de\/asf_wp\/wp-json\/wp\/v2\/posts"}],"about":[{"href":"https:\/\/www.asf-brandenburg.de\/asf_wp\/wp-json\/wp\/v2\/types\/post"}],"author":[{"embeddable":true,"href":"https:\/\/www.asf-brandenburg.de\/asf_wp\/wp-json\/wp\/v2\/users\/2"}],"replies":[{"embeddable":true,"href":"https:\/\/www.asf-brandenburg.de\/asf_wp\/wp-json\/wp\/v2\/comments?post=7674"}],"version-history":[{"count":0,"href":"https:\/\/www.asf-brandenburg.de\/asf_wp\/wp-json\/wp\/v2\/posts\/7674\/revisions"}],"wp:featuredmedia":[{"embeddable":true,"href":"https:\/\/www.asf-brandenburg.de\/asf_wp\/wp-json\/wp\/v2\/media\/7679"}],"wp:attachment":[{"href":"https:\/\/www.asf-brandenburg.de\/asf_wp\/wp-json\/wp\/v2\/media?parent=7674"}],"wp:term":[{"taxonomy":"category","embeddable":true,"href":"https:\/\/www.asf-brandenburg.de\/asf_wp\/wp-json\/wp\/v2\/categories?post=7674"},{"taxonomy":"post_tag","embeddable":true,"href":"https:\/\/www.asf-brandenburg.de\/asf_wp\/wp-json\/wp\/v2\/tags?post=7674"}],"curies":[{"name":"wp","href":"https:\/\/api.w.org\/{rel}","templated":true}]}}