{"id":7434,"date":"2023-07-17T14:43:59","date_gmt":"2023-07-17T12:43:59","guid":{"rendered":"https:\/\/www.asf-brandenburg.de\/asf_wp\/?p=7434"},"modified":"2023-07-17T15:02:52","modified_gmt":"2023-07-17T13:02:52","slug":"ladenaufzeit","status":"publish","type":"post","link":"https:\/\/www.asf-brandenburg.de\/asf_wp\/aktuelles\/2023\/ladenaufzeit\/","title":{"rendered":"20. Juli und 27. Juli: Wir stellen uns ins Schaufenster im Spremberger &#8222;Laden auf Zeit&#8220;"},"content":{"rendered":"<div class=\"fusion-fullwidth fullwidth-box fusion-builder-row-1 fusion-flex-container has-pattern-background has-mask-background nonhundred-percent-fullwidth non-hundred-percent-height-scrolling\" style=\"--awb-border-radius-top-left:0px;--awb-border-radius-top-right:0px;--awb-border-radius-bottom-right:0px;--awb-border-radius-bottom-left:0px;--awb-flex-wrap:wrap;\" ><div class=\"fusion-builder-row fusion-row fusion-flex-align-items-flex-start fusion-flex-content-wrap\" style=\"max-width:1331.2px;margin-left: calc(-4% \/ 2 );margin-right: calc(-4% \/ 2 );\"><div class=\"fusion-layout-column fusion_builder_column fusion-builder-column-0 fusion_builder_column_1_2 1_2 fusion-flex-column\" style=\"--awb-bg-size:cover;--awb-width-large:50%;--awb-margin-top-large:0px;--awb-spacing-right-large:3.84%;--awb-margin-bottom-large:20px;--awb-spacing-left-large:3.84%;--awb-width-medium:100%;--awb-order-medium:0;--awb-spacing-right-medium:1.92%;--awb-spacing-left-medium:1.92%;--awb-width-small:100%;--awb-order-small:0;--awb-spacing-right-small:1.92%;--awb-spacing-left-small:1.92%;\"><div class=\"fusion-column-wrapper fusion-column-has-shadow fusion-flex-justify-content-flex-start fusion-content-layout-column\"><div class=\"fusion-text fusion-text-1\"><p><strong>Unterwegs im Laden auf Zeit Spremberg: Die Selbsthilfekontaktstelle Spremberg stellt ihre M\u00f6glichkeiten vor<\/strong><\/p>\n<p>Der erste Schritt kann der schwierigste sein \u2014 muss aber nicht! Ob der Gedanke an eine Selbsthilfegruppe schon mal da war, der Entschluss schon gefasst ist, du eine Selbsthilfegruppe sucht oder eine neue gr\u00fcnden willst: Im Laden auf Zeit stellt sich das Team der Selbsthilfekontaktstelle vor; und die Antwort auf alle Fragen ist nur einen T\u00fcr\u00f6ffner weit entfernt. Ihr w\u00fcrdet euch wundern, zu welchen Themen es schon Selbsthilfegruppen gibt \u2013 vielleicht ist auch euer Herzensthema dabei? Nur Mut!<\/p>\n<p><span style=\"color: #339966;\"><strong>Donnerstag, 20. <\/strong><strong>Juli 2023 <\/strong><strong>| <\/strong><strong>09.30 bis 11.30 Uhr<\/strong><\/span><\/p>\n<p><span style=\"color: #339966;\"><strong>Laden auf Zeit <\/strong><strong>| Lange Stra\u00dfe 21 | <\/strong><strong>03130 Spremberg<\/strong><\/span><\/p>\n<p><strong>Unterwegs im Laden auf Zeit Spremberg: Die Offene Werkstatt Spremberg stellt die LEGO-AG vor<\/strong><\/p>\n<p>Ein Projekt f\u00fcr alle Generationen: Die Offene Werkstatt Spremberg l\u00e4dt alle ab 8 Jahren und \u00e4lter (kein Limit) ein, um sich \u00fcber die LEGO-Werkstatt zu informieren. Das neue Angebot in Sprembergs Mitmachwerkstatt geh\u00f6rt bald zum festen Angebot. Jetzt schon mal begeistern lassen und mitbauen!<\/p>\n<p><span style=\"color: #339966;\"><strong>Donnerstag, 27. Juli 2023 <\/strong><strong>| <\/strong><strong>15.00 bis 17.00 Uhr <\/strong><\/span><\/p>\n<p><span style=\"color: #339966;\"><strong>Laden auf Zeit <\/strong><strong>| Lange Stra\u00dfe 21 | <\/strong><strong>03130 Spremberg<\/strong><\/span><\/p>\n<p>&#8211;&gt; <\/p>\n<p><em>\u00dcber den Laden auf Zeit<\/em><\/p>\n<p>In der Zeit vom 04. bis 28. Juli 2023 \u00f6ffnet in der Langen Stra\u00dfe 21 ein <strong>Wissensladen<\/strong>. Angeboten werden Workshops und Vortr\u00e4ge \u2013 und ein Ideenaustausch f\u00fcr Spremberg. Der Pop-Up-Store ist ein zeitlich befristeter Informationsschauraum w\u00e4hrend des Projektes <a href=\"https:\/\/kommunen-innovativ.de\/altersinnovationen\" target=\"_blank\" rel=\"noopener\"><strong>Kommunen innovativ \u2013 Altersinnovationen<\/strong><\/a>. Er pr\u00e4sentiert die Projektergebnisse, ist aber nun auch Plattform f\u00fcr soziale Tr\u00e4ger und wirtschaftliche Institutionen mit ihren generationsfreien Angeboten.<\/p>\n<\/div><\/div><\/div><div class=\"fusion-layout-column fusion_builder_column fusion-builder-column-1 fusion_builder_column_1_2 1_2 fusion-flex-column\" style=\"--awb-bg-size:cover;--awb-width-large:50%;--awb-margin-top-large:0px;--awb-spacing-right-large:3.84%;--awb-margin-bottom-large:20px;--awb-spacing-left-large:3.84%;--awb-width-medium:100%;--awb-order-medium:0;--awb-spacing-right-medium:1.92%;--awb-spacing-left-medium:1.92%;--awb-width-small:100%;--awb-order-small:0;--awb-spacing-right-small:1.92%;--awb-spacing-left-small:1.92%;\"><div class=\"fusion-column-wrapper fusion-column-has-shadow fusion-flex-justify-content-flex-start fusion-content-layout-column\"><div class=\"fusion-image-element \" style=\"--awb-caption-title-font-family:var(--h2_typography-font-family);--awb-caption-title-font-weight:var(--h2_typography-font-weight);--awb-caption-title-font-style:var(--h2_typography-font-style);--awb-caption-title-size:var(--h2_typography-font-size);--awb-caption-title-transform:var(--h2_typography-text-transform);--awb-caption-title-line-height:var(--h2_typography-line-height);--awb-caption-title-letter-spacing:var(--h2_typography-letter-spacing);\"><span class=\" fusion-imageframe imageframe-none imageframe-1 hover-type-none\"><img decoding=\"async\" width=\"1386\" height=\"1158\" src=\"https:\/\/www.asf-brandenburg.de\/asf_wp\/wp-content\/uploads\/2023\/07\/Design-ohne-Titel-4-1.jpg\" alt class=\"img-responsive wp-image-7444\" srcset=\"https:\/\/www.asf-brandenburg.de\/asf_wp\/wp-content\/uploads\/2023\/07\/Design-ohne-Titel-4-1-200x167.jpg 200w, https:\/\/www.asf-brandenburg.de\/asf_wp\/wp-content\/uploads\/2023\/07\/Design-ohne-Titel-4-1-400x334.jpg 400w, https:\/\/www.asf-brandenburg.de\/asf_wp\/wp-content\/uploads\/2023\/07\/Design-ohne-Titel-4-1-600x501.jpg 600w, https:\/\/www.asf-brandenburg.de\/asf_wp\/wp-content\/uploads\/2023\/07\/Design-ohne-Titel-4-1-800x668.jpg 800w, https:\/\/www.asf-brandenburg.de\/asf_wp\/wp-content\/uploads\/2023\/07\/Design-ohne-Titel-4-1-1200x1003.jpg 1200w, https:\/\/www.asf-brandenburg.de\/asf_wp\/wp-content\/uploads\/2023\/07\/Design-ohne-Titel-4-1.jpg 1386w\" sizes=\"(max-width: 1280px) 100vw, (max-width: 770px) 100vw, 800px\" \/><\/span><\/div><div class=\"fusion-text fusion-text-2\"><p><span style=\"color: #ffffff;\">.<\/span><\/p>\n<\/div><div class=\"fusion-image-element \" style=\"--awb-caption-title-font-family:var(--h2_typography-font-family);--awb-caption-title-font-weight:var(--h2_typography-font-weight);--awb-caption-title-font-style:var(--h2_typography-font-style);--awb-caption-title-size:var(--h2_typography-font-size);--awb-caption-title-transform:var(--h2_typography-text-transform);--awb-caption-title-line-height:var(--h2_typography-line-height);--awb-caption-title-letter-spacing:var(--h2_typography-letter-spacing);\"><span class=\" fusion-imageframe imageframe-none imageframe-2 hover-type-none\"><img decoding=\"async\" width=\"1380\" height=\"1226\" src=\"https:\/\/www.asf-brandenburg.de\/asf_wp\/wp-content\/uploads\/2023\/07\/Design-ohne-Titel-3.jpg\" alt class=\"img-responsive wp-image-7441\" srcset=\"https:\/\/www.asf-brandenburg.de\/asf_wp\/wp-content\/uploads\/2023\/07\/Design-ohne-Titel-3-200x178.jpg 200w, https:\/\/www.asf-brandenburg.de\/asf_wp\/wp-content\/uploads\/2023\/07\/Design-ohne-Titel-3-400x355.jpg 400w, https:\/\/www.asf-brandenburg.de\/asf_wp\/wp-content\/uploads\/2023\/07\/Design-ohne-Titel-3-600x533.jpg 600w, https:\/\/www.asf-brandenburg.de\/asf_wp\/wp-content\/uploads\/2023\/07\/Design-ohne-Titel-3-800x711.jpg 800w, https:\/\/www.asf-brandenburg.de\/asf_wp\/wp-content\/uploads\/2023\/07\/Design-ohne-Titel-3-1200x1066.jpg 1200w, https:\/\/www.asf-brandenburg.de\/asf_wp\/wp-content\/uploads\/2023\/07\/Design-ohne-Titel-3.jpg 1380w\" sizes=\"(max-width: 1280px) 100vw, (max-width: 770px) 100vw, 800px\" \/><\/span><\/div><\/div><\/div><\/div><\/div>\n","protected":false},"excerpt":{"rendered":"<p>Wir stellen uns ins Schaufenster: Die Selbsthilfekontaktstelle Spremberg und Offene Werkstatt Spremberg pr\u00e4sentieren ihre Angebote f\u00fcr alle Generationen im &#8222;Laden auf Zeit&#8220;.<\/p>\n","protected":false},"author":3,"featured_media":7436,"comment_status":"closed","ping_status":"open","sticky":false,"template":"","format":"standard","meta":{"inline_featured_image":false,"footnotes":""},"categories":[164],"tags":[80],"class_list":["post-7434","post","type-post","status-publish","format-standard","has-post-thumbnail","hentry","category-neugkeiten-2023","tag-albert-schweitzer-familienwerk-brandenburg-e-v"],"yoast_head":"<!-- This site is optimized with the Yoast SEO plugin v27.4 - https:\/\/yoast.com\/product\/yoast-seo-wordpress\/ -->\n<title>20. Juli und 27. Juli: Wir stellen uns ins Schaufenster im Spremberger &quot;Laden auf Zeit&quot;<\/title>\n<meta name=\"description\" content=\"Auch Gro\u00dfeltern m\u00fcssen mal im Mittelpunkt stehen, denn: Wo w\u00e4ren wir denn ohne sie? Beim Oma-Opa-Tag kommen Generationen zusammen und erfreuen sich aneinander. In der Kita Gro\u00df Luja lebt jetzt ein beliebtes Format wieder auf.\" \/>\n<meta name=\"robots\" content=\"index, follow, max-snippet:-1, max-image-preview:large, max-video-preview:-1\" \/>\n<link rel=\"canonical\" href=\"https:\/\/www.asf-brandenburg.de\/asf_wp\/aktuelles\/2023\/ladenaufzeit\/\" \/>\n<meta property=\"og:locale\" content=\"de_DE\" \/>\n<meta property=\"og:type\" content=\"article\" \/>\n<meta property=\"og:title\" content=\"20. Juli und 27. Juli: Wir stellen uns ins Schaufenster im Spremberger &quot;Laden auf Zeit&quot;\" \/>\n<meta property=\"og:description\" content=\"Auch Gro\u00dfeltern m\u00fcssen mal im Mittelpunkt stehen, denn: Wo w\u00e4ren wir denn ohne sie? Beim Oma-Opa-Tag kommen Generationen zusammen und erfreuen sich aneinander. In der Kita Gro\u00df Luja lebt jetzt ein beliebtes Format wieder auf.\" \/>\n<meta property=\"og:url\" content=\"https:\/\/www.asf-brandenburg.de\/asf_wp\/aktuelles\/2023\/ladenaufzeit\/\" \/>\n<meta property=\"og:site_name\" content=\"Albert-Schweitzer-Familienwerk Brandenburg e.V.\" \/>\n<meta property=\"article:publisher\" content=\"https:\/\/www.facebook.com\/AlbertSchweitzerFamilienwerkBrandenburg\" \/>\n<meta property=\"article:published_time\" content=\"2023-07-17T12:43:59+00:00\" \/>\n<meta property=\"article:modified_time\" content=\"2023-07-17T13:02:52+00:00\" \/>\n<meta property=\"og:image\" content=\"https:\/\/www.asf-brandenburg.de\/asf_wp\/wp-content\/uploads\/2023\/07\/358710957_606233468279284_2189483249820111072_n.jpg\" \/>\n\t<meta property=\"og:image:width\" content=\"2048\" \/>\n\t<meta property=\"og:image:height\" content=\"1536\" \/>\n\t<meta property=\"og:image:type\" content=\"image\/jpeg\" \/>\n<meta name=\"author\" content=\"Daniela Schneider\" \/>\n<meta name=\"twitter:card\" content=\"summary_large_image\" \/>\n<meta name=\"twitter:label1\" content=\"Verfasst von\" \/>\n\t<meta name=\"twitter:data1\" content=\"Daniela Schneider\" \/>\n\t<meta name=\"twitter:label2\" content=\"Gesch\u00e4tzte Lesezeit\" \/>\n\t<meta name=\"twitter:data2\" content=\"6\u00a0Minuten\" \/>\n<script type=\"application\/ld+json\" class=\"yoast-schema-graph\">{\"@context\":\"https:\\\/\\\/schema.org\",\"@graph\":[{\"@type\":\"Article\",\"@id\":\"https:\\\/\\\/www.asf-brandenburg.de\\\/asf_wp\\\/aktuelles\\\/2023\\\/ladenaufzeit\\\/#article\",\"isPartOf\":{\"@id\":\"https:\\\/\\\/www.asf-brandenburg.de\\\/asf_wp\\\/aktuelles\\\/2023\\\/ladenaufzeit\\\/\"},\"author\":{\"name\":\"Daniela Schneider\",\"@id\":\"https:\\\/\\\/www.asf-brandenburg.de\\\/asf_wp\\\/#\\\/schema\\\/person\\\/78c60284a632ee97fd75a3197fc8422a\"},\"headline\":\"20. Juli und 27. Juli: Wir stellen uns ins Schaufenster im Spremberger &#8222;Laden auf Zeit&#8220;\",\"datePublished\":\"2023-07-17T12:43:59+00:00\",\"dateModified\":\"2023-07-17T13:02:52+00:00\",\"mainEntityOfPage\":{\"@id\":\"https:\\\/\\\/www.asf-brandenburg.de\\\/asf_wp\\\/aktuelles\\\/2023\\\/ladenaufzeit\\\/\"},\"wordCount\":2308,\"publisher\":{\"@id\":\"https:\\\/\\\/www.asf-brandenburg.de\\\/asf_wp\\\/#organization\"},\"image\":{\"@id\":\"https:\\\/\\\/www.asf-brandenburg.de\\\/asf_wp\\\/aktuelles\\\/2023\\\/ladenaufzeit\\\/#primaryimage\"},\"thumbnailUrl\":\"https:\\\/\\\/www.asf-brandenburg.de\\\/asf_wp\\\/wp-content\\\/uploads\\\/2023\\\/07\\\/358710957_606233468279284_2189483249820111072_n.jpg\",\"keywords\":[\"Albert-Schweitzer-Familienwerk Brandenburg e.V.\"],\"articleSection\":[\"Neugkeiten 2023\"],\"inLanguage\":\"de\"},{\"@type\":\"WebPage\",\"@id\":\"https:\\\/\\\/www.asf-brandenburg.de\\\/asf_wp\\\/aktuelles\\\/2023\\\/ladenaufzeit\\\/\",\"url\":\"https:\\\/\\\/www.asf-brandenburg.de\\\/asf_wp\\\/aktuelles\\\/2023\\\/ladenaufzeit\\\/\",\"name\":\"20. Juli und 27. Juli: Wir stellen uns ins Schaufenster im Spremberger \\\"Laden auf Zeit\\\"\",\"isPartOf\":{\"@id\":\"https:\\\/\\\/www.asf-brandenburg.de\\\/asf_wp\\\/#website\"},\"primaryImageOfPage\":{\"@id\":\"https:\\\/\\\/www.asf-brandenburg.de\\\/asf_wp\\\/aktuelles\\\/2023\\\/ladenaufzeit\\\/#primaryimage\"},\"image\":{\"@id\":\"https:\\\/\\\/www.asf-brandenburg.de\\\/asf_wp\\\/aktuelles\\\/2023\\\/ladenaufzeit\\\/#primaryimage\"},\"thumbnailUrl\":\"https:\\\/\\\/www.asf-brandenburg.de\\\/asf_wp\\\/wp-content\\\/uploads\\\/2023\\\/07\\\/358710957_606233468279284_2189483249820111072_n.jpg\",\"datePublished\":\"2023-07-17T12:43:59+00:00\",\"dateModified\":\"2023-07-17T13:02:52+00:00\",\"description\":\"Auch Gro\u00dfeltern m\u00fcssen mal im Mittelpunkt stehen, denn: Wo w\u00e4ren wir denn ohne sie? Beim Oma-Opa-Tag kommen Generationen zusammen und erfreuen sich aneinander. In der Kita Gro\u00df Luja lebt jetzt ein beliebtes Format wieder auf.\",\"breadcrumb\":{\"@id\":\"https:\\\/\\\/www.asf-brandenburg.de\\\/asf_wp\\\/aktuelles\\\/2023\\\/ladenaufzeit\\\/#breadcrumb\"},\"inLanguage\":\"de\",\"potentialAction\":[{\"@type\":\"ReadAction\",\"target\":[\"https:\\\/\\\/www.asf-brandenburg.de\\\/asf_wp\\\/aktuelles\\\/2023\\\/ladenaufzeit\\\/\"]}]},{\"@type\":\"ImageObject\",\"inLanguage\":\"de\",\"@id\":\"https:\\\/\\\/www.asf-brandenburg.de\\\/asf_wp\\\/aktuelles\\\/2023\\\/ladenaufzeit\\\/#primaryimage\",\"url\":\"https:\\\/\\\/www.asf-brandenburg.de\\\/asf_wp\\\/wp-content\\\/uploads\\\/2023\\\/07\\\/358710957_606233468279284_2189483249820111072_n.jpg\",\"contentUrl\":\"https:\\\/\\\/www.asf-brandenburg.de\\\/asf_wp\\\/wp-content\\\/uploads\\\/2023\\\/07\\\/358710957_606233468279284_2189483249820111072_n.jpg\",\"width\":2048,\"height\":1536},{\"@type\":\"BreadcrumbList\",\"@id\":\"https:\\\/\\\/www.asf-brandenburg.de\\\/asf_wp\\\/aktuelles\\\/2023\\\/ladenaufzeit\\\/#breadcrumb\",\"itemListElement\":[{\"@type\":\"ListItem\",\"position\":1,\"name\":\"Startseite\",\"item\":\"https:\\\/\\\/www.asf-brandenburg.de\\\/asf_wp\\\/\"},{\"@type\":\"ListItem\",\"position\":2,\"name\":\"20. Juli und 27. Juli: Wir stellen uns ins Schaufenster im Spremberger &#8222;Laden auf Zeit&#8220;\"}]},{\"@type\":\"WebSite\",\"@id\":\"https:\\\/\\\/www.asf-brandenburg.de\\\/asf_wp\\\/#website\",\"url\":\"https:\\\/\\\/www.asf-brandenburg.de\\\/asf_wp\\\/\",\"name\":\"Albert-Schweitzer-Kinderd\u00f6rfer und Familienwerke Brandenburg e. V.\",\"description\":\"\",\"publisher\":{\"@id\":\"https:\\\/\\\/www.asf-brandenburg.de\\\/asf_wp\\\/#organization\"},\"potentialAction\":[{\"@type\":\"SearchAction\",\"target\":{\"@type\":\"EntryPoint\",\"urlTemplate\":\"https:\\\/\\\/www.asf-brandenburg.de\\\/asf_wp\\\/?s={search_term_string}\"},\"query-input\":{\"@type\":\"PropertyValueSpecification\",\"valueRequired\":true,\"valueName\":\"search_term_string\"}}],\"inLanguage\":\"de\"},{\"@type\":\"Organization\",\"@id\":\"https:\\\/\\\/www.asf-brandenburg.de\\\/asf_wp\\\/#organization\",\"name\":\"Albert-Schweitzer-Familienwerk Brandenburg e. V.\",\"url\":\"https:\\\/\\\/www.asf-brandenburg.de\\\/asf_wp\\\/\",\"logo\":{\"@type\":\"ImageObject\",\"inLanguage\":\"de\",\"@id\":\"https:\\\/\\\/www.asf-brandenburg.de\\\/asf_wp\\\/#\\\/schema\\\/logo\\\/image\\\/\",\"url\":\"https:\\\/\\\/www.asf-brandenburg.de\\\/asf_wp\\\/wp-content\\\/uploads\\\/2018\\\/08\\\/Logo_ASF_BRB_318x107.png\",\"contentUrl\":\"https:\\\/\\\/www.asf-brandenburg.de\\\/asf_wp\\\/wp-content\\\/uploads\\\/2018\\\/08\\\/Logo_ASF_BRB_318x107.png\",\"width\":318,\"height\":107,\"caption\":\"Albert-Schweitzer-Familienwerk Brandenburg e. V.\"},\"image\":{\"@id\":\"https:\\\/\\\/www.asf-brandenburg.de\\\/asf_wp\\\/#\\\/schema\\\/logo\\\/image\\\/\"},\"sameAs\":[\"https:\\\/\\\/www.facebook.com\\\/AlbertSchweitzerFamilienwerkBrandenburg\",\"https:\\\/\\\/www.youtube.com\\\/@asfbrandenburg\",\"https:\\\/\\\/www.instagram.com\\\/asf_brandenburg\\\/\"]},{\"@type\":\"Person\",\"@id\":\"https:\\\/\\\/www.asf-brandenburg.de\\\/asf_wp\\\/#\\\/schema\\\/person\\\/78c60284a632ee97fd75a3197fc8422a\",\"name\":\"Daniela Schneider\",\"url\":\"https:\\\/\\\/www.asf-brandenburg.de\\\/asf_wp\\\/aktuelles\\\/author\\\/daniela-schneider\\\/\"}]}<\/script>\n<!-- \/ Yoast SEO plugin. -->","yoast_head_json":{"title":"20. Juli und 27. Juli: Wir stellen uns ins Schaufenster im Spremberger \"Laden auf Zeit\"","description":"Auch Gro\u00dfeltern m\u00fcssen mal im Mittelpunkt stehen, denn: Wo w\u00e4ren wir denn ohne sie? Beim Oma-Opa-Tag kommen Generationen zusammen und erfreuen sich aneinander. In der Kita Gro\u00df Luja lebt jetzt ein beliebtes Format wieder auf.","robots":{"index":"index","follow":"follow","max-snippet":"max-snippet:-1","max-image-preview":"max-image-preview:large","max-video-preview":"max-video-preview:-1"},"canonical":"https:\/\/www.asf-brandenburg.de\/asf_wp\/aktuelles\/2023\/ladenaufzeit\/","og_locale":"de_DE","og_type":"article","og_title":"20. Juli und 27. Juli: Wir stellen uns ins Schaufenster im Spremberger \"Laden auf Zeit\"","og_description":"Auch Gro\u00dfeltern m\u00fcssen mal im Mittelpunkt stehen, denn: Wo w\u00e4ren wir denn ohne sie? Beim Oma-Opa-Tag kommen Generationen zusammen und erfreuen sich aneinander. In der Kita Gro\u00df Luja lebt jetzt ein beliebtes Format wieder auf.","og_url":"https:\/\/www.asf-brandenburg.de\/asf_wp\/aktuelles\/2023\/ladenaufzeit\/","og_site_name":"Albert-Schweitzer-Familienwerk Brandenburg e.V.","article_publisher":"https:\/\/www.facebook.com\/AlbertSchweitzerFamilienwerkBrandenburg","article_published_time":"2023-07-17T12:43:59+00:00","article_modified_time":"2023-07-17T13:02:52+00:00","og_image":[{"width":2048,"height":1536,"url":"https:\/\/www.asf-brandenburg.de\/asf_wp\/wp-content\/uploads\/2023\/07\/358710957_606233468279284_2189483249820111072_n.jpg","type":"image\/jpeg"}],"author":"Daniela Schneider","twitter_card":"summary_large_image","twitter_misc":{"Verfasst von":"Daniela Schneider","Gesch\u00e4tzte Lesezeit":"6\u00a0Minuten"},"schema":{"@context":"https:\/\/schema.org","@graph":[{"@type":"Article","@id":"https:\/\/www.asf-brandenburg.de\/asf_wp\/aktuelles\/2023\/ladenaufzeit\/#article","isPartOf":{"@id":"https:\/\/www.asf-brandenburg.de\/asf_wp\/aktuelles\/2023\/ladenaufzeit\/"},"author":{"name":"Daniela Schneider","@id":"https:\/\/www.asf-brandenburg.de\/asf_wp\/#\/schema\/person\/78c60284a632ee97fd75a3197fc8422a"},"headline":"20. Juli und 27. Juli: Wir stellen uns ins Schaufenster im Spremberger &#8222;Laden auf Zeit&#8220;","datePublished":"2023-07-17T12:43:59+00:00","dateModified":"2023-07-17T13:02:52+00:00","mainEntityOfPage":{"@id":"https:\/\/www.asf-brandenburg.de\/asf_wp\/aktuelles\/2023\/ladenaufzeit\/"},"wordCount":2308,"publisher":{"@id":"https:\/\/www.asf-brandenburg.de\/asf_wp\/#organization"},"image":{"@id":"https:\/\/www.asf-brandenburg.de\/asf_wp\/aktuelles\/2023\/ladenaufzeit\/#primaryimage"},"thumbnailUrl":"https:\/\/www.asf-brandenburg.de\/asf_wp\/wp-content\/uploads\/2023\/07\/358710957_606233468279284_2189483249820111072_n.jpg","keywords":["Albert-Schweitzer-Familienwerk Brandenburg e.V."],"articleSection":["Neugkeiten 2023"],"inLanguage":"de"},{"@type":"WebPage","@id":"https:\/\/www.asf-brandenburg.de\/asf_wp\/aktuelles\/2023\/ladenaufzeit\/","url":"https:\/\/www.asf-brandenburg.de\/asf_wp\/aktuelles\/2023\/ladenaufzeit\/","name":"20. Juli und 27. Juli: Wir stellen uns ins Schaufenster im Spremberger \"Laden auf Zeit\"","isPartOf":{"@id":"https:\/\/www.asf-brandenburg.de\/asf_wp\/#website"},"primaryImageOfPage":{"@id":"https:\/\/www.asf-brandenburg.de\/asf_wp\/aktuelles\/2023\/ladenaufzeit\/#primaryimage"},"image":{"@id":"https:\/\/www.asf-brandenburg.de\/asf_wp\/aktuelles\/2023\/ladenaufzeit\/#primaryimage"},"thumbnailUrl":"https:\/\/www.asf-brandenburg.de\/asf_wp\/wp-content\/uploads\/2023\/07\/358710957_606233468279284_2189483249820111072_n.jpg","datePublished":"2023-07-17T12:43:59+00:00","dateModified":"2023-07-17T13:02:52+00:00","description":"Auch Gro\u00dfeltern m\u00fcssen mal im Mittelpunkt stehen, denn: Wo w\u00e4ren wir denn ohne sie? Beim Oma-Opa-Tag kommen Generationen zusammen und erfreuen sich aneinander. In der Kita Gro\u00df Luja lebt jetzt ein beliebtes Format wieder auf.","breadcrumb":{"@id":"https:\/\/www.asf-brandenburg.de\/asf_wp\/aktuelles\/2023\/ladenaufzeit\/#breadcrumb"},"inLanguage":"de","potentialAction":[{"@type":"ReadAction","target":["https:\/\/www.asf-brandenburg.de\/asf_wp\/aktuelles\/2023\/ladenaufzeit\/"]}]},{"@type":"ImageObject","inLanguage":"de","@id":"https:\/\/www.asf-brandenburg.de\/asf_wp\/aktuelles\/2023\/ladenaufzeit\/#primaryimage","url":"https:\/\/www.asf-brandenburg.de\/asf_wp\/wp-content\/uploads\/2023\/07\/358710957_606233468279284_2189483249820111072_n.jpg","contentUrl":"https:\/\/www.asf-brandenburg.de\/asf_wp\/wp-content\/uploads\/2023\/07\/358710957_606233468279284_2189483249820111072_n.jpg","width":2048,"height":1536},{"@type":"BreadcrumbList","@id":"https:\/\/www.asf-brandenburg.de\/asf_wp\/aktuelles\/2023\/ladenaufzeit\/#breadcrumb","itemListElement":[{"@type":"ListItem","position":1,"name":"Startseite","item":"https:\/\/www.asf-brandenburg.de\/asf_wp\/"},{"@type":"ListItem","position":2,"name":"20. Juli und 27. Juli: Wir stellen uns ins Schaufenster im Spremberger &#8222;Laden auf Zeit&#8220;"}]},{"@type":"WebSite","@id":"https:\/\/www.asf-brandenburg.de\/asf_wp\/#website","url":"https:\/\/www.asf-brandenburg.de\/asf_wp\/","name":"Albert-Schweitzer-Kinderd\u00f6rfer und Familienwerke Brandenburg e. V.","description":"","publisher":{"@id":"https:\/\/www.asf-brandenburg.de\/asf_wp\/#organization"},"potentialAction":[{"@type":"SearchAction","target":{"@type":"EntryPoint","urlTemplate":"https:\/\/www.asf-brandenburg.de\/asf_wp\/?s={search_term_string}"},"query-input":{"@type":"PropertyValueSpecification","valueRequired":true,"valueName":"search_term_string"}}],"inLanguage":"de"},{"@type":"Organization","@id":"https:\/\/www.asf-brandenburg.de\/asf_wp\/#organization","name":"Albert-Schweitzer-Familienwerk Brandenburg e. V.","url":"https:\/\/www.asf-brandenburg.de\/asf_wp\/","logo":{"@type":"ImageObject","inLanguage":"de","@id":"https:\/\/www.asf-brandenburg.de\/asf_wp\/#\/schema\/logo\/image\/","url":"https:\/\/www.asf-brandenburg.de\/asf_wp\/wp-content\/uploads\/2018\/08\/Logo_ASF_BRB_318x107.png","contentUrl":"https:\/\/www.asf-brandenburg.de\/asf_wp\/wp-content\/uploads\/2018\/08\/Logo_ASF_BRB_318x107.png","width":318,"height":107,"caption":"Albert-Schweitzer-Familienwerk Brandenburg e. V."},"image":{"@id":"https:\/\/www.asf-brandenburg.de\/asf_wp\/#\/schema\/logo\/image\/"},"sameAs":["https:\/\/www.facebook.com\/AlbertSchweitzerFamilienwerkBrandenburg","https:\/\/www.youtube.com\/@asfbrandenburg","https:\/\/www.instagram.com\/asf_brandenburg\/"]},{"@type":"Person","@id":"https:\/\/www.asf-brandenburg.de\/asf_wp\/#\/schema\/person\/78c60284a632ee97fd75a3197fc8422a","name":"Daniela Schneider","url":"https:\/\/www.asf-brandenburg.de\/asf_wp\/aktuelles\/author\/daniela-schneider\/"}]}},"_links":{"self":[{"href":"https:\/\/www.asf-brandenburg.de\/asf_wp\/wp-json\/wp\/v2\/posts\/7434","targetHints":{"allow":["GET"]}}],"collection":[{"href":"https:\/\/www.asf-brandenburg.de\/asf_wp\/wp-json\/wp\/v2\/posts"}],"about":[{"href":"https:\/\/www.asf-brandenburg.de\/asf_wp\/wp-json\/wp\/v2\/types\/post"}],"author":[{"embeddable":true,"href":"https:\/\/www.asf-brandenburg.de\/asf_wp\/wp-json\/wp\/v2\/users\/3"}],"replies":[{"embeddable":true,"href":"https:\/\/www.asf-brandenburg.de\/asf_wp\/wp-json\/wp\/v2\/comments?post=7434"}],"version-history":[{"count":0,"href":"https:\/\/www.asf-brandenburg.de\/asf_wp\/wp-json\/wp\/v2\/posts\/7434\/revisions"}],"wp:featuredmedia":[{"embeddable":true,"href":"https:\/\/www.asf-brandenburg.de\/asf_wp\/wp-json\/wp\/v2\/media\/7436"}],"wp:attachment":[{"href":"https:\/\/www.asf-brandenburg.de\/asf_wp\/wp-json\/wp\/v2\/media?parent=7434"}],"wp:term":[{"taxonomy":"category","embeddable":true,"href":"https:\/\/www.asf-brandenburg.de\/asf_wp\/wp-json\/wp\/v2\/categories?post=7434"},{"taxonomy":"post_tag","embeddable":true,"href":"https:\/\/www.asf-brandenburg.de\/asf_wp\/wp-json\/wp\/v2\/tags?post=7434"}],"curies":[{"name":"wp","href":"https:\/\/api.w.org\/{rel}","templated":true}]}}