{"id":6490,"date":"2023-02-01T15:33:42","date_gmt":"2023-02-01T14:33:42","guid":{"rendered":"https:\/\/www.asf-brandenburg.de\/asf_wp\/?p=6490"},"modified":"2023-02-02T09:30:14","modified_gmt":"2023-02-02T08:30:14","slug":"naehkurs-ows-2","status":"publish","type":"post","link":"https:\/\/www.asf-brandenburg.de\/asf_wp\/aktuelles\/2023\/naehkurs-ows-2\/","title":{"rendered":"Zampertour ins Wasser gefallen: Hort Sellessen\/Haidem\u00fchl sammelt f\u00fcr Feste und Spielmaterialien"},"content":{"rendered":"<div class=\"fusion-fullwidth fullwidth-box fusion-builder-row-1 fusion-flex-container has-pattern-background has-mask-background nonhundred-percent-fullwidth non-hundred-percent-height-scrolling\" style=\"--awb-border-radius-top-left:0px;--awb-border-radius-top-right:0px;--awb-border-radius-bottom-right:0px;--awb-border-radius-bottom-left:0px;--awb-flex-wrap:wrap;\" ><div class=\"fusion-builder-row fusion-row fusion-flex-align-items-flex-start fusion-flex-content-wrap\" style=\"max-width:1331.2px;margin-left: calc(-4% \/ 2 );margin-right: calc(-4% \/ 2 );\"><div class=\"fusion-layout-column fusion_builder_column fusion-builder-column-0 fusion_builder_column_2_3 2_3 fusion-flex-column\" style=\"--awb-bg-size:cover;--awb-width-large:66.6666666667%;--awb-margin-top-large:0px;--awb-spacing-right-large:2.88%;--awb-margin-bottom-large:20px;--awb-spacing-left-large:2.88%;--awb-width-medium:100%;--awb-order-medium:0;--awb-spacing-right-medium:1.92%;--awb-spacing-left-medium:1.92%;--awb-width-small:100%;--awb-order-small:0;--awb-spacing-right-small:1.92%;--awb-spacing-left-small:1.92%;\"><div class=\"fusion-column-wrapper fusion-column-has-shadow fusion-flex-justify-content-flex-start fusion-content-layout-column\"><div class=\"fusion-image-element \" style=\"--awb-caption-title-font-family:var(--h2_typography-font-family);--awb-caption-title-font-weight:var(--h2_typography-font-weight);--awb-caption-title-font-style:var(--h2_typography-font-style);--awb-caption-title-size:var(--h2_typography-font-size);--awb-caption-title-transform:var(--h2_typography-text-transform);--awb-caption-title-line-height:var(--h2_typography-line-height);--awb-caption-title-letter-spacing:var(--h2_typography-letter-spacing);\"><span class=\" fusion-imageframe imageframe-none imageframe-1 hover-type-none\"><img decoding=\"async\" width=\"1000\" height=\"627\" src=\"https:\/\/www.asf-brandenburg.de\/asf_wp\/wp-content\/uploads\/2023\/02\/IMG-20230201-WA0009.jpg\" alt class=\"img-responsive wp-image-6491\" srcset=\"https:\/\/www.asf-brandenburg.de\/asf_wp\/wp-content\/uploads\/2023\/02\/IMG-20230201-WA0009-200x125.jpg 200w, https:\/\/www.asf-brandenburg.de\/asf_wp\/wp-content\/uploads\/2023\/02\/IMG-20230201-WA0009-400x251.jpg 400w, https:\/\/www.asf-brandenburg.de\/asf_wp\/wp-content\/uploads\/2023\/02\/IMG-20230201-WA0009-600x376.jpg 600w, https:\/\/www.asf-brandenburg.de\/asf_wp\/wp-content\/uploads\/2023\/02\/IMG-20230201-WA0009-800x502.jpg 800w, https:\/\/www.asf-brandenburg.de\/asf_wp\/wp-content\/uploads\/2023\/02\/IMG-20230201-WA0009.jpg 1000w\" sizes=\"(max-width: 1280px) 100vw, (max-width: 770px) 100vw, 1000px\" \/><\/span><\/div><div class=\"fusion-text fusion-text-1\"><div class=\"\" data-block=\"true\" data-editor=\"4s2ma\" data-offset-key=\"dju89-0-0\">\n<div data-offset-key=\"dju89-0-0\"><span style=\"color: #ffffff;\">.<\/span><\/div>\n<div class=\"_1mf _1mj\" data-offset-key=\"dju89-0-0\"><span data-offset-key=\"dju89-0-0\">Die Ferienkinder des Horts Kinderwelt in Sellessen\/Haidem\u00fchl hatten heute eine gro\u00dfe \u00dcberraschung geplant: Morgens haben sie sich in ihre buntesten Kost\u00fcme geh\u00fcllt, Lieder und Gedichte sa\u00dfen textsicher und unsere Zamperndose war griffbereit. Mit ordentlich sonnenguter Laune im Gep\u00e4ck wollten Ritter, Blaubeere und Co. in Sellessen und Haidem\u00fchl von Haus zu Haus ziehen und Freude bringen. Und dann? Hat Petrus pl\u00f6tzlich so ungem\u00fctliches Wetter heraufbeschworen, dass die Truppe mittendrin umkehren musste \u2013 da ansonsten m\u00e4chtig nasse F\u00fc\u00dfe und damit die n\u00e4chste Krankheitswelle gedroht h\u00e4tten. Den restlichen Tag hat es nicht aufgeh\u00f6rt zu regnen und zu sausen. Die Kinder haben gewartet und gewartet und jede Stunde hoffnungsvoll aus dem Fenster geguckt, doch letztlich konnte die Zamperntour nicht beendet werden.<\/span><\/div>\n<\/div>\n<div class=\"\" data-block=\"true\" data-editor=\"4s2ma\" data-offset-key=\"40p8g-0-0\">\n<div class=\"_1mf _1mj\" data-offset-key=\"40p8g-0-0\"><span data-offset-key=\"40p8g-0-0\">\u00a0<\/span><\/div>\n<\/div>\n<div class=\"\" data-block=\"true\" data-editor=\"4s2ma\" data-offset-key=\"eugio-0-0\">\n<div class=\"_1mf _1mj\" data-offset-key=\"eugio-0-0\"><span data-offset-key=\"eugio-0-0\">Dabei wollten sie mit ihrem Hortteam f\u00fcr Spielmaterialien, Ausfl\u00fcge und unsere gro\u00dfe j\u00e4hrliche Talentshow und Faschingsparty sammeln.\u00a0<\/span><\/div>\n<\/div>\n<div class=\"\" data-block=\"true\" data-editor=\"4s2ma\" data-offset-key=\"4tj77-0-0\">\n<div class=\"_1mf _1mj\" data-offset-key=\"4tj77-0-0\"><span data-offset-key=\"4tj77-0-0\">\u00a0<\/span><\/div>\n<\/div>\n<div class=\"\" data-block=\"true\" data-editor=\"4s2ma\" data-offset-key=\"be8ro-0-0\">\n<div class=\"_1mf _1mj\" data-offset-key=\"be8ro-0-0\"><span data-offset-key=\"be8ro-0-0\">Wer dem Hort Kinderwelt trotzdem etwas in die Zamperndose stecken m\u00f6chte, kann dies ab Montag, den 6. Februar tun, unter anderem bei<\/span><\/div>\n<\/div>\n<div class=\"\" data-block=\"true\" data-editor=\"4s2ma\" data-offset-key=\"fqr3e-0-0\">\n<div class=\"_1mf _1mj\" data-offset-key=\"fqr3e-0-0\"><span data-offset-key=\"fqr3e-0-0\">\u00a0<\/span><\/div>\n<\/div>\n<div class=\"\" data-block=\"true\" data-editor=\"4s2ma\" data-offset-key=\"d4pbb-0-0\">\n<div class=\"_1mf _1mj\" data-offset-key=\"d4pbb-0-0\"><span data-offset-key=\"d4pbb-0-0\">\ud83d\udccd MABEJO Physiotherapie in Haidem\u00fchl<\/span><\/div>\n<\/div>\n<div class=\"\" data-block=\"true\" data-editor=\"4s2ma\" data-offset-key=\"6gpq8-0-0\">\n<div class=\"_1mf _1mj\" data-offset-key=\"6gpq8-0-0\"><span data-offset-key=\"6gpq8-0-0\">\ud83d\udccd Irene Kuscherka Lebensmittel in Haidem\u00fchl<\/span><\/div>\n<\/div>\n<div class=\"\" data-block=\"true\" data-editor=\"4s2ma\" data-offset-key=\"d0gns-0-0\">\n<div class=\"_1mf _1mj\" data-offset-key=\"d0gns-0-0\"><span data-offset-key=\"d0gns-0-0\">\ud83d\udccd Gebr\u00fcder Noack Holzfachmarkt GmbH &amp; S\u00e4gewerk GbR<\/span><\/div>\n<\/div>\n<div class=\"\" data-block=\"true\" data-editor=\"4s2ma\" data-offset-key=\"eejpg-0-0\">\n<div class=\"_1mf _1mj\" data-offset-key=\"eejpg-0-0\"><span data-offset-key=\"eejpg-0-0\">\ud83d\udccd und nat\u00fcrlich im Hort selbst, t\u00e4glich zwischen 8 und 15 Uhr.<\/span><\/div>\n<\/div>\n<div class=\"\" data-block=\"true\" data-editor=\"4s2ma\" data-offset-key=\"8q9qt-0-0\">\n<div class=\"_1mf _1mj\" data-offset-key=\"8q9qt-0-0\"><span data-offset-key=\"8q9qt-0-0\">\u00a0<\/span><\/div>\n<\/div>\n<div class=\"\" data-block=\"true\" data-editor=\"4s2ma\" data-offset-key=\"9pu8h-0-0\">\n<div class=\"_1mf _1mj\" data-offset-key=\"9pu8h-0-0\"><span data-offset-key=\"9pu8h-0-0\">Das Zampern (auch Zemper, Zempern oder Heischegang genannt) ist eine sorbische Tradition in D\u00f6rfern der Lausitz. Das Wort stammt vom sorbischen \u201eHeischen, Einfordern\u201c (camprowanje). Entstanden ist das heutige Fest aus vorchristlichen Glaubensformen, Fruchtbarkeitszauber, Begr\u00fc\u00dfungs- und Vertreibungszauber. Das Maskieren und Verkleiden, das L\u00e4rmen und Musizieren sowie das Schlagen mit Lebensruten (Weiden- und Birken-Ruten) sollte b\u00f6se Geister, Gespenster und D\u00e4monen vertreiben \u2013 achja, und den Winter!\u00a0<\/span><\/div>\n<\/div>\n<\/div><\/div><\/div><\/div><\/div>\n","protected":false},"excerpt":{"rendered":"<p>Einfach mies: Die Ferienkinder waren bereits fertig kost\u00fcmiert und konnten ihre j\u00e4hrliche gro\u00dfe Zampertour kaum erwarten. Doch es st\u00fcrmte und regnete zu stark, sodass sie ihre Tour durch die Ortsteile Sellessen und Haidem\u00fchl abbrechen mussten. Ab dem 6. Februar stehen im Umkreis Zamperndosen bereit, um trotzdem etwas f\u00fcr bereits geplante Projekte zu sammeln.<\/p>\n","protected":false},"author":2,"featured_media":6491,"comment_status":"closed","ping_status":"open","sticky":false,"template":"","format":"standard","meta":{"inline_featured_image":false,"footnotes":""},"categories":[142],"tags":[80],"class_list":["post-6490","post","type-post","status-publish","format-standard","has-post-thumbnail","hentry","category-neuigkeiten-2021","tag-albert-schweitzer-familienwerk-brandenburg-e-v"],"yoast_head":"<!-- This site is optimized with the Yoast SEO plugin v27.4 - https:\/\/yoast.com\/product\/yoast-seo-wordpress\/ -->\n<title>Zampertour ins Wasser gefallen: Hort Sellessen\/Haidem\u00fchl sammelt f\u00fcr Feste und Spielmaterialien<\/title>\n<meta name=\"description\" content=\"Einfach mies: Die Ferienkinder waren bereits fertig kost\u00fcmiert und konnten ihre j\u00e4hrliche gro\u00dfe Zampertour durch die Stadteile Sellessen und Haidem\u00fchl kaum erwarten. Doch es st\u00fcrmte und regnete zu stark, sodass ans Losziehen nicht zu denken war. Ab dem 6. Februar stehen im Umkreis Zamperndosen bereit, um trotzdem etwas f\u00fcr bereits geplante Projekte zu sammeln.\" \/>\n<meta name=\"robots\" content=\"index, follow, max-snippet:-1, max-image-preview:large, max-video-preview:-1\" \/>\n<link rel=\"canonical\" href=\"https:\/\/www.asf-brandenburg.de\/asf_wp\/aktuelles\/2023\/naehkurs-ows-2\/\" \/>\n<meta property=\"og:locale\" content=\"de_DE\" \/>\n<meta property=\"og:type\" content=\"article\" \/>\n<meta property=\"og:title\" content=\"Zampertour ins Wasser gefallen: Hort Sellessen\/Haidem\u00fchl sammelt f\u00fcr Feste und Spielmaterialien\" \/>\n<meta property=\"og:description\" content=\"Einfach mies: Die Ferienkinder waren bereits fertig kost\u00fcmiert und konnten ihre j\u00e4hrliche gro\u00dfe Zampertour durch die Stadteile Sellessen und Haidem\u00fchl kaum erwarten. Doch es st\u00fcrmte und regnete zu stark, sodass ans Losziehen nicht zu denken war. Ab dem 6. Februar stehen im Umkreis Zamperndosen bereit, um trotzdem etwas f\u00fcr bereits geplante Projekte zu sammeln.\" \/>\n<meta property=\"og:url\" content=\"https:\/\/www.asf-brandenburg.de\/asf_wp\/aktuelles\/2023\/naehkurs-ows-2\/\" \/>\n<meta property=\"og:site_name\" content=\"Albert-Schweitzer-Familienwerk Brandenburg e.V.\" \/>\n<meta property=\"article:publisher\" content=\"https:\/\/www.facebook.com\/AlbertSchweitzerFamilienwerkBrandenburg\" \/>\n<meta property=\"article:published_time\" content=\"2023-02-01T14:33:42+00:00\" \/>\n<meta property=\"article:modified_time\" content=\"2023-02-02T08:30:14+00:00\" \/>\n<meta property=\"og:image\" content=\"https:\/\/www.asf-brandenburg.de\/asf_wp\/wp-content\/uploads\/2023\/02\/IMG-20230201-WA0009.jpg\" \/>\n\t<meta property=\"og:image:width\" content=\"1000\" \/>\n\t<meta property=\"og:image:height\" content=\"627\" \/>\n\t<meta property=\"og:image:type\" content=\"image\/jpeg\" \/>\n<meta name=\"author\" content=\"Web Admin\" \/>\n<meta name=\"twitter:card\" content=\"summary_large_image\" \/>\n<meta name=\"twitter:label1\" content=\"Verfasst von\" \/>\n\t<meta name=\"twitter:data1\" content=\"Web Admin\" \/>\n\t<meta name=\"twitter:label2\" content=\"Gesch\u00e4tzte Lesezeit\" \/>\n\t<meta name=\"twitter:data2\" content=\"4\u00a0Minuten\" \/>\n<script type=\"application\/ld+json\" class=\"yoast-schema-graph\">{\"@context\":\"https:\\\/\\\/schema.org\",\"@graph\":[{\"@type\":\"Article\",\"@id\":\"https:\\\/\\\/www.asf-brandenburg.de\\\/asf_wp\\\/aktuelles\\\/2023\\\/naehkurs-ows-2\\\/#article\",\"isPartOf\":{\"@id\":\"https:\\\/\\\/www.asf-brandenburg.de\\\/asf_wp\\\/aktuelles\\\/2023\\\/naehkurs-ows-2\\\/\"},\"author\":{\"name\":\"Web Admin\",\"@id\":\"https:\\\/\\\/www.asf-brandenburg.de\\\/asf_wp\\\/#\\\/schema\\\/person\\\/a63ba1553f2aa75f90f3809d9e4a1efc\"},\"headline\":\"Zampertour ins Wasser gefallen: Hort Sellessen\\\/Haidem\u00fchl sammelt f\u00fcr Feste und Spielmaterialien\",\"datePublished\":\"2023-02-01T14:33:42+00:00\",\"dateModified\":\"2023-02-02T08:30:14+00:00\",\"mainEntityOfPage\":{\"@id\":\"https:\\\/\\\/www.asf-brandenburg.de\\\/asf_wp\\\/aktuelles\\\/2023\\\/naehkurs-ows-2\\\/\"},\"wordCount\":1330,\"publisher\":{\"@id\":\"https:\\\/\\\/www.asf-brandenburg.de\\\/asf_wp\\\/#organization\"},\"image\":{\"@id\":\"https:\\\/\\\/www.asf-brandenburg.de\\\/asf_wp\\\/aktuelles\\\/2023\\\/naehkurs-ows-2\\\/#primaryimage\"},\"thumbnailUrl\":\"https:\\\/\\\/www.asf-brandenburg.de\\\/asf_wp\\\/wp-content\\\/uploads\\\/2023\\\/02\\\/IMG-20230201-WA0009.jpg\",\"keywords\":[\"Albert-Schweitzer-Familienwerk Brandenburg e.V.\"],\"articleSection\":[\"Neuigkeiten 2021\"],\"inLanguage\":\"de\"},{\"@type\":\"WebPage\",\"@id\":\"https:\\\/\\\/www.asf-brandenburg.de\\\/asf_wp\\\/aktuelles\\\/2023\\\/naehkurs-ows-2\\\/\",\"url\":\"https:\\\/\\\/www.asf-brandenburg.de\\\/asf_wp\\\/aktuelles\\\/2023\\\/naehkurs-ows-2\\\/\",\"name\":\"Zampertour ins Wasser gefallen: Hort Sellessen\\\/Haidem\u00fchl sammelt f\u00fcr Feste und Spielmaterialien\",\"isPartOf\":{\"@id\":\"https:\\\/\\\/www.asf-brandenburg.de\\\/asf_wp\\\/#website\"},\"primaryImageOfPage\":{\"@id\":\"https:\\\/\\\/www.asf-brandenburg.de\\\/asf_wp\\\/aktuelles\\\/2023\\\/naehkurs-ows-2\\\/#primaryimage\"},\"image\":{\"@id\":\"https:\\\/\\\/www.asf-brandenburg.de\\\/asf_wp\\\/aktuelles\\\/2023\\\/naehkurs-ows-2\\\/#primaryimage\"},\"thumbnailUrl\":\"https:\\\/\\\/www.asf-brandenburg.de\\\/asf_wp\\\/wp-content\\\/uploads\\\/2023\\\/02\\\/IMG-20230201-WA0009.jpg\",\"datePublished\":\"2023-02-01T14:33:42+00:00\",\"dateModified\":\"2023-02-02T08:30:14+00:00\",\"description\":\"Einfach mies: Die Ferienkinder waren bereits fertig kost\u00fcmiert und konnten ihre j\u00e4hrliche gro\u00dfe Zampertour durch die Stadteile Sellessen und Haidem\u00fchl kaum erwarten. Doch es st\u00fcrmte und regnete zu stark, sodass ans Losziehen nicht zu denken war. Ab dem 6. Februar stehen im Umkreis Zamperndosen bereit, um trotzdem etwas f\u00fcr bereits geplante Projekte zu sammeln.\",\"breadcrumb\":{\"@id\":\"https:\\\/\\\/www.asf-brandenburg.de\\\/asf_wp\\\/aktuelles\\\/2023\\\/naehkurs-ows-2\\\/#breadcrumb\"},\"inLanguage\":\"de\",\"potentialAction\":[{\"@type\":\"ReadAction\",\"target\":[\"https:\\\/\\\/www.asf-brandenburg.de\\\/asf_wp\\\/aktuelles\\\/2023\\\/naehkurs-ows-2\\\/\"]}]},{\"@type\":\"ImageObject\",\"inLanguage\":\"de\",\"@id\":\"https:\\\/\\\/www.asf-brandenburg.de\\\/asf_wp\\\/aktuelles\\\/2023\\\/naehkurs-ows-2\\\/#primaryimage\",\"url\":\"https:\\\/\\\/www.asf-brandenburg.de\\\/asf_wp\\\/wp-content\\\/uploads\\\/2023\\\/02\\\/IMG-20230201-WA0009.jpg\",\"contentUrl\":\"https:\\\/\\\/www.asf-brandenburg.de\\\/asf_wp\\\/wp-content\\\/uploads\\\/2023\\\/02\\\/IMG-20230201-WA0009.jpg\",\"width\":1000,\"height\":627},{\"@type\":\"BreadcrumbList\",\"@id\":\"https:\\\/\\\/www.asf-brandenburg.de\\\/asf_wp\\\/aktuelles\\\/2023\\\/naehkurs-ows-2\\\/#breadcrumb\",\"itemListElement\":[{\"@type\":\"ListItem\",\"position\":1,\"name\":\"Startseite\",\"item\":\"https:\\\/\\\/www.asf-brandenburg.de\\\/asf_wp\\\/\"},{\"@type\":\"ListItem\",\"position\":2,\"name\":\"Zampertour ins Wasser gefallen: Hort Sellessen\\\/Haidem\u00fchl sammelt f\u00fcr Feste und Spielmaterialien\"}]},{\"@type\":\"WebSite\",\"@id\":\"https:\\\/\\\/www.asf-brandenburg.de\\\/asf_wp\\\/#website\",\"url\":\"https:\\\/\\\/www.asf-brandenburg.de\\\/asf_wp\\\/\",\"name\":\"Albert-Schweitzer-Kinderd\u00f6rfer und Familienwerke Brandenburg e. V.\",\"description\":\"\",\"publisher\":{\"@id\":\"https:\\\/\\\/www.asf-brandenburg.de\\\/asf_wp\\\/#organization\"},\"potentialAction\":[{\"@type\":\"SearchAction\",\"target\":{\"@type\":\"EntryPoint\",\"urlTemplate\":\"https:\\\/\\\/www.asf-brandenburg.de\\\/asf_wp\\\/?s={search_term_string}\"},\"query-input\":{\"@type\":\"PropertyValueSpecification\",\"valueRequired\":true,\"valueName\":\"search_term_string\"}}],\"inLanguage\":\"de\"},{\"@type\":\"Organization\",\"@id\":\"https:\\\/\\\/www.asf-brandenburg.de\\\/asf_wp\\\/#organization\",\"name\":\"Albert-Schweitzer-Familienwerk Brandenburg e. V.\",\"url\":\"https:\\\/\\\/www.asf-brandenburg.de\\\/asf_wp\\\/\",\"logo\":{\"@type\":\"ImageObject\",\"inLanguage\":\"de\",\"@id\":\"https:\\\/\\\/www.asf-brandenburg.de\\\/asf_wp\\\/#\\\/schema\\\/logo\\\/image\\\/\",\"url\":\"https:\\\/\\\/www.asf-brandenburg.de\\\/asf_wp\\\/wp-content\\\/uploads\\\/2018\\\/08\\\/Logo_ASF_BRB_318x107.png\",\"contentUrl\":\"https:\\\/\\\/www.asf-brandenburg.de\\\/asf_wp\\\/wp-content\\\/uploads\\\/2018\\\/08\\\/Logo_ASF_BRB_318x107.png\",\"width\":318,\"height\":107,\"caption\":\"Albert-Schweitzer-Familienwerk Brandenburg e. V.\"},\"image\":{\"@id\":\"https:\\\/\\\/www.asf-brandenburg.de\\\/asf_wp\\\/#\\\/schema\\\/logo\\\/image\\\/\"},\"sameAs\":[\"https:\\\/\\\/www.facebook.com\\\/AlbertSchweitzerFamilienwerkBrandenburg\",\"https:\\\/\\\/www.youtube.com\\\/@asfbrandenburg\",\"https:\\\/\\\/www.instagram.com\\\/asf_brandenburg\\\/\"]},{\"@type\":\"Person\",\"@id\":\"https:\\\/\\\/www.asf-brandenburg.de\\\/asf_wp\\\/#\\\/schema\\\/person\\\/a63ba1553f2aa75f90f3809d9e4a1efc\",\"name\":\"Web Admin\",\"sameAs\":[\"http:\\\/\\\/www.asf-brandenburg.de\"],\"url\":\"https:\\\/\\\/www.asf-brandenburg.de\\\/asf_wp\\\/aktuelles\\\/author\\\/asf\\\/\"}]}<\/script>\n<!-- \/ Yoast SEO plugin. -->","yoast_head_json":{"title":"Zampertour ins Wasser gefallen: Hort Sellessen\/Haidem\u00fchl sammelt f\u00fcr Feste und Spielmaterialien","description":"Einfach mies: Die Ferienkinder waren bereits fertig kost\u00fcmiert und konnten ihre j\u00e4hrliche gro\u00dfe Zampertour durch die Stadteile Sellessen und Haidem\u00fchl kaum erwarten. Doch es st\u00fcrmte und regnete zu stark, sodass ans Losziehen nicht zu denken war. Ab dem 6. Februar stehen im Umkreis Zamperndosen bereit, um trotzdem etwas f\u00fcr bereits geplante Projekte zu sammeln.","robots":{"index":"index","follow":"follow","max-snippet":"max-snippet:-1","max-image-preview":"max-image-preview:large","max-video-preview":"max-video-preview:-1"},"canonical":"https:\/\/www.asf-brandenburg.de\/asf_wp\/aktuelles\/2023\/naehkurs-ows-2\/","og_locale":"de_DE","og_type":"article","og_title":"Zampertour ins Wasser gefallen: Hort Sellessen\/Haidem\u00fchl sammelt f\u00fcr Feste und Spielmaterialien","og_description":"Einfach mies: Die Ferienkinder waren bereits fertig kost\u00fcmiert und konnten ihre j\u00e4hrliche gro\u00dfe Zampertour durch die Stadteile Sellessen und Haidem\u00fchl kaum erwarten. Doch es st\u00fcrmte und regnete zu stark, sodass ans Losziehen nicht zu denken war. Ab dem 6. Februar stehen im Umkreis Zamperndosen bereit, um trotzdem etwas f\u00fcr bereits geplante Projekte zu sammeln.","og_url":"https:\/\/www.asf-brandenburg.de\/asf_wp\/aktuelles\/2023\/naehkurs-ows-2\/","og_site_name":"Albert-Schweitzer-Familienwerk Brandenburg e.V.","article_publisher":"https:\/\/www.facebook.com\/AlbertSchweitzerFamilienwerkBrandenburg","article_published_time":"2023-02-01T14:33:42+00:00","article_modified_time":"2023-02-02T08:30:14+00:00","og_image":[{"width":1000,"height":627,"url":"https:\/\/www.asf-brandenburg.de\/asf_wp\/wp-content\/uploads\/2023\/02\/IMG-20230201-WA0009.jpg","type":"image\/jpeg"}],"author":"Web Admin","twitter_card":"summary_large_image","twitter_misc":{"Verfasst von":"Web Admin","Gesch\u00e4tzte Lesezeit":"4\u00a0Minuten"},"schema":{"@context":"https:\/\/schema.org","@graph":[{"@type":"Article","@id":"https:\/\/www.asf-brandenburg.de\/asf_wp\/aktuelles\/2023\/naehkurs-ows-2\/#article","isPartOf":{"@id":"https:\/\/www.asf-brandenburg.de\/asf_wp\/aktuelles\/2023\/naehkurs-ows-2\/"},"author":{"name":"Web Admin","@id":"https:\/\/www.asf-brandenburg.de\/asf_wp\/#\/schema\/person\/a63ba1553f2aa75f90f3809d9e4a1efc"},"headline":"Zampertour ins Wasser gefallen: Hort Sellessen\/Haidem\u00fchl sammelt f\u00fcr Feste und Spielmaterialien","datePublished":"2023-02-01T14:33:42+00:00","dateModified":"2023-02-02T08:30:14+00:00","mainEntityOfPage":{"@id":"https:\/\/www.asf-brandenburg.de\/asf_wp\/aktuelles\/2023\/naehkurs-ows-2\/"},"wordCount":1330,"publisher":{"@id":"https:\/\/www.asf-brandenburg.de\/asf_wp\/#organization"},"image":{"@id":"https:\/\/www.asf-brandenburg.de\/asf_wp\/aktuelles\/2023\/naehkurs-ows-2\/#primaryimage"},"thumbnailUrl":"https:\/\/www.asf-brandenburg.de\/asf_wp\/wp-content\/uploads\/2023\/02\/IMG-20230201-WA0009.jpg","keywords":["Albert-Schweitzer-Familienwerk Brandenburg e.V."],"articleSection":["Neuigkeiten 2021"],"inLanguage":"de"},{"@type":"WebPage","@id":"https:\/\/www.asf-brandenburg.de\/asf_wp\/aktuelles\/2023\/naehkurs-ows-2\/","url":"https:\/\/www.asf-brandenburg.de\/asf_wp\/aktuelles\/2023\/naehkurs-ows-2\/","name":"Zampertour ins Wasser gefallen: Hort Sellessen\/Haidem\u00fchl sammelt f\u00fcr Feste und Spielmaterialien","isPartOf":{"@id":"https:\/\/www.asf-brandenburg.de\/asf_wp\/#website"},"primaryImageOfPage":{"@id":"https:\/\/www.asf-brandenburg.de\/asf_wp\/aktuelles\/2023\/naehkurs-ows-2\/#primaryimage"},"image":{"@id":"https:\/\/www.asf-brandenburg.de\/asf_wp\/aktuelles\/2023\/naehkurs-ows-2\/#primaryimage"},"thumbnailUrl":"https:\/\/www.asf-brandenburg.de\/asf_wp\/wp-content\/uploads\/2023\/02\/IMG-20230201-WA0009.jpg","datePublished":"2023-02-01T14:33:42+00:00","dateModified":"2023-02-02T08:30:14+00:00","description":"Einfach mies: Die Ferienkinder waren bereits fertig kost\u00fcmiert und konnten ihre j\u00e4hrliche gro\u00dfe Zampertour durch die Stadteile Sellessen und Haidem\u00fchl kaum erwarten. Doch es st\u00fcrmte und regnete zu stark, sodass ans Losziehen nicht zu denken war. Ab dem 6. Februar stehen im Umkreis Zamperndosen bereit, um trotzdem etwas f\u00fcr bereits geplante Projekte zu sammeln.","breadcrumb":{"@id":"https:\/\/www.asf-brandenburg.de\/asf_wp\/aktuelles\/2023\/naehkurs-ows-2\/#breadcrumb"},"inLanguage":"de","potentialAction":[{"@type":"ReadAction","target":["https:\/\/www.asf-brandenburg.de\/asf_wp\/aktuelles\/2023\/naehkurs-ows-2\/"]}]},{"@type":"ImageObject","inLanguage":"de","@id":"https:\/\/www.asf-brandenburg.de\/asf_wp\/aktuelles\/2023\/naehkurs-ows-2\/#primaryimage","url":"https:\/\/www.asf-brandenburg.de\/asf_wp\/wp-content\/uploads\/2023\/02\/IMG-20230201-WA0009.jpg","contentUrl":"https:\/\/www.asf-brandenburg.de\/asf_wp\/wp-content\/uploads\/2023\/02\/IMG-20230201-WA0009.jpg","width":1000,"height":627},{"@type":"BreadcrumbList","@id":"https:\/\/www.asf-brandenburg.de\/asf_wp\/aktuelles\/2023\/naehkurs-ows-2\/#breadcrumb","itemListElement":[{"@type":"ListItem","position":1,"name":"Startseite","item":"https:\/\/www.asf-brandenburg.de\/asf_wp\/"},{"@type":"ListItem","position":2,"name":"Zampertour ins Wasser gefallen: Hort Sellessen\/Haidem\u00fchl sammelt f\u00fcr Feste und Spielmaterialien"}]},{"@type":"WebSite","@id":"https:\/\/www.asf-brandenburg.de\/asf_wp\/#website","url":"https:\/\/www.asf-brandenburg.de\/asf_wp\/","name":"Albert-Schweitzer-Kinderd\u00f6rfer und Familienwerke Brandenburg e. V.","description":"","publisher":{"@id":"https:\/\/www.asf-brandenburg.de\/asf_wp\/#organization"},"potentialAction":[{"@type":"SearchAction","target":{"@type":"EntryPoint","urlTemplate":"https:\/\/www.asf-brandenburg.de\/asf_wp\/?s={search_term_string}"},"query-input":{"@type":"PropertyValueSpecification","valueRequired":true,"valueName":"search_term_string"}}],"inLanguage":"de"},{"@type":"Organization","@id":"https:\/\/www.asf-brandenburg.de\/asf_wp\/#organization","name":"Albert-Schweitzer-Familienwerk Brandenburg e. V.","url":"https:\/\/www.asf-brandenburg.de\/asf_wp\/","logo":{"@type":"ImageObject","inLanguage":"de","@id":"https:\/\/www.asf-brandenburg.de\/asf_wp\/#\/schema\/logo\/image\/","url":"https:\/\/www.asf-brandenburg.de\/asf_wp\/wp-content\/uploads\/2018\/08\/Logo_ASF_BRB_318x107.png","contentUrl":"https:\/\/www.asf-brandenburg.de\/asf_wp\/wp-content\/uploads\/2018\/08\/Logo_ASF_BRB_318x107.png","width":318,"height":107,"caption":"Albert-Schweitzer-Familienwerk Brandenburg e. V."},"image":{"@id":"https:\/\/www.asf-brandenburg.de\/asf_wp\/#\/schema\/logo\/image\/"},"sameAs":["https:\/\/www.facebook.com\/AlbertSchweitzerFamilienwerkBrandenburg","https:\/\/www.youtube.com\/@asfbrandenburg","https:\/\/www.instagram.com\/asf_brandenburg\/"]},{"@type":"Person","@id":"https:\/\/www.asf-brandenburg.de\/asf_wp\/#\/schema\/person\/a63ba1553f2aa75f90f3809d9e4a1efc","name":"Web Admin","sameAs":["http:\/\/www.asf-brandenburg.de"],"url":"https:\/\/www.asf-brandenburg.de\/asf_wp\/aktuelles\/author\/asf\/"}]}},"_links":{"self":[{"href":"https:\/\/www.asf-brandenburg.de\/asf_wp\/wp-json\/wp\/v2\/posts\/6490","targetHints":{"allow":["GET"]}}],"collection":[{"href":"https:\/\/www.asf-brandenburg.de\/asf_wp\/wp-json\/wp\/v2\/posts"}],"about":[{"href":"https:\/\/www.asf-brandenburg.de\/asf_wp\/wp-json\/wp\/v2\/types\/post"}],"author":[{"embeddable":true,"href":"https:\/\/www.asf-brandenburg.de\/asf_wp\/wp-json\/wp\/v2\/users\/2"}],"replies":[{"embeddable":true,"href":"https:\/\/www.asf-brandenburg.de\/asf_wp\/wp-json\/wp\/v2\/comments?post=6490"}],"version-history":[{"count":0,"href":"https:\/\/www.asf-brandenburg.de\/asf_wp\/wp-json\/wp\/v2\/posts\/6490\/revisions"}],"wp:featuredmedia":[{"embeddable":true,"href":"https:\/\/www.asf-brandenburg.de\/asf_wp\/wp-json\/wp\/v2\/media\/6491"}],"wp:attachment":[{"href":"https:\/\/www.asf-brandenburg.de\/asf_wp\/wp-json\/wp\/v2\/media?parent=6490"}],"wp:term":[{"taxonomy":"category","embeddable":true,"href":"https:\/\/www.asf-brandenburg.de\/asf_wp\/wp-json\/wp\/v2\/categories?post=6490"},{"taxonomy":"post_tag","embeddable":true,"href":"https:\/\/www.asf-brandenburg.de\/asf_wp\/wp-json\/wp\/v2\/tags?post=6490"}],"curies":[{"name":"wp","href":"https:\/\/api.w.org\/{rel}","templated":true}]}}