{"id":6236,"date":"2022-12-07T10:36:38","date_gmt":"2022-12-07T09:36:38","guid":{"rendered":"https:\/\/www.asf-brandenburg.de\/asf_wp\/?p=6236"},"modified":"2022-12-07T12:51:33","modified_gmt":"2022-12-07T11:51:33","slug":"adventszauberimasf","status":"publish","type":"post","link":"https:\/\/www.asf-brandenburg.de\/asf_wp\/aktuelles\/2022\/adventszauberimasf\/","title":{"rendered":"So gem\u00fctlich: Unsere Einrichtungen feiern den Advent mit einem Eventfeuerwerk!"},"content":{"rendered":"<div class=\"fusion-fullwidth fullwidth-box fusion-builder-row-1 fusion-flex-container has-pattern-background has-mask-background nonhundred-percent-fullwidth non-hundred-percent-height-scrolling\" style=\"--awb-border-radius-top-left:0px;--awb-border-radius-top-right:0px;--awb-border-radius-bottom-right:0px;--awb-border-radius-bottom-left:0px;--awb-flex-wrap:wrap;\" ><div class=\"fusion-builder-row fusion-row fusion-flex-align-items-flex-start fusion-flex-content-wrap\" style=\"max-width:1331.2px;margin-left: calc(-4% \/ 2 );margin-right: calc(-4% \/ 2 );\"><div class=\"fusion-layout-column fusion_builder_column fusion-builder-column-0 fusion_builder_column_1_2 1_2 fusion-flex-column\" style=\"--awb-bg-size:cover;--awb-width-large:50%;--awb-margin-top-large:0px;--awb-spacing-right-large:3.84%;--awb-margin-bottom-large:20px;--awb-spacing-left-large:3.84%;--awb-width-medium:100%;--awb-order-medium:0;--awb-spacing-right-medium:1.92%;--awb-spacing-left-medium:1.92%;--awb-width-small:100%;--awb-order-small:0;--awb-spacing-right-small:1.92%;--awb-spacing-left-small:1.92%;\"><div class=\"fusion-column-wrapper fusion-column-has-shadow fusion-flex-justify-content-flex-start fusion-content-layout-column\"><div class=\"fusion-text fusion-text-1\"><h2>Adventsmarkt in der Kita Graustein<\/h2>\n<p>Auf die Pl\u00e4tzchen, fertig, los&#8230;! Vor weihnachtlicher Kulisse und bei klirrender K\u00e4lte hatten die Jungen und M\u00e4dchen der Kita Graustein am Wochenende ihren gro\u00dfen Auftritt bei ihrem Adventsmarkt.<\/p>\n<p>Buchst\u00e4blich das ganze Dorf war auf den Beinen, um die Kinder singen zu h\u00f6ren und zu sehen, wie sie das <strong>M\u00e4rchen &#8222;Frau Holle&#8220;<\/strong> nachspielen. Selbst die Requisiten wie den flehenden Apfelbaum, den schimpfenden Backofen und das Haus von Frau Holle haben sie mit ihrem Kitateam in den vergangenen Wochen selbst gebastelt und dekoriert.<\/p>\n<p>Applause, Applause gab es von den Umstehenden f\u00fcr die Darbietung. Es ist einfach toll zu sehen, was ein kleiner Kindergarten auf die Beine stellen kann, um andere zu erfreuen. Pl\u00e4tzchenbasar inklusive!<\/p>\n<p>Wir danken allen, die trotz frostigen 6 Grad Celsius gekommen sind, um uns zu besuchen. Alle <strong>Spenden<\/strong> kommen auf direktem Weg der Kita Graustein zugute.<\/p>\n<\/div><\/div><\/div><div class=\"fusion-layout-column fusion_builder_column fusion-builder-column-1 fusion_builder_column_1_2 1_2 fusion-flex-column\" style=\"--awb-bg-size:cover;--awb-width-large:50%;--awb-margin-top-large:0px;--awb-spacing-right-large:3.84%;--awb-margin-bottom-large:20px;--awb-spacing-left-large:3.84%;--awb-width-medium:100%;--awb-order-medium:0;--awb-spacing-right-medium:1.92%;--awb-spacing-left-medium:1.92%;--awb-width-small:100%;--awb-order-small:0;--awb-spacing-right-small:1.92%;--awb-spacing-left-small:1.92%;\"><div class=\"fusion-column-wrapper fusion-column-has-shadow fusion-flex-justify-content-flex-start fusion-content-layout-column\"><div class=\"fusion-image-element \" style=\"--awb-caption-title-font-family:var(--h2_typography-font-family);--awb-caption-title-font-weight:var(--h2_typography-font-weight);--awb-caption-title-font-style:var(--h2_typography-font-style);--awb-caption-title-size:var(--h2_typography-font-size);--awb-caption-title-transform:var(--h2_typography-text-transform);--awb-caption-title-line-height:var(--h2_typography-line-height);--awb-caption-title-letter-spacing:var(--h2_typography-letter-spacing);\"><span class=\" fusion-imageframe imageframe-none imageframe-1 hover-type-none\"><img decoding=\"async\" width=\"1024\" height=\"768\" src=\"https:\/\/www.asf-brandenburg.de\/asf_wp\/wp-content\/uploads\/2022\/12\/123.jpg\" alt class=\"img-responsive wp-image-6237\" srcset=\"https:\/\/www.asf-brandenburg.de\/asf_wp\/wp-content\/uploads\/2022\/12\/123-200x150.jpg 200w, https:\/\/www.asf-brandenburg.de\/asf_wp\/wp-content\/uploads\/2022\/12\/123-400x300.jpg 400w, https:\/\/www.asf-brandenburg.de\/asf_wp\/wp-content\/uploads\/2022\/12\/123-600x450.jpg 600w, https:\/\/www.asf-brandenburg.de\/asf_wp\/wp-content\/uploads\/2022\/12\/123-800x600.jpg 800w, https:\/\/www.asf-brandenburg.de\/asf_wp\/wp-content\/uploads\/2022\/12\/123.jpg 1024w\" sizes=\"(max-width: 1280px) 100vw, (max-width: 770px) 100vw, 800px\" \/><\/span><\/div><div class=\"fusion-text fusion-text-2\"><p><span style=\"color: #ffffff;\">.<\/span><\/p>\n<\/div><div class=\"fusion-image-element \" style=\"--awb-caption-title-font-family:var(--h2_typography-font-family);--awb-caption-title-font-weight:var(--h2_typography-font-weight);--awb-caption-title-font-style:var(--h2_typography-font-style);--awb-caption-title-size:var(--h2_typography-font-size);--awb-caption-title-transform:var(--h2_typography-text-transform);--awb-caption-title-line-height:var(--h2_typography-line-height);--awb-caption-title-letter-spacing:var(--h2_typography-letter-spacing);\"><span class=\" fusion-imageframe imageframe-none imageframe-2 hover-type-none\"><img decoding=\"async\" width=\"458\" height=\"206\" src=\"https:\/\/www.asf-brandenburg.de\/asf_wp\/wp-content\/uploads\/2022\/12\/123456.jpg\" alt class=\"img-responsive wp-image-6238\" srcset=\"https:\/\/www.asf-brandenburg.de\/asf_wp\/wp-content\/uploads\/2022\/12\/123456-200x90.jpg 200w, https:\/\/www.asf-brandenburg.de\/asf_wp\/wp-content\/uploads\/2022\/12\/123456-400x180.jpg 400w, https:\/\/www.asf-brandenburg.de\/asf_wp\/wp-content\/uploads\/2022\/12\/123456.jpg 458w\" sizes=\"(max-width: 1280px) 100vw, (max-width: 770px) 100vw, 458px\" \/><\/span><\/div><\/div><\/div><\/div><\/div><div class=\"fusion-fullwidth fullwidth-box fusion-builder-row-2 fusion-flex-container has-pattern-background has-mask-background nonhundred-percent-fullwidth non-hundred-percent-height-scrolling\" style=\"--awb-border-radius-top-left:0px;--awb-border-radius-top-right:0px;--awb-border-radius-bottom-right:0px;--awb-border-radius-bottom-left:0px;--awb-flex-wrap:wrap;\" ><div class=\"fusion-builder-row fusion-row fusion-flex-align-items-flex-start fusion-flex-content-wrap\" style=\"max-width:1331.2px;margin-left: calc(-4% \/ 2 );margin-right: calc(-4% \/ 2 );\"><div class=\"fusion-layout-column fusion_builder_column fusion-builder-column-2 fusion_builder_column_1_1 1_1 fusion-flex-column\" style=\"--awb-bg-size:cover;--awb-width-large:100%;--awb-margin-top-large:0px;--awb-spacing-right-large:1.92%;--awb-margin-bottom-large:20px;--awb-spacing-left-large:1.92%;--awb-width-medium:100%;--awb-order-medium:0;--awb-spacing-right-medium:1.92%;--awb-spacing-left-medium:1.92%;--awb-width-small:100%;--awb-order-small:0;--awb-spacing-right-small:1.92%;--awb-spacing-left-small:1.92%;\"><div class=\"fusion-column-wrapper fusion-column-has-shadow fusion-flex-justify-content-flex-start fusion-content-layout-column\"><div class=\"fusion-image-element \" style=\"--awb-caption-title-font-family:var(--h2_typography-font-family);--awb-caption-title-font-weight:var(--h2_typography-font-weight);--awb-caption-title-font-style:var(--h2_typography-font-style);--awb-caption-title-size:var(--h2_typography-font-size);--awb-caption-title-transform:var(--h2_typography-text-transform);--awb-caption-title-line-height:var(--h2_typography-line-height);--awb-caption-title-letter-spacing:var(--h2_typography-letter-spacing);\"><span class=\" fusion-imageframe imageframe-none imageframe-3 hover-type-none\"><img decoding=\"async\" width=\"1024\" height=\"126\" title=\"32528-NYLNAB\" src=\"https:\/\/www.asf-brandenburg.de\/asf_wp\/wp-content\/uploads\/2022\/12\/32528-NYLNAB-1024x126.jpg\" alt class=\"img-responsive wp-image-6241\" srcset=\"https:\/\/www.asf-brandenburg.de\/asf_wp\/wp-content\/uploads\/2022\/12\/32528-NYLNAB-200x25.jpg 200w, https:\/\/www.asf-brandenburg.de\/asf_wp\/wp-content\/uploads\/2022\/12\/32528-NYLNAB-400x49.jpg 400w, https:\/\/www.asf-brandenburg.de\/asf_wp\/wp-content\/uploads\/2022\/12\/32528-NYLNAB-600x74.jpg 600w, https:\/\/www.asf-brandenburg.de\/asf_wp\/wp-content\/uploads\/2022\/12\/32528-NYLNAB-800x98.jpg 800w, https:\/\/www.asf-brandenburg.de\/asf_wp\/wp-content\/uploads\/2022\/12\/32528-NYLNAB-1200x148.jpg 1200w, https:\/\/www.asf-brandenburg.de\/asf_wp\/wp-content\/uploads\/2022\/12\/32528-NYLNAB.jpg 1666w\" sizes=\"(max-width: 1280px) 100vw, (max-width: 770px) 100vw, 1024px\" \/><\/span><\/div><\/div><\/div><\/div><\/div><div class=\"fusion-fullwidth fullwidth-box fusion-builder-row-3 fusion-flex-container has-pattern-background has-mask-background nonhundred-percent-fullwidth non-hundred-percent-height-scrolling\" style=\"--awb-border-radius-top-left:0px;--awb-border-radius-top-right:0px;--awb-border-radius-bottom-right:0px;--awb-border-radius-bottom-left:0px;--awb-flex-wrap:wrap;\" ><div class=\"fusion-builder-row fusion-row fusion-flex-align-items-flex-start fusion-flex-content-wrap\" style=\"max-width:1331.2px;margin-left: calc(-4% \/ 2 );margin-right: calc(-4% \/ 2 );\"><div class=\"fusion-layout-column fusion_builder_column fusion-builder-column-3 fusion_builder_column_1_2 1_2 fusion-flex-column\" style=\"--awb-bg-size:cover;--awb-width-large:50%;--awb-margin-top-large:0px;--awb-spacing-right-large:3.84%;--awb-margin-bottom-large:20px;--awb-spacing-left-large:3.84%;--awb-width-medium:100%;--awb-order-medium:0;--awb-spacing-right-medium:1.92%;--awb-spacing-left-medium:1.92%;--awb-width-small:100%;--awb-order-small:0;--awb-spacing-right-small:1.92%;--awb-spacing-left-small:1.92%;\"><div class=\"fusion-column-wrapper fusion-column-has-shadow fusion-flex-justify-content-flex-start fusion-content-layout-column\"><div class=\"fusion-text fusion-text-3\"><h2>Wunschbaum schm\u00fccken in der Kita Kinderland<\/h2>\n<p>Inbr\u00fcnstiges Weihnachtssingen t\u00f6nte am Nikolaustag in der Kita Kinderland in Schwarze Pumpe. Die Kinder und das Kitateam hatten eingeladen, um sich bei ihren <strong>Nachbarinnen und Nachbarn<\/strong> f\u00fcr das gute Miteinander zu bedanken.<\/p>\n<p>Weihnachten ist die Zeit, um Danke zu sagen \u2013 eine oft untersch\u00e4tzte und vergessene Geste. Habt ihr euch heute schon bei jemanden f\u00fcr etwas bedankt?<br \/>\nDie Kinder konnten anschlie\u00dfend noch einen pers\u00f6nlichen Wunsch an den <strong>Luftballon und fliegen lassen<\/strong>. Statt Lego und Barbie standen jedoch w\u00fcnsche wie Frieden, Freude und Liebe darauf.<\/p>\n<p>Niemand wei\u00df intuitiv besser, was richtig und wichtig im Leben ist, als Kinder.<\/p>\n<\/div><\/div><\/div><div class=\"fusion-layout-column fusion_builder_column fusion-builder-column-4 fusion_builder_column_1_2 1_2 fusion-flex-column\" style=\"--awb-bg-size:cover;--awb-width-large:50%;--awb-margin-top-large:0px;--awb-spacing-right-large:3.84%;--awb-margin-bottom-large:20px;--awb-spacing-left-large:3.84%;--awb-width-medium:100%;--awb-order-medium:0;--awb-spacing-right-medium:1.92%;--awb-spacing-left-medium:1.92%;--awb-width-small:100%;--awb-order-small:0;--awb-spacing-right-small:1.92%;--awb-spacing-left-small:1.92%;\"><div class=\"fusion-column-wrapper fusion-column-has-shadow fusion-flex-justify-content-flex-start fusion-content-layout-column\"><div class=\"fusion-image-element \" style=\"--awb-caption-title-font-family:var(--h2_typography-font-family);--awb-caption-title-font-weight:var(--h2_typography-font-weight);--awb-caption-title-font-style:var(--h2_typography-font-style);--awb-caption-title-size:var(--h2_typography-font-size);--awb-caption-title-transform:var(--h2_typography-text-transform);--awb-caption-title-line-height:var(--h2_typography-line-height);--awb-caption-title-letter-spacing:var(--h2_typography-letter-spacing);\"><span class=\" fusion-imageframe imageframe-none imageframe-4 hover-type-none\"><img decoding=\"async\" width=\"1024\" height=\"1024\" src=\"https:\/\/www.asf-brandenburg.de\/asf_wp\/wp-content\/uploads\/2022\/12\/20221206_101533-1024x1024.jpg\" alt class=\"img-responsive wp-image-6244\" srcset=\"https:\/\/www.asf-brandenburg.de\/asf_wp\/wp-content\/uploads\/2022\/12\/20221206_101533-200x200.jpg 200w, https:\/\/www.asf-brandenburg.de\/asf_wp\/wp-content\/uploads\/2022\/12\/20221206_101533-400x400.jpg 400w, https:\/\/www.asf-brandenburg.de\/asf_wp\/wp-content\/uploads\/2022\/12\/20221206_101533-600x600.jpg 600w, https:\/\/www.asf-brandenburg.de\/asf_wp\/wp-content\/uploads\/2022\/12\/20221206_101533-800x800.jpg 800w, https:\/\/www.asf-brandenburg.de\/asf_wp\/wp-content\/uploads\/2022\/12\/20221206_101533-1200x1200.jpg 1200w\" sizes=\"(max-width: 1280px) 100vw, (max-width: 770px) 100vw, 800px\" \/><\/span><\/div><\/div><\/div><\/div><\/div><div class=\"fusion-fullwidth fullwidth-box fusion-builder-row-4 fusion-flex-container has-pattern-background has-mask-background nonhundred-percent-fullwidth non-hundred-percent-height-scrolling\" style=\"--awb-border-radius-top-left:0px;--awb-border-radius-top-right:0px;--awb-border-radius-bottom-right:0px;--awb-border-radius-bottom-left:0px;--awb-flex-wrap:wrap;\" ><div class=\"fusion-builder-row fusion-row fusion-flex-align-items-flex-start fusion-flex-content-wrap\" style=\"max-width:1331.2px;margin-left: calc(-4% \/ 2 );margin-right: calc(-4% \/ 2 );\"><div class=\"fusion-layout-column fusion_builder_column fusion-builder-column-5 fusion_builder_column_1_1 1_1 fusion-flex-column\" style=\"--awb-bg-size:cover;--awb-width-large:100%;--awb-margin-top-large:0px;--awb-spacing-right-large:1.92%;--awb-margin-bottom-large:20px;--awb-spacing-left-large:1.92%;--awb-width-medium:100%;--awb-order-medium:0;--awb-spacing-right-medium:1.92%;--awb-spacing-left-medium:1.92%;--awb-width-small:100%;--awb-order-small:0;--awb-spacing-right-small:1.92%;--awb-spacing-left-small:1.92%;\"><div class=\"fusion-column-wrapper fusion-column-has-shadow fusion-flex-justify-content-flex-start fusion-content-layout-column\"><div class=\"fusion-image-element \" style=\"--awb-caption-title-font-family:var(--h2_typography-font-family);--awb-caption-title-font-weight:var(--h2_typography-font-weight);--awb-caption-title-font-style:var(--h2_typography-font-style);--awb-caption-title-size:var(--h2_typography-font-size);--awb-caption-title-transform:var(--h2_typography-text-transform);--awb-caption-title-line-height:var(--h2_typography-line-height);--awb-caption-title-letter-spacing:var(--h2_typography-letter-spacing);\"><span class=\" fusion-imageframe imageframe-none imageframe-5 hover-type-none\"><img decoding=\"async\" width=\"1024\" height=\"126\" title=\"32528-NYLNAB\" src=\"https:\/\/www.asf-brandenburg.de\/asf_wp\/wp-content\/uploads\/2022\/12\/32528-NYLNAB-1024x126.jpg\" alt class=\"img-responsive wp-image-6241\" srcset=\"https:\/\/www.asf-brandenburg.de\/asf_wp\/wp-content\/uploads\/2022\/12\/32528-NYLNAB-200x25.jpg 200w, https:\/\/www.asf-brandenburg.de\/asf_wp\/wp-content\/uploads\/2022\/12\/32528-NYLNAB-400x49.jpg 400w, https:\/\/www.asf-brandenburg.de\/asf_wp\/wp-content\/uploads\/2022\/12\/32528-NYLNAB-600x74.jpg 600w, https:\/\/www.asf-brandenburg.de\/asf_wp\/wp-content\/uploads\/2022\/12\/32528-NYLNAB-800x98.jpg 800w, https:\/\/www.asf-brandenburg.de\/asf_wp\/wp-content\/uploads\/2022\/12\/32528-NYLNAB-1200x148.jpg 1200w, https:\/\/www.asf-brandenburg.de\/asf_wp\/wp-content\/uploads\/2022\/12\/32528-NYLNAB.jpg 1666w\" sizes=\"(max-width: 1280px) 100vw, (max-width: 770px) 100vw, 1024px\" \/><\/span><\/div><\/div><\/div><\/div><\/div><div class=\"fusion-fullwidth fullwidth-box fusion-builder-row-5 fusion-flex-container has-pattern-background has-mask-background nonhundred-percent-fullwidth non-hundred-percent-height-scrolling\" style=\"--awb-border-radius-top-left:0px;--awb-border-radius-top-right:0px;--awb-border-radius-bottom-right:0px;--awb-border-radius-bottom-left:0px;--awb-flex-wrap:wrap;\" ><div class=\"fusion-builder-row fusion-row fusion-flex-align-items-flex-start fusion-flex-content-wrap\" style=\"max-width:1331.2px;margin-left: calc(-4% \/ 2 );margin-right: calc(-4% \/ 2 );\"><div class=\"fusion-layout-column fusion_builder_column fusion-builder-column-6 fusion_builder_column_1_2 1_2 fusion-flex-column\" style=\"--awb-bg-size:cover;--awb-width-large:50%;--awb-margin-top-large:0px;--awb-spacing-right-large:3.84%;--awb-margin-bottom-large:20px;--awb-spacing-left-large:3.84%;--awb-width-medium:100%;--awb-order-medium:0;--awb-spacing-right-medium:1.92%;--awb-spacing-left-medium:1.92%;--awb-width-small:100%;--awb-order-small:0;--awb-spacing-right-small:1.92%;--awb-spacing-left-small:1.92%;\"><div class=\"fusion-column-wrapper fusion-column-has-shadow fusion-flex-justify-content-flex-start fusion-content-layout-column\"><div class=\"fusion-image-element \" style=\"--awb-caption-title-font-family:var(--h2_typography-font-family);--awb-caption-title-font-weight:var(--h2_typography-font-weight);--awb-caption-title-font-style:var(--h2_typography-font-style);--awb-caption-title-size:var(--h2_typography-font-size);--awb-caption-title-transform:var(--h2_typography-text-transform);--awb-caption-title-line-height:var(--h2_typography-line-height);--awb-caption-title-letter-spacing:var(--h2_typography-letter-spacing);\"><span class=\" fusion-imageframe imageframe-none imageframe-6 hover-type-none\"><img decoding=\"async\" width=\"1024\" height=\"758\" src=\"https:\/\/www.asf-brandenburg.de\/asf_wp\/wp-content\/uploads\/2022\/12\/Schneemannlied-1024x758.jpg\" alt class=\"img-responsive wp-image-6246\" srcset=\"https:\/\/www.asf-brandenburg.de\/asf_wp\/wp-content\/uploads\/2022\/12\/Schneemannlied-200x148.jpg 200w, https:\/\/www.asf-brandenburg.de\/asf_wp\/wp-content\/uploads\/2022\/12\/Schneemannlied-400x296.jpg 400w, https:\/\/www.asf-brandenburg.de\/asf_wp\/wp-content\/uploads\/2022\/12\/Schneemannlied-600x444.jpg 600w, https:\/\/www.asf-brandenburg.de\/asf_wp\/wp-content\/uploads\/2022\/12\/Schneemannlied-800x592.jpg 800w, https:\/\/www.asf-brandenburg.de\/asf_wp\/wp-content\/uploads\/2022\/12\/Schneemannlied-1200x888.jpg 1200w, https:\/\/www.asf-brandenburg.de\/asf_wp\/wp-content\/uploads\/2022\/12\/Schneemannlied.jpg 1446w\" sizes=\"(max-width: 1280px) 100vw, (max-width: 770px) 100vw, 800px\" \/><\/span><\/div><\/div><\/div><div class=\"fusion-layout-column fusion_builder_column fusion-builder-column-7 fusion_builder_column_1_2 1_2 fusion-flex-column\" style=\"--awb-bg-size:cover;--awb-width-large:50%;--awb-margin-top-large:0px;--awb-spacing-right-large:3.84%;--awb-margin-bottom-large:20px;--awb-spacing-left-large:3.84%;--awb-width-medium:100%;--awb-order-medium:0;--awb-spacing-right-medium:1.92%;--awb-spacing-left-medium:1.92%;--awb-width-small:100%;--awb-order-small:0;--awb-spacing-right-small:1.92%;--awb-spacing-left-small:1.92%;\"><div class=\"fusion-column-wrapper fusion-column-has-shadow fusion-flex-justify-content-flex-start fusion-content-layout-column\"><div class=\"fusion-text fusion-text-4\"><h2>Weihnachtchansons mit der Kita Gro\u00df Luja<\/h2>\n<p>Endlich wieder singen vor gro\u00dfem Publikum: Bei unserem ersten \u00f6ffentlichen Auftritt nach den pandemiebedingten Einschr\u00e4nkungen brachten die Kinder der Kita Gro\u00df Luja die <strong>Dorfkirche<\/strong> zum Klingen. Ende November gab es ein gro\u00dfes Lichterfest, zu dem wir es uns nicht nehmen lassen haben, die Dorfbewohnerinnen und Bewohner mit Weihnachtsliedern und &#8211; gedichten ein bisschen Adventszauber zu schenken. Es war auch der ein oder andere Uptempo-Song dabei, der zum Mitwippen animierte! Wir verbrachten mit unseren Kindern und ihren Familien einen wundersch\u00f6nen Nachmittag beim fr\u00f6hlichen Treiben in und vor der Dorfkirche. <strong>Danke an alle<\/strong>, die gekommen sind, um unseren Kindern zuzuschauen und zuzuh\u00f6ren.<\/p>\n<\/div><\/div><\/div><\/div><\/div><div class=\"fusion-fullwidth fullwidth-box fusion-builder-row-6 fusion-flex-container has-pattern-background has-mask-background nonhundred-percent-fullwidth non-hundred-percent-height-scrolling\" style=\"--awb-border-radius-top-left:0px;--awb-border-radius-top-right:0px;--awb-border-radius-bottom-right:0px;--awb-border-radius-bottom-left:0px;--awb-flex-wrap:wrap;\" ><div class=\"fusion-builder-row fusion-row fusion-flex-align-items-flex-start fusion-flex-content-wrap\" style=\"max-width:1331.2px;margin-left: calc(-4% \/ 2 );margin-right: calc(-4% \/ 2 );\"><div class=\"fusion-layout-column fusion_builder_column fusion-builder-column-8 fusion_builder_column_1_1 1_1 fusion-flex-column\" style=\"--awb-bg-size:cover;--awb-width-large:100%;--awb-margin-top-large:0px;--awb-spacing-right-large:1.92%;--awb-margin-bottom-large:20px;--awb-spacing-left-large:1.92%;--awb-width-medium:100%;--awb-order-medium:0;--awb-spacing-right-medium:1.92%;--awb-spacing-left-medium:1.92%;--awb-width-small:100%;--awb-order-small:0;--awb-spacing-right-small:1.92%;--awb-spacing-left-small:1.92%;\"><div class=\"fusion-column-wrapper fusion-column-has-shadow fusion-flex-justify-content-flex-start fusion-content-layout-column\"><div class=\"fusion-image-element \" style=\"--awb-caption-title-font-family:var(--h2_typography-font-family);--awb-caption-title-font-weight:var(--h2_typography-font-weight);--awb-caption-title-font-style:var(--h2_typography-font-style);--awb-caption-title-size:var(--h2_typography-font-size);--awb-caption-title-transform:var(--h2_typography-text-transform);--awb-caption-title-line-height:var(--h2_typography-line-height);--awb-caption-title-letter-spacing:var(--h2_typography-letter-spacing);\"><span class=\" fusion-imageframe imageframe-none imageframe-7 hover-type-none\"><img decoding=\"async\" width=\"1024\" height=\"126\" title=\"32528-NYLNAB\" src=\"https:\/\/www.asf-brandenburg.de\/asf_wp\/wp-content\/uploads\/2022\/12\/32528-NYLNAB-1024x126.jpg\" alt class=\"img-responsive wp-image-6241\" srcset=\"https:\/\/www.asf-brandenburg.de\/asf_wp\/wp-content\/uploads\/2022\/12\/32528-NYLNAB-200x25.jpg 200w, https:\/\/www.asf-brandenburg.de\/asf_wp\/wp-content\/uploads\/2022\/12\/32528-NYLNAB-400x49.jpg 400w, https:\/\/www.asf-brandenburg.de\/asf_wp\/wp-content\/uploads\/2022\/12\/32528-NYLNAB-600x74.jpg 600w, https:\/\/www.asf-brandenburg.de\/asf_wp\/wp-content\/uploads\/2022\/12\/32528-NYLNAB-800x98.jpg 800w, https:\/\/www.asf-brandenburg.de\/asf_wp\/wp-content\/uploads\/2022\/12\/32528-NYLNAB-1200x148.jpg 1200w, https:\/\/www.asf-brandenburg.de\/asf_wp\/wp-content\/uploads\/2022\/12\/32528-NYLNAB.jpg 1666w\" sizes=\"(max-width: 1280px) 100vw, (max-width: 770px) 100vw, 1024px\" \/><\/span><\/div><\/div><\/div><\/div><\/div><div class=\"fusion-fullwidth fullwidth-box fusion-builder-row-7 fusion-flex-container has-pattern-background has-mask-background nonhundred-percent-fullwidth non-hundred-percent-height-scrolling\" style=\"--awb-border-radius-top-left:0px;--awb-border-radius-top-right:0px;--awb-border-radius-bottom-right:0px;--awb-border-radius-bottom-left:0px;--awb-flex-wrap:wrap;\" ><div class=\"fusion-builder-row fusion-row fusion-flex-align-items-flex-start fusion-flex-content-wrap\" style=\"max-width:1331.2px;margin-left: calc(-4% \/ 2 );margin-right: calc(-4% \/ 2 );\"><div class=\"fusion-layout-column fusion_builder_column fusion-builder-column-9 fusion_builder_column_1_2 1_2 fusion-flex-column\" style=\"--awb-bg-size:cover;--awb-width-large:50%;--awb-margin-top-large:0px;--awb-spacing-right-large:3.84%;--awb-margin-bottom-large:20px;--awb-spacing-left-large:3.84%;--awb-width-medium:100%;--awb-order-medium:0;--awb-spacing-right-medium:1.92%;--awb-spacing-left-medium:1.92%;--awb-width-small:100%;--awb-order-small:0;--awb-spacing-right-small:1.92%;--awb-spacing-left-small:1.92%;\"><div class=\"fusion-column-wrapper fusion-column-has-shadow fusion-flex-justify-content-flex-start fusion-content-layout-column\"><div class=\"fusion-image-element \" style=\"--awb-caption-title-font-family:var(--h2_typography-font-family);--awb-caption-title-font-weight:var(--h2_typography-font-weight);--awb-caption-title-font-style:var(--h2_typography-font-style);--awb-caption-title-size:var(--h2_typography-font-size);--awb-caption-title-transform:var(--h2_typography-text-transform);--awb-caption-title-line-height:var(--h2_typography-line-height);--awb-caption-title-letter-spacing:var(--h2_typography-letter-spacing);\"><span class=\" fusion-imageframe imageframe-none imageframe-8 hover-type-none\"><img decoding=\"async\" width=\"1024\" height=\"1024\" src=\"https:\/\/www.asf-brandenburg.de\/asf_wp\/wp-content\/uploads\/2022\/12\/20221206_163312-1024x1024.jpg\" alt class=\"img-responsive wp-image-6252\" srcset=\"https:\/\/www.asf-brandenburg.de\/asf_wp\/wp-content\/uploads\/2022\/12\/20221206_163312-200x200.jpg 200w, https:\/\/www.asf-brandenburg.de\/asf_wp\/wp-content\/uploads\/2022\/12\/20221206_163312-400x400.jpg 400w, https:\/\/www.asf-brandenburg.de\/asf_wp\/wp-content\/uploads\/2022\/12\/20221206_163312-600x600.jpg 600w, https:\/\/www.asf-brandenburg.de\/asf_wp\/wp-content\/uploads\/2022\/12\/20221206_163312-800x800.jpg 800w, https:\/\/www.asf-brandenburg.de\/asf_wp\/wp-content\/uploads\/2022\/12\/20221206_163312-1200x1200.jpg 1200w\" sizes=\"(max-width: 1280px) 100vw, (max-width: 770px) 100vw, 800px\" \/><\/span><\/div><div class=\"fusion-text fusion-text-5\"><p><span style=\"color: #ffffff;\">.<\/span><\/p>\n<\/div><div class=\"fusion-image-element \" style=\"--awb-caption-title-font-family:var(--h2_typography-font-family);--awb-caption-title-font-weight:var(--h2_typography-font-weight);--awb-caption-title-font-style:var(--h2_typography-font-style);--awb-caption-title-size:var(--h2_typography-font-size);--awb-caption-title-transform:var(--h2_typography-text-transform);--awb-caption-title-line-height:var(--h2_typography-line-height);--awb-caption-title-letter-spacing:var(--h2_typography-letter-spacing);\"><span class=\" fusion-imageframe imageframe-none imageframe-9 hover-type-none\"><img decoding=\"async\" width=\"1024\" height=\"1024\" src=\"https:\/\/www.asf-brandenburg.de\/asf_wp\/wp-content\/uploads\/2022\/12\/20221206_163004-1024x1024.jpg\" alt class=\"img-responsive wp-image-6257\" srcset=\"https:\/\/www.asf-brandenburg.de\/asf_wp\/wp-content\/uploads\/2022\/12\/20221206_163004-200x200.jpg 200w, https:\/\/www.asf-brandenburg.de\/asf_wp\/wp-content\/uploads\/2022\/12\/20221206_163004-400x400.jpg 400w, https:\/\/www.asf-brandenburg.de\/asf_wp\/wp-content\/uploads\/2022\/12\/20221206_163004-600x600.jpg 600w, https:\/\/www.asf-brandenburg.de\/asf_wp\/wp-content\/uploads\/2022\/12\/20221206_163004-800x800.jpg 800w, https:\/\/www.asf-brandenburg.de\/asf_wp\/wp-content\/uploads\/2022\/12\/20221206_163004-1200x1200.jpg 1200w\" sizes=\"(max-width: 1280px) 100vw, (max-width: 770px) 100vw, 800px\" \/><\/span><\/div><\/div><\/div><div class=\"fusion-layout-column fusion_builder_column fusion-builder-column-10 fusion_builder_column_1_2 1_2 fusion-flex-column\" style=\"--awb-bg-size:cover;--awb-width-large:50%;--awb-margin-top-large:0px;--awb-spacing-right-large:3.84%;--awb-margin-bottom-large:20px;--awb-spacing-left-large:3.84%;--awb-width-medium:100%;--awb-order-medium:0;--awb-spacing-right-medium:1.92%;--awb-spacing-left-medium:1.92%;--awb-width-small:100%;--awb-order-small:0;--awb-spacing-right-small:1.92%;--awb-spacing-left-small:1.92%;\"><div class=\"fusion-column-wrapper fusion-column-has-shadow fusion-flex-justify-content-flex-start fusion-content-layout-column\"><div class=\"fusion-text fusion-text-6\"><h2>Nikolausfete im Albert-Schweitzer-Haus<\/h2>\n<p>Hinter dem <strong>T\u00fcrchen 6 des Lebendigen Adventskalenders der Stadt Spremberg <\/strong>versteckte sich die Tafel Spremberg des Albert-Schweitzer-Familienwerks Brandenburg. Mit dabei waren auch die Teams der Fr\u00fchf\u00f6rder- und Beratungsstelle und des Offenen Jugendtreffs des Albert-Schweitzer-Familienwerks Brandenburg sowie die BQS D\u00f6bern.<\/p>\n<p>Auf dem stimmungsvoll geschm\u00fcckten Hof des Tafelgel\u00e4ndes in der Gartenstra\u00dfe 9 gab es Weihnachtsbasteln und Nikolausschminken mit dem Team der <strong>Fr\u00fchf\u00f6rder- und Beratungsstelle<\/strong>, Lagerfeuer mit Stockbrot, eine Bauchredner-Show, eine Pl\u00e4tzchenwerkstatt und gem\u00fctliches Beisammensein. Als besondere Einlage kamen die Sch\u00fclerinnen und Sch\u00fcler des Lausitzer Haus des Lernens f\u00fcr eine kleine Weihnachtsshow.<\/p>\n<p>Ein Teilerl\u00f6s der Einnahmen f\u00fcr die Verk\u00f6stigung spendet der Verein\u00a0 der <strong>Initiative gegen Einsamkeit<\/strong> \u201eEine Weihnachtsbotschaft reist durch die Stadt\u201c der \u00d6rtlichen Liga Spremberg und der Kirche. Ein Weihnachtsmobil soll am 24. Dezember verschiedene Station in Spremberg anfahren und Anlaufpunkt f\u00fcr alle Menschen sein, die Heiligabend nicht in Gesellschaft verbringen k\u00f6nnen.<\/p>\n<p>Wir sind froh nach der Zwangspause wieder ein Weihnachtsangebot f\u00fcr Familien und \u00e4ltere Menschen stellen zu k\u00f6nnen \u2013 infektionskonform gr\u00f6\u00dftenteils unter freien Himmel.\u00a0 Sch\u00f6n w\u00e4re, m\u00f6glichst viel Spenden f\u00fcr die unterst\u00fctzungsw\u00fcrdige Aktion gegen Einsamkeit an Heiligabend aufbringen zu k\u00f6nnen. Denn soziale Isolation ist seit diesem Jahr mehr ein Thema denn je \u2013 das merken wir t\u00e4glich in den Tafeln in unserer Tr\u00e4gerschaft. Keiner sollte Weihnachten alleine verbringen m\u00fcssen.<\/p>\n<\/div><\/div><\/div><\/div><\/div><div class=\"fusion-fullwidth fullwidth-box fusion-builder-row-8 fusion-flex-container has-pattern-background has-mask-background nonhundred-percent-fullwidth non-hundred-percent-height-scrolling\" style=\"--awb-border-radius-top-left:0px;--awb-border-radius-top-right:0px;--awb-border-radius-bottom-right:0px;--awb-border-radius-bottom-left:0px;--awb-flex-wrap:wrap;\" ><div class=\"fusion-builder-row fusion-row fusion-flex-align-items-flex-start fusion-flex-content-wrap\" style=\"max-width:1331.2px;margin-left: calc(-4% \/ 2 );margin-right: calc(-4% \/ 2 );\"><div class=\"fusion-layout-column fusion_builder_column fusion-builder-column-11 fusion_builder_column_1_3 1_3 fusion-flex-column\" style=\"--awb-bg-size:cover;--awb-width-large:33.3333333333%;--awb-margin-top-large:0px;--awb-spacing-right-large:5.76%;--awb-margin-bottom-large:20px;--awb-spacing-left-large:5.76%;--awb-width-medium:100%;--awb-order-medium:0;--awb-spacing-right-medium:1.92%;--awb-spacing-left-medium:1.92%;--awb-width-small:100%;--awb-order-small:0;--awb-spacing-right-small:1.92%;--awb-spacing-left-small:1.92%;\"><div class=\"fusion-column-wrapper fusion-column-has-shadow fusion-flex-justify-content-flex-start fusion-content-layout-column\"><div class=\"fusion-image-element \" style=\"--awb-caption-title-font-family:var(--h2_typography-font-family);--awb-caption-title-font-weight:var(--h2_typography-font-weight);--awb-caption-title-font-style:var(--h2_typography-font-style);--awb-caption-title-size:var(--h2_typography-font-size);--awb-caption-title-transform:var(--h2_typography-text-transform);--awb-caption-title-line-height:var(--h2_typography-line-height);--awb-caption-title-letter-spacing:var(--h2_typography-letter-spacing);\"><span class=\" fusion-imageframe imageframe-none imageframe-10 hover-type-none\"><a href=\"https:\/\/www.asf-brandenburg.de\/asf_wp\/wp-content\/uploads\/2022\/12\/20221206_162517-1024x1024.jpg\" class=\"fusion-lightbox\" data-rel=\"iLightbox[6b44bb9b7a486270f14]\"><img decoding=\"async\" width=\"1024\" height=\"1024\" src=\"https:\/\/www.asf-brandenburg.de\/asf_wp\/wp-content\/uploads\/2022\/12\/20221206_162517-1024x1024.jpg\" alt class=\"img-responsive wp-image-6266\" srcset=\"https:\/\/www.asf-brandenburg.de\/asf_wp\/wp-content\/uploads\/2022\/12\/20221206_162517-200x200.jpg 200w, https:\/\/www.asf-brandenburg.de\/asf_wp\/wp-content\/uploads\/2022\/12\/20221206_162517-400x400.jpg 400w, https:\/\/www.asf-brandenburg.de\/asf_wp\/wp-content\/uploads\/2022\/12\/20221206_162517-600x600.jpg 600w, https:\/\/www.asf-brandenburg.de\/asf_wp\/wp-content\/uploads\/2022\/12\/20221206_162517-800x800.jpg 800w, https:\/\/www.asf-brandenburg.de\/asf_wp\/wp-content\/uploads\/2022\/12\/20221206_162517-1200x1200.jpg 1200w\" sizes=\"(max-width: 1280px) 100vw, (max-width: 770px) 100vw, 400px\" \/><\/a><\/span><\/div><\/div><\/div><div class=\"fusion-layout-column fusion_builder_column fusion-builder-column-12 fusion_builder_column_1_3 1_3 fusion-flex-column\" style=\"--awb-bg-size:cover;--awb-width-large:33.3333333333%;--awb-margin-top-large:0px;--awb-spacing-right-large:5.76%;--awb-margin-bottom-large:20px;--awb-spacing-left-large:5.76%;--awb-width-medium:100%;--awb-order-medium:0;--awb-spacing-right-medium:1.92%;--awb-spacing-left-medium:1.92%;--awb-width-small:100%;--awb-order-small:0;--awb-spacing-right-small:1.92%;--awb-spacing-left-small:1.92%;\"><div class=\"fusion-column-wrapper fusion-column-has-shadow fusion-flex-justify-content-flex-start fusion-content-layout-column\"><div class=\"fusion-image-element \" style=\"--awb-caption-title-font-family:var(--h2_typography-font-family);--awb-caption-title-font-weight:var(--h2_typography-font-weight);--awb-caption-title-font-style:var(--h2_typography-font-style);--awb-caption-title-size:var(--h2_typography-font-size);--awb-caption-title-transform:var(--h2_typography-text-transform);--awb-caption-title-line-height:var(--h2_typography-line-height);--awb-caption-title-letter-spacing:var(--h2_typography-letter-spacing);\"><span class=\" fusion-imageframe imageframe-none imageframe-11 hover-type-none\"><a href=\"https:\/\/www.asf-brandenburg.de\/asf_wp\/wp-content\/uploads\/2022\/12\/20221206_164521-1024x1024.jpg\" class=\"fusion-lightbox\" data-rel=\"iLightbox[f86f53f0210580e89d8]\"><img decoding=\"async\" width=\"1024\" height=\"1024\" src=\"https:\/\/www.asf-brandenburg.de\/asf_wp\/wp-content\/uploads\/2022\/12\/20221206_164521-1024x1024.jpg\" alt class=\"img-responsive wp-image-6260\" srcset=\"https:\/\/www.asf-brandenburg.de\/asf_wp\/wp-content\/uploads\/2022\/12\/20221206_164521-200x200.jpg 200w, https:\/\/www.asf-brandenburg.de\/asf_wp\/wp-content\/uploads\/2022\/12\/20221206_164521-400x400.jpg 400w, https:\/\/www.asf-brandenburg.de\/asf_wp\/wp-content\/uploads\/2022\/12\/20221206_164521-600x600.jpg 600w, https:\/\/www.asf-brandenburg.de\/asf_wp\/wp-content\/uploads\/2022\/12\/20221206_164521-800x800.jpg 800w, https:\/\/www.asf-brandenburg.de\/asf_wp\/wp-content\/uploads\/2022\/12\/20221206_164521-1200x1200.jpg 1200w\" sizes=\"(max-width: 1280px) 100vw, (max-width: 770px) 100vw, 400px\" \/><\/a><\/span><\/div><\/div><\/div><div class=\"fusion-layout-column fusion_builder_column fusion-builder-column-13 fusion_builder_column_1_3 1_3 fusion-flex-column\" style=\"--awb-bg-size:cover;--awb-width-large:33.3333333333%;--awb-margin-top-large:0px;--awb-spacing-right-large:5.76%;--awb-margin-bottom-large:20px;--awb-spacing-left-large:5.76%;--awb-width-medium:100%;--awb-order-medium:0;--awb-spacing-right-medium:1.92%;--awb-spacing-left-medium:1.92%;--awb-width-small:100%;--awb-order-small:0;--awb-spacing-right-small:1.92%;--awb-spacing-left-small:1.92%;\"><div class=\"fusion-column-wrapper fusion-column-has-shadow fusion-flex-justify-content-flex-start fusion-content-layout-column\"><div class=\"fusion-image-element \" style=\"--awb-caption-title-font-family:var(--h2_typography-font-family);--awb-caption-title-font-weight:var(--h2_typography-font-weight);--awb-caption-title-font-style:var(--h2_typography-font-style);--awb-caption-title-size:var(--h2_typography-font-size);--awb-caption-title-transform:var(--h2_typography-text-transform);--awb-caption-title-line-height:var(--h2_typography-line-height);--awb-caption-title-letter-spacing:var(--h2_typography-letter-spacing);\"><span class=\" fusion-imageframe imageframe-none imageframe-12 hover-type-none\"><a href=\"https:\/\/www.asf-brandenburg.de\/asf_wp\/wp-content\/uploads\/2022\/12\/20221206_163700-1024x1024.jpg\" class=\"fusion-lightbox\" data-rel=\"iLightbox[6a55d72e9d59707d429]\"><img decoding=\"async\" width=\"1024\" height=\"1024\" src=\"https:\/\/www.asf-brandenburg.de\/asf_wp\/wp-content\/uploads\/2022\/12\/20221206_163700-1024x1024.jpg\" alt class=\"img-responsive wp-image-6262\" srcset=\"https:\/\/www.asf-brandenburg.de\/asf_wp\/wp-content\/uploads\/2022\/12\/20221206_163700-200x200.jpg 200w, https:\/\/www.asf-brandenburg.de\/asf_wp\/wp-content\/uploads\/2022\/12\/20221206_163700-400x400.jpg 400w, https:\/\/www.asf-brandenburg.de\/asf_wp\/wp-content\/uploads\/2022\/12\/20221206_163700-600x600.jpg 600w, https:\/\/www.asf-brandenburg.de\/asf_wp\/wp-content\/uploads\/2022\/12\/20221206_163700-800x800.jpg 800w, https:\/\/www.asf-brandenburg.de\/asf_wp\/wp-content\/uploads\/2022\/12\/20221206_163700-1200x1200.jpg 1200w\" sizes=\"(max-width: 1280px) 100vw, (max-width: 770px) 100vw, 400px\" \/><\/a><\/span><\/div><\/div><\/div><\/div><\/div><div class=\"fusion-fullwidth fullwidth-box fusion-builder-row-9 fusion-flex-container has-pattern-background has-mask-background nonhundred-percent-fullwidth non-hundred-percent-height-scrolling\" style=\"--awb-border-radius-top-left:0px;--awb-border-radius-top-right:0px;--awb-border-radius-bottom-right:0px;--awb-border-radius-bottom-left:0px;--awb-flex-wrap:wrap;\" ><div class=\"fusion-builder-row fusion-row fusion-flex-align-items-flex-start fusion-flex-content-wrap\" style=\"max-width:1331.2px;margin-left: calc(-4% \/ 2 );margin-right: calc(-4% \/ 2 );\"><div class=\"fusion-layout-column fusion_builder_column fusion-builder-column-14 fusion_builder_column_1_3 1_3 fusion-flex-column\" style=\"--awb-bg-size:cover;--awb-width-large:33.3333333333%;--awb-margin-top-large:0px;--awb-spacing-right-large:5.76%;--awb-margin-bottom-large:20px;--awb-spacing-left-large:5.76%;--awb-width-medium:100%;--awb-order-medium:0;--awb-spacing-right-medium:1.92%;--awb-spacing-left-medium:1.92%;--awb-width-small:100%;--awb-order-small:0;--awb-spacing-right-small:1.92%;--awb-spacing-left-small:1.92%;\"><div class=\"fusion-column-wrapper fusion-column-has-shadow fusion-flex-justify-content-flex-start fusion-content-layout-column\"><div class=\"fusion-image-element \" style=\"--awb-caption-title-font-family:var(--h2_typography-font-family);--awb-caption-title-font-weight:var(--h2_typography-font-weight);--awb-caption-title-font-style:var(--h2_typography-font-style);--awb-caption-title-size:var(--h2_typography-font-size);--awb-caption-title-transform:var(--h2_typography-text-transform);--awb-caption-title-line-height:var(--h2_typography-line-height);--awb-caption-title-letter-spacing:var(--h2_typography-letter-spacing);\"><span class=\" fusion-imageframe imageframe-none imageframe-13 hover-type-none\"><a href=\"https:\/\/www.asf-brandenburg.de\/asf_wp\/wp-content\/uploads\/2022\/12\/20221206_163400-1024x1024.jpg\" class=\"fusion-lightbox\" data-rel=\"iLightbox[1d7ef456ba2be5362d0]\"><img decoding=\"async\" width=\"1024\" height=\"1024\" src=\"https:\/\/www.asf-brandenburg.de\/asf_wp\/wp-content\/uploads\/2022\/12\/20221206_163400-1024x1024.jpg\" alt class=\"img-responsive wp-image-6264\" srcset=\"https:\/\/www.asf-brandenburg.de\/asf_wp\/wp-content\/uploads\/2022\/12\/20221206_163400-200x200.jpg 200w, https:\/\/www.asf-brandenburg.de\/asf_wp\/wp-content\/uploads\/2022\/12\/20221206_163400-400x400.jpg 400w, https:\/\/www.asf-brandenburg.de\/asf_wp\/wp-content\/uploads\/2022\/12\/20221206_163400-600x600.jpg 600w, https:\/\/www.asf-brandenburg.de\/asf_wp\/wp-content\/uploads\/2022\/12\/20221206_163400-800x800.jpg 800w, https:\/\/www.asf-brandenburg.de\/asf_wp\/wp-content\/uploads\/2022\/12\/20221206_163400-1200x1200.jpg 1200w\" sizes=\"(max-width: 1280px) 100vw, (max-width: 770px) 100vw, 400px\" \/><\/a><\/span><\/div><\/div><\/div><div class=\"fusion-layout-column fusion_builder_column fusion-builder-column-15 fusion_builder_column_1_3 1_3 fusion-flex-column\" style=\"--awb-bg-size:cover;--awb-width-large:33.3333333333%;--awb-margin-top-large:0px;--awb-spacing-right-large:5.76%;--awb-margin-bottom-large:20px;--awb-spacing-left-large:5.76%;--awb-width-medium:100%;--awb-order-medium:0;--awb-spacing-right-medium:1.92%;--awb-spacing-left-medium:1.92%;--awb-width-small:100%;--awb-order-small:0;--awb-spacing-right-small:1.92%;--awb-spacing-left-small:1.92%;\"><div class=\"fusion-column-wrapper fusion-column-has-shadow fusion-flex-justify-content-flex-start fusion-content-layout-column\"><div class=\"fusion-image-element \" style=\"--awb-caption-title-font-family:var(--h2_typography-font-family);--awb-caption-title-font-weight:var(--h2_typography-font-weight);--awb-caption-title-font-style:var(--h2_typography-font-style);--awb-caption-title-size:var(--h2_typography-font-size);--awb-caption-title-transform:var(--h2_typography-text-transform);--awb-caption-title-line-height:var(--h2_typography-line-height);--awb-caption-title-letter-spacing:var(--h2_typography-letter-spacing);\"><span class=\" fusion-imageframe imageframe-none imageframe-14 hover-type-none\"><a href=\"https:\/\/www.asf-brandenburg.de\/asf_wp\/wp-content\/uploads\/2022\/12\/20221206_164403-1024x1024.jpg\" class=\"fusion-lightbox\" data-rel=\"iLightbox[88c0f12dff1f8db2a19]\"><img decoding=\"async\" width=\"1024\" height=\"1024\" src=\"https:\/\/www.asf-brandenburg.de\/asf_wp\/wp-content\/uploads\/2022\/12\/20221206_164403-1024x1024.jpg\" alt class=\"img-responsive wp-image-6261\" srcset=\"https:\/\/www.asf-brandenburg.de\/asf_wp\/wp-content\/uploads\/2022\/12\/20221206_164403-200x200.jpg 200w, https:\/\/www.asf-brandenburg.de\/asf_wp\/wp-content\/uploads\/2022\/12\/20221206_164403-400x400.jpg 400w, https:\/\/www.asf-brandenburg.de\/asf_wp\/wp-content\/uploads\/2022\/12\/20221206_164403-600x600.jpg 600w, https:\/\/www.asf-brandenburg.de\/asf_wp\/wp-content\/uploads\/2022\/12\/20221206_164403-800x800.jpg 800w, https:\/\/www.asf-brandenburg.de\/asf_wp\/wp-content\/uploads\/2022\/12\/20221206_164403-1200x1200.jpg 1200w\" sizes=\"(max-width: 1280px) 100vw, (max-width: 770px) 100vw, 400px\" \/><\/a><\/span><\/div><\/div><\/div><div class=\"fusion-layout-column fusion_builder_column fusion-builder-column-16 fusion_builder_column_1_3 1_3 fusion-flex-column\" style=\"--awb-bg-size:cover;--awb-width-large:33.3333333333%;--awb-margin-top-large:0px;--awb-spacing-right-large:5.76%;--awb-margin-bottom-large:20px;--awb-spacing-left-large:5.76%;--awb-width-medium:100%;--awb-order-medium:0;--awb-spacing-right-medium:1.92%;--awb-spacing-left-medium:1.92%;--awb-width-small:100%;--awb-order-small:0;--awb-spacing-right-small:1.92%;--awb-spacing-left-small:1.92%;\"><div class=\"fusion-column-wrapper fusion-column-has-shadow fusion-flex-justify-content-flex-start fusion-content-layout-column\"><div class=\"fusion-image-element \" style=\"--awb-caption-title-font-family:var(--h2_typography-font-family);--awb-caption-title-font-weight:var(--h2_typography-font-weight);--awb-caption-title-font-style:var(--h2_typography-font-style);--awb-caption-title-size:var(--h2_typography-font-size);--awb-caption-title-transform:var(--h2_typography-text-transform);--awb-caption-title-line-height:var(--h2_typography-line-height);--awb-caption-title-letter-spacing:var(--h2_typography-letter-spacing);\"><span class=\" fusion-imageframe imageframe-none imageframe-15 hover-type-none\"><a href=\"https:\/\/www.asf-brandenburg.de\/asf_wp\/wp-content\/uploads\/2022\/12\/20221206_163501-1024x1024.jpg\" class=\"fusion-lightbox\" data-rel=\"iLightbox[a5951fcf6ad004a8184]\"><img decoding=\"async\" width=\"1024\" height=\"1024\" src=\"https:\/\/www.asf-brandenburg.de\/asf_wp\/wp-content\/uploads\/2022\/12\/20221206_163501-1024x1024.jpg\" alt class=\"img-responsive wp-image-6267\" srcset=\"https:\/\/www.asf-brandenburg.de\/asf_wp\/wp-content\/uploads\/2022\/12\/20221206_163501-200x200.jpg 200w, https:\/\/www.asf-brandenburg.de\/asf_wp\/wp-content\/uploads\/2022\/12\/20221206_163501-400x400.jpg 400w, https:\/\/www.asf-brandenburg.de\/asf_wp\/wp-content\/uploads\/2022\/12\/20221206_163501-600x600.jpg 600w, https:\/\/www.asf-brandenburg.de\/asf_wp\/wp-content\/uploads\/2022\/12\/20221206_163501-800x800.jpg 800w, https:\/\/www.asf-brandenburg.de\/asf_wp\/wp-content\/uploads\/2022\/12\/20221206_163501-1200x1200.jpg 1200w\" sizes=\"(max-width: 1280px) 100vw, (max-width: 770px) 100vw, 400px\" \/><\/a><\/span><\/div><\/div><\/div><\/div><\/div>\n","protected":false},"excerpt":{"rendered":"<p>Meine G\u00fcte, es ist so viel los! Lebensfreude, Tatendrang und ganz viel Gem\u00fctlichkeit: In den Kitas Graustein, Schwarze Pumpe und Gro\u00df Luja gibt es Adventsspektakel, ebenso wie in den Tafeln Spremberg, Cottbus und Luckau&#8230; <\/p>\n","protected":false},"author":2,"featured_media":6254,"comment_status":"closed","ping_status":"open","sticky":false,"template":"","format":"standard","meta":{"inline_featured_image":false,"footnotes":""},"categories":[142],"tags":[80],"class_list":["post-6236","post","type-post","status-publish","format-standard","has-post-thumbnail","hentry","category-neuigkeiten-2021","tag-albert-schweitzer-familienwerk-brandenburg-e-v"],"yoast_head":"<!-- This site is optimized with the Yoast SEO plugin v27.5 - https:\/\/yoast.com\/product\/yoast-seo-wordpress\/ -->\n<title>So gem\u00fctlich: Unsere Einrichtungen feiern den Advent mit einem Eventfeuerwerk!<\/title>\n<meta name=\"description\" content=\"Meine G\u00fcte, es ist so viel los! In den Kitas Graustein, Schwarze Pumpe und Gro\u00df Luja gibt es Adventsspektakel, ebenso wie in den Tafeln Spremberg, Cottbus und Luckau...\" \/>\n<meta name=\"robots\" content=\"index, follow, max-snippet:-1, max-image-preview:large, max-video-preview:-1\" \/>\n<link rel=\"canonical\" href=\"https:\/\/www.asf-brandenburg.de\/asf_wp\/aktuelles\/2022\/adventszauberimasf\/\" \/>\n<meta property=\"og:locale\" content=\"de_DE\" \/>\n<meta property=\"og:type\" content=\"article\" \/>\n<meta property=\"og:title\" content=\"So gem\u00fctlich: Unsere Einrichtungen feiern den Advent mit einem Eventfeuerwerk!\" \/>\n<meta property=\"og:description\" content=\"Meine G\u00fcte, es ist so viel los! In den Kitas Graustein, Schwarze Pumpe und Gro\u00df Luja gibt es Adventsspektakel, ebenso wie in den Tafeln Spremberg, Cottbus und Luckau...\" \/>\n<meta property=\"og:url\" content=\"https:\/\/www.asf-brandenburg.de\/asf_wp\/aktuelles\/2022\/adventszauberimasf\/\" \/>\n<meta property=\"og:site_name\" content=\"Albert-Schweitzer-Familienwerk Brandenburg e.V.\" \/>\n<meta property=\"article:publisher\" content=\"https:\/\/www.facebook.com\/AlbertSchweitzerFamilienwerkBrandenburg\" \/>\n<meta property=\"article:published_time\" content=\"2022-12-07T09:36:38+00:00\" \/>\n<meta property=\"article:modified_time\" content=\"2022-12-07T11:51:33+00:00\" \/>\n<meta property=\"og:image\" content=\"https:\/\/www.asf-brandenburg.de\/asf_wp\/wp-content\/uploads\/2022\/12\/20221206_163312-1-scaled.jpg\" \/>\n\t<meta property=\"og:image:width\" content=\"2502\" \/>\n\t<meta property=\"og:image:height\" content=\"2560\" \/>\n\t<meta property=\"og:image:type\" content=\"image\/jpeg\" \/>\n<meta name=\"author\" content=\"Web Admin\" \/>\n<meta name=\"twitter:card\" content=\"summary_large_image\" \/>\n<meta name=\"twitter:label1\" content=\"Verfasst von\" \/>\n\t<meta name=\"twitter:data1\" content=\"Web Admin\" \/>\n\t<meta name=\"twitter:label2\" content=\"Gesch\u00e4tzte Lesezeit\" \/>\n\t<meta name=\"twitter:data2\" content=\"30\u00a0Minuten\" \/>\n<script type=\"application\/ld+json\" class=\"yoast-schema-graph\">{\"@context\":\"https:\\\/\\\/schema.org\",\"@graph\":[{\"@type\":\"Article\",\"@id\":\"https:\\\/\\\/www.asf-brandenburg.de\\\/asf_wp\\\/aktuelles\\\/2022\\\/adventszauberimasf\\\/#article\",\"isPartOf\":{\"@id\":\"https:\\\/\\\/www.asf-brandenburg.de\\\/asf_wp\\\/aktuelles\\\/2022\\\/adventszauberimasf\\\/\"},\"author\":{\"name\":\"Web Admin\",\"@id\":\"https:\\\/\\\/www.asf-brandenburg.de\\\/asf_wp\\\/#\\\/schema\\\/person\\\/a63ba1553f2aa75f90f3809d9e4a1efc\"},\"headline\":\"So gem\u00fctlich: Unsere Einrichtungen feiern den Advent mit einem Eventfeuerwerk!\",\"datePublished\":\"2022-12-07T09:36:38+00:00\",\"dateModified\":\"2022-12-07T11:51:33+00:00\",\"mainEntityOfPage\":{\"@id\":\"https:\\\/\\\/www.asf-brandenburg.de\\\/asf_wp\\\/aktuelles\\\/2022\\\/adventszauberimasf\\\/\"},\"wordCount\":13752,\"publisher\":{\"@id\":\"https:\\\/\\\/www.asf-brandenburg.de\\\/asf_wp\\\/#organization\"},\"image\":{\"@id\":\"https:\\\/\\\/www.asf-brandenburg.de\\\/asf_wp\\\/aktuelles\\\/2022\\\/adventszauberimasf\\\/#primaryimage\"},\"thumbnailUrl\":\"https:\\\/\\\/www.asf-brandenburg.de\\\/asf_wp\\\/wp-content\\\/uploads\\\/2022\\\/12\\\/20221206_163312-1-scaled.jpg\",\"keywords\":[\"Albert-Schweitzer-Familienwerk Brandenburg e.V.\"],\"articleSection\":[\"Neuigkeiten 2021\"],\"inLanguage\":\"de\"},{\"@type\":\"WebPage\",\"@id\":\"https:\\\/\\\/www.asf-brandenburg.de\\\/asf_wp\\\/aktuelles\\\/2022\\\/adventszauberimasf\\\/\",\"url\":\"https:\\\/\\\/www.asf-brandenburg.de\\\/asf_wp\\\/aktuelles\\\/2022\\\/adventszauberimasf\\\/\",\"name\":\"So gem\u00fctlich: Unsere Einrichtungen feiern den Advent mit einem Eventfeuerwerk!\",\"isPartOf\":{\"@id\":\"https:\\\/\\\/www.asf-brandenburg.de\\\/asf_wp\\\/#website\"},\"primaryImageOfPage\":{\"@id\":\"https:\\\/\\\/www.asf-brandenburg.de\\\/asf_wp\\\/aktuelles\\\/2022\\\/adventszauberimasf\\\/#primaryimage\"},\"image\":{\"@id\":\"https:\\\/\\\/www.asf-brandenburg.de\\\/asf_wp\\\/aktuelles\\\/2022\\\/adventszauberimasf\\\/#primaryimage\"},\"thumbnailUrl\":\"https:\\\/\\\/www.asf-brandenburg.de\\\/asf_wp\\\/wp-content\\\/uploads\\\/2022\\\/12\\\/20221206_163312-1-scaled.jpg\",\"datePublished\":\"2022-12-07T09:36:38+00:00\",\"dateModified\":\"2022-12-07T11:51:33+00:00\",\"description\":\"Meine G\u00fcte, es ist so viel los! In den Kitas Graustein, Schwarze Pumpe und Gro\u00df Luja gibt es Adventsspektakel, ebenso wie in den Tafeln Spremberg, Cottbus und Luckau...\",\"breadcrumb\":{\"@id\":\"https:\\\/\\\/www.asf-brandenburg.de\\\/asf_wp\\\/aktuelles\\\/2022\\\/adventszauberimasf\\\/#breadcrumb\"},\"inLanguage\":\"de\",\"potentialAction\":[{\"@type\":\"ReadAction\",\"target\":[\"https:\\\/\\\/www.asf-brandenburg.de\\\/asf_wp\\\/aktuelles\\\/2022\\\/adventszauberimasf\\\/\"]}]},{\"@type\":\"ImageObject\",\"inLanguage\":\"de\",\"@id\":\"https:\\\/\\\/www.asf-brandenburg.de\\\/asf_wp\\\/aktuelles\\\/2022\\\/adventszauberimasf\\\/#primaryimage\",\"url\":\"https:\\\/\\\/www.asf-brandenburg.de\\\/asf_wp\\\/wp-content\\\/uploads\\\/2022\\\/12\\\/20221206_163312-1-scaled.jpg\",\"contentUrl\":\"https:\\\/\\\/www.asf-brandenburg.de\\\/asf_wp\\\/wp-content\\\/uploads\\\/2022\\\/12\\\/20221206_163312-1-scaled.jpg\",\"width\":2502,\"height\":2560},{\"@type\":\"BreadcrumbList\",\"@id\":\"https:\\\/\\\/www.asf-brandenburg.de\\\/asf_wp\\\/aktuelles\\\/2022\\\/adventszauberimasf\\\/#breadcrumb\",\"itemListElement\":[{\"@type\":\"ListItem\",\"position\":1,\"name\":\"Startseite\",\"item\":\"https:\\\/\\\/www.asf-brandenburg.de\\\/asf_wp\\\/\"},{\"@type\":\"ListItem\",\"position\":2,\"name\":\"So gem\u00fctlich: Unsere Einrichtungen feiern den Advent mit einem Eventfeuerwerk!\"}]},{\"@type\":\"WebSite\",\"@id\":\"https:\\\/\\\/www.asf-brandenburg.de\\\/asf_wp\\\/#website\",\"url\":\"https:\\\/\\\/www.asf-brandenburg.de\\\/asf_wp\\\/\",\"name\":\"Albert-Schweitzer-Kinderd\u00f6rfer und Familienwerke Brandenburg e. V.\",\"description\":\"\",\"publisher\":{\"@id\":\"https:\\\/\\\/www.asf-brandenburg.de\\\/asf_wp\\\/#organization\"},\"potentialAction\":[{\"@type\":\"SearchAction\",\"target\":{\"@type\":\"EntryPoint\",\"urlTemplate\":\"https:\\\/\\\/www.asf-brandenburg.de\\\/asf_wp\\\/?s={search_term_string}\"},\"query-input\":{\"@type\":\"PropertyValueSpecification\",\"valueRequired\":true,\"valueName\":\"search_term_string\"}}],\"inLanguage\":\"de\"},{\"@type\":\"Organization\",\"@id\":\"https:\\\/\\\/www.asf-brandenburg.de\\\/asf_wp\\\/#organization\",\"name\":\"Albert-Schweitzer-Familienwerk Brandenburg e. V.\",\"url\":\"https:\\\/\\\/www.asf-brandenburg.de\\\/asf_wp\\\/\",\"logo\":{\"@type\":\"ImageObject\",\"inLanguage\":\"de\",\"@id\":\"https:\\\/\\\/www.asf-brandenburg.de\\\/asf_wp\\\/#\\\/schema\\\/logo\\\/image\\\/\",\"url\":\"https:\\\/\\\/www.asf-brandenburg.de\\\/asf_wp\\\/wp-content\\\/uploads\\\/2018\\\/08\\\/Logo_ASF_BRB_318x107.png\",\"contentUrl\":\"https:\\\/\\\/www.asf-brandenburg.de\\\/asf_wp\\\/wp-content\\\/uploads\\\/2018\\\/08\\\/Logo_ASF_BRB_318x107.png\",\"width\":318,\"height\":107,\"caption\":\"Albert-Schweitzer-Familienwerk Brandenburg e. V.\"},\"image\":{\"@id\":\"https:\\\/\\\/www.asf-brandenburg.de\\\/asf_wp\\\/#\\\/schema\\\/logo\\\/image\\\/\"},\"sameAs\":[\"https:\\\/\\\/www.facebook.com\\\/AlbertSchweitzerFamilienwerkBrandenburg\",\"https:\\\/\\\/www.youtube.com\\\/@asfbrandenburg\",\"https:\\\/\\\/www.instagram.com\\\/asf_brandenburg\\\/\"]},{\"@type\":\"Person\",\"@id\":\"https:\\\/\\\/www.asf-brandenburg.de\\\/asf_wp\\\/#\\\/schema\\\/person\\\/a63ba1553f2aa75f90f3809d9e4a1efc\",\"name\":\"Web Admin\",\"sameAs\":[\"http:\\\/\\\/www.asf-brandenburg.de\"],\"url\":\"https:\\\/\\\/www.asf-brandenburg.de\\\/asf_wp\\\/aktuelles\\\/author\\\/asf\\\/\"}]}<\/script>\n<!-- \/ Yoast SEO plugin. -->","yoast_head_json":{"title":"So gem\u00fctlich: Unsere Einrichtungen feiern den Advent mit einem Eventfeuerwerk!","description":"Meine G\u00fcte, es ist so viel los! In den Kitas Graustein, Schwarze Pumpe und Gro\u00df Luja gibt es Adventsspektakel, ebenso wie in den Tafeln Spremberg, Cottbus und Luckau...","robots":{"index":"index","follow":"follow","max-snippet":"max-snippet:-1","max-image-preview":"max-image-preview:large","max-video-preview":"max-video-preview:-1"},"canonical":"https:\/\/www.asf-brandenburg.de\/asf_wp\/aktuelles\/2022\/adventszauberimasf\/","og_locale":"de_DE","og_type":"article","og_title":"So gem\u00fctlich: Unsere Einrichtungen feiern den Advent mit einem Eventfeuerwerk!","og_description":"Meine G\u00fcte, es ist so viel los! In den Kitas Graustein, Schwarze Pumpe und Gro\u00df Luja gibt es Adventsspektakel, ebenso wie in den Tafeln Spremberg, Cottbus und Luckau...","og_url":"https:\/\/www.asf-brandenburg.de\/asf_wp\/aktuelles\/2022\/adventszauberimasf\/","og_site_name":"Albert-Schweitzer-Familienwerk Brandenburg e.V.","article_publisher":"https:\/\/www.facebook.com\/AlbertSchweitzerFamilienwerkBrandenburg","article_published_time":"2022-12-07T09:36:38+00:00","article_modified_time":"2022-12-07T11:51:33+00:00","og_image":[{"width":2502,"height":2560,"url":"https:\/\/www.asf-brandenburg.de\/asf_wp\/wp-content\/uploads\/2022\/12\/20221206_163312-1-scaled.jpg","type":"image\/jpeg"}],"author":"Web Admin","twitter_card":"summary_large_image","twitter_misc":{"Verfasst von":"Web Admin","Gesch\u00e4tzte Lesezeit":"30\u00a0Minuten"},"schema":{"@context":"https:\/\/schema.org","@graph":[{"@type":"Article","@id":"https:\/\/www.asf-brandenburg.de\/asf_wp\/aktuelles\/2022\/adventszauberimasf\/#article","isPartOf":{"@id":"https:\/\/www.asf-brandenburg.de\/asf_wp\/aktuelles\/2022\/adventszauberimasf\/"},"author":{"name":"Web Admin","@id":"https:\/\/www.asf-brandenburg.de\/asf_wp\/#\/schema\/person\/a63ba1553f2aa75f90f3809d9e4a1efc"},"headline":"So gem\u00fctlich: Unsere Einrichtungen feiern den Advent mit einem Eventfeuerwerk!","datePublished":"2022-12-07T09:36:38+00:00","dateModified":"2022-12-07T11:51:33+00:00","mainEntityOfPage":{"@id":"https:\/\/www.asf-brandenburg.de\/asf_wp\/aktuelles\/2022\/adventszauberimasf\/"},"wordCount":13752,"publisher":{"@id":"https:\/\/www.asf-brandenburg.de\/asf_wp\/#organization"},"image":{"@id":"https:\/\/www.asf-brandenburg.de\/asf_wp\/aktuelles\/2022\/adventszauberimasf\/#primaryimage"},"thumbnailUrl":"https:\/\/www.asf-brandenburg.de\/asf_wp\/wp-content\/uploads\/2022\/12\/20221206_163312-1-scaled.jpg","keywords":["Albert-Schweitzer-Familienwerk Brandenburg e.V."],"articleSection":["Neuigkeiten 2021"],"inLanguage":"de"},{"@type":"WebPage","@id":"https:\/\/www.asf-brandenburg.de\/asf_wp\/aktuelles\/2022\/adventszauberimasf\/","url":"https:\/\/www.asf-brandenburg.de\/asf_wp\/aktuelles\/2022\/adventszauberimasf\/","name":"So gem\u00fctlich: Unsere Einrichtungen feiern den Advent mit einem Eventfeuerwerk!","isPartOf":{"@id":"https:\/\/www.asf-brandenburg.de\/asf_wp\/#website"},"primaryImageOfPage":{"@id":"https:\/\/www.asf-brandenburg.de\/asf_wp\/aktuelles\/2022\/adventszauberimasf\/#primaryimage"},"image":{"@id":"https:\/\/www.asf-brandenburg.de\/asf_wp\/aktuelles\/2022\/adventszauberimasf\/#primaryimage"},"thumbnailUrl":"https:\/\/www.asf-brandenburg.de\/asf_wp\/wp-content\/uploads\/2022\/12\/20221206_163312-1-scaled.jpg","datePublished":"2022-12-07T09:36:38+00:00","dateModified":"2022-12-07T11:51:33+00:00","description":"Meine G\u00fcte, es ist so viel los! In den Kitas Graustein, Schwarze Pumpe und Gro\u00df Luja gibt es Adventsspektakel, ebenso wie in den Tafeln Spremberg, Cottbus und Luckau...","breadcrumb":{"@id":"https:\/\/www.asf-brandenburg.de\/asf_wp\/aktuelles\/2022\/adventszauberimasf\/#breadcrumb"},"inLanguage":"de","potentialAction":[{"@type":"ReadAction","target":["https:\/\/www.asf-brandenburg.de\/asf_wp\/aktuelles\/2022\/adventszauberimasf\/"]}]},{"@type":"ImageObject","inLanguage":"de","@id":"https:\/\/www.asf-brandenburg.de\/asf_wp\/aktuelles\/2022\/adventszauberimasf\/#primaryimage","url":"https:\/\/www.asf-brandenburg.de\/asf_wp\/wp-content\/uploads\/2022\/12\/20221206_163312-1-scaled.jpg","contentUrl":"https:\/\/www.asf-brandenburg.de\/asf_wp\/wp-content\/uploads\/2022\/12\/20221206_163312-1-scaled.jpg","width":2502,"height":2560},{"@type":"BreadcrumbList","@id":"https:\/\/www.asf-brandenburg.de\/asf_wp\/aktuelles\/2022\/adventszauberimasf\/#breadcrumb","itemListElement":[{"@type":"ListItem","position":1,"name":"Startseite","item":"https:\/\/www.asf-brandenburg.de\/asf_wp\/"},{"@type":"ListItem","position":2,"name":"So gem\u00fctlich: Unsere Einrichtungen feiern den Advent mit einem Eventfeuerwerk!"}]},{"@type":"WebSite","@id":"https:\/\/www.asf-brandenburg.de\/asf_wp\/#website","url":"https:\/\/www.asf-brandenburg.de\/asf_wp\/","name":"Albert-Schweitzer-Kinderd\u00f6rfer und Familienwerke Brandenburg e. V.","description":"","publisher":{"@id":"https:\/\/www.asf-brandenburg.de\/asf_wp\/#organization"},"potentialAction":[{"@type":"SearchAction","target":{"@type":"EntryPoint","urlTemplate":"https:\/\/www.asf-brandenburg.de\/asf_wp\/?s={search_term_string}"},"query-input":{"@type":"PropertyValueSpecification","valueRequired":true,"valueName":"search_term_string"}}],"inLanguage":"de"},{"@type":"Organization","@id":"https:\/\/www.asf-brandenburg.de\/asf_wp\/#organization","name":"Albert-Schweitzer-Familienwerk Brandenburg e. V.","url":"https:\/\/www.asf-brandenburg.de\/asf_wp\/","logo":{"@type":"ImageObject","inLanguage":"de","@id":"https:\/\/www.asf-brandenburg.de\/asf_wp\/#\/schema\/logo\/image\/","url":"https:\/\/www.asf-brandenburg.de\/asf_wp\/wp-content\/uploads\/2018\/08\/Logo_ASF_BRB_318x107.png","contentUrl":"https:\/\/www.asf-brandenburg.de\/asf_wp\/wp-content\/uploads\/2018\/08\/Logo_ASF_BRB_318x107.png","width":318,"height":107,"caption":"Albert-Schweitzer-Familienwerk Brandenburg e. V."},"image":{"@id":"https:\/\/www.asf-brandenburg.de\/asf_wp\/#\/schema\/logo\/image\/"},"sameAs":["https:\/\/www.facebook.com\/AlbertSchweitzerFamilienwerkBrandenburg","https:\/\/www.youtube.com\/@asfbrandenburg","https:\/\/www.instagram.com\/asf_brandenburg\/"]},{"@type":"Person","@id":"https:\/\/www.asf-brandenburg.de\/asf_wp\/#\/schema\/person\/a63ba1553f2aa75f90f3809d9e4a1efc","name":"Web Admin","sameAs":["http:\/\/www.asf-brandenburg.de"],"url":"https:\/\/www.asf-brandenburg.de\/asf_wp\/aktuelles\/author\/asf\/"}]}},"_links":{"self":[{"href":"https:\/\/www.asf-brandenburg.de\/asf_wp\/wp-json\/wp\/v2\/posts\/6236","targetHints":{"allow":["GET"]}}],"collection":[{"href":"https:\/\/www.asf-brandenburg.de\/asf_wp\/wp-json\/wp\/v2\/posts"}],"about":[{"href":"https:\/\/www.asf-brandenburg.de\/asf_wp\/wp-json\/wp\/v2\/types\/post"}],"author":[{"embeddable":true,"href":"https:\/\/www.asf-brandenburg.de\/asf_wp\/wp-json\/wp\/v2\/users\/2"}],"replies":[{"embeddable":true,"href":"https:\/\/www.asf-brandenburg.de\/asf_wp\/wp-json\/wp\/v2\/comments?post=6236"}],"version-history":[{"count":0,"href":"https:\/\/www.asf-brandenburg.de\/asf_wp\/wp-json\/wp\/v2\/posts\/6236\/revisions"}],"wp:featuredmedia":[{"embeddable":true,"href":"https:\/\/www.asf-brandenburg.de\/asf_wp\/wp-json\/wp\/v2\/media\/6254"}],"wp:attachment":[{"href":"https:\/\/www.asf-brandenburg.de\/asf_wp\/wp-json\/wp\/v2\/media?parent=6236"}],"wp:term":[{"taxonomy":"category","embeddable":true,"href":"https:\/\/www.asf-brandenburg.de\/asf_wp\/wp-json\/wp\/v2\/categories?post=6236"},{"taxonomy":"post_tag","embeddable":true,"href":"https:\/\/www.asf-brandenburg.de\/asf_wp\/wp-json\/wp\/v2\/tags?post=6236"}],"curies":[{"name":"wp","href":"https:\/\/api.w.org\/{rel}","templated":true}]}}