{"id":4440,"date":"2022-02-07T14:16:34","date_gmt":"2022-02-07T13:16:34","guid":{"rendered":"https:\/\/www.asf-brandenburg.de\/asf_wp\/?p=4440"},"modified":"2022-02-17T11:30:57","modified_gmt":"2022-02-17T10:30:57","slug":"partizipationimkitaalltag","status":"publish","type":"post","link":"https:\/\/www.asf-brandenburg.de\/asf_wp\/aktuelles\/2022\/partizipationimkitaalltag\/","title":{"rendered":"Demokratie f\u00e4ngt im Kindergarten an \u2013 Verein f\u00f6rdert kindliche Selbstbestimmung im Kitaalltag"},"content":{"rendered":"<div class=\"fusion-fullwidth fullwidth-box fusion-builder-row-1 fusion-flex-container nonhundred-percent-fullwidth non-hundred-percent-height-scrolling\" style=\"--awb-border-radius-top-left:0px;--awb-border-radius-top-right:0px;--awb-border-radius-bottom-right:0px;--awb-border-radius-bottom-left:0px;--awb-flex-wrap:wrap;\" ><div class=\"fusion-builder-row fusion-row fusion-flex-align-items-flex-start fusion-flex-content-wrap\" style=\"max-width:1331.2px;margin-left: calc(-4% \/ 2 );margin-right: calc(-4% \/ 2 );\"><div class=\"fusion-layout-column fusion_builder_column fusion-builder-column-0 fusion_builder_column_1_1 1_1 fusion-flex-column\" style=\"--awb-bg-size:cover;--awb-width-large:100%;--awb-margin-top-large:0px;--awb-spacing-right-large:1.92%;--awb-margin-bottom-large:20px;--awb-spacing-left-large:1.92%;--awb-width-medium:100%;--awb-order-medium:0;--awb-spacing-right-medium:1.92%;--awb-spacing-left-medium:1.92%;--awb-width-small:100%;--awb-order-small:0;--awb-spacing-right-small:1.92%;--awb-spacing-left-small:1.92%;\"><div class=\"fusion-column-wrapper fusion-column-has-shadow fusion-flex-justify-content-flex-start fusion-content-layout-column\"><div class=\"fusion-image-element \" style=\"--awb-caption-title-font-family:var(--h2_typography-font-family);--awb-caption-title-font-weight:var(--h2_typography-font-weight);--awb-caption-title-font-style:var(--h2_typography-font-style);--awb-caption-title-size:var(--h2_typography-font-size);--awb-caption-title-transform:var(--h2_typography-text-transform);--awb-caption-title-line-height:var(--h2_typography-line-height);--awb-caption-title-letter-spacing:var(--h2_typography-letter-spacing);\"><span class=\" fusion-imageframe imageframe-none imageframe-1 hover-type-none\"><img decoding=\"async\" width=\"1024\" height=\"502\" src=\"https:\/\/www.asf-brandenburg.de\/asf_wp\/wp-content\/uploads\/2022\/02\/painted-handprints-with-artistic-equipment-1-1024x502.jpg\" alt class=\"img-responsive wp-image-4459\" srcset=\"https:\/\/www.asf-brandenburg.de\/asf_wp\/wp-content\/uploads\/2022\/02\/painted-handprints-with-artistic-equipment-1-200x98.jpg 200w, https:\/\/www.asf-brandenburg.de\/asf_wp\/wp-content\/uploads\/2022\/02\/painted-handprints-with-artistic-equipment-1-400x196.jpg 400w, https:\/\/www.asf-brandenburg.de\/asf_wp\/wp-content\/uploads\/2022\/02\/painted-handprints-with-artistic-equipment-1-600x294.jpg 600w, https:\/\/www.asf-brandenburg.de\/asf_wp\/wp-content\/uploads\/2022\/02\/painted-handprints-with-artistic-equipment-1-800x392.jpg 800w, https:\/\/www.asf-brandenburg.de\/asf_wp\/wp-content\/uploads\/2022\/02\/painted-handprints-with-artistic-equipment-1-1200x588.jpg 1200w\" sizes=\"(max-width: 1280px) 100vw, (max-width: 770px) 100vw, 1024px\" \/><\/span><\/div><div class=\"fusion-text fusion-text-1\" style=\"--awb-text-transform:none;\"><p>Vom Abstrakten ins Praktische kommen \u2013 das ist das Ansinnen des Albert-Schweitzer-Familienwerks Brandenburg e.V. als der Verein das Projekt \u201ePartizipation im Kitaalltag\u201c ins Leben ruft. Denn: Teilhabe in der Kinderbetreuung steht schon l\u00e4nger im Gesetz geschrieben. Nur wie die schwammigen Formulierungen im Alltag aussehen k\u00f6nnen, bleibt oft unklar. Mithilfe eines Fach-Coachings haben die Horte Kinderwelt und Lausitzer Haus des Lernens sowie die Kitas Schwarze Pumpe, Gro\u00df Luja, Graustein und Sellessen Haidem\u00fchl ihre Rituale und Gewohnheiten auf den Pr\u00fcfstand gestellt.<\/p>\n<p><strong>\u201eDie Rolle der Erziehungsfachkr\u00e4fte hat sich gewandelt\u201c<\/strong><\/p>\n<p><em>\u201eDie Rolle der Erziehungsfachkr\u00e4fte und auch ihr Selbstverst\u00e4ndnis haben sich gewandelt\u201c<\/em>, sagt Kitakoordinatorin Julia M\u00fcnzberg. <em>\u201eWir folgen der Bewegung: weg vom Diktieren und Gehorchen, hin zum selbstbestimmten Handeln mit gemeinsamen Entscheidungen \u2013 auch mit dem Tragen der Konsequenzen. Die P\u00e4dagoginnen und P\u00e4dagogen \u00fcbernehmen dabei die Rolle des liebevollen Anleiters statt die des Vorgebers.\u201c<\/em> W\u00e4hrend des sechsmonatigen Projektes haben die Kitateams mit der Fachberaterin Sabine Radtke (Parit\u00e4tischer Wohlfahrtsverband Berlin e.V.) vor Ort und in Workshops reflektiert, wie sie Kinder und Eltern beim Miteinander m\u00f6glichst aktiv einbinden k\u00f6nnen. Vorteile hat das viele: Die Kinder lernen, dass sie eine Stimme haben, die z\u00e4hlt und geh\u00f6rt wird, wie sie ihre Meinung ausdr\u00fccken und Entscheidungen in der Gruppe treffen \u2013 demokratische Grundwerte, die gleichzeitig soziale Fertigkeiten schulen.<\/p>\n<p><strong>Kinder lernen, dass sie eine Stimme haben, die geh\u00f6rt wird <\/strong><\/p>\n<p>\u00dcbersetzt sieht das zum Beispiel so aus: Die Sommerausfl\u00fcge in der ASF Kita Gro\u00df Luja k\u00f6nnen die Kinder durch Mehrheitsbeschluss festlegen \u2013 kindgerecht durch die Abstimmung mittels Ablegens von \u00dc-Eiern auf entsprechende Schaubilder. In einer \u201eKinderkonferenz\u201c beschlie\u00dfen sie, welche Spielzeuge in der Woche im Gruppenraum ausliegen. In der Kita Kinderland in Schwarze Pumpe hingegen steht ein Wunschbaum, an dem die Kinder W\u00fcnsche f\u00fcr ihren Kitaalltag h\u00e4ngen k\u00f6nnen. Auch beim Essen wird auf das Erleben von Selbstwirksamkeit gesetzt: Im Kinderrestaurant bereiten die Gruppen ihre Mahlzeit so weit wie m\u00f6glich eigenh\u00e4ndig zu; im Anschluss darf das Essen auf einer Schautafel bewertet werden.<\/p>\n<p>Kai Noack, Gesch\u00e4ftsf\u00fchrer des Albert-Schweitzer-Familienwerks Brandenburg e.V.: <em>\u201eAls Tr\u00e4ger stehen wir und unsere Einrichtungen f\u00fcr ein Aufwachsen, bei dem Kinder im gesch\u00fctzten Rahmen in ihre Rolle als selbstbestimmter Mensch reinwachsen d\u00fcrfen. Daf\u00fcr geben wir den Fachkr\u00e4ften Raum und Zeit, ihre Arbeit regelm\u00e4\u00dfig zu reflektieren und sich zu fragen: An welchen Stellschrauben k\u00f6nnen wir die uns anvertrauten Kinder noch besser f\u00f6rdern? Mit dem erfolgreichen Abschluss des Projekts haben wir ein paar Good-Practice-Beispiele und Impulse geschaffen, wie Teilhabe und Demokratie auch schon im Kindergarten gelebt werden kann.\u201c<\/em><\/p>\n<p>Ihre Ideen, Erfahrungen und bereits umgesetzten Projekte haben die Kita und Horte des Albert-Schweitzer-Familienwerks Brandenburg gesammelt. Alle interessierten Fachkr\u00e4fte aus dem Kita- und Hortbereich und Eltern des Landkreises Spree-Nei\u00dfe waren eingeladen sich bei einem digitalen Fachtag dem Thema zu \u00f6ffnen und zu diskutieren. Demokratie leben und ein\u00fcben \u2013 das beginnt eben auch in der Kita. Allerdings nur dann, wenn wir mutig genug sind, es zuzulassen.<\/p>\n<p><em>Finanziert wurde das Projekt \u201eperle \u2013 Perspektiven erleben.\u201c der Stadt Spremberg im Zuge des Bundesprogramms \u201eDemokratie leben!\u201c<\/em><\/p>\n<p><a href=\"http:\/\/www.perspektiven-spremberg.de\">www.perspektiven-spremberg.de<\/a><\/p>\n<\/div><\/div><\/div><\/div><\/div><div class=\"fusion-fullwidth fullwidth-box fusion-builder-row-2 fusion-flex-container nonhundred-percent-fullwidth non-hundred-percent-height-scrolling\" style=\"--awb-border-radius-top-left:0px;--awb-border-radius-top-right:0px;--awb-border-radius-bottom-right:0px;--awb-border-radius-bottom-left:0px;--awb-flex-wrap:wrap;\" ><div class=\"fusion-builder-row fusion-row fusion-flex-align-items-flex-start fusion-flex-content-wrap\" style=\"max-width:1331.2px;margin-left: calc(-4% \/ 2 );margin-right: calc(-4% \/ 2 );\"><div class=\"fusion-layout-column fusion_builder_column fusion-builder-column-1 fusion_builder_column_1_2 1_2 fusion-flex-column\" style=\"--awb-bg-size:cover;--awb-width-large:50%;--awb-margin-top-large:0px;--awb-spacing-right-large:3.84%;--awb-margin-bottom-large:20px;--awb-spacing-left-large:3.84%;--awb-width-medium:100%;--awb-order-medium:0;--awb-spacing-right-medium:1.92%;--awb-spacing-left-medium:1.92%;--awb-width-small:100%;--awb-order-small:0;--awb-spacing-right-small:1.92%;--awb-spacing-left-small:1.92%;\"><div class=\"fusion-column-wrapper fusion-column-has-shadow fusion-flex-justify-content-flex-start fusion-content-layout-column\"><div class=\"fusion-image-element awb-imageframe-style awb-imageframe-style-below awb-imageframe-style-2\" style=\"--awb-caption-title-font-family:var(--h2_typography-font-family);--awb-caption-title-font-weight:var(--h2_typography-font-weight);--awb-caption-title-font-style:var(--h2_typography-font-style);--awb-caption-title-size:var(--h2_typography-font-size);--awb-caption-title-transform:var(--h2_typography-text-transform);--awb-caption-title-line-height:var(--h2_typography-line-height);--awb-caption-title-letter-spacing:var(--h2_typography-letter-spacing);\"><span class=\" fusion-imageframe imageframe-none imageframe-2 hover-type-none\"><img decoding=\"async\" width=\"1024\" height=\"741\" src=\"https:\/\/www.asf-brandenburg.de\/asf_wp\/wp-content\/uploads\/2022\/02\/kita-kinderland2-1024x741.png\" alt class=\"img-responsive wp-image-4452\" srcset=\"https:\/\/www.asf-brandenburg.de\/asf_wp\/wp-content\/uploads\/2022\/02\/kita-kinderland2-200x145.png 200w, https:\/\/www.asf-brandenburg.de\/asf_wp\/wp-content\/uploads\/2022\/02\/kita-kinderland2-400x289.png 400w, https:\/\/www.asf-brandenburg.de\/asf_wp\/wp-content\/uploads\/2022\/02\/kita-kinderland2-600x434.png 600w, https:\/\/www.asf-brandenburg.de\/asf_wp\/wp-content\/uploads\/2022\/02\/kita-kinderland2-800x579.png 800w, https:\/\/www.asf-brandenburg.de\/asf_wp\/wp-content\/uploads\/2022\/02\/kita-kinderland2-1200x868.png 1200w, https:\/\/www.asf-brandenburg.de\/asf_wp\/wp-content\/uploads\/2022\/02\/kita-kinderland2.png 1882w\" sizes=\"(max-width: 1280px) 100vw, (max-width: 770px) 100vw, 800px\" \/><\/span><div class=\"awb-imageframe-caption-container\"><div class=\"awb-imageframe-caption\"><p class=\"awb-imageframe-caption-text\">Was hat uns gut geschmeckt und was eher nicht? In der Kita Kinderland in Schwarze Pumpe beginnt gelebte Mitbestimmung schon beim Mittagessen.<\/p><\/div><\/div><\/div><\/div><\/div><div class=\"fusion-layout-column fusion_builder_column fusion-builder-column-2 fusion_builder_column_1_2 1_2 fusion-flex-column\" style=\"--awb-bg-size:cover;--awb-width-large:50%;--awb-margin-top-large:0px;--awb-spacing-right-large:3.84%;--awb-margin-bottom-large:20px;--awb-spacing-left-large:3.84%;--awb-width-medium:100%;--awb-order-medium:0;--awb-spacing-right-medium:1.92%;--awb-spacing-left-medium:1.92%;--awb-width-small:100%;--awb-order-small:0;--awb-spacing-right-small:1.92%;--awb-spacing-left-small:1.92%;\"><div class=\"fusion-column-wrapper fusion-column-has-shadow fusion-flex-justify-content-flex-start fusion-content-layout-column\"><div class=\"fusion-image-element awb-imageframe-style awb-imageframe-style-below awb-imageframe-style-3\" style=\"--awb-caption-title-font-family:var(--h2_typography-font-family);--awb-caption-title-font-weight:var(--h2_typography-font-weight);--awb-caption-title-font-style:var(--h2_typography-font-style);--awb-caption-title-size:var(--h2_typography-font-size);--awb-caption-title-transform:var(--h2_typography-text-transform);--awb-caption-title-line-height:var(--h2_typography-line-height);--awb-caption-title-letter-spacing:var(--h2_typography-letter-spacing);\"><span class=\" fusion-imageframe imageframe-none imageframe-3 hover-type-none\"><img decoding=\"async\" width=\"1024\" height=\"864\" src=\"https:\/\/www.asf-brandenburg.de\/asf_wp\/wp-content\/uploads\/2022\/02\/Bild1-1024x864.jpg\" alt class=\"img-responsive wp-image-4449\" srcset=\"https:\/\/www.asf-brandenburg.de\/asf_wp\/wp-content\/uploads\/2022\/02\/Bild1-200x169.jpg 200w, https:\/\/www.asf-brandenburg.de\/asf_wp\/wp-content\/uploads\/2022\/02\/Bild1-400x338.jpg 400w, https:\/\/www.asf-brandenburg.de\/asf_wp\/wp-content\/uploads\/2022\/02\/Bild1-600x506.jpg 600w, https:\/\/www.asf-brandenburg.de\/asf_wp\/wp-content\/uploads\/2022\/02\/Bild1-800x675.jpg 800w, https:\/\/www.asf-brandenburg.de\/asf_wp\/wp-content\/uploads\/2022\/02\/Bild1-1200x1013.jpg 1200w, https:\/\/www.asf-brandenburg.de\/asf_wp\/wp-content\/uploads\/2022\/02\/Bild1.jpg 1333w\" sizes=\"(max-width: 1280px) 100vw, (max-width: 770px) 100vw, 800px\" \/><\/span><div class=\"awb-imageframe-caption-container\"><div class=\"awb-imageframe-caption\"><p class=\"awb-imageframe-caption-text\">In der ASF Kita Gro\u00df Luja k\u00f6nnen die Kinder selbst entscheiden, was sie zu ihrem Herbstfest erleben wollen.<\/p><\/div><\/div><\/div><\/div><\/div><\/div><\/div><div class=\"fusion-fullwidth fullwidth-box fusion-builder-row-3 fusion-flex-container nonhundred-percent-fullwidth non-hundred-percent-height-scrolling\" style=\"--awb-border-radius-top-left:0px;--awb-border-radius-top-right:0px;--awb-border-radius-bottom-right:0px;--awb-border-radius-bottom-left:0px;--awb-flex-wrap:wrap;\" ><div class=\"fusion-builder-row fusion-row fusion-flex-align-items-flex-start fusion-flex-content-wrap\" style=\"max-width:1331.2px;margin-left: calc(-4% \/ 2 );margin-right: calc(-4% \/ 2 );\"><div class=\"fusion-layout-column fusion_builder_column fusion-builder-column-3 fusion_builder_column_1_1 1_1 fusion-flex-column\" style=\"--awb-bg-size:cover;--awb-width-large:100%;--awb-margin-top-large:0px;--awb-spacing-right-large:1.92%;--awb-margin-bottom-large:20px;--awb-spacing-left-large:1.92%;--awb-width-medium:100%;--awb-order-medium:0;--awb-spacing-right-medium:1.92%;--awb-spacing-left-medium:1.92%;--awb-width-small:100%;--awb-order-small:0;--awb-spacing-right-small:1.92%;--awb-spacing-left-small:1.92%;\"><div class=\"fusion-column-wrapper fusion-column-has-shadow fusion-flex-justify-content-flex-start fusion-content-layout-column\"><\/div><\/div><\/div><\/div>\n","protected":false},"excerpt":{"rendered":"<p>Wunschbaum, Kinderkonferenz und Essensranking: In dem Projekt \u201ePartizipation im Kitaalltag\u201c lernen die Kinder vor allem eines: dass sie eine Stimme haben. Vom Abstrakten ins Praktische kommen \u2013 das ist das Ansinnen des Albert-Schweitzer-Familienwerks Brandenburg e.V. als der Verein das Projekt \u201ePartizipation im Kitaalltag\u201c ins Leben ruft. Mithilfe eines Fach-Coachings haben die Horte Kinderwelt und Lausitzer Haus des Lernens sowie die Kitas Schwarze Pumpe, Gro\u00df Luja, Graustein und Sellessen Haidem\u00fchl ihre Rituale und Gewohnheiten auf den Pr\u00fcfstand gestellt&#8230;.<\/p>\n","protected":false},"author":2,"featured_media":4441,"comment_status":"closed","ping_status":"open","sticky":false,"template":"","format":"standard","meta":{"inline_featured_image":false,"footnotes":""},"categories":[157],"tags":[80],"class_list":["post-4440","post","type-post","status-publish","format-standard","has-post-thumbnail","hentry","category-neuigkeiten-2022","tag-albert-schweitzer-familienwerk-brandenburg-e-v"],"yoast_head":"<!-- This site is optimized with the Yoast SEO plugin v27.4 - https:\/\/yoast.com\/product\/yoast-seo-wordpress\/ -->\n<title>Demokratie f\u00e4ngt im Kindergarten an \u2013 Verein f\u00f6rdert kindliche Selbstbestimmung im Kitaalltag<\/title>\n<meta name=\"robots\" content=\"index, follow, max-snippet:-1, max-image-preview:large, max-video-preview:-1\" \/>\n<link rel=\"canonical\" href=\"https:\/\/www.asf-brandenburg.de\/asf_wp\/aktuelles\/2022\/partizipationimkitaalltag\/\" \/>\n<meta property=\"og:locale\" content=\"de_DE\" \/>\n<meta property=\"og:type\" content=\"article\" \/>\n<meta property=\"og:title\" content=\"Demokratie f\u00e4ngt im Kindergarten an \u2013 Verein f\u00f6rdert kindliche Selbstbestimmung im Kitaalltag\" \/>\n<meta property=\"og:description\" content=\"Wunschbaum, Kinderkonferenz und Essensranking: In dem Projekt \u201ePartizipation im Kitaalltag\u201c lernen die Kinder vor allem eines: dass sie eine Stimme haben. Vom Abstrakten ins Praktische kommen \u2013 das ist das Ansinnen des Albert-Schweitzer-Familienwerks Brandenburg e.V. als der Verein das Projekt \u201ePartizipation im Kitaalltag\u201c ins Leben ruft. Mithilfe eines Fach-Coachings haben die Horte Kinderwelt und Lausitzer Haus des Lernens sowie die Kitas Schwarze Pumpe, Gro\u00df Luja, Graustein und Sellessen Haidem\u00fchl ihre Rituale und Gewohnheiten auf den Pr\u00fcfstand gestellt....\" \/>\n<meta property=\"og:url\" content=\"https:\/\/www.asf-brandenburg.de\/asf_wp\/aktuelles\/2022\/partizipationimkitaalltag\/\" \/>\n<meta property=\"og:site_name\" content=\"Albert-Schweitzer-Familienwerk Brandenburg e.V.\" \/>\n<meta property=\"article:publisher\" content=\"https:\/\/www.facebook.com\/AlbertSchweitzerFamilienwerkBrandenburg\" \/>\n<meta property=\"article:published_time\" content=\"2022-02-07T13:16:34+00:00\" \/>\n<meta property=\"article:modified_time\" content=\"2022-02-17T10:30:57+00:00\" \/>\n<meta property=\"og:image\" content=\"https:\/\/www.asf-brandenburg.de\/asf_wp\/wp-content\/uploads\/2022\/02\/woman-reading-stories-to-children-scaled.jpg\" \/>\n\t<meta property=\"og:image:width\" content=\"2560\" \/>\n\t<meta property=\"og:image:height\" content=\"1709\" \/>\n\t<meta property=\"og:image:type\" content=\"image\/jpeg\" \/>\n<meta name=\"author\" content=\"Web Admin\" \/>\n<meta name=\"twitter:card\" content=\"summary_large_image\" \/>\n<meta name=\"twitter:label1\" content=\"Verfasst von\" \/>\n\t<meta name=\"twitter:data1\" content=\"Web Admin\" \/>\n\t<meta name=\"twitter:label2\" content=\"Gesch\u00e4tzte Lesezeit\" \/>\n\t<meta name=\"twitter:data2\" content=\"7\u00a0Minuten\" \/>\n<script type=\"application\/ld+json\" class=\"yoast-schema-graph\">{\"@context\":\"https:\\\/\\\/schema.org\",\"@graph\":[{\"@type\":\"Article\",\"@id\":\"https:\\\/\\\/www.asf-brandenburg.de\\\/asf_wp\\\/aktuelles\\\/2022\\\/partizipationimkitaalltag\\\/#article\",\"isPartOf\":{\"@id\":\"https:\\\/\\\/www.asf-brandenburg.de\\\/asf_wp\\\/aktuelles\\\/2022\\\/partizipationimkitaalltag\\\/\"},\"author\":{\"name\":\"Web Admin\",\"@id\":\"https:\\\/\\\/www.asf-brandenburg.de\\\/asf_wp\\\/#\\\/schema\\\/person\\\/a63ba1553f2aa75f90f3809d9e4a1efc\"},\"headline\":\"Demokratie f\u00e4ngt im Kindergarten an \u2013 Verein f\u00f6rdert kindliche Selbstbestimmung im Kitaalltag\",\"datePublished\":\"2022-02-07T13:16:34+00:00\",\"dateModified\":\"2022-02-17T10:30:57+00:00\",\"mainEntityOfPage\":{\"@id\":\"https:\\\/\\\/www.asf-brandenburg.de\\\/asf_wp\\\/aktuelles\\\/2022\\\/partizipationimkitaalltag\\\/\"},\"wordCount\":3318,\"publisher\":{\"@id\":\"https:\\\/\\\/www.asf-brandenburg.de\\\/asf_wp\\\/#organization\"},\"image\":{\"@id\":\"https:\\\/\\\/www.asf-brandenburg.de\\\/asf_wp\\\/aktuelles\\\/2022\\\/partizipationimkitaalltag\\\/#primaryimage\"},\"thumbnailUrl\":\"https:\\\/\\\/www.asf-brandenburg.de\\\/asf_wp\\\/wp-content\\\/uploads\\\/2022\\\/02\\\/woman-reading-stories-to-children-scaled.jpg\",\"keywords\":[\"Albert-Schweitzer-Familienwerk Brandenburg e.V.\"],\"articleSection\":[\"Neuigkeiten 2022\"],\"inLanguage\":\"de\"},{\"@type\":\"WebPage\",\"@id\":\"https:\\\/\\\/www.asf-brandenburg.de\\\/asf_wp\\\/aktuelles\\\/2022\\\/partizipationimkitaalltag\\\/\",\"url\":\"https:\\\/\\\/www.asf-brandenburg.de\\\/asf_wp\\\/aktuelles\\\/2022\\\/partizipationimkitaalltag\\\/\",\"name\":\"Demokratie f\u00e4ngt im Kindergarten an \u2013 Verein f\u00f6rdert kindliche Selbstbestimmung im Kitaalltag\",\"isPartOf\":{\"@id\":\"https:\\\/\\\/www.asf-brandenburg.de\\\/asf_wp\\\/#website\"},\"primaryImageOfPage\":{\"@id\":\"https:\\\/\\\/www.asf-brandenburg.de\\\/asf_wp\\\/aktuelles\\\/2022\\\/partizipationimkitaalltag\\\/#primaryimage\"},\"image\":{\"@id\":\"https:\\\/\\\/www.asf-brandenburg.de\\\/asf_wp\\\/aktuelles\\\/2022\\\/partizipationimkitaalltag\\\/#primaryimage\"},\"thumbnailUrl\":\"https:\\\/\\\/www.asf-brandenburg.de\\\/asf_wp\\\/wp-content\\\/uploads\\\/2022\\\/02\\\/woman-reading-stories-to-children-scaled.jpg\",\"datePublished\":\"2022-02-07T13:16:34+00:00\",\"dateModified\":\"2022-02-17T10:30:57+00:00\",\"breadcrumb\":{\"@id\":\"https:\\\/\\\/www.asf-brandenburg.de\\\/asf_wp\\\/aktuelles\\\/2022\\\/partizipationimkitaalltag\\\/#breadcrumb\"},\"inLanguage\":\"de\",\"potentialAction\":[{\"@type\":\"ReadAction\",\"target\":[\"https:\\\/\\\/www.asf-brandenburg.de\\\/asf_wp\\\/aktuelles\\\/2022\\\/partizipationimkitaalltag\\\/\"]}]},{\"@type\":\"ImageObject\",\"inLanguage\":\"de\",\"@id\":\"https:\\\/\\\/www.asf-brandenburg.de\\\/asf_wp\\\/aktuelles\\\/2022\\\/partizipationimkitaalltag\\\/#primaryimage\",\"url\":\"https:\\\/\\\/www.asf-brandenburg.de\\\/asf_wp\\\/wp-content\\\/uploads\\\/2022\\\/02\\\/woman-reading-stories-to-children-scaled.jpg\",\"contentUrl\":\"https:\\\/\\\/www.asf-brandenburg.de\\\/asf_wp\\\/wp-content\\\/uploads\\\/2022\\\/02\\\/woman-reading-stories-to-children-scaled.jpg\",\"width\":2560,\"height\":1709},{\"@type\":\"BreadcrumbList\",\"@id\":\"https:\\\/\\\/www.asf-brandenburg.de\\\/asf_wp\\\/aktuelles\\\/2022\\\/partizipationimkitaalltag\\\/#breadcrumb\",\"itemListElement\":[{\"@type\":\"ListItem\",\"position\":1,\"name\":\"Startseite\",\"item\":\"https:\\\/\\\/www.asf-brandenburg.de\\\/asf_wp\\\/\"},{\"@type\":\"ListItem\",\"position\":2,\"name\":\"Demokratie f\u00e4ngt im Kindergarten an \u2013 Verein f\u00f6rdert kindliche Selbstbestimmung im Kitaalltag\"}]},{\"@type\":\"WebSite\",\"@id\":\"https:\\\/\\\/www.asf-brandenburg.de\\\/asf_wp\\\/#website\",\"url\":\"https:\\\/\\\/www.asf-brandenburg.de\\\/asf_wp\\\/\",\"name\":\"Albert-Schweitzer-Kinderd\u00f6rfer und Familienwerke Brandenburg e. V.\",\"description\":\"\",\"publisher\":{\"@id\":\"https:\\\/\\\/www.asf-brandenburg.de\\\/asf_wp\\\/#organization\"},\"potentialAction\":[{\"@type\":\"SearchAction\",\"target\":{\"@type\":\"EntryPoint\",\"urlTemplate\":\"https:\\\/\\\/www.asf-brandenburg.de\\\/asf_wp\\\/?s={search_term_string}\"},\"query-input\":{\"@type\":\"PropertyValueSpecification\",\"valueRequired\":true,\"valueName\":\"search_term_string\"}}],\"inLanguage\":\"de\"},{\"@type\":\"Organization\",\"@id\":\"https:\\\/\\\/www.asf-brandenburg.de\\\/asf_wp\\\/#organization\",\"name\":\"Albert-Schweitzer-Familienwerk Brandenburg e. V.\",\"url\":\"https:\\\/\\\/www.asf-brandenburg.de\\\/asf_wp\\\/\",\"logo\":{\"@type\":\"ImageObject\",\"inLanguage\":\"de\",\"@id\":\"https:\\\/\\\/www.asf-brandenburg.de\\\/asf_wp\\\/#\\\/schema\\\/logo\\\/image\\\/\",\"url\":\"https:\\\/\\\/www.asf-brandenburg.de\\\/asf_wp\\\/wp-content\\\/uploads\\\/2018\\\/08\\\/Logo_ASF_BRB_318x107.png\",\"contentUrl\":\"https:\\\/\\\/www.asf-brandenburg.de\\\/asf_wp\\\/wp-content\\\/uploads\\\/2018\\\/08\\\/Logo_ASF_BRB_318x107.png\",\"width\":318,\"height\":107,\"caption\":\"Albert-Schweitzer-Familienwerk Brandenburg e. V.\"},\"image\":{\"@id\":\"https:\\\/\\\/www.asf-brandenburg.de\\\/asf_wp\\\/#\\\/schema\\\/logo\\\/image\\\/\"},\"sameAs\":[\"https:\\\/\\\/www.facebook.com\\\/AlbertSchweitzerFamilienwerkBrandenburg\",\"https:\\\/\\\/www.youtube.com\\\/@asfbrandenburg\",\"https:\\\/\\\/www.instagram.com\\\/asf_brandenburg\\\/\"]},{\"@type\":\"Person\",\"@id\":\"https:\\\/\\\/www.asf-brandenburg.de\\\/asf_wp\\\/#\\\/schema\\\/person\\\/a63ba1553f2aa75f90f3809d9e4a1efc\",\"name\":\"Web Admin\",\"sameAs\":[\"http:\\\/\\\/www.asf-brandenburg.de\"],\"url\":\"https:\\\/\\\/www.asf-brandenburg.de\\\/asf_wp\\\/aktuelles\\\/author\\\/asf\\\/\"}]}<\/script>\n<!-- \/ Yoast SEO plugin. -->","yoast_head_json":{"title":"Demokratie f\u00e4ngt im Kindergarten an \u2013 Verein f\u00f6rdert kindliche Selbstbestimmung im Kitaalltag","robots":{"index":"index","follow":"follow","max-snippet":"max-snippet:-1","max-image-preview":"max-image-preview:large","max-video-preview":"max-video-preview:-1"},"canonical":"https:\/\/www.asf-brandenburg.de\/asf_wp\/aktuelles\/2022\/partizipationimkitaalltag\/","og_locale":"de_DE","og_type":"article","og_title":"Demokratie f\u00e4ngt im Kindergarten an \u2013 Verein f\u00f6rdert kindliche Selbstbestimmung im Kitaalltag","og_description":"Wunschbaum, Kinderkonferenz und Essensranking: In dem Projekt \u201ePartizipation im Kitaalltag\u201c lernen die Kinder vor allem eines: dass sie eine Stimme haben. Vom Abstrakten ins Praktische kommen \u2013 das ist das Ansinnen des Albert-Schweitzer-Familienwerks Brandenburg e.V. als der Verein das Projekt \u201ePartizipation im Kitaalltag\u201c ins Leben ruft. Mithilfe eines Fach-Coachings haben die Horte Kinderwelt und Lausitzer Haus des Lernens sowie die Kitas Schwarze Pumpe, Gro\u00df Luja, Graustein und Sellessen Haidem\u00fchl ihre Rituale und Gewohnheiten auf den Pr\u00fcfstand gestellt....","og_url":"https:\/\/www.asf-brandenburg.de\/asf_wp\/aktuelles\/2022\/partizipationimkitaalltag\/","og_site_name":"Albert-Schweitzer-Familienwerk Brandenburg e.V.","article_publisher":"https:\/\/www.facebook.com\/AlbertSchweitzerFamilienwerkBrandenburg","article_published_time":"2022-02-07T13:16:34+00:00","article_modified_time":"2022-02-17T10:30:57+00:00","og_image":[{"width":2560,"height":1709,"url":"https:\/\/www.asf-brandenburg.de\/asf_wp\/wp-content\/uploads\/2022\/02\/woman-reading-stories-to-children-scaled.jpg","type":"image\/jpeg"}],"author":"Web Admin","twitter_card":"summary_large_image","twitter_misc":{"Verfasst von":"Web Admin","Gesch\u00e4tzte Lesezeit":"7\u00a0Minuten"},"schema":{"@context":"https:\/\/schema.org","@graph":[{"@type":"Article","@id":"https:\/\/www.asf-brandenburg.de\/asf_wp\/aktuelles\/2022\/partizipationimkitaalltag\/#article","isPartOf":{"@id":"https:\/\/www.asf-brandenburg.de\/asf_wp\/aktuelles\/2022\/partizipationimkitaalltag\/"},"author":{"name":"Web Admin","@id":"https:\/\/www.asf-brandenburg.de\/asf_wp\/#\/schema\/person\/a63ba1553f2aa75f90f3809d9e4a1efc"},"headline":"Demokratie f\u00e4ngt im Kindergarten an \u2013 Verein f\u00f6rdert kindliche Selbstbestimmung im Kitaalltag","datePublished":"2022-02-07T13:16:34+00:00","dateModified":"2022-02-17T10:30:57+00:00","mainEntityOfPage":{"@id":"https:\/\/www.asf-brandenburg.de\/asf_wp\/aktuelles\/2022\/partizipationimkitaalltag\/"},"wordCount":3318,"publisher":{"@id":"https:\/\/www.asf-brandenburg.de\/asf_wp\/#organization"},"image":{"@id":"https:\/\/www.asf-brandenburg.de\/asf_wp\/aktuelles\/2022\/partizipationimkitaalltag\/#primaryimage"},"thumbnailUrl":"https:\/\/www.asf-brandenburg.de\/asf_wp\/wp-content\/uploads\/2022\/02\/woman-reading-stories-to-children-scaled.jpg","keywords":["Albert-Schweitzer-Familienwerk Brandenburg e.V."],"articleSection":["Neuigkeiten 2022"],"inLanguage":"de"},{"@type":"WebPage","@id":"https:\/\/www.asf-brandenburg.de\/asf_wp\/aktuelles\/2022\/partizipationimkitaalltag\/","url":"https:\/\/www.asf-brandenburg.de\/asf_wp\/aktuelles\/2022\/partizipationimkitaalltag\/","name":"Demokratie f\u00e4ngt im Kindergarten an \u2013 Verein f\u00f6rdert kindliche Selbstbestimmung im Kitaalltag","isPartOf":{"@id":"https:\/\/www.asf-brandenburg.de\/asf_wp\/#website"},"primaryImageOfPage":{"@id":"https:\/\/www.asf-brandenburg.de\/asf_wp\/aktuelles\/2022\/partizipationimkitaalltag\/#primaryimage"},"image":{"@id":"https:\/\/www.asf-brandenburg.de\/asf_wp\/aktuelles\/2022\/partizipationimkitaalltag\/#primaryimage"},"thumbnailUrl":"https:\/\/www.asf-brandenburg.de\/asf_wp\/wp-content\/uploads\/2022\/02\/woman-reading-stories-to-children-scaled.jpg","datePublished":"2022-02-07T13:16:34+00:00","dateModified":"2022-02-17T10:30:57+00:00","breadcrumb":{"@id":"https:\/\/www.asf-brandenburg.de\/asf_wp\/aktuelles\/2022\/partizipationimkitaalltag\/#breadcrumb"},"inLanguage":"de","potentialAction":[{"@type":"ReadAction","target":["https:\/\/www.asf-brandenburg.de\/asf_wp\/aktuelles\/2022\/partizipationimkitaalltag\/"]}]},{"@type":"ImageObject","inLanguage":"de","@id":"https:\/\/www.asf-brandenburg.de\/asf_wp\/aktuelles\/2022\/partizipationimkitaalltag\/#primaryimage","url":"https:\/\/www.asf-brandenburg.de\/asf_wp\/wp-content\/uploads\/2022\/02\/woman-reading-stories-to-children-scaled.jpg","contentUrl":"https:\/\/www.asf-brandenburg.de\/asf_wp\/wp-content\/uploads\/2022\/02\/woman-reading-stories-to-children-scaled.jpg","width":2560,"height":1709},{"@type":"BreadcrumbList","@id":"https:\/\/www.asf-brandenburg.de\/asf_wp\/aktuelles\/2022\/partizipationimkitaalltag\/#breadcrumb","itemListElement":[{"@type":"ListItem","position":1,"name":"Startseite","item":"https:\/\/www.asf-brandenburg.de\/asf_wp\/"},{"@type":"ListItem","position":2,"name":"Demokratie f\u00e4ngt im Kindergarten an \u2013 Verein f\u00f6rdert kindliche Selbstbestimmung im Kitaalltag"}]},{"@type":"WebSite","@id":"https:\/\/www.asf-brandenburg.de\/asf_wp\/#website","url":"https:\/\/www.asf-brandenburg.de\/asf_wp\/","name":"Albert-Schweitzer-Kinderd\u00f6rfer und Familienwerke Brandenburg e. V.","description":"","publisher":{"@id":"https:\/\/www.asf-brandenburg.de\/asf_wp\/#organization"},"potentialAction":[{"@type":"SearchAction","target":{"@type":"EntryPoint","urlTemplate":"https:\/\/www.asf-brandenburg.de\/asf_wp\/?s={search_term_string}"},"query-input":{"@type":"PropertyValueSpecification","valueRequired":true,"valueName":"search_term_string"}}],"inLanguage":"de"},{"@type":"Organization","@id":"https:\/\/www.asf-brandenburg.de\/asf_wp\/#organization","name":"Albert-Schweitzer-Familienwerk Brandenburg e. V.","url":"https:\/\/www.asf-brandenburg.de\/asf_wp\/","logo":{"@type":"ImageObject","inLanguage":"de","@id":"https:\/\/www.asf-brandenburg.de\/asf_wp\/#\/schema\/logo\/image\/","url":"https:\/\/www.asf-brandenburg.de\/asf_wp\/wp-content\/uploads\/2018\/08\/Logo_ASF_BRB_318x107.png","contentUrl":"https:\/\/www.asf-brandenburg.de\/asf_wp\/wp-content\/uploads\/2018\/08\/Logo_ASF_BRB_318x107.png","width":318,"height":107,"caption":"Albert-Schweitzer-Familienwerk Brandenburg e. V."},"image":{"@id":"https:\/\/www.asf-brandenburg.de\/asf_wp\/#\/schema\/logo\/image\/"},"sameAs":["https:\/\/www.facebook.com\/AlbertSchweitzerFamilienwerkBrandenburg","https:\/\/www.youtube.com\/@asfbrandenburg","https:\/\/www.instagram.com\/asf_brandenburg\/"]},{"@type":"Person","@id":"https:\/\/www.asf-brandenburg.de\/asf_wp\/#\/schema\/person\/a63ba1553f2aa75f90f3809d9e4a1efc","name":"Web Admin","sameAs":["http:\/\/www.asf-brandenburg.de"],"url":"https:\/\/www.asf-brandenburg.de\/asf_wp\/aktuelles\/author\/asf\/"}]}},"_links":{"self":[{"href":"https:\/\/www.asf-brandenburg.de\/asf_wp\/wp-json\/wp\/v2\/posts\/4440","targetHints":{"allow":["GET"]}}],"collection":[{"href":"https:\/\/www.asf-brandenburg.de\/asf_wp\/wp-json\/wp\/v2\/posts"}],"about":[{"href":"https:\/\/www.asf-brandenburg.de\/asf_wp\/wp-json\/wp\/v2\/types\/post"}],"author":[{"embeddable":true,"href":"https:\/\/www.asf-brandenburg.de\/asf_wp\/wp-json\/wp\/v2\/users\/2"}],"replies":[{"embeddable":true,"href":"https:\/\/www.asf-brandenburg.de\/asf_wp\/wp-json\/wp\/v2\/comments?post=4440"}],"version-history":[{"count":0,"href":"https:\/\/www.asf-brandenburg.de\/asf_wp\/wp-json\/wp\/v2\/posts\/4440\/revisions"}],"wp:featuredmedia":[{"embeddable":true,"href":"https:\/\/www.asf-brandenburg.de\/asf_wp\/wp-json\/wp\/v2\/media\/4441"}],"wp:attachment":[{"href":"https:\/\/www.asf-brandenburg.de\/asf_wp\/wp-json\/wp\/v2\/media?parent=4440"}],"wp:term":[{"taxonomy":"category","embeddable":true,"href":"https:\/\/www.asf-brandenburg.de\/asf_wp\/wp-json\/wp\/v2\/categories?post=4440"},{"taxonomy":"post_tag","embeddable":true,"href":"https:\/\/www.asf-brandenburg.de\/asf_wp\/wp-json\/wp\/v2\/tags?post=4440"}],"curies":[{"name":"wp","href":"https:\/\/api.w.org\/{rel}","templated":true}]}}