{"id":4312,"date":"2022-01-07T11:30:22","date_gmt":"2022-01-07T10:30:22","guid":{"rendered":"https:\/\/www.asf-brandenburg.de\/asf_wp\/?p=4312"},"modified":"2022-01-26T16:10:47","modified_gmt":"2022-01-26T15:10:47","slug":"lhljanuar2022","status":"publish","type":"post","link":"https:\/\/www.asf-brandenburg.de\/asf_wp\/aktuelles\/2022\/lhljanuar2022\/","title":{"rendered":"Neues aus dem Lausitzer Haus des Lernens: Pr\u00e4senzpflicht bis zum Anfang der Winterferien aufgehoben \u2013 mit Ausnahme der Klassenstufe 6"},"content":{"rendered":"<div class=\"fusion-fullwidth fullwidth-box fusion-builder-row-1 fusion-flex-container nonhundred-percent-fullwidth non-hundred-percent-height-scrolling\" style=\"--awb-border-radius-top-left:0px;--awb-border-radius-top-right:0px;--awb-border-radius-bottom-right:0px;--awb-border-radius-bottom-left:0px;--awb-flex-wrap:wrap;\" ><div class=\"fusion-builder-row fusion-row fusion-flex-align-items-flex-start fusion-flex-content-wrap\" style=\"max-width:1331.2px;margin-left: calc(-4% \/ 2 );margin-right: calc(-4% \/ 2 );\"><div class=\"fusion-layout-column fusion_builder_column fusion-builder-column-0 fusion_builder_column_1_1 1_1 fusion-flex-column\" style=\"--awb-bg-size:cover;--awb-width-large:100%;--awb-margin-top-large:0px;--awb-spacing-right-large:1.92%;--awb-margin-bottom-large:20px;--awb-spacing-left-large:1.92%;--awb-width-medium:100%;--awb-order-medium:0;--awb-spacing-right-medium:1.92%;--awb-spacing-left-medium:1.92%;--awb-width-small:100%;--awb-order-small:0;--awb-spacing-right-small:1.92%;--awb-spacing-left-small:1.92%;\"><div class=\"fusion-column-wrapper fusion-column-has-shadow fusion-flex-justify-content-flex-start fusion-content-layout-column\"><\/div><\/div><\/div><\/div><div class=\"fusion-fullwidth fullwidth-box fusion-builder-row-2 fusion-flex-container nonhundred-percent-fullwidth non-hundred-percent-height-scrolling\" style=\"--awb-border-radius-top-left:0px;--awb-border-radius-top-right:0px;--awb-border-radius-bottom-right:0px;--awb-border-radius-bottom-left:0px;--awb-flex-wrap:wrap;\" ><div class=\"fusion-builder-row fusion-row fusion-flex-align-items-flex-start fusion-flex-content-wrap\" style=\"max-width:1331.2px;margin-left: calc(-4% \/ 2 );margin-right: calc(-4% \/ 2 );\"><div class=\"fusion-layout-column fusion_builder_column fusion-builder-column-1 fusion_builder_column_2_3 2_3 fusion-flex-column\" style=\"--awb-bg-size:cover;--awb-width-large:66.6666666667%;--awb-margin-top-large:0px;--awb-spacing-right-large:2.88%;--awb-margin-bottom-large:20px;--awb-spacing-left-large:2.88%;--awb-width-medium:100%;--awb-order-medium:0;--awb-spacing-right-medium:1.92%;--awb-spacing-left-medium:1.92%;--awb-width-small:100%;--awb-order-small:0;--awb-spacing-right-small:1.92%;--awb-spacing-left-small:1.92%;\"><div class=\"fusion-column-wrapper fusion-column-has-shadow fusion-flex-justify-content-flex-start fusion-content-layout-column\"><div class=\"fusion-text fusion-text-1\" style=\"--awb-text-transform:none;\"><p>Seit dem 29. November 2021 ist die Pr\u00e4senzpflicht am Unterricht f\u00fcr die Kinder der Jahrgangsstufen 1 bis einschlie\u00dflich 5 aufgehoben. Diese Regelung gilt noch bis einschlie\u00dflich 28. Januar 2021 \u2013 bis zum regul\u00e4ren Start der Winterferien. Lediglich die Sch\u00fclerinnen und Sch\u00fcler der Klasse 6 m\u00fcssen verpflichtend am Schulbetrieb vor Ort teilnehmen. Die Betreuung ist in der Zeit von 6 bis 17 Uhr regul\u00e4r gegeben, auch der Hort ist wie gewohnt ge\u00f6ffnet.<\/p>\n<p>Weitere aktuelle Bestimmungen zu Schule und Unterricht im Land Brandenburg unter: <a href=\"https:\/\/mbjs.brandenburg.de\/corona-aktuell\/schule-und-unterricht.html\">https:\/\/mbjs.brandenburg.de\/corona-aktuell\/schule-und-unterricht.html<\/a><\/p>\n<p>Weiterhin gelten umfangreiche Schutzma\u00dfnahmen, um das Infektionsrisiko gr\u00f6\u00dftm\u00f6glich zu senken:<\/p>\n<ul>\n<li><strong>Testfrequenz<\/strong> \u2013 zu testen ist ab sofort w\u00f6chentlich am Montag, Mittwoch und Freitag, die Empfehlung lautet, auch genesene Kinder regelm\u00e4\u00dfig zu testen.<\/li>\n<li><strong>Maskenpflicht f\u00fcr alle Sch\u00fclerinnen und Sch\u00fcler<\/strong>\u00a0sowie f\u00fcr das gesamte Personal in Schule und Hort<\/li>\n<li><strong>Eltern und andere Besucher:innen<\/strong> betreten<strong>\u00a0<\/strong>das Schulhaus nur in Notf\u00e4llen. Beim Betreten der Schule muss ausnahmslos eine medizinische Maske oder FFP2-Maske getragen werden.<\/li>\n<\/ul>\n<\/div><\/div><\/div><div class=\"fusion-layout-column fusion_builder_column fusion-builder-column-2 fusion_builder_column_1_3 1_3 fusion-flex-column\" style=\"--awb-bg-size:cover;--awb-width-large:33.3333333333%;--awb-margin-top-large:0px;--awb-spacing-right-large:5.76%;--awb-margin-bottom-large:20px;--awb-spacing-left-large:5.76%;--awb-width-medium:100%;--awb-order-medium:0;--awb-spacing-right-medium:1.92%;--awb-spacing-left-medium:1.92%;--awb-width-small:100%;--awb-order-small:0;--awb-spacing-right-small:1.92%;--awb-spacing-left-small:1.92%;\"><div class=\"fusion-column-wrapper fusion-column-has-shadow fusion-flex-justify-content-flex-start fusion-content-layout-column\"><div class=\"fusion-image-element \" style=\"--awb-caption-title-font-family:var(--h2_typography-font-family);--awb-caption-title-font-weight:var(--h2_typography-font-weight);--awb-caption-title-font-style:var(--h2_typography-font-style);--awb-caption-title-size:var(--h2_typography-font-size);--awb-caption-title-transform:var(--h2_typography-text-transform);--awb-caption-title-line-height:var(--h2_typography-line-height);--awb-caption-title-letter-spacing:var(--h2_typography-letter-spacing);\"><span class=\" fusion-imageframe imageframe-none imageframe-1 hover-type-none\"><img decoding=\"async\" width=\"1024\" height=\"683\" src=\"https:\/\/www.asf-brandenburg.de\/asf_wp\/wp-content\/uploads\/2021\/11\/IMG_2200-1024x683.jpg\" alt class=\"img-responsive wp-image-3896\" srcset=\"https:\/\/www.asf-brandenburg.de\/asf_wp\/wp-content\/uploads\/2021\/11\/IMG_2200-200x133.jpg 200w, https:\/\/www.asf-brandenburg.de\/asf_wp\/wp-content\/uploads\/2021\/11\/IMG_2200-400x267.jpg 400w, https:\/\/www.asf-brandenburg.de\/asf_wp\/wp-content\/uploads\/2021\/11\/IMG_2200-600x400.jpg 600w, https:\/\/www.asf-brandenburg.de\/asf_wp\/wp-content\/uploads\/2021\/11\/IMG_2200-800x533.jpg 800w, https:\/\/www.asf-brandenburg.de\/asf_wp\/wp-content\/uploads\/2021\/11\/IMG_2200-1200x800.jpg 1200w\" sizes=\"(max-width: 1280px) 100vw, (max-width: 770px) 100vw, 400px\" \/><\/span><\/div><\/div><\/div><\/div><\/div><div class=\"fusion-fullwidth fullwidth-box fusion-builder-row-3 fusion-flex-container nonhundred-percent-fullwidth non-hundred-percent-height-scrolling\" style=\"--awb-border-radius-top-left:0px;--awb-border-radius-top-right:0px;--awb-border-radius-bottom-right:0px;--awb-border-radius-bottom-left:0px;--awb-flex-wrap:wrap;\" ><div class=\"fusion-builder-row fusion-row fusion-flex-align-items-flex-start fusion-flex-content-wrap\" style=\"max-width:1331.2px;margin-left: calc(-4% \/ 2 );margin-right: calc(-4% \/ 2 );\"><div class=\"fusion-layout-column fusion_builder_column fusion-builder-column-3 fusion_builder_column_1_2 1_2 fusion-flex-column\" style=\"--awb-bg-size:cover;--awb-width-large:50%;--awb-margin-top-large:0px;--awb-spacing-right-large:3.84%;--awb-margin-bottom-large:20px;--awb-spacing-left-large:3.84%;--awb-width-medium:100%;--awb-order-medium:0;--awb-spacing-right-medium:1.92%;--awb-spacing-left-medium:1.92%;--awb-width-small:100%;--awb-order-small:0;--awb-spacing-right-small:1.92%;--awb-spacing-left-small:1.92%;\"><div class=\"fusion-column-wrapper fusion-column-has-shadow fusion-flex-justify-content-flex-start fusion-content-layout-column\"><div class=\"fusion-text fusion-text-2\" style=\"--awb-text-transform:none;\"><p><strong><span style=\"color: #ff0000;\">Am 20. Januar 2022 kommt zudem der Schulfotograf in alle Klassen.<\/span><\/strong><\/p>\n<\/div><\/div><\/div><div class=\"fusion-layout-column fusion_builder_column fusion-builder-column-4 fusion_builder_column_1_2 1_2 fusion-flex-column\" style=\"--awb-bg-size:cover;--awb-width-large:50%;--awb-margin-top-large:0px;--awb-spacing-right-large:3.84%;--awb-margin-bottom-large:20px;--awb-spacing-left-large:3.84%;--awb-width-medium:100%;--awb-order-medium:0;--awb-spacing-right-medium:1.92%;--awb-spacing-left-medium:1.92%;--awb-width-small:100%;--awb-order-small:0;--awb-spacing-right-small:1.92%;--awb-spacing-left-small:1.92%;\"><div class=\"fusion-column-wrapper fusion-column-has-shadow fusion-flex-justify-content-flex-start fusion-content-layout-column\"><div class=\"fusion-image-element \" style=\"--awb-caption-title-font-family:var(--h2_typography-font-family);--awb-caption-title-font-weight:var(--h2_typography-font-weight);--awb-caption-title-font-style:var(--h2_typography-font-style);--awb-caption-title-size:var(--h2_typography-font-size);--awb-caption-title-transform:var(--h2_typography-text-transform);--awb-caption-title-line-height:var(--h2_typography-line-height);--awb-caption-title-letter-spacing:var(--h2_typography-letter-spacing);\"><span class=\" fusion-imageframe imageframe-none imageframe-2 hover-type-none\"><img decoding=\"async\" width=\"300\" height=\"300\" src=\"https:\/\/www.asf-brandenburg.de\/asf_wp\/wp-content\/uploads\/2022\/01\/girlset_03-300x300.jpg\" alt class=\"img-responsive wp-image-4316\" srcset=\"https:\/\/www.asf-brandenburg.de\/asf_wp\/wp-content\/uploads\/2022\/01\/girlset_03-200x200.jpg 200w, https:\/\/www.asf-brandenburg.de\/asf_wp\/wp-content\/uploads\/2022\/01\/girlset_03-400x400.jpg 400w, https:\/\/www.asf-brandenburg.de\/asf_wp\/wp-content\/uploads\/2022\/01\/girlset_03-600x600.jpg 600w, https:\/\/www.asf-brandenburg.de\/asf_wp\/wp-content\/uploads\/2022\/01\/girlset_03-800x800.jpg 800w, https:\/\/www.asf-brandenburg.de\/asf_wp\/wp-content\/uploads\/2022\/01\/girlset_03-1200x1200.jpg 1200w\" sizes=\"(max-width: 1280px) 100vw, (max-width: 770px) 100vw, 800px\" \/><\/span><\/div><\/div><\/div><\/div><\/div>\n","protected":false},"excerpt":{"rendered":"<p>Die Pr\u00e4senzpflicht an Brandenburger Schulen ist weiterhin ausgesetzt. Eltern, die ihre Kinder noch nicht wieder in den Unterricht im Lausitzer Haus des Lernens schicken wollen, k\u00f6nnen diese noch bis einschlie\u00dflich 28. Januar zu Hause betreuen. Davon ausgenommen sind die Sch\u00fclerinnen und Sch\u00fcler der Klasse 6, die am Unterricht vor Ort teilnehmen m\u00fcssen.<\/p>\n","protected":false},"author":2,"featured_media":4002,"comment_status":"closed","ping_status":"open","sticky":false,"template":"","format":"standard","meta":{"inline_featured_image":false,"footnotes":""},"categories":[157,18],"tags":[80],"class_list":["post-4312","post","type-post","status-publish","format-standard","has-post-thumbnail","hentry","category-neuigkeiten-2022","category-schule","tag-albert-schweitzer-familienwerk-brandenburg-e-v"],"yoast_head":"<!-- This site is optimized with the Yoast SEO plugin v27.4 - https:\/\/yoast.com\/product\/yoast-seo-wordpress\/ -->\n<title>Neues aus dem Lausitzer Haus des Lernens: Pr\u00e4senzpflicht bis zum Anfang der Winterferien aufgehoben \u2013 mit Ausnahme der Klassenstufe 6<\/title>\n<meta name=\"robots\" content=\"index, follow, max-snippet:-1, max-image-preview:large, max-video-preview:-1\" \/>\n<link rel=\"canonical\" href=\"https:\/\/www.asf-brandenburg.de\/asf_wp\/aktuelles\/2022\/lhljanuar2022\/\" \/>\n<meta property=\"og:locale\" content=\"de_DE\" \/>\n<meta property=\"og:type\" content=\"article\" \/>\n<meta property=\"og:title\" content=\"Neues aus dem Lausitzer Haus des Lernens: Pr\u00e4senzpflicht bis zum Anfang der Winterferien aufgehoben \u2013 mit Ausnahme der Klassenstufe 6\" \/>\n<meta property=\"og:description\" content=\"Die Pr\u00e4senzpflicht an Brandenburger Schulen ist weiterhin ausgesetzt. Eltern, die ihre Kinder noch nicht wieder in den Unterricht im Lausitzer Haus des Lernens schicken wollen, k\u00f6nnen diese noch bis einschlie\u00dflich 28. Januar zu Hause betreuen. Davon ausgenommen sind die Sch\u00fclerinnen und Sch\u00fcler der Klasse 6, die am Unterricht vor Ort teilnehmen m\u00fcssen.\" \/>\n<meta property=\"og:url\" content=\"https:\/\/www.asf-brandenburg.de\/asf_wp\/aktuelles\/2022\/lhljanuar2022\/\" \/>\n<meta property=\"og:site_name\" content=\"Albert-Schweitzer-Familienwerk Brandenburg e.V.\" \/>\n<meta property=\"article:publisher\" content=\"https:\/\/www.facebook.com\/AlbertSchweitzerFamilienwerkBrandenburg\" \/>\n<meta property=\"article:published_time\" content=\"2022-01-07T10:30:22+00:00\" \/>\n<meta property=\"article:modified_time\" content=\"2022-01-26T15:10:47+00:00\" \/>\n<meta property=\"og:image\" content=\"https:\/\/www.asf-brandenburg.de\/asf_wp\/wp-content\/uploads\/2021\/11\/4380576-scaled.jpg\" \/>\n\t<meta property=\"og:image:width\" content=\"2560\" \/>\n\t<meta property=\"og:image:height\" content=\"1707\" \/>\n\t<meta property=\"og:image:type\" content=\"image\/jpeg\" \/>\n<meta name=\"author\" content=\"Web Admin\" \/>\n<meta name=\"twitter:card\" content=\"summary_large_image\" \/>\n<meta name=\"twitter:label1\" content=\"Verfasst von\" \/>\n\t<meta name=\"twitter:data1\" content=\"Web Admin\" \/>\n\t<meta name=\"twitter:label2\" content=\"Gesch\u00e4tzte Lesezeit\" \/>\n\t<meta name=\"twitter:data2\" content=\"7\u00a0Minuten\" \/>\n<script type=\"application\/ld+json\" class=\"yoast-schema-graph\">{\"@context\":\"https:\\\/\\\/schema.org\",\"@graph\":[{\"@type\":\"Article\",\"@id\":\"https:\\\/\\\/www.asf-brandenburg.de\\\/asf_wp\\\/aktuelles\\\/2022\\\/lhljanuar2022\\\/#article\",\"isPartOf\":{\"@id\":\"https:\\\/\\\/www.asf-brandenburg.de\\\/asf_wp\\\/aktuelles\\\/2022\\\/lhljanuar2022\\\/\"},\"author\":{\"name\":\"Web Admin\",\"@id\":\"https:\\\/\\\/www.asf-brandenburg.de\\\/asf_wp\\\/#\\\/schema\\\/person\\\/a63ba1553f2aa75f90f3809d9e4a1efc\"},\"headline\":\"Neues aus dem Lausitzer Haus des Lernens: Pr\u00e4senzpflicht bis zum Anfang der Winterferien aufgehoben \u2013 mit Ausnahme der Klassenstufe 6\",\"datePublished\":\"2022-01-07T10:30:22+00:00\",\"dateModified\":\"2022-01-26T15:10:47+00:00\",\"mainEntityOfPage\":{\"@id\":\"https:\\\/\\\/www.asf-brandenburg.de\\\/asf_wp\\\/aktuelles\\\/2022\\\/lhljanuar2022\\\/\"},\"wordCount\":2955,\"publisher\":{\"@id\":\"https:\\\/\\\/www.asf-brandenburg.de\\\/asf_wp\\\/#organization\"},\"image\":{\"@id\":\"https:\\\/\\\/www.asf-brandenburg.de\\\/asf_wp\\\/aktuelles\\\/2022\\\/lhljanuar2022\\\/#primaryimage\"},\"thumbnailUrl\":\"https:\\\/\\\/www.asf-brandenburg.de\\\/asf_wp\\\/wp-content\\\/uploads\\\/2021\\\/11\\\/4380576-scaled.jpg\",\"keywords\":[\"Albert-Schweitzer-Familienwerk Brandenburg e.V.\"],\"articleSection\":[\"Neuigkeiten 2022\",\"Schule\"],\"inLanguage\":\"de\"},{\"@type\":\"WebPage\",\"@id\":\"https:\\\/\\\/www.asf-brandenburg.de\\\/asf_wp\\\/aktuelles\\\/2022\\\/lhljanuar2022\\\/\",\"url\":\"https:\\\/\\\/www.asf-brandenburg.de\\\/asf_wp\\\/aktuelles\\\/2022\\\/lhljanuar2022\\\/\",\"name\":\"Neues aus dem Lausitzer Haus des Lernens: Pr\u00e4senzpflicht bis zum Anfang der Winterferien aufgehoben \u2013 mit Ausnahme der Klassenstufe 6\",\"isPartOf\":{\"@id\":\"https:\\\/\\\/www.asf-brandenburg.de\\\/asf_wp\\\/#website\"},\"primaryImageOfPage\":{\"@id\":\"https:\\\/\\\/www.asf-brandenburg.de\\\/asf_wp\\\/aktuelles\\\/2022\\\/lhljanuar2022\\\/#primaryimage\"},\"image\":{\"@id\":\"https:\\\/\\\/www.asf-brandenburg.de\\\/asf_wp\\\/aktuelles\\\/2022\\\/lhljanuar2022\\\/#primaryimage\"},\"thumbnailUrl\":\"https:\\\/\\\/www.asf-brandenburg.de\\\/asf_wp\\\/wp-content\\\/uploads\\\/2021\\\/11\\\/4380576-scaled.jpg\",\"datePublished\":\"2022-01-07T10:30:22+00:00\",\"dateModified\":\"2022-01-26T15:10:47+00:00\",\"breadcrumb\":{\"@id\":\"https:\\\/\\\/www.asf-brandenburg.de\\\/asf_wp\\\/aktuelles\\\/2022\\\/lhljanuar2022\\\/#breadcrumb\"},\"inLanguage\":\"de\",\"potentialAction\":[{\"@type\":\"ReadAction\",\"target\":[\"https:\\\/\\\/www.asf-brandenburg.de\\\/asf_wp\\\/aktuelles\\\/2022\\\/lhljanuar2022\\\/\"]}]},{\"@type\":\"ImageObject\",\"inLanguage\":\"de\",\"@id\":\"https:\\\/\\\/www.asf-brandenburg.de\\\/asf_wp\\\/aktuelles\\\/2022\\\/lhljanuar2022\\\/#primaryimage\",\"url\":\"https:\\\/\\\/www.asf-brandenburg.de\\\/asf_wp\\\/wp-content\\\/uploads\\\/2021\\\/11\\\/4380576-scaled.jpg\",\"contentUrl\":\"https:\\\/\\\/www.asf-brandenburg.de\\\/asf_wp\\\/wp-content\\\/uploads\\\/2021\\\/11\\\/4380576-scaled.jpg\",\"width\":2560,\"height\":1707},{\"@type\":\"BreadcrumbList\",\"@id\":\"https:\\\/\\\/www.asf-brandenburg.de\\\/asf_wp\\\/aktuelles\\\/2022\\\/lhljanuar2022\\\/#breadcrumb\",\"itemListElement\":[{\"@type\":\"ListItem\",\"position\":1,\"name\":\"Startseite\",\"item\":\"https:\\\/\\\/www.asf-brandenburg.de\\\/asf_wp\\\/\"},{\"@type\":\"ListItem\",\"position\":2,\"name\":\"Neues aus dem Lausitzer Haus des Lernens: Pr\u00e4senzpflicht bis zum Anfang der Winterferien aufgehoben \u2013 mit Ausnahme der Klassenstufe 6\"}]},{\"@type\":\"WebSite\",\"@id\":\"https:\\\/\\\/www.asf-brandenburg.de\\\/asf_wp\\\/#website\",\"url\":\"https:\\\/\\\/www.asf-brandenburg.de\\\/asf_wp\\\/\",\"name\":\"Albert-Schweitzer-Kinderd\u00f6rfer und Familienwerke Brandenburg e. V.\",\"description\":\"\",\"publisher\":{\"@id\":\"https:\\\/\\\/www.asf-brandenburg.de\\\/asf_wp\\\/#organization\"},\"potentialAction\":[{\"@type\":\"SearchAction\",\"target\":{\"@type\":\"EntryPoint\",\"urlTemplate\":\"https:\\\/\\\/www.asf-brandenburg.de\\\/asf_wp\\\/?s={search_term_string}\"},\"query-input\":{\"@type\":\"PropertyValueSpecification\",\"valueRequired\":true,\"valueName\":\"search_term_string\"}}],\"inLanguage\":\"de\"},{\"@type\":\"Organization\",\"@id\":\"https:\\\/\\\/www.asf-brandenburg.de\\\/asf_wp\\\/#organization\",\"name\":\"Albert-Schweitzer-Familienwerk Brandenburg e. V.\",\"url\":\"https:\\\/\\\/www.asf-brandenburg.de\\\/asf_wp\\\/\",\"logo\":{\"@type\":\"ImageObject\",\"inLanguage\":\"de\",\"@id\":\"https:\\\/\\\/www.asf-brandenburg.de\\\/asf_wp\\\/#\\\/schema\\\/logo\\\/image\\\/\",\"url\":\"https:\\\/\\\/www.asf-brandenburg.de\\\/asf_wp\\\/wp-content\\\/uploads\\\/2018\\\/08\\\/Logo_ASF_BRB_318x107.png\",\"contentUrl\":\"https:\\\/\\\/www.asf-brandenburg.de\\\/asf_wp\\\/wp-content\\\/uploads\\\/2018\\\/08\\\/Logo_ASF_BRB_318x107.png\",\"width\":318,\"height\":107,\"caption\":\"Albert-Schweitzer-Familienwerk Brandenburg e. V.\"},\"image\":{\"@id\":\"https:\\\/\\\/www.asf-brandenburg.de\\\/asf_wp\\\/#\\\/schema\\\/logo\\\/image\\\/\"},\"sameAs\":[\"https:\\\/\\\/www.facebook.com\\\/AlbertSchweitzerFamilienwerkBrandenburg\",\"https:\\\/\\\/www.youtube.com\\\/@asfbrandenburg\",\"https:\\\/\\\/www.instagram.com\\\/asf_brandenburg\\\/\"]},{\"@type\":\"Person\",\"@id\":\"https:\\\/\\\/www.asf-brandenburg.de\\\/asf_wp\\\/#\\\/schema\\\/person\\\/a63ba1553f2aa75f90f3809d9e4a1efc\",\"name\":\"Web Admin\",\"sameAs\":[\"http:\\\/\\\/www.asf-brandenburg.de\"],\"url\":\"https:\\\/\\\/www.asf-brandenburg.de\\\/asf_wp\\\/aktuelles\\\/author\\\/asf\\\/\"}]}<\/script>\n<!-- \/ Yoast SEO plugin. -->","yoast_head_json":{"title":"Neues aus dem Lausitzer Haus des Lernens: Pr\u00e4senzpflicht bis zum Anfang der Winterferien aufgehoben \u2013 mit Ausnahme der Klassenstufe 6","robots":{"index":"index","follow":"follow","max-snippet":"max-snippet:-1","max-image-preview":"max-image-preview:large","max-video-preview":"max-video-preview:-1"},"canonical":"https:\/\/www.asf-brandenburg.de\/asf_wp\/aktuelles\/2022\/lhljanuar2022\/","og_locale":"de_DE","og_type":"article","og_title":"Neues aus dem Lausitzer Haus des Lernens: Pr\u00e4senzpflicht bis zum Anfang der Winterferien aufgehoben \u2013 mit Ausnahme der Klassenstufe 6","og_description":"Die Pr\u00e4senzpflicht an Brandenburger Schulen ist weiterhin ausgesetzt. Eltern, die ihre Kinder noch nicht wieder in den Unterricht im Lausitzer Haus des Lernens schicken wollen, k\u00f6nnen diese noch bis einschlie\u00dflich 28. Januar zu Hause betreuen. Davon ausgenommen sind die Sch\u00fclerinnen und Sch\u00fcler der Klasse 6, die am Unterricht vor Ort teilnehmen m\u00fcssen.","og_url":"https:\/\/www.asf-brandenburg.de\/asf_wp\/aktuelles\/2022\/lhljanuar2022\/","og_site_name":"Albert-Schweitzer-Familienwerk Brandenburg e.V.","article_publisher":"https:\/\/www.facebook.com\/AlbertSchweitzerFamilienwerkBrandenburg","article_published_time":"2022-01-07T10:30:22+00:00","article_modified_time":"2022-01-26T15:10:47+00:00","og_image":[{"width":2560,"height":1707,"url":"https:\/\/www.asf-brandenburg.de\/asf_wp\/wp-content\/uploads\/2021\/11\/4380576-scaled.jpg","type":"image\/jpeg"}],"author":"Web Admin","twitter_card":"summary_large_image","twitter_misc":{"Verfasst von":"Web Admin","Gesch\u00e4tzte Lesezeit":"7\u00a0Minuten"},"schema":{"@context":"https:\/\/schema.org","@graph":[{"@type":"Article","@id":"https:\/\/www.asf-brandenburg.de\/asf_wp\/aktuelles\/2022\/lhljanuar2022\/#article","isPartOf":{"@id":"https:\/\/www.asf-brandenburg.de\/asf_wp\/aktuelles\/2022\/lhljanuar2022\/"},"author":{"name":"Web Admin","@id":"https:\/\/www.asf-brandenburg.de\/asf_wp\/#\/schema\/person\/a63ba1553f2aa75f90f3809d9e4a1efc"},"headline":"Neues aus dem Lausitzer Haus des Lernens: Pr\u00e4senzpflicht bis zum Anfang der Winterferien aufgehoben \u2013 mit Ausnahme der Klassenstufe 6","datePublished":"2022-01-07T10:30:22+00:00","dateModified":"2022-01-26T15:10:47+00:00","mainEntityOfPage":{"@id":"https:\/\/www.asf-brandenburg.de\/asf_wp\/aktuelles\/2022\/lhljanuar2022\/"},"wordCount":2955,"publisher":{"@id":"https:\/\/www.asf-brandenburg.de\/asf_wp\/#organization"},"image":{"@id":"https:\/\/www.asf-brandenburg.de\/asf_wp\/aktuelles\/2022\/lhljanuar2022\/#primaryimage"},"thumbnailUrl":"https:\/\/www.asf-brandenburg.de\/asf_wp\/wp-content\/uploads\/2021\/11\/4380576-scaled.jpg","keywords":["Albert-Schweitzer-Familienwerk Brandenburg e.V."],"articleSection":["Neuigkeiten 2022","Schule"],"inLanguage":"de"},{"@type":"WebPage","@id":"https:\/\/www.asf-brandenburg.de\/asf_wp\/aktuelles\/2022\/lhljanuar2022\/","url":"https:\/\/www.asf-brandenburg.de\/asf_wp\/aktuelles\/2022\/lhljanuar2022\/","name":"Neues aus dem Lausitzer Haus des Lernens: Pr\u00e4senzpflicht bis zum Anfang der Winterferien aufgehoben \u2013 mit Ausnahme der Klassenstufe 6","isPartOf":{"@id":"https:\/\/www.asf-brandenburg.de\/asf_wp\/#website"},"primaryImageOfPage":{"@id":"https:\/\/www.asf-brandenburg.de\/asf_wp\/aktuelles\/2022\/lhljanuar2022\/#primaryimage"},"image":{"@id":"https:\/\/www.asf-brandenburg.de\/asf_wp\/aktuelles\/2022\/lhljanuar2022\/#primaryimage"},"thumbnailUrl":"https:\/\/www.asf-brandenburg.de\/asf_wp\/wp-content\/uploads\/2021\/11\/4380576-scaled.jpg","datePublished":"2022-01-07T10:30:22+00:00","dateModified":"2022-01-26T15:10:47+00:00","breadcrumb":{"@id":"https:\/\/www.asf-brandenburg.de\/asf_wp\/aktuelles\/2022\/lhljanuar2022\/#breadcrumb"},"inLanguage":"de","potentialAction":[{"@type":"ReadAction","target":["https:\/\/www.asf-brandenburg.de\/asf_wp\/aktuelles\/2022\/lhljanuar2022\/"]}]},{"@type":"ImageObject","inLanguage":"de","@id":"https:\/\/www.asf-brandenburg.de\/asf_wp\/aktuelles\/2022\/lhljanuar2022\/#primaryimage","url":"https:\/\/www.asf-brandenburg.de\/asf_wp\/wp-content\/uploads\/2021\/11\/4380576-scaled.jpg","contentUrl":"https:\/\/www.asf-brandenburg.de\/asf_wp\/wp-content\/uploads\/2021\/11\/4380576-scaled.jpg","width":2560,"height":1707},{"@type":"BreadcrumbList","@id":"https:\/\/www.asf-brandenburg.de\/asf_wp\/aktuelles\/2022\/lhljanuar2022\/#breadcrumb","itemListElement":[{"@type":"ListItem","position":1,"name":"Startseite","item":"https:\/\/www.asf-brandenburg.de\/asf_wp\/"},{"@type":"ListItem","position":2,"name":"Neues aus dem Lausitzer Haus des Lernens: Pr\u00e4senzpflicht bis zum Anfang der Winterferien aufgehoben \u2013 mit Ausnahme der Klassenstufe 6"}]},{"@type":"WebSite","@id":"https:\/\/www.asf-brandenburg.de\/asf_wp\/#website","url":"https:\/\/www.asf-brandenburg.de\/asf_wp\/","name":"Albert-Schweitzer-Kinderd\u00f6rfer und Familienwerke Brandenburg e. V.","description":"","publisher":{"@id":"https:\/\/www.asf-brandenburg.de\/asf_wp\/#organization"},"potentialAction":[{"@type":"SearchAction","target":{"@type":"EntryPoint","urlTemplate":"https:\/\/www.asf-brandenburg.de\/asf_wp\/?s={search_term_string}"},"query-input":{"@type":"PropertyValueSpecification","valueRequired":true,"valueName":"search_term_string"}}],"inLanguage":"de"},{"@type":"Organization","@id":"https:\/\/www.asf-brandenburg.de\/asf_wp\/#organization","name":"Albert-Schweitzer-Familienwerk Brandenburg e. V.","url":"https:\/\/www.asf-brandenburg.de\/asf_wp\/","logo":{"@type":"ImageObject","inLanguage":"de","@id":"https:\/\/www.asf-brandenburg.de\/asf_wp\/#\/schema\/logo\/image\/","url":"https:\/\/www.asf-brandenburg.de\/asf_wp\/wp-content\/uploads\/2018\/08\/Logo_ASF_BRB_318x107.png","contentUrl":"https:\/\/www.asf-brandenburg.de\/asf_wp\/wp-content\/uploads\/2018\/08\/Logo_ASF_BRB_318x107.png","width":318,"height":107,"caption":"Albert-Schweitzer-Familienwerk Brandenburg e. V."},"image":{"@id":"https:\/\/www.asf-brandenburg.de\/asf_wp\/#\/schema\/logo\/image\/"},"sameAs":["https:\/\/www.facebook.com\/AlbertSchweitzerFamilienwerkBrandenburg","https:\/\/www.youtube.com\/@asfbrandenburg","https:\/\/www.instagram.com\/asf_brandenburg\/"]},{"@type":"Person","@id":"https:\/\/www.asf-brandenburg.de\/asf_wp\/#\/schema\/person\/a63ba1553f2aa75f90f3809d9e4a1efc","name":"Web Admin","sameAs":["http:\/\/www.asf-brandenburg.de"],"url":"https:\/\/www.asf-brandenburg.de\/asf_wp\/aktuelles\/author\/asf\/"}]}},"_links":{"self":[{"href":"https:\/\/www.asf-brandenburg.de\/asf_wp\/wp-json\/wp\/v2\/posts\/4312","targetHints":{"allow":["GET"]}}],"collection":[{"href":"https:\/\/www.asf-brandenburg.de\/asf_wp\/wp-json\/wp\/v2\/posts"}],"about":[{"href":"https:\/\/www.asf-brandenburg.de\/asf_wp\/wp-json\/wp\/v2\/types\/post"}],"author":[{"embeddable":true,"href":"https:\/\/www.asf-brandenburg.de\/asf_wp\/wp-json\/wp\/v2\/users\/2"}],"replies":[{"embeddable":true,"href":"https:\/\/www.asf-brandenburg.de\/asf_wp\/wp-json\/wp\/v2\/comments?post=4312"}],"version-history":[{"count":0,"href":"https:\/\/www.asf-brandenburg.de\/asf_wp\/wp-json\/wp\/v2\/posts\/4312\/revisions"}],"wp:featuredmedia":[{"embeddable":true,"href":"https:\/\/www.asf-brandenburg.de\/asf_wp\/wp-json\/wp\/v2\/media\/4002"}],"wp:attachment":[{"href":"https:\/\/www.asf-brandenburg.de\/asf_wp\/wp-json\/wp\/v2\/media?parent=4312"}],"wp:term":[{"taxonomy":"category","embeddable":true,"href":"https:\/\/www.asf-brandenburg.de\/asf_wp\/wp-json\/wp\/v2\/categories?post=4312"},{"taxonomy":"post_tag","embeddable":true,"href":"https:\/\/www.asf-brandenburg.de\/asf_wp\/wp-json\/wp\/v2\/tags?post=4312"}],"curies":[{"name":"wp","href":"https:\/\/api.w.org\/{rel}","templated":true}]}}