{"id":4000,"date":"2021-11-12T12:01:24","date_gmt":"2021-11-12T11:01:24","guid":{"rendered":"https:\/\/www.asf-brandenburg.de\/asf_wp\/?p=4000"},"modified":"2021-11-12T12:41:29","modified_gmt":"2021-11-12T11:41:29","slug":"lhl-schulbetrieb-startet-wieder","status":"publish","type":"post","link":"https:\/\/www.asf-brandenburg.de\/asf_wp\/aktuelles\/2021\/lhl-schulbetrieb-startet-wieder\/","title":{"rendered":"Schulbetrieb des Lausitzer Haus des Lernens startet am 15. November wieder \u2013 mit Schutzma\u00dfnahmen und ge\u00e4ndertem Unterrichtsplan"},"content":{"rendered":"<div class=\"fusion-fullwidth fullwidth-box fusion-builder-row-1 fusion-flex-container nonhundred-percent-fullwidth non-hundred-percent-height-scrolling\" style=\"--awb-border-radius-top-left:0px;--awb-border-radius-top-right:0px;--awb-border-radius-bottom-right:0px;--awb-border-radius-bottom-left:0px;--awb-flex-wrap:wrap;\" ><div class=\"fusion-builder-row fusion-row fusion-flex-align-items-flex-start fusion-flex-content-wrap\" style=\"max-width:1331.2px;margin-left: calc(-4% \/ 2 );margin-right: calc(-4% \/ 2 );\"><div class=\"fusion-layout-column fusion_builder_column fusion-builder-column-0 fusion_builder_column_1_1 1_1 fusion-flex-column\" style=\"--awb-bg-size:cover;--awb-width-large:100%;--awb-margin-top-large:0px;--awb-spacing-right-large:1.92%;--awb-margin-bottom-large:20px;--awb-spacing-left-large:1.92%;--awb-width-medium:100%;--awb-order-medium:0;--awb-spacing-right-medium:1.92%;--awb-spacing-left-medium:1.92%;--awb-width-small:100%;--awb-order-small:0;--awb-spacing-right-small:1.92%;--awb-spacing-left-small:1.92%;\"><div class=\"fusion-column-wrapper fusion-column-has-shadow fusion-flex-justify-content-flex-start fusion-content-layout-column\"><div class=\"fusion-text fusion-text-1\" style=\"--awb-text-transform:none;\"><p>Fast zwei Wochen nach den Coronainfektionen im Lausitzer Haus des Lernens wird der Schulbetrieb ab Montag, den 15.11.2021 wieder aufgenommen. Dies ist m\u00f6glich, da die vom Gesundheitsamt angeordnete Quarant\u00e4ne der Betroffenen endet \u2013 alle Sch\u00fclerinnen und Sch\u00fcler, bei denen weiterhin keine SARS-CoV-2-Virus-Infektion nachgewiesen wurde, k\u00f6nnen die Schule wieder besuchen.<\/p>\n<p>Von Montag (15.11.21) bis einschlie\u00dflich Mittwoch (17.11.21) findet der Unterricht nach einem Sonderplan statt. Prim\u00e4r werden die F\u00e4cher Deutsch, Mathematik und Sport in den Klassen unterrichtet. <strong><span style=\"color: #ff0000;\">Der Hort bleibt an diesen Tagen geschlossen. Die Unterrichts- und Betreuungszeit ist von 7.15 Uhr bis 14.00 Uhr.<\/span> <\/strong>Alle Kinder sind gebeten, ab Montag Sportsachen mitzubringen \u2013 der Schwimmunterricht f\u00e4llt in dieser Woche jedoch aus.<\/p>\n<p><strong>Besonderheiten ab dem 15.11.2021 f\u00fcr alle Schulklassen:<\/strong><br \/>\n1. Wir erh\u00f6hen die\u00a0<strong>Testfrequenz<\/strong>\u00a0\u2013 zu testen ist ab sofort w\u00f6chentlich am Montag, Mittwoch und Freitag<br \/>\n\u2013&gt; Die fehlenden Antigen-Schnelltests k\u00f6nnen sich die Familien in der Schule abholen.<br \/>\n\u2013&gt; Genesene Kinder m\u00fcssen sich in den folgenden sechs Monate nicht testen. Das Schulteam empfiehlt jedoch, mindestens am Montag einen Antigen-Schnelltest vorzunehmen.<\/p>\n<p>2.\u00a0<strong>Maskenpflicht f\u00fcr alle Sch\u00fclerinnen und Sch\u00fcler<\/strong>\u00a0sowie f\u00fcr das gesamte Personal in Schule und Hort<\/p>\n<p>3.\u00a0<strong>Empfehlung an die Eltern <\/strong>das Schulhaus nur in Notf\u00e4llen zu betreten. Beim Betreten der Schule muss ausnahmslos eine medizinische Maske oder FFP2-Maske getragen werden.<\/p>\n<p>4.\u00a0<strong>Elterngespr\u00e4che<\/strong>\u00a0finden nur unter Ber\u00fccksichtigung der 3-G-Regel-statt.<\/p>\n<h4 class=\"fusion-responsive-typography-calculated\" data-fontsize=\"22\" data-lineheight=\"33px\">Informationen f\u00fcr alle positiv-getesten Kinder und Kolleg:innen:<\/h4>\n<ul>\n<li>Beim Verlassen der Quarant\u00e4ne ist ein negative Antigen-Schnelltest notwendig, der von einem Testzentrum vorgenommen wird und h\u00f6chsten 24 Stunden alt sein darf. Dieser muss in der Schule vorgelegt werden.<\/li>\n<li>Bitte geben Sie den \u201eQuarant\u00e4nebescheid\u201c (Absonderungsbescheid) sowie die \u201eBest\u00e4tigung \u00fcber das Vorliegen einer vorherigen Infektion mit dem Coronavirus SARS-CoV-2\u201c bitte im Schulsekretariat ab, sobald Sie diesen erhalten haben.<\/li>\n<\/ul>\n<blockquote>\n<p>Schulleiterin Daniela Hecht: <em>&#8222;Die Familien haben diese au\u00dferordentliche Zeit der angeordneten Quarant\u00e4ne mit ihren Kindern gemeistert, sie gesund gepflegt, geduldig das Homeschooling organisiert und stets Verst\u00e4ndnis f\u00fcr diese ungeplante Entwicklung aufgebracht. Das gesamte Schulteam dankt den Eltern f\u00fcr die Unterst\u00fctzung. Wir hoffen sehr, dass Sie und Ihre Familien genesen sind oder weiterhin gesund bleiben und\u00a0 freuen uns, den regul\u00e4ren Schulbetrieb Schritt f\u00fcr Schritt wieder aufnehmen zu k\u00f6nnen \u2013 jedoch unter erh\u00f6hten Sicherheitsma\u00dfnahmen und mit weiteren Einschr\u00e4nkungen aufgrund krankheitsbedingter Personalausf\u00e4lle, f\u00fcr die wir um Verst\u00e4ndnis bitten.&#8220;<\/em><\/p>\n<\/blockquote>\n<\/div><div class=\"fusion-text fusion-text-2\" style=\"--awb-text-transform:none;\"><\/div><\/div><\/div><\/div><\/div>\n","protected":false},"excerpt":{"rendered":"<p>Fast zwei Wochen nach den Coronainfektionen im Lausitzer Haus des Lernens wird der Schulbetrieb ab Montag, den 15.11.2021 wieder aufgenommen. Zu beachten sind die Schutzma\u00dfnahmen und vor\u00fcbergehend ge\u00e4nderte Unterrichtspl\u00e4ne&#8230;<\/p>\n","protected":false},"author":3,"featured_media":4002,"comment_status":"closed","ping_status":"open","sticky":false,"template":"","format":"gallery","meta":{"inline_featured_image":false,"footnotes":""},"categories":[142,18],"tags":[80,148],"class_list":["post-4000","post","type-post","status-publish","format-gallery","has-post-thumbnail","hentry","category-neuigkeiten-2021","category-schule","tag-albert-schweitzer-familienwerk-brandenburg-e-v","tag-kiss","post_format-post-format-gallery"],"yoast_head":"<!-- This site is optimized with the Yoast SEO plugin v27.5 - https:\/\/yoast.com\/product\/yoast-seo-wordpress\/ -->\n<title>Schulbetrieb des Lausitzer Haus des Lernens startet am 15. November wieder \u2013 mit Schutzma\u00dfnahmen und ge\u00e4ndertem Unterrichtsplan<\/title>\n<meta name=\"robots\" content=\"index, follow, max-snippet:-1, max-image-preview:large, max-video-preview:-1\" \/>\n<link rel=\"canonical\" href=\"https:\/\/www.asf-brandenburg.de\/asf_wp\/aktuelles\/2021\/lhl-schulbetrieb-startet-wieder\/\" \/>\n<meta property=\"og:locale\" content=\"de_DE\" \/>\n<meta property=\"og:type\" content=\"article\" \/>\n<meta property=\"og:title\" content=\"Schulbetrieb des Lausitzer Haus des Lernens startet am 15. November wieder \u2013 mit Schutzma\u00dfnahmen und ge\u00e4ndertem Unterrichtsplan\" \/>\n<meta property=\"og:description\" content=\"Fast zwei Wochen nach den Coronainfektionen im Lausitzer Haus des Lernens wird der Schulbetrieb ab Montag, den 15.11.2021 wieder aufgenommen. Zu beachten sind die Schutzma\u00dfnahmen und vor\u00fcbergehend ge\u00e4nderte Unterrichtspl\u00e4ne...\" \/>\n<meta property=\"og:url\" content=\"https:\/\/www.asf-brandenburg.de\/asf_wp\/aktuelles\/2021\/lhl-schulbetrieb-startet-wieder\/\" \/>\n<meta property=\"og:site_name\" content=\"Albert-Schweitzer-Familienwerk Brandenburg e.V.\" \/>\n<meta property=\"article:publisher\" content=\"https:\/\/www.facebook.com\/AlbertSchweitzerFamilienwerkBrandenburg\" \/>\n<meta property=\"article:published_time\" content=\"2021-11-12T11:01:24+00:00\" \/>\n<meta property=\"article:modified_time\" content=\"2021-11-12T11:41:29+00:00\" \/>\n<meta property=\"og:image\" content=\"https:\/\/www.asf-brandenburg.de\/asf_wp\/wp-content\/uploads\/2021\/11\/4380576-scaled.jpg\" \/>\n\t<meta property=\"og:image:width\" content=\"2560\" \/>\n\t<meta property=\"og:image:height\" content=\"1707\" \/>\n\t<meta property=\"og:image:type\" content=\"image\/jpeg\" \/>\n<meta name=\"author\" content=\"Daniela Schneider\" \/>\n<meta name=\"twitter:card\" content=\"summary_large_image\" \/>\n<meta name=\"twitter:label1\" content=\"Verfasst von\" \/>\n\t<meta name=\"twitter:data1\" content=\"Daniela Schneider\" \/>\n\t<meta name=\"twitter:label2\" content=\"Gesch\u00e4tzte Lesezeit\" \/>\n\t<meta name=\"twitter:data2\" content=\"4\u00a0Minuten\" \/>\n<script type=\"application\/ld+json\" class=\"yoast-schema-graph\">{\"@context\":\"https:\\\/\\\/schema.org\",\"@graph\":[{\"@type\":\"Article\",\"@id\":\"https:\\\/\\\/www.asf-brandenburg.de\\\/asf_wp\\\/aktuelles\\\/2021\\\/lhl-schulbetrieb-startet-wieder\\\/#article\",\"isPartOf\":{\"@id\":\"https:\\\/\\\/www.asf-brandenburg.de\\\/asf_wp\\\/aktuelles\\\/2021\\\/lhl-schulbetrieb-startet-wieder\\\/\"},\"author\":{\"name\":\"Daniela Schneider\",\"@id\":\"https:\\\/\\\/www.asf-brandenburg.de\\\/asf_wp\\\/#\\\/schema\\\/person\\\/78c60284a632ee97fd75a3197fc8422a\"},\"headline\":\"Schulbetrieb des Lausitzer Haus des Lernens startet am 15. November wieder \u2013 mit Schutzma\u00dfnahmen und ge\u00e4ndertem Unterrichtsplan\",\"datePublished\":\"2021-11-12T11:01:24+00:00\",\"dateModified\":\"2021-11-12T11:41:29+00:00\",\"mainEntityOfPage\":{\"@id\":\"https:\\\/\\\/www.asf-brandenburg.de\\\/asf_wp\\\/aktuelles\\\/2021\\\/lhl-schulbetrieb-startet-wieder\\\/\"},\"wordCount\":1106,\"publisher\":{\"@id\":\"https:\\\/\\\/www.asf-brandenburg.de\\\/asf_wp\\\/#organization\"},\"image\":{\"@id\":\"https:\\\/\\\/www.asf-brandenburg.de\\\/asf_wp\\\/aktuelles\\\/2021\\\/lhl-schulbetrieb-startet-wieder\\\/#primaryimage\"},\"thumbnailUrl\":\"https:\\\/\\\/www.asf-brandenburg.de\\\/asf_wp\\\/wp-content\\\/uploads\\\/2021\\\/11\\\/4380576-scaled.jpg\",\"keywords\":[\"Albert-Schweitzer-Familienwerk Brandenburg e.V.\",\"KiSS\"],\"articleSection\":[\"Neuigkeiten 2021\",\"Schule\"],\"inLanguage\":\"de\"},{\"@type\":\"WebPage\",\"@id\":\"https:\\\/\\\/www.asf-brandenburg.de\\\/asf_wp\\\/aktuelles\\\/2021\\\/lhl-schulbetrieb-startet-wieder\\\/\",\"url\":\"https:\\\/\\\/www.asf-brandenburg.de\\\/asf_wp\\\/aktuelles\\\/2021\\\/lhl-schulbetrieb-startet-wieder\\\/\",\"name\":\"Schulbetrieb des Lausitzer Haus des Lernens startet am 15. November wieder \u2013 mit Schutzma\u00dfnahmen und ge\u00e4ndertem Unterrichtsplan\",\"isPartOf\":{\"@id\":\"https:\\\/\\\/www.asf-brandenburg.de\\\/asf_wp\\\/#website\"},\"primaryImageOfPage\":{\"@id\":\"https:\\\/\\\/www.asf-brandenburg.de\\\/asf_wp\\\/aktuelles\\\/2021\\\/lhl-schulbetrieb-startet-wieder\\\/#primaryimage\"},\"image\":{\"@id\":\"https:\\\/\\\/www.asf-brandenburg.de\\\/asf_wp\\\/aktuelles\\\/2021\\\/lhl-schulbetrieb-startet-wieder\\\/#primaryimage\"},\"thumbnailUrl\":\"https:\\\/\\\/www.asf-brandenburg.de\\\/asf_wp\\\/wp-content\\\/uploads\\\/2021\\\/11\\\/4380576-scaled.jpg\",\"datePublished\":\"2021-11-12T11:01:24+00:00\",\"dateModified\":\"2021-11-12T11:41:29+00:00\",\"breadcrumb\":{\"@id\":\"https:\\\/\\\/www.asf-brandenburg.de\\\/asf_wp\\\/aktuelles\\\/2021\\\/lhl-schulbetrieb-startet-wieder\\\/#breadcrumb\"},\"inLanguage\":\"de\",\"potentialAction\":[{\"@type\":\"ReadAction\",\"target\":[\"https:\\\/\\\/www.asf-brandenburg.de\\\/asf_wp\\\/aktuelles\\\/2021\\\/lhl-schulbetrieb-startet-wieder\\\/\"]}]},{\"@type\":\"ImageObject\",\"inLanguage\":\"de\",\"@id\":\"https:\\\/\\\/www.asf-brandenburg.de\\\/asf_wp\\\/aktuelles\\\/2021\\\/lhl-schulbetrieb-startet-wieder\\\/#primaryimage\",\"url\":\"https:\\\/\\\/www.asf-brandenburg.de\\\/asf_wp\\\/wp-content\\\/uploads\\\/2021\\\/11\\\/4380576-scaled.jpg\",\"contentUrl\":\"https:\\\/\\\/www.asf-brandenburg.de\\\/asf_wp\\\/wp-content\\\/uploads\\\/2021\\\/11\\\/4380576-scaled.jpg\",\"width\":2560,\"height\":1707},{\"@type\":\"BreadcrumbList\",\"@id\":\"https:\\\/\\\/www.asf-brandenburg.de\\\/asf_wp\\\/aktuelles\\\/2021\\\/lhl-schulbetrieb-startet-wieder\\\/#breadcrumb\",\"itemListElement\":[{\"@type\":\"ListItem\",\"position\":1,\"name\":\"Startseite\",\"item\":\"https:\\\/\\\/www.asf-brandenburg.de\\\/asf_wp\\\/\"},{\"@type\":\"ListItem\",\"position\":2,\"name\":\"Schulbetrieb des Lausitzer Haus des Lernens startet am 15. November wieder \u2013 mit Schutzma\u00dfnahmen und ge\u00e4ndertem Unterrichtsplan\"}]},{\"@type\":\"WebSite\",\"@id\":\"https:\\\/\\\/www.asf-brandenburg.de\\\/asf_wp\\\/#website\",\"url\":\"https:\\\/\\\/www.asf-brandenburg.de\\\/asf_wp\\\/\",\"name\":\"Albert-Schweitzer-Kinderd\u00f6rfer und Familienwerke Brandenburg e. V.\",\"description\":\"\",\"publisher\":{\"@id\":\"https:\\\/\\\/www.asf-brandenburg.de\\\/asf_wp\\\/#organization\"},\"potentialAction\":[{\"@type\":\"SearchAction\",\"target\":{\"@type\":\"EntryPoint\",\"urlTemplate\":\"https:\\\/\\\/www.asf-brandenburg.de\\\/asf_wp\\\/?s={search_term_string}\"},\"query-input\":{\"@type\":\"PropertyValueSpecification\",\"valueRequired\":true,\"valueName\":\"search_term_string\"}}],\"inLanguage\":\"de\"},{\"@type\":\"Organization\",\"@id\":\"https:\\\/\\\/www.asf-brandenburg.de\\\/asf_wp\\\/#organization\",\"name\":\"Albert-Schweitzer-Familienwerk Brandenburg e. V.\",\"url\":\"https:\\\/\\\/www.asf-brandenburg.de\\\/asf_wp\\\/\",\"logo\":{\"@type\":\"ImageObject\",\"inLanguage\":\"de\",\"@id\":\"https:\\\/\\\/www.asf-brandenburg.de\\\/asf_wp\\\/#\\\/schema\\\/logo\\\/image\\\/\",\"url\":\"https:\\\/\\\/www.asf-brandenburg.de\\\/asf_wp\\\/wp-content\\\/uploads\\\/2018\\\/08\\\/Logo_ASF_BRB_318x107.png\",\"contentUrl\":\"https:\\\/\\\/www.asf-brandenburg.de\\\/asf_wp\\\/wp-content\\\/uploads\\\/2018\\\/08\\\/Logo_ASF_BRB_318x107.png\",\"width\":318,\"height\":107,\"caption\":\"Albert-Schweitzer-Familienwerk Brandenburg e. V.\"},\"image\":{\"@id\":\"https:\\\/\\\/www.asf-brandenburg.de\\\/asf_wp\\\/#\\\/schema\\\/logo\\\/image\\\/\"},\"sameAs\":[\"https:\\\/\\\/www.facebook.com\\\/AlbertSchweitzerFamilienwerkBrandenburg\",\"https:\\\/\\\/www.youtube.com\\\/@asfbrandenburg\",\"https:\\\/\\\/www.instagram.com\\\/asf_brandenburg\\\/\"]},{\"@type\":\"Person\",\"@id\":\"https:\\\/\\\/www.asf-brandenburg.de\\\/asf_wp\\\/#\\\/schema\\\/person\\\/78c60284a632ee97fd75a3197fc8422a\",\"name\":\"Daniela Schneider\",\"url\":\"https:\\\/\\\/www.asf-brandenburg.de\\\/asf_wp\\\/aktuelles\\\/author\\\/daniela-schneider\\\/\"}]}<\/script>\n<!-- \/ Yoast SEO plugin. -->","yoast_head_json":{"title":"Schulbetrieb des Lausitzer Haus des Lernens startet am 15. November wieder \u2013 mit Schutzma\u00dfnahmen und ge\u00e4ndertem Unterrichtsplan","robots":{"index":"index","follow":"follow","max-snippet":"max-snippet:-1","max-image-preview":"max-image-preview:large","max-video-preview":"max-video-preview:-1"},"canonical":"https:\/\/www.asf-brandenburg.de\/asf_wp\/aktuelles\/2021\/lhl-schulbetrieb-startet-wieder\/","og_locale":"de_DE","og_type":"article","og_title":"Schulbetrieb des Lausitzer Haus des Lernens startet am 15. November wieder \u2013 mit Schutzma\u00dfnahmen und ge\u00e4ndertem Unterrichtsplan","og_description":"Fast zwei Wochen nach den Coronainfektionen im Lausitzer Haus des Lernens wird der Schulbetrieb ab Montag, den 15.11.2021 wieder aufgenommen. Zu beachten sind die Schutzma\u00dfnahmen und vor\u00fcbergehend ge\u00e4nderte Unterrichtspl\u00e4ne...","og_url":"https:\/\/www.asf-brandenburg.de\/asf_wp\/aktuelles\/2021\/lhl-schulbetrieb-startet-wieder\/","og_site_name":"Albert-Schweitzer-Familienwerk Brandenburg e.V.","article_publisher":"https:\/\/www.facebook.com\/AlbertSchweitzerFamilienwerkBrandenburg","article_published_time":"2021-11-12T11:01:24+00:00","article_modified_time":"2021-11-12T11:41:29+00:00","og_image":[{"width":2560,"height":1707,"url":"https:\/\/www.asf-brandenburg.de\/asf_wp\/wp-content\/uploads\/2021\/11\/4380576-scaled.jpg","type":"image\/jpeg"}],"author":"Daniela Schneider","twitter_card":"summary_large_image","twitter_misc":{"Verfasst von":"Daniela Schneider","Gesch\u00e4tzte Lesezeit":"4\u00a0Minuten"},"schema":{"@context":"https:\/\/schema.org","@graph":[{"@type":"Article","@id":"https:\/\/www.asf-brandenburg.de\/asf_wp\/aktuelles\/2021\/lhl-schulbetrieb-startet-wieder\/#article","isPartOf":{"@id":"https:\/\/www.asf-brandenburg.de\/asf_wp\/aktuelles\/2021\/lhl-schulbetrieb-startet-wieder\/"},"author":{"name":"Daniela Schneider","@id":"https:\/\/www.asf-brandenburg.de\/asf_wp\/#\/schema\/person\/78c60284a632ee97fd75a3197fc8422a"},"headline":"Schulbetrieb des Lausitzer Haus des Lernens startet am 15. November wieder \u2013 mit Schutzma\u00dfnahmen und ge\u00e4ndertem Unterrichtsplan","datePublished":"2021-11-12T11:01:24+00:00","dateModified":"2021-11-12T11:41:29+00:00","mainEntityOfPage":{"@id":"https:\/\/www.asf-brandenburg.de\/asf_wp\/aktuelles\/2021\/lhl-schulbetrieb-startet-wieder\/"},"wordCount":1106,"publisher":{"@id":"https:\/\/www.asf-brandenburg.de\/asf_wp\/#organization"},"image":{"@id":"https:\/\/www.asf-brandenburg.de\/asf_wp\/aktuelles\/2021\/lhl-schulbetrieb-startet-wieder\/#primaryimage"},"thumbnailUrl":"https:\/\/www.asf-brandenburg.de\/asf_wp\/wp-content\/uploads\/2021\/11\/4380576-scaled.jpg","keywords":["Albert-Schweitzer-Familienwerk Brandenburg e.V.","KiSS"],"articleSection":["Neuigkeiten 2021","Schule"],"inLanguage":"de"},{"@type":"WebPage","@id":"https:\/\/www.asf-brandenburg.de\/asf_wp\/aktuelles\/2021\/lhl-schulbetrieb-startet-wieder\/","url":"https:\/\/www.asf-brandenburg.de\/asf_wp\/aktuelles\/2021\/lhl-schulbetrieb-startet-wieder\/","name":"Schulbetrieb des Lausitzer Haus des Lernens startet am 15. November wieder \u2013 mit Schutzma\u00dfnahmen und ge\u00e4ndertem Unterrichtsplan","isPartOf":{"@id":"https:\/\/www.asf-brandenburg.de\/asf_wp\/#website"},"primaryImageOfPage":{"@id":"https:\/\/www.asf-brandenburg.de\/asf_wp\/aktuelles\/2021\/lhl-schulbetrieb-startet-wieder\/#primaryimage"},"image":{"@id":"https:\/\/www.asf-brandenburg.de\/asf_wp\/aktuelles\/2021\/lhl-schulbetrieb-startet-wieder\/#primaryimage"},"thumbnailUrl":"https:\/\/www.asf-brandenburg.de\/asf_wp\/wp-content\/uploads\/2021\/11\/4380576-scaled.jpg","datePublished":"2021-11-12T11:01:24+00:00","dateModified":"2021-11-12T11:41:29+00:00","breadcrumb":{"@id":"https:\/\/www.asf-brandenburg.de\/asf_wp\/aktuelles\/2021\/lhl-schulbetrieb-startet-wieder\/#breadcrumb"},"inLanguage":"de","potentialAction":[{"@type":"ReadAction","target":["https:\/\/www.asf-brandenburg.de\/asf_wp\/aktuelles\/2021\/lhl-schulbetrieb-startet-wieder\/"]}]},{"@type":"ImageObject","inLanguage":"de","@id":"https:\/\/www.asf-brandenburg.de\/asf_wp\/aktuelles\/2021\/lhl-schulbetrieb-startet-wieder\/#primaryimage","url":"https:\/\/www.asf-brandenburg.de\/asf_wp\/wp-content\/uploads\/2021\/11\/4380576-scaled.jpg","contentUrl":"https:\/\/www.asf-brandenburg.de\/asf_wp\/wp-content\/uploads\/2021\/11\/4380576-scaled.jpg","width":2560,"height":1707},{"@type":"BreadcrumbList","@id":"https:\/\/www.asf-brandenburg.de\/asf_wp\/aktuelles\/2021\/lhl-schulbetrieb-startet-wieder\/#breadcrumb","itemListElement":[{"@type":"ListItem","position":1,"name":"Startseite","item":"https:\/\/www.asf-brandenburg.de\/asf_wp\/"},{"@type":"ListItem","position":2,"name":"Schulbetrieb des Lausitzer Haus des Lernens startet am 15. November wieder \u2013 mit Schutzma\u00dfnahmen und ge\u00e4ndertem Unterrichtsplan"}]},{"@type":"WebSite","@id":"https:\/\/www.asf-brandenburg.de\/asf_wp\/#website","url":"https:\/\/www.asf-brandenburg.de\/asf_wp\/","name":"Albert-Schweitzer-Kinderd\u00f6rfer und Familienwerke Brandenburg e. V.","description":"","publisher":{"@id":"https:\/\/www.asf-brandenburg.de\/asf_wp\/#organization"},"potentialAction":[{"@type":"SearchAction","target":{"@type":"EntryPoint","urlTemplate":"https:\/\/www.asf-brandenburg.de\/asf_wp\/?s={search_term_string}"},"query-input":{"@type":"PropertyValueSpecification","valueRequired":true,"valueName":"search_term_string"}}],"inLanguage":"de"},{"@type":"Organization","@id":"https:\/\/www.asf-brandenburg.de\/asf_wp\/#organization","name":"Albert-Schweitzer-Familienwerk Brandenburg e. V.","url":"https:\/\/www.asf-brandenburg.de\/asf_wp\/","logo":{"@type":"ImageObject","inLanguage":"de","@id":"https:\/\/www.asf-brandenburg.de\/asf_wp\/#\/schema\/logo\/image\/","url":"https:\/\/www.asf-brandenburg.de\/asf_wp\/wp-content\/uploads\/2018\/08\/Logo_ASF_BRB_318x107.png","contentUrl":"https:\/\/www.asf-brandenburg.de\/asf_wp\/wp-content\/uploads\/2018\/08\/Logo_ASF_BRB_318x107.png","width":318,"height":107,"caption":"Albert-Schweitzer-Familienwerk Brandenburg e. V."},"image":{"@id":"https:\/\/www.asf-brandenburg.de\/asf_wp\/#\/schema\/logo\/image\/"},"sameAs":["https:\/\/www.facebook.com\/AlbertSchweitzerFamilienwerkBrandenburg","https:\/\/www.youtube.com\/@asfbrandenburg","https:\/\/www.instagram.com\/asf_brandenburg\/"]},{"@type":"Person","@id":"https:\/\/www.asf-brandenburg.de\/asf_wp\/#\/schema\/person\/78c60284a632ee97fd75a3197fc8422a","name":"Daniela Schneider","url":"https:\/\/www.asf-brandenburg.de\/asf_wp\/aktuelles\/author\/daniela-schneider\/"}]}},"_links":{"self":[{"href":"https:\/\/www.asf-brandenburg.de\/asf_wp\/wp-json\/wp\/v2\/posts\/4000","targetHints":{"allow":["GET"]}}],"collection":[{"href":"https:\/\/www.asf-brandenburg.de\/asf_wp\/wp-json\/wp\/v2\/posts"}],"about":[{"href":"https:\/\/www.asf-brandenburg.de\/asf_wp\/wp-json\/wp\/v2\/types\/post"}],"author":[{"embeddable":true,"href":"https:\/\/www.asf-brandenburg.de\/asf_wp\/wp-json\/wp\/v2\/users\/3"}],"replies":[{"embeddable":true,"href":"https:\/\/www.asf-brandenburg.de\/asf_wp\/wp-json\/wp\/v2\/comments?post=4000"}],"version-history":[{"count":0,"href":"https:\/\/www.asf-brandenburg.de\/asf_wp\/wp-json\/wp\/v2\/posts\/4000\/revisions"}],"wp:featuredmedia":[{"embeddable":true,"href":"https:\/\/www.asf-brandenburg.de\/asf_wp\/wp-json\/wp\/v2\/media\/4002"}],"wp:attachment":[{"href":"https:\/\/www.asf-brandenburg.de\/asf_wp\/wp-json\/wp\/v2\/media?parent=4000"}],"wp:term":[{"taxonomy":"category","embeddable":true,"href":"https:\/\/www.asf-brandenburg.de\/asf_wp\/wp-json\/wp\/v2\/categories?post=4000"},{"taxonomy":"post_tag","embeddable":true,"href":"https:\/\/www.asf-brandenburg.de\/asf_wp\/wp-json\/wp\/v2\/tags?post=4000"}],"curies":[{"name":"wp","href":"https:\/\/api.w.org\/{rel}","templated":true}]}}