{"id":3985,"date":"2021-11-08T15:24:12","date_gmt":"2021-11-08T14:24:12","guid":{"rendered":"https:\/\/www.asf-brandenburg.de\/asf_wp\/?p=3985"},"modified":"2021-11-08T15:55:38","modified_gmt":"2021-11-08T14:55:38","slug":"lhl-corona-4","status":"publish","type":"post","link":"https:\/\/www.asf-brandenburg.de\/asf_wp\/aktuelles\/2021\/lhl-corona-4\/","title":{"rendered":"Lausitzer Haus des Lernens: Neuigkeiten zur Quarant\u00e4neregelung und Wiederaufnahme des Schulbetriebs"},"content":{"rendered":"<div class=\"fusion-fullwidth fullwidth-box fusion-builder-row-1 fusion-flex-container nonhundred-percent-fullwidth non-hundred-percent-height-scrolling\" style=\"--awb-border-radius-top-left:0px;--awb-border-radius-top-right:0px;--awb-border-radius-bottom-right:0px;--awb-border-radius-bottom-left:0px;--awb-flex-wrap:wrap;\" ><div class=\"fusion-builder-row fusion-row fusion-flex-align-items-flex-start fusion-flex-content-wrap\" style=\"max-width:1331.2px;margin-left: calc(-4% \/ 2 );margin-right: calc(-4% \/ 2 );\"><div class=\"fusion-layout-column fusion_builder_column fusion-builder-column-0 fusion_builder_column_1_1 1_1 fusion-flex-column\" style=\"--awb-bg-size:cover;--awb-width-large:100%;--awb-margin-top-large:0px;--awb-spacing-right-large:1.92%;--awb-margin-bottom-large:20px;--awb-spacing-left-large:1.92%;--awb-width-medium:100%;--awb-order-medium:0;--awb-spacing-right-medium:1.92%;--awb-spacing-left-medium:1.92%;--awb-width-small:100%;--awb-order-small:0;--awb-spacing-right-small:1.92%;--awb-spacing-left-small:1.92%;\"><div class=\"fusion-column-wrapper fusion-column-has-shadow fusion-flex-justify-content-flex-start fusion-content-layout-column\"><div class=\"fusion-text fusion-text-1\" style=\"--awb-text-transform:none;\"><p>Alle Kinder der Klassen 3, 4, 5, deren Anordnung zur Quarant\u00e4ne am 11. November endet, empfiehlt das Schulteam, Freitag noch zuhause zu bleiben. Eltern, die ihre Kinder am Freitag in die Aufgabenbetreuung schicken wollen, sind gebeten, sich bis zum 9. November, 12 Uhr im Schulsekretariat anzumelden:<\/p>\n<p>Kontakt<\/p>\n<p><em>Telefon:03563 59 48 20<\/em><br \/>\n<em>Fax: 03563 59 43 46<\/em><br \/>\n<em>E-Mail:\u00a0<a href=\"mailto:grundschule@asf-brandenburg.de\">grundschule@asf-brandenburg.de<\/a><\/em><\/p>\n<p>Voraussetzung f\u00fcr den Besuch der Aufgabenbetreuung am Freitag ist, dass die Kinder bisher ausschlie\u00dflich negativ getestet wurden. Wir bitten alle Eltern, bei ihren Kinder sowohl Freitag als auch Montag zuhause einen Antigen-Schnelltest vorzunehmen, bevor sie wieder die Schule besuchen.<\/p>\n<p>Die Klassen 1, 2 und 6 verbleiben bis einschlie\u00dflich 12. November in Quarant\u00e4ne. Bereits negativ getestete Kinder haben ebenfalls die M\u00f6glichkeit zur Freitestung \u2013 wir empfehlen jedoch, die Quarant\u00e4nezeit voll auszusch\u00f6pfen. Ab dem 15. November ist f\u00fcr die Sch\u00fclerinnen und Sch\u00fcler der regul\u00e4re Schulbesuch wieder m\u00f6glich. Alle Kinder, die positiv auf das Coronavirus getestet wurden, k\u00f6nnen die Schule wieder besuchen<\/p>\n<ul>\n<li>wenn die angeordnete Quarant\u00e4nedauer abgelaufen ist,<\/li>\n<li>sie einen negativen Nachweis von einem offiziellen Testzentrum aufweisen k\u00f6nnen, der nicht \u00e4lter als 24 Stunden ist<\/li>\n<li><strong>und<\/strong> seit mindestens 48 Stunden symptomfrei sind.<\/li>\n<\/ul>\n<p>Der Hort des Lausitzer Haus des Lernens bleibt bis einschlie\u00dflich Mittwoch, den 17. November, geschlossen. Die Betreuung in der Woche vom 15. bis 19. November ist unter oben genannten Vorgaben von 7.15 bis 14.00 Uhr gegeben.<\/p>\n<p>Vielen Dank f\u00fcr Ihr Verst\u00e4ndnis.<\/p>\n<\/div><div class=\"fusion-text fusion-text-2\" style=\"--awb-text-transform:none;\"><\/div><\/div><\/div><\/div><\/div>\n","protected":false},"excerpt":{"rendered":"<p>Den Kindern der Klassen 3, 4, 5, die bisher negativ getestet sind und deren Quarant\u00e4ne am Donnerstag (11. November) endet, empfiehlt die Schule, sich auch am Freitag noch zuhause zu isolieren. Eltern, die ihre Kinder am Freitag dennoch in die Aufgabenbetreuung schicken wollen, sind gebeten, dies bis zum 9. November, 12 Uhr im Schulsekretariat anzumelden&#8230;<\/p>\n","protected":false},"author":2,"featured_media":3902,"comment_status":"closed","ping_status":"open","sticky":false,"template":"","format":"gallery","meta":{"inline_featured_image":false,"footnotes":""},"categories":[142,18],"tags":[80,148],"class_list":["post-3985","post","type-post","status-publish","format-gallery","has-post-thumbnail","hentry","category-neuigkeiten-2021","category-schule","tag-albert-schweitzer-familienwerk-brandenburg-e-v","tag-kiss","post_format-post-format-gallery"],"yoast_head":"<!-- This site is optimized with the Yoast SEO plugin v27.5 - https:\/\/yoast.com\/product\/yoast-seo-wordpress\/ -->\n<title>Lausitzer Haus des Lernens: Neuigkeiten zur Quarant\u00e4neregelung und Wiederaufnahme des Schulbetriebs<\/title>\n<meta name=\"robots\" content=\"index, follow, max-snippet:-1, max-image-preview:large, max-video-preview:-1\" \/>\n<link rel=\"canonical\" href=\"https:\/\/www.asf-brandenburg.de\/asf_wp\/aktuelles\/2021\/lhl-corona-4\/\" \/>\n<meta property=\"og:locale\" content=\"de_DE\" \/>\n<meta property=\"og:type\" content=\"article\" \/>\n<meta property=\"og:title\" content=\"Lausitzer Haus des Lernens: Neuigkeiten zur Quarant\u00e4neregelung und Wiederaufnahme des Schulbetriebs\" \/>\n<meta property=\"og:description\" content=\"Den Kindern der Klassen 3, 4, 5, die bisher negativ getestet sind und deren Quarant\u00e4ne am Donnerstag (11. November) endet, empfiehlt die Schule, sich auch am Freitag noch zuhause zu isolieren. Eltern, die ihre Kinder am Freitag dennoch in die Aufgabenbetreuung schicken wollen, sind gebeten, dies bis zum 9. November, 12 Uhr im Schulsekretariat anzumelden...\" \/>\n<meta property=\"og:url\" content=\"https:\/\/www.asf-brandenburg.de\/asf_wp\/aktuelles\/2021\/lhl-corona-4\/\" \/>\n<meta property=\"og:site_name\" content=\"Albert-Schweitzer-Familienwerk Brandenburg e.V.\" \/>\n<meta property=\"article:publisher\" content=\"https:\/\/www.facebook.com\/AlbertSchweitzerFamilienwerkBrandenburg\" \/>\n<meta property=\"article:published_time\" content=\"2021-11-08T14:24:12+00:00\" \/>\n<meta property=\"article:modified_time\" content=\"2021-11-08T14:55:38+00:00\" \/>\n<meta property=\"og:image\" content=\"https:\/\/www.asf-brandenburg.de\/asf_wp\/wp-content\/uploads\/2021\/11\/3625655.jpg\" \/>\n\t<meta property=\"og:image:width\" content=\"2000\" \/>\n\t<meta property=\"og:image:height\" content=\"2000\" \/>\n\t<meta property=\"og:image:type\" content=\"image\/jpeg\" \/>\n<meta name=\"author\" content=\"Web Admin\" \/>\n<meta name=\"twitter:card\" content=\"summary_large_image\" \/>\n<meta name=\"twitter:label1\" content=\"Verfasst von\" \/>\n\t<meta name=\"twitter:data1\" content=\"Web Admin\" \/>\n\t<meta name=\"twitter:label2\" content=\"Gesch\u00e4tzte Lesezeit\" \/>\n\t<meta name=\"twitter:data2\" content=\"4\u00a0Minuten\" \/>\n<script type=\"application\/ld+json\" class=\"yoast-schema-graph\">{\"@context\":\"https:\\\/\\\/schema.org\",\"@graph\":[{\"@type\":\"Article\",\"@id\":\"https:\\\/\\\/www.asf-brandenburg.de\\\/asf_wp\\\/aktuelles\\\/2021\\\/lhl-corona-4\\\/#article\",\"isPartOf\":{\"@id\":\"https:\\\/\\\/www.asf-brandenburg.de\\\/asf_wp\\\/aktuelles\\\/2021\\\/lhl-corona-4\\\/\"},\"author\":{\"name\":\"Web Admin\",\"@id\":\"https:\\\/\\\/www.asf-brandenburg.de\\\/asf_wp\\\/#\\\/schema\\\/person\\\/a63ba1553f2aa75f90f3809d9e4a1efc\"},\"headline\":\"Lausitzer Haus des Lernens: Neuigkeiten zur Quarant\u00e4neregelung und Wiederaufnahme des Schulbetriebs\",\"datePublished\":\"2021-11-08T14:24:12+00:00\",\"dateModified\":\"2021-11-08T14:55:38+00:00\",\"mainEntityOfPage\":{\"@id\":\"https:\\\/\\\/www.asf-brandenburg.de\\\/asf_wp\\\/aktuelles\\\/2021\\\/lhl-corona-4\\\/\"},\"wordCount\":929,\"publisher\":{\"@id\":\"https:\\\/\\\/www.asf-brandenburg.de\\\/asf_wp\\\/#organization\"},\"image\":{\"@id\":\"https:\\\/\\\/www.asf-brandenburg.de\\\/asf_wp\\\/aktuelles\\\/2021\\\/lhl-corona-4\\\/#primaryimage\"},\"thumbnailUrl\":\"https:\\\/\\\/www.asf-brandenburg.de\\\/asf_wp\\\/wp-content\\\/uploads\\\/2021\\\/11\\\/3625655.jpg\",\"keywords\":[\"Albert-Schweitzer-Familienwerk Brandenburg e.V.\",\"KiSS\"],\"articleSection\":[\"Neuigkeiten 2021\",\"Schule\"],\"inLanguage\":\"de\"},{\"@type\":\"WebPage\",\"@id\":\"https:\\\/\\\/www.asf-brandenburg.de\\\/asf_wp\\\/aktuelles\\\/2021\\\/lhl-corona-4\\\/\",\"url\":\"https:\\\/\\\/www.asf-brandenburg.de\\\/asf_wp\\\/aktuelles\\\/2021\\\/lhl-corona-4\\\/\",\"name\":\"Lausitzer Haus des Lernens: Neuigkeiten zur Quarant\u00e4neregelung und Wiederaufnahme des Schulbetriebs\",\"isPartOf\":{\"@id\":\"https:\\\/\\\/www.asf-brandenburg.de\\\/asf_wp\\\/#website\"},\"primaryImageOfPage\":{\"@id\":\"https:\\\/\\\/www.asf-brandenburg.de\\\/asf_wp\\\/aktuelles\\\/2021\\\/lhl-corona-4\\\/#primaryimage\"},\"image\":{\"@id\":\"https:\\\/\\\/www.asf-brandenburg.de\\\/asf_wp\\\/aktuelles\\\/2021\\\/lhl-corona-4\\\/#primaryimage\"},\"thumbnailUrl\":\"https:\\\/\\\/www.asf-brandenburg.de\\\/asf_wp\\\/wp-content\\\/uploads\\\/2021\\\/11\\\/3625655.jpg\",\"datePublished\":\"2021-11-08T14:24:12+00:00\",\"dateModified\":\"2021-11-08T14:55:38+00:00\",\"breadcrumb\":{\"@id\":\"https:\\\/\\\/www.asf-brandenburg.de\\\/asf_wp\\\/aktuelles\\\/2021\\\/lhl-corona-4\\\/#breadcrumb\"},\"inLanguage\":\"de\",\"potentialAction\":[{\"@type\":\"ReadAction\",\"target\":[\"https:\\\/\\\/www.asf-brandenburg.de\\\/asf_wp\\\/aktuelles\\\/2021\\\/lhl-corona-4\\\/\"]}]},{\"@type\":\"ImageObject\",\"inLanguage\":\"de\",\"@id\":\"https:\\\/\\\/www.asf-brandenburg.de\\\/asf_wp\\\/aktuelles\\\/2021\\\/lhl-corona-4\\\/#primaryimage\",\"url\":\"https:\\\/\\\/www.asf-brandenburg.de\\\/asf_wp\\\/wp-content\\\/uploads\\\/2021\\\/11\\\/3625655.jpg\",\"contentUrl\":\"https:\\\/\\\/www.asf-brandenburg.de\\\/asf_wp\\\/wp-content\\\/uploads\\\/2021\\\/11\\\/3625655.jpg\",\"width\":2000,\"height\":2000},{\"@type\":\"BreadcrumbList\",\"@id\":\"https:\\\/\\\/www.asf-brandenburg.de\\\/asf_wp\\\/aktuelles\\\/2021\\\/lhl-corona-4\\\/#breadcrumb\",\"itemListElement\":[{\"@type\":\"ListItem\",\"position\":1,\"name\":\"Startseite\",\"item\":\"https:\\\/\\\/www.asf-brandenburg.de\\\/asf_wp\\\/\"},{\"@type\":\"ListItem\",\"position\":2,\"name\":\"Lausitzer Haus des Lernens: Neuigkeiten zur Quarant\u00e4neregelung und Wiederaufnahme des Schulbetriebs\"}]},{\"@type\":\"WebSite\",\"@id\":\"https:\\\/\\\/www.asf-brandenburg.de\\\/asf_wp\\\/#website\",\"url\":\"https:\\\/\\\/www.asf-brandenburg.de\\\/asf_wp\\\/\",\"name\":\"Albert-Schweitzer-Kinderd\u00f6rfer und Familienwerke Brandenburg e. V.\",\"description\":\"\",\"publisher\":{\"@id\":\"https:\\\/\\\/www.asf-brandenburg.de\\\/asf_wp\\\/#organization\"},\"potentialAction\":[{\"@type\":\"SearchAction\",\"target\":{\"@type\":\"EntryPoint\",\"urlTemplate\":\"https:\\\/\\\/www.asf-brandenburg.de\\\/asf_wp\\\/?s={search_term_string}\"},\"query-input\":{\"@type\":\"PropertyValueSpecification\",\"valueRequired\":true,\"valueName\":\"search_term_string\"}}],\"inLanguage\":\"de\"},{\"@type\":\"Organization\",\"@id\":\"https:\\\/\\\/www.asf-brandenburg.de\\\/asf_wp\\\/#organization\",\"name\":\"Albert-Schweitzer-Familienwerk Brandenburg e. V.\",\"url\":\"https:\\\/\\\/www.asf-brandenburg.de\\\/asf_wp\\\/\",\"logo\":{\"@type\":\"ImageObject\",\"inLanguage\":\"de\",\"@id\":\"https:\\\/\\\/www.asf-brandenburg.de\\\/asf_wp\\\/#\\\/schema\\\/logo\\\/image\\\/\",\"url\":\"https:\\\/\\\/www.asf-brandenburg.de\\\/asf_wp\\\/wp-content\\\/uploads\\\/2018\\\/08\\\/Logo_ASF_BRB_318x107.png\",\"contentUrl\":\"https:\\\/\\\/www.asf-brandenburg.de\\\/asf_wp\\\/wp-content\\\/uploads\\\/2018\\\/08\\\/Logo_ASF_BRB_318x107.png\",\"width\":318,\"height\":107,\"caption\":\"Albert-Schweitzer-Familienwerk Brandenburg e. V.\"},\"image\":{\"@id\":\"https:\\\/\\\/www.asf-brandenburg.de\\\/asf_wp\\\/#\\\/schema\\\/logo\\\/image\\\/\"},\"sameAs\":[\"https:\\\/\\\/www.facebook.com\\\/AlbertSchweitzerFamilienwerkBrandenburg\",\"https:\\\/\\\/www.youtube.com\\\/@asfbrandenburg\",\"https:\\\/\\\/www.instagram.com\\\/asf_brandenburg\\\/\"]},{\"@type\":\"Person\",\"@id\":\"https:\\\/\\\/www.asf-brandenburg.de\\\/asf_wp\\\/#\\\/schema\\\/person\\\/a63ba1553f2aa75f90f3809d9e4a1efc\",\"name\":\"Web Admin\",\"sameAs\":[\"http:\\\/\\\/www.asf-brandenburg.de\"],\"url\":\"https:\\\/\\\/www.asf-brandenburg.de\\\/asf_wp\\\/aktuelles\\\/author\\\/asf\\\/\"}]}<\/script>\n<!-- \/ Yoast SEO plugin. -->","yoast_head_json":{"title":"Lausitzer Haus des Lernens: Neuigkeiten zur Quarant\u00e4neregelung und Wiederaufnahme des Schulbetriebs","robots":{"index":"index","follow":"follow","max-snippet":"max-snippet:-1","max-image-preview":"max-image-preview:large","max-video-preview":"max-video-preview:-1"},"canonical":"https:\/\/www.asf-brandenburg.de\/asf_wp\/aktuelles\/2021\/lhl-corona-4\/","og_locale":"de_DE","og_type":"article","og_title":"Lausitzer Haus des Lernens: Neuigkeiten zur Quarant\u00e4neregelung und Wiederaufnahme des Schulbetriebs","og_description":"Den Kindern der Klassen 3, 4, 5, die bisher negativ getestet sind und deren Quarant\u00e4ne am Donnerstag (11. November) endet, empfiehlt die Schule, sich auch am Freitag noch zuhause zu isolieren. Eltern, die ihre Kinder am Freitag dennoch in die Aufgabenbetreuung schicken wollen, sind gebeten, dies bis zum 9. November, 12 Uhr im Schulsekretariat anzumelden...","og_url":"https:\/\/www.asf-brandenburg.de\/asf_wp\/aktuelles\/2021\/lhl-corona-4\/","og_site_name":"Albert-Schweitzer-Familienwerk Brandenburg e.V.","article_publisher":"https:\/\/www.facebook.com\/AlbertSchweitzerFamilienwerkBrandenburg","article_published_time":"2021-11-08T14:24:12+00:00","article_modified_time":"2021-11-08T14:55:38+00:00","og_image":[{"width":2000,"height":2000,"url":"https:\/\/www.asf-brandenburg.de\/asf_wp\/wp-content\/uploads\/2021\/11\/3625655.jpg","type":"image\/jpeg"}],"author":"Web Admin","twitter_card":"summary_large_image","twitter_misc":{"Verfasst von":"Web Admin","Gesch\u00e4tzte Lesezeit":"4\u00a0Minuten"},"schema":{"@context":"https:\/\/schema.org","@graph":[{"@type":"Article","@id":"https:\/\/www.asf-brandenburg.de\/asf_wp\/aktuelles\/2021\/lhl-corona-4\/#article","isPartOf":{"@id":"https:\/\/www.asf-brandenburg.de\/asf_wp\/aktuelles\/2021\/lhl-corona-4\/"},"author":{"name":"Web Admin","@id":"https:\/\/www.asf-brandenburg.de\/asf_wp\/#\/schema\/person\/a63ba1553f2aa75f90f3809d9e4a1efc"},"headline":"Lausitzer Haus des Lernens: Neuigkeiten zur Quarant\u00e4neregelung und Wiederaufnahme des Schulbetriebs","datePublished":"2021-11-08T14:24:12+00:00","dateModified":"2021-11-08T14:55:38+00:00","mainEntityOfPage":{"@id":"https:\/\/www.asf-brandenburg.de\/asf_wp\/aktuelles\/2021\/lhl-corona-4\/"},"wordCount":929,"publisher":{"@id":"https:\/\/www.asf-brandenburg.de\/asf_wp\/#organization"},"image":{"@id":"https:\/\/www.asf-brandenburg.de\/asf_wp\/aktuelles\/2021\/lhl-corona-4\/#primaryimage"},"thumbnailUrl":"https:\/\/www.asf-brandenburg.de\/asf_wp\/wp-content\/uploads\/2021\/11\/3625655.jpg","keywords":["Albert-Schweitzer-Familienwerk Brandenburg e.V.","KiSS"],"articleSection":["Neuigkeiten 2021","Schule"],"inLanguage":"de"},{"@type":"WebPage","@id":"https:\/\/www.asf-brandenburg.de\/asf_wp\/aktuelles\/2021\/lhl-corona-4\/","url":"https:\/\/www.asf-brandenburg.de\/asf_wp\/aktuelles\/2021\/lhl-corona-4\/","name":"Lausitzer Haus des Lernens: Neuigkeiten zur Quarant\u00e4neregelung und Wiederaufnahme des Schulbetriebs","isPartOf":{"@id":"https:\/\/www.asf-brandenburg.de\/asf_wp\/#website"},"primaryImageOfPage":{"@id":"https:\/\/www.asf-brandenburg.de\/asf_wp\/aktuelles\/2021\/lhl-corona-4\/#primaryimage"},"image":{"@id":"https:\/\/www.asf-brandenburg.de\/asf_wp\/aktuelles\/2021\/lhl-corona-4\/#primaryimage"},"thumbnailUrl":"https:\/\/www.asf-brandenburg.de\/asf_wp\/wp-content\/uploads\/2021\/11\/3625655.jpg","datePublished":"2021-11-08T14:24:12+00:00","dateModified":"2021-11-08T14:55:38+00:00","breadcrumb":{"@id":"https:\/\/www.asf-brandenburg.de\/asf_wp\/aktuelles\/2021\/lhl-corona-4\/#breadcrumb"},"inLanguage":"de","potentialAction":[{"@type":"ReadAction","target":["https:\/\/www.asf-brandenburg.de\/asf_wp\/aktuelles\/2021\/lhl-corona-4\/"]}]},{"@type":"ImageObject","inLanguage":"de","@id":"https:\/\/www.asf-brandenburg.de\/asf_wp\/aktuelles\/2021\/lhl-corona-4\/#primaryimage","url":"https:\/\/www.asf-brandenburg.de\/asf_wp\/wp-content\/uploads\/2021\/11\/3625655.jpg","contentUrl":"https:\/\/www.asf-brandenburg.de\/asf_wp\/wp-content\/uploads\/2021\/11\/3625655.jpg","width":2000,"height":2000},{"@type":"BreadcrumbList","@id":"https:\/\/www.asf-brandenburg.de\/asf_wp\/aktuelles\/2021\/lhl-corona-4\/#breadcrumb","itemListElement":[{"@type":"ListItem","position":1,"name":"Startseite","item":"https:\/\/www.asf-brandenburg.de\/asf_wp\/"},{"@type":"ListItem","position":2,"name":"Lausitzer Haus des Lernens: Neuigkeiten zur Quarant\u00e4neregelung und Wiederaufnahme des Schulbetriebs"}]},{"@type":"WebSite","@id":"https:\/\/www.asf-brandenburg.de\/asf_wp\/#website","url":"https:\/\/www.asf-brandenburg.de\/asf_wp\/","name":"Albert-Schweitzer-Kinderd\u00f6rfer und Familienwerke Brandenburg e. V.","description":"","publisher":{"@id":"https:\/\/www.asf-brandenburg.de\/asf_wp\/#organization"},"potentialAction":[{"@type":"SearchAction","target":{"@type":"EntryPoint","urlTemplate":"https:\/\/www.asf-brandenburg.de\/asf_wp\/?s={search_term_string}"},"query-input":{"@type":"PropertyValueSpecification","valueRequired":true,"valueName":"search_term_string"}}],"inLanguage":"de"},{"@type":"Organization","@id":"https:\/\/www.asf-brandenburg.de\/asf_wp\/#organization","name":"Albert-Schweitzer-Familienwerk Brandenburg e. V.","url":"https:\/\/www.asf-brandenburg.de\/asf_wp\/","logo":{"@type":"ImageObject","inLanguage":"de","@id":"https:\/\/www.asf-brandenburg.de\/asf_wp\/#\/schema\/logo\/image\/","url":"https:\/\/www.asf-brandenburg.de\/asf_wp\/wp-content\/uploads\/2018\/08\/Logo_ASF_BRB_318x107.png","contentUrl":"https:\/\/www.asf-brandenburg.de\/asf_wp\/wp-content\/uploads\/2018\/08\/Logo_ASF_BRB_318x107.png","width":318,"height":107,"caption":"Albert-Schweitzer-Familienwerk Brandenburg e. V."},"image":{"@id":"https:\/\/www.asf-brandenburg.de\/asf_wp\/#\/schema\/logo\/image\/"},"sameAs":["https:\/\/www.facebook.com\/AlbertSchweitzerFamilienwerkBrandenburg","https:\/\/www.youtube.com\/@asfbrandenburg","https:\/\/www.instagram.com\/asf_brandenburg\/"]},{"@type":"Person","@id":"https:\/\/www.asf-brandenburg.de\/asf_wp\/#\/schema\/person\/a63ba1553f2aa75f90f3809d9e4a1efc","name":"Web Admin","sameAs":["http:\/\/www.asf-brandenburg.de"],"url":"https:\/\/www.asf-brandenburg.de\/asf_wp\/aktuelles\/author\/asf\/"}]}},"_links":{"self":[{"href":"https:\/\/www.asf-brandenburg.de\/asf_wp\/wp-json\/wp\/v2\/posts\/3985","targetHints":{"allow":["GET"]}}],"collection":[{"href":"https:\/\/www.asf-brandenburg.de\/asf_wp\/wp-json\/wp\/v2\/posts"}],"about":[{"href":"https:\/\/www.asf-brandenburg.de\/asf_wp\/wp-json\/wp\/v2\/types\/post"}],"author":[{"embeddable":true,"href":"https:\/\/www.asf-brandenburg.de\/asf_wp\/wp-json\/wp\/v2\/users\/2"}],"replies":[{"embeddable":true,"href":"https:\/\/www.asf-brandenburg.de\/asf_wp\/wp-json\/wp\/v2\/comments?post=3985"}],"version-history":[{"count":0,"href":"https:\/\/www.asf-brandenburg.de\/asf_wp\/wp-json\/wp\/v2\/posts\/3985\/revisions"}],"wp:featuredmedia":[{"embeddable":true,"href":"https:\/\/www.asf-brandenburg.de\/asf_wp\/wp-json\/wp\/v2\/media\/3902"}],"wp:attachment":[{"href":"https:\/\/www.asf-brandenburg.de\/asf_wp\/wp-json\/wp\/v2\/media?parent=3985"}],"wp:term":[{"taxonomy":"category","embeddable":true,"href":"https:\/\/www.asf-brandenburg.de\/asf_wp\/wp-json\/wp\/v2\/categories?post=3985"},{"taxonomy":"post_tag","embeddable":true,"href":"https:\/\/www.asf-brandenburg.de\/asf_wp\/wp-json\/wp\/v2\/tags?post=3985"}],"curies":[{"name":"wp","href":"https:\/\/api.w.org\/{rel}","templated":true}]}}