{"id":3945,"date":"2021-11-04T15:41:58","date_gmt":"2021-11-04T14:41:58","guid":{"rendered":"https:\/\/www.asf-brandenburg.de\/asf_wp\/?p=3945"},"modified":"2021-11-04T16:16:46","modified_gmt":"2021-11-04T15:16:46","slug":"corona_lhl-2-2","status":"publish","type":"post","link":"https:\/\/www.asf-brandenburg.de\/asf_wp\/aktuelles\/2021\/corona_lhl-2-2\/","title":{"rendered":"Lausitzer Haus des Lernens: Neuigkeiten zu Quarant\u00e4nebedingungen; Hort bleibt in kommender Woche geschlossen"},"content":{"rendered":"<div class=\"fusion-fullwidth fullwidth-box fusion-builder-row-1 fusion-flex-container nonhundred-percent-fullwidth non-hundred-percent-height-scrolling\" style=\"--awb-border-radius-top-left:0px;--awb-border-radius-top-right:0px;--awb-border-radius-bottom-right:0px;--awb-border-radius-bottom-left:0px;--awb-flex-wrap:wrap;\" ><div class=\"fusion-builder-row fusion-row fusion-flex-align-items-flex-start fusion-flex-content-wrap\" style=\"max-width:1331.2px;margin-left: calc(-4% \/ 2 );margin-right: calc(-4% \/ 2 );\"><div class=\"fusion-layout-column fusion_builder_column fusion-builder-column-0 fusion_builder_column_1_1 1_1 fusion-flex-column\" style=\"--awb-bg-size:cover;--awb-width-large:100%;--awb-margin-top-large:0px;--awb-spacing-right-large:1.92%;--awb-margin-bottom-large:20px;--awb-spacing-left-large:1.92%;--awb-width-medium:100%;--awb-order-medium:0;--awb-spacing-right-medium:1.92%;--awb-spacing-left-medium:1.92%;--awb-width-small:100%;--awb-order-small:0;--awb-spacing-right-small:1.92%;--awb-spacing-left-small:1.92%;\"><div class=\"fusion-column-wrapper fusion-column-has-shadow fusion-flex-justify-content-flex-start fusion-content-layout-column\"><div class=\"fusion-text fusion-text-1\" style=\"--awb-text-transform:none;\"><p>In der ASF Grundschule \u201eLausitzer Haus des Lernens\u201c des Albert-Schweitzer-Familienwerks Brandenburg e.V. sind inzwischen 40 Infektionsf\u00e4lle mit dem SARS-CoV-2-Virus (\u201eCoronavirus\u201c) per Antigen-Schnelltest und PCR-Test nachgewiesen worden. Alle Klassen befinden sich derzeit in Quarant\u00e4ne.<\/p>\n<p><strong>Anmeldepflicht bis Freitagmittag 12 Uhr<\/strong><\/p>\n<p>Die Sch\u00fclerinnen und Sch\u00fcler ohne bisher festgestellte Coronainfektion haben die M\u00f6glichkeit, sich am Sonntag, den 7. November freitesten zu lassen. Die Bedingung daf\u00fcr ist, dass sie sich in einem offiziellen Testzentrum unter professioneller Aufsicht einen Antigen-Schnelltest vornehmen lassen. Ein \u00dcberblick der Schnelltestzentren im Landkreis Spree-Nei\u00dfe ist hier zu finden: <a href=\"https:\/\/www.lkspn.de\/aktuelles\/coronavirus\/testzentren\/uebersicht.html\">https:\/\/www.lkspn.de\/aktuelles\/coronavirus\/testzentren\/uebersicht.html <\/a><\/p>\n<p>Anschlie\u00dfend k\u00f6nnen die Kinder mit einem negativen Antigen-Schnelltest ab Montag, den 8. November in der Zeit von 7.15 Uhr &#8211; 14.00 Uhr in die Schule kommen und dort unter fachlicher Betreuung ihre Aufgaben bearbeiten. Regul\u00e4rer Unterricht findet nicht statt. Wichtig: Eltern, die ihr Kind freitesten lassen wollen, m\u00fcssen bitte bis Freitag 12 Uhr die gew\u00fcnschte Betreuung ab Montag im Sekretariat anmelden.<\/p>\n<p>Kontakt:\u00a0<em>Telefon: 03563 59 48 20<\/em><br \/>\n<em>Fax: 03563 59 43 46<\/em><br \/>\n<em>E-Mail:\u00a0<a href=\"mailto:grundschule@asf-brandenburg.de\">grundschule@asf-brandenburg.de<\/a><\/em><\/p>\n<p>Ausgenommen von der M\u00f6glichkeit zur Freitestung sind Sch\u00fclerinnen und Sch\u00fcler, die bereits eine best\u00e4tigte SARS-CoV-2-Infektion haben: In diesen F\u00e4llen muss die vom Gesundheitsamt angeordnete Dauer der Quarant\u00e4ne eingehalten werden.<\/p>\n<p><strong>Hort bleibt weiterhin geschlossen<\/strong><\/p>\n<p>Der Hort des Lausitzer Haus des Lernens bleibt aufgrund des krankheitsbedingten Engpasses vom 8. November bis einschlie\u00dflich 12. November weiterhin geschlossen. <strong>Alle Eltern- und Fachlehrergespr\u00e4che k\u00f6nnen ebenfalls nicht stattfinden.<\/strong><\/p>\n<blockquote>\n<p><em>Schulleiterin Daniela Hecht: &#8222;Die M\u00f6glichkeit zur Freitestung besteht, jedoch bitten wir nachdr\u00fccklich alle Familien, die Quarant\u00e4nezeit auszusch\u00f6pfen, wann immer m\u00f6glich. Zudem ist es wichtig, dass Kinder absolut symptomfrei sind, wenn sie am Montag in die Schule kommen. Wir danken allen Familien f\u00fcr ihr Verst\u00e4ndnis und ihre Mitarbeit. Zudem w\u00fcnschen wir allen betroffenen Sch\u00fclern, Sch\u00fclerinnen und ihren Eltern von Herzen eine zeitnahe und vollst\u00e4ndige Genesung.&#8220;<\/em><\/p>\n<\/blockquote>\n<p><strong>Quarant\u00e4nedauer der Klassen 1 bis 6 variiert<\/strong><\/p>\n<p>Die Anordnung zur h\u00e4uslichen Absonderung gilt f\u00fcr diese Sch\u00fclerinnen und Sch\u00fcler der <strong>Klassen 1, 2 und 6 bis einschlie\u00dflich 12. November, f\u00fcr die Klassen 3, 4, 5 bis einschlie\u00dflich 11. November<\/strong>. Grund f\u00fcr die \u00c4nderungen sind heute neu best\u00e4tigte Infektionen und die daraus folgenden Bestimmungen des Gesundheitsamtes des Landkreises Spree-Nei\u00dfe. Die genannte Quarant\u00e4nedauer ist vorbehaltlich der weiteren Entwicklung des Infektionsgeschehens. Alle wichtigen Informationen erhalten Sie tagaktuell auf der Website www.asf-brandenburg.de<\/p>\n<p>Bei Fragen stehen Ihnen gern das Sekretariat oder die Klassenleitungen zur Verf\u00fcgung.<\/p>\n<p>Die Schreiben des Gesundheitsamtes des Landkreises Spree-Nei\u00dfe f\u00fcr die jeweiligen Klassen zum Download:<\/p>\n<p>\n\n\n\n\n<\/p>\n<\/div><\/div><\/div><\/div><\/div>\n","protected":false},"excerpt":{"rendered":"<p>Sch\u00fclerinnen und Sch\u00fcler, die sich derzeit in Quarant\u00e4ne befinden, haben die M\u00f6glichkeit, sich am Sonntag freitesten zu lassen \u2013 jedoch nur unter bestimmten Bedingungen. Der Hort bleibt auch in der kommenden Woche aufgrund des personalen Engpasses geschlossen. Auch alle Elterngespr\u00e4che sind abgesagt&#8230; <\/p>\n","protected":false},"author":3,"featured_media":3950,"comment_status":"closed","ping_status":"open","sticky":false,"template":"","format":"gallery","meta":{"inline_featured_image":false,"footnotes":""},"categories":[142,18],"tags":[80,148],"class_list":["post-3945","post","type-post","status-publish","format-gallery","has-post-thumbnail","hentry","category-neuigkeiten-2021","category-schule","tag-albert-schweitzer-familienwerk-brandenburg-e-v","tag-kiss","post_format-post-format-gallery"],"yoast_head":"<!-- This site is optimized with the Yoast SEO plugin v27.5 - https:\/\/yoast.com\/product\/yoast-seo-wordpress\/ -->\n<title>Lausitzer Haus des Lernens: Neuigkeiten zu Quarant\u00e4nebedingungen; Hort bleibt in kommender Woche geschlossen<\/title>\n<meta name=\"robots\" content=\"index, follow, max-snippet:-1, max-image-preview:large, max-video-preview:-1\" \/>\n<link rel=\"canonical\" href=\"https:\/\/www.asf-brandenburg.de\/asf_wp\/aktuelles\/2021\/corona_lhl-2-2\/\" \/>\n<meta property=\"og:locale\" content=\"de_DE\" \/>\n<meta property=\"og:type\" content=\"article\" \/>\n<meta property=\"og:title\" content=\"Lausitzer Haus des Lernens: Neuigkeiten zu Quarant\u00e4nebedingungen; Hort bleibt in kommender Woche geschlossen\" \/>\n<meta property=\"og:description\" content=\"Sch\u00fclerinnen und Sch\u00fcler, die sich derzeit in Quarant\u00e4ne befinden, haben die M\u00f6glichkeit, sich am Sonntag freitesten zu lassen \u2013 jedoch nur unter bestimmten Bedingungen. Der Hort bleibt auch in der kommenden Woche aufgrund des personalen Engpasses geschlossen. Auch alle Elterngespr\u00e4che sind abgesagt...\" \/>\n<meta property=\"og:url\" content=\"https:\/\/www.asf-brandenburg.de\/asf_wp\/aktuelles\/2021\/corona_lhl-2-2\/\" \/>\n<meta property=\"og:site_name\" content=\"Albert-Schweitzer-Familienwerk Brandenburg e.V.\" \/>\n<meta property=\"article:publisher\" content=\"https:\/\/www.facebook.com\/AlbertSchweitzerFamilienwerkBrandenburg\" \/>\n<meta property=\"article:published_time\" content=\"2021-11-04T14:41:58+00:00\" \/>\n<meta property=\"article:modified_time\" content=\"2021-11-04T15:16:46+00:00\" \/>\n<meta property=\"og:image\" content=\"https:\/\/www.asf-brandenburg.de\/asf_wp\/wp-content\/uploads\/2021\/11\/lkoel.jpg\" \/>\n\t<meta property=\"og:image:width\" content=\"2000\" \/>\n\t<meta property=\"og:image:height\" content=\"1120\" \/>\n\t<meta property=\"og:image:type\" content=\"image\/jpeg\" \/>\n<meta name=\"author\" content=\"Daniela Schneider\" \/>\n<meta name=\"twitter:card\" content=\"summary_large_image\" \/>\n<meta name=\"twitter:label1\" content=\"Verfasst von\" \/>\n\t<meta name=\"twitter:data1\" content=\"Daniela Schneider\" \/>\n\t<meta name=\"twitter:label2\" content=\"Gesch\u00e4tzte Lesezeit\" \/>\n\t<meta name=\"twitter:data2\" content=\"4\u00a0Minuten\" \/>\n<script type=\"application\/ld+json\" class=\"yoast-schema-graph\">{\"@context\":\"https:\\\/\\\/schema.org\",\"@graph\":[{\"@type\":\"Article\",\"@id\":\"https:\\\/\\\/www.asf-brandenburg.de\\\/asf_wp\\\/aktuelles\\\/2021\\\/corona_lhl-2-2\\\/#article\",\"isPartOf\":{\"@id\":\"https:\\\/\\\/www.asf-brandenburg.de\\\/asf_wp\\\/aktuelles\\\/2021\\\/corona_lhl-2-2\\\/\"},\"author\":{\"name\":\"Daniela Schneider\",\"@id\":\"https:\\\/\\\/www.asf-brandenburg.de\\\/asf_wp\\\/#\\\/schema\\\/person\\\/78c60284a632ee97fd75a3197fc8422a\"},\"headline\":\"Lausitzer Haus des Lernens: Neuigkeiten zu Quarant\u00e4nebedingungen; Hort bleibt in kommender Woche geschlossen\",\"datePublished\":\"2021-11-04T14:41:58+00:00\",\"dateModified\":\"2021-11-04T15:16:46+00:00\",\"mainEntityOfPage\":{\"@id\":\"https:\\\/\\\/www.asf-brandenburg.de\\\/asf_wp\\\/aktuelles\\\/2021\\\/corona_lhl-2-2\\\/\"},\"wordCount\":1082,\"publisher\":{\"@id\":\"https:\\\/\\\/www.asf-brandenburg.de\\\/asf_wp\\\/#organization\"},\"image\":{\"@id\":\"https:\\\/\\\/www.asf-brandenburg.de\\\/asf_wp\\\/aktuelles\\\/2021\\\/corona_lhl-2-2\\\/#primaryimage\"},\"thumbnailUrl\":\"https:\\\/\\\/www.asf-brandenburg.de\\\/asf_wp\\\/wp-content\\\/uploads\\\/2021\\\/11\\\/lkoel.jpg\",\"keywords\":[\"Albert-Schweitzer-Familienwerk Brandenburg e.V.\",\"KiSS\"],\"articleSection\":[\"Neuigkeiten 2021\",\"Schule\"],\"inLanguage\":\"de\"},{\"@type\":\"WebPage\",\"@id\":\"https:\\\/\\\/www.asf-brandenburg.de\\\/asf_wp\\\/aktuelles\\\/2021\\\/corona_lhl-2-2\\\/\",\"url\":\"https:\\\/\\\/www.asf-brandenburg.de\\\/asf_wp\\\/aktuelles\\\/2021\\\/corona_lhl-2-2\\\/\",\"name\":\"Lausitzer Haus des Lernens: Neuigkeiten zu Quarant\u00e4nebedingungen; Hort bleibt in kommender Woche geschlossen\",\"isPartOf\":{\"@id\":\"https:\\\/\\\/www.asf-brandenburg.de\\\/asf_wp\\\/#website\"},\"primaryImageOfPage\":{\"@id\":\"https:\\\/\\\/www.asf-brandenburg.de\\\/asf_wp\\\/aktuelles\\\/2021\\\/corona_lhl-2-2\\\/#primaryimage\"},\"image\":{\"@id\":\"https:\\\/\\\/www.asf-brandenburg.de\\\/asf_wp\\\/aktuelles\\\/2021\\\/corona_lhl-2-2\\\/#primaryimage\"},\"thumbnailUrl\":\"https:\\\/\\\/www.asf-brandenburg.de\\\/asf_wp\\\/wp-content\\\/uploads\\\/2021\\\/11\\\/lkoel.jpg\",\"datePublished\":\"2021-11-04T14:41:58+00:00\",\"dateModified\":\"2021-11-04T15:16:46+00:00\",\"breadcrumb\":{\"@id\":\"https:\\\/\\\/www.asf-brandenburg.de\\\/asf_wp\\\/aktuelles\\\/2021\\\/corona_lhl-2-2\\\/#breadcrumb\"},\"inLanguage\":\"de\",\"potentialAction\":[{\"@type\":\"ReadAction\",\"target\":[\"https:\\\/\\\/www.asf-brandenburg.de\\\/asf_wp\\\/aktuelles\\\/2021\\\/corona_lhl-2-2\\\/\"]}]},{\"@type\":\"ImageObject\",\"inLanguage\":\"de\",\"@id\":\"https:\\\/\\\/www.asf-brandenburg.de\\\/asf_wp\\\/aktuelles\\\/2021\\\/corona_lhl-2-2\\\/#primaryimage\",\"url\":\"https:\\\/\\\/www.asf-brandenburg.de\\\/asf_wp\\\/wp-content\\\/uploads\\\/2021\\\/11\\\/lkoel.jpg\",\"contentUrl\":\"https:\\\/\\\/www.asf-brandenburg.de\\\/asf_wp\\\/wp-content\\\/uploads\\\/2021\\\/11\\\/lkoel.jpg\",\"width\":2000,\"height\":1120},{\"@type\":\"BreadcrumbList\",\"@id\":\"https:\\\/\\\/www.asf-brandenburg.de\\\/asf_wp\\\/aktuelles\\\/2021\\\/corona_lhl-2-2\\\/#breadcrumb\",\"itemListElement\":[{\"@type\":\"ListItem\",\"position\":1,\"name\":\"Startseite\",\"item\":\"https:\\\/\\\/www.asf-brandenburg.de\\\/asf_wp\\\/\"},{\"@type\":\"ListItem\",\"position\":2,\"name\":\"Lausitzer Haus des Lernens: Neuigkeiten zu Quarant\u00e4nebedingungen; Hort bleibt in kommender Woche geschlossen\"}]},{\"@type\":\"WebSite\",\"@id\":\"https:\\\/\\\/www.asf-brandenburg.de\\\/asf_wp\\\/#website\",\"url\":\"https:\\\/\\\/www.asf-brandenburg.de\\\/asf_wp\\\/\",\"name\":\"Albert-Schweitzer-Kinderd\u00f6rfer und Familienwerke Brandenburg e. V.\",\"description\":\"\",\"publisher\":{\"@id\":\"https:\\\/\\\/www.asf-brandenburg.de\\\/asf_wp\\\/#organization\"},\"potentialAction\":[{\"@type\":\"SearchAction\",\"target\":{\"@type\":\"EntryPoint\",\"urlTemplate\":\"https:\\\/\\\/www.asf-brandenburg.de\\\/asf_wp\\\/?s={search_term_string}\"},\"query-input\":{\"@type\":\"PropertyValueSpecification\",\"valueRequired\":true,\"valueName\":\"search_term_string\"}}],\"inLanguage\":\"de\"},{\"@type\":\"Organization\",\"@id\":\"https:\\\/\\\/www.asf-brandenburg.de\\\/asf_wp\\\/#organization\",\"name\":\"Albert-Schweitzer-Familienwerk Brandenburg e. V.\",\"url\":\"https:\\\/\\\/www.asf-brandenburg.de\\\/asf_wp\\\/\",\"logo\":{\"@type\":\"ImageObject\",\"inLanguage\":\"de\",\"@id\":\"https:\\\/\\\/www.asf-brandenburg.de\\\/asf_wp\\\/#\\\/schema\\\/logo\\\/image\\\/\",\"url\":\"https:\\\/\\\/www.asf-brandenburg.de\\\/asf_wp\\\/wp-content\\\/uploads\\\/2018\\\/08\\\/Logo_ASF_BRB_318x107.png\",\"contentUrl\":\"https:\\\/\\\/www.asf-brandenburg.de\\\/asf_wp\\\/wp-content\\\/uploads\\\/2018\\\/08\\\/Logo_ASF_BRB_318x107.png\",\"width\":318,\"height\":107,\"caption\":\"Albert-Schweitzer-Familienwerk Brandenburg e. V.\"},\"image\":{\"@id\":\"https:\\\/\\\/www.asf-brandenburg.de\\\/asf_wp\\\/#\\\/schema\\\/logo\\\/image\\\/\"},\"sameAs\":[\"https:\\\/\\\/www.facebook.com\\\/AlbertSchweitzerFamilienwerkBrandenburg\",\"https:\\\/\\\/www.youtube.com\\\/@asfbrandenburg\",\"https:\\\/\\\/www.instagram.com\\\/asf_brandenburg\\\/\"]},{\"@type\":\"Person\",\"@id\":\"https:\\\/\\\/www.asf-brandenburg.de\\\/asf_wp\\\/#\\\/schema\\\/person\\\/78c60284a632ee97fd75a3197fc8422a\",\"name\":\"Daniela Schneider\",\"url\":\"https:\\\/\\\/www.asf-brandenburg.de\\\/asf_wp\\\/aktuelles\\\/author\\\/daniela-schneider\\\/\"}]}<\/script>\n<!-- \/ Yoast SEO plugin. -->","yoast_head_json":{"title":"Lausitzer Haus des Lernens: Neuigkeiten zu Quarant\u00e4nebedingungen; Hort bleibt in kommender Woche geschlossen","robots":{"index":"index","follow":"follow","max-snippet":"max-snippet:-1","max-image-preview":"max-image-preview:large","max-video-preview":"max-video-preview:-1"},"canonical":"https:\/\/www.asf-brandenburg.de\/asf_wp\/aktuelles\/2021\/corona_lhl-2-2\/","og_locale":"de_DE","og_type":"article","og_title":"Lausitzer Haus des Lernens: Neuigkeiten zu Quarant\u00e4nebedingungen; Hort bleibt in kommender Woche geschlossen","og_description":"Sch\u00fclerinnen und Sch\u00fcler, die sich derzeit in Quarant\u00e4ne befinden, haben die M\u00f6glichkeit, sich am Sonntag freitesten zu lassen \u2013 jedoch nur unter bestimmten Bedingungen. Der Hort bleibt auch in der kommenden Woche aufgrund des personalen Engpasses geschlossen. Auch alle Elterngespr\u00e4che sind abgesagt...","og_url":"https:\/\/www.asf-brandenburg.de\/asf_wp\/aktuelles\/2021\/corona_lhl-2-2\/","og_site_name":"Albert-Schweitzer-Familienwerk Brandenburg e.V.","article_publisher":"https:\/\/www.facebook.com\/AlbertSchweitzerFamilienwerkBrandenburg","article_published_time":"2021-11-04T14:41:58+00:00","article_modified_time":"2021-11-04T15:16:46+00:00","og_image":[{"width":2000,"height":1120,"url":"https:\/\/www.asf-brandenburg.de\/asf_wp\/wp-content\/uploads\/2021\/11\/lkoel.jpg","type":"image\/jpeg"}],"author":"Daniela Schneider","twitter_card":"summary_large_image","twitter_misc":{"Verfasst von":"Daniela Schneider","Gesch\u00e4tzte Lesezeit":"4\u00a0Minuten"},"schema":{"@context":"https:\/\/schema.org","@graph":[{"@type":"Article","@id":"https:\/\/www.asf-brandenburg.de\/asf_wp\/aktuelles\/2021\/corona_lhl-2-2\/#article","isPartOf":{"@id":"https:\/\/www.asf-brandenburg.de\/asf_wp\/aktuelles\/2021\/corona_lhl-2-2\/"},"author":{"name":"Daniela Schneider","@id":"https:\/\/www.asf-brandenburg.de\/asf_wp\/#\/schema\/person\/78c60284a632ee97fd75a3197fc8422a"},"headline":"Lausitzer Haus des Lernens: Neuigkeiten zu Quarant\u00e4nebedingungen; Hort bleibt in kommender Woche geschlossen","datePublished":"2021-11-04T14:41:58+00:00","dateModified":"2021-11-04T15:16:46+00:00","mainEntityOfPage":{"@id":"https:\/\/www.asf-brandenburg.de\/asf_wp\/aktuelles\/2021\/corona_lhl-2-2\/"},"wordCount":1082,"publisher":{"@id":"https:\/\/www.asf-brandenburg.de\/asf_wp\/#organization"},"image":{"@id":"https:\/\/www.asf-brandenburg.de\/asf_wp\/aktuelles\/2021\/corona_lhl-2-2\/#primaryimage"},"thumbnailUrl":"https:\/\/www.asf-brandenburg.de\/asf_wp\/wp-content\/uploads\/2021\/11\/lkoel.jpg","keywords":["Albert-Schweitzer-Familienwerk Brandenburg e.V.","KiSS"],"articleSection":["Neuigkeiten 2021","Schule"],"inLanguage":"de"},{"@type":"WebPage","@id":"https:\/\/www.asf-brandenburg.de\/asf_wp\/aktuelles\/2021\/corona_lhl-2-2\/","url":"https:\/\/www.asf-brandenburg.de\/asf_wp\/aktuelles\/2021\/corona_lhl-2-2\/","name":"Lausitzer Haus des Lernens: Neuigkeiten zu Quarant\u00e4nebedingungen; Hort bleibt in kommender Woche geschlossen","isPartOf":{"@id":"https:\/\/www.asf-brandenburg.de\/asf_wp\/#website"},"primaryImageOfPage":{"@id":"https:\/\/www.asf-brandenburg.de\/asf_wp\/aktuelles\/2021\/corona_lhl-2-2\/#primaryimage"},"image":{"@id":"https:\/\/www.asf-brandenburg.de\/asf_wp\/aktuelles\/2021\/corona_lhl-2-2\/#primaryimage"},"thumbnailUrl":"https:\/\/www.asf-brandenburg.de\/asf_wp\/wp-content\/uploads\/2021\/11\/lkoel.jpg","datePublished":"2021-11-04T14:41:58+00:00","dateModified":"2021-11-04T15:16:46+00:00","breadcrumb":{"@id":"https:\/\/www.asf-brandenburg.de\/asf_wp\/aktuelles\/2021\/corona_lhl-2-2\/#breadcrumb"},"inLanguage":"de","potentialAction":[{"@type":"ReadAction","target":["https:\/\/www.asf-brandenburg.de\/asf_wp\/aktuelles\/2021\/corona_lhl-2-2\/"]}]},{"@type":"ImageObject","inLanguage":"de","@id":"https:\/\/www.asf-brandenburg.de\/asf_wp\/aktuelles\/2021\/corona_lhl-2-2\/#primaryimage","url":"https:\/\/www.asf-brandenburg.de\/asf_wp\/wp-content\/uploads\/2021\/11\/lkoel.jpg","contentUrl":"https:\/\/www.asf-brandenburg.de\/asf_wp\/wp-content\/uploads\/2021\/11\/lkoel.jpg","width":2000,"height":1120},{"@type":"BreadcrumbList","@id":"https:\/\/www.asf-brandenburg.de\/asf_wp\/aktuelles\/2021\/corona_lhl-2-2\/#breadcrumb","itemListElement":[{"@type":"ListItem","position":1,"name":"Startseite","item":"https:\/\/www.asf-brandenburg.de\/asf_wp\/"},{"@type":"ListItem","position":2,"name":"Lausitzer Haus des Lernens: Neuigkeiten zu Quarant\u00e4nebedingungen; Hort bleibt in kommender Woche geschlossen"}]},{"@type":"WebSite","@id":"https:\/\/www.asf-brandenburg.de\/asf_wp\/#website","url":"https:\/\/www.asf-brandenburg.de\/asf_wp\/","name":"Albert-Schweitzer-Kinderd\u00f6rfer und Familienwerke Brandenburg e. V.","description":"","publisher":{"@id":"https:\/\/www.asf-brandenburg.de\/asf_wp\/#organization"},"potentialAction":[{"@type":"SearchAction","target":{"@type":"EntryPoint","urlTemplate":"https:\/\/www.asf-brandenburg.de\/asf_wp\/?s={search_term_string}"},"query-input":{"@type":"PropertyValueSpecification","valueRequired":true,"valueName":"search_term_string"}}],"inLanguage":"de"},{"@type":"Organization","@id":"https:\/\/www.asf-brandenburg.de\/asf_wp\/#organization","name":"Albert-Schweitzer-Familienwerk Brandenburg e. V.","url":"https:\/\/www.asf-brandenburg.de\/asf_wp\/","logo":{"@type":"ImageObject","inLanguage":"de","@id":"https:\/\/www.asf-brandenburg.de\/asf_wp\/#\/schema\/logo\/image\/","url":"https:\/\/www.asf-brandenburg.de\/asf_wp\/wp-content\/uploads\/2018\/08\/Logo_ASF_BRB_318x107.png","contentUrl":"https:\/\/www.asf-brandenburg.de\/asf_wp\/wp-content\/uploads\/2018\/08\/Logo_ASF_BRB_318x107.png","width":318,"height":107,"caption":"Albert-Schweitzer-Familienwerk Brandenburg e. V."},"image":{"@id":"https:\/\/www.asf-brandenburg.de\/asf_wp\/#\/schema\/logo\/image\/"},"sameAs":["https:\/\/www.facebook.com\/AlbertSchweitzerFamilienwerkBrandenburg","https:\/\/www.youtube.com\/@asfbrandenburg","https:\/\/www.instagram.com\/asf_brandenburg\/"]},{"@type":"Person","@id":"https:\/\/www.asf-brandenburg.de\/asf_wp\/#\/schema\/person\/78c60284a632ee97fd75a3197fc8422a","name":"Daniela Schneider","url":"https:\/\/www.asf-brandenburg.de\/asf_wp\/aktuelles\/author\/daniela-schneider\/"}]}},"_links":{"self":[{"href":"https:\/\/www.asf-brandenburg.de\/asf_wp\/wp-json\/wp\/v2\/posts\/3945","targetHints":{"allow":["GET"]}}],"collection":[{"href":"https:\/\/www.asf-brandenburg.de\/asf_wp\/wp-json\/wp\/v2\/posts"}],"about":[{"href":"https:\/\/www.asf-brandenburg.de\/asf_wp\/wp-json\/wp\/v2\/types\/post"}],"author":[{"embeddable":true,"href":"https:\/\/www.asf-brandenburg.de\/asf_wp\/wp-json\/wp\/v2\/users\/3"}],"replies":[{"embeddable":true,"href":"https:\/\/www.asf-brandenburg.de\/asf_wp\/wp-json\/wp\/v2\/comments?post=3945"}],"version-history":[{"count":0,"href":"https:\/\/www.asf-brandenburg.de\/asf_wp\/wp-json\/wp\/v2\/posts\/3945\/revisions"}],"wp:featuredmedia":[{"embeddable":true,"href":"https:\/\/www.asf-brandenburg.de\/asf_wp\/wp-json\/wp\/v2\/media\/3950"}],"wp:attachment":[{"href":"https:\/\/www.asf-brandenburg.de\/asf_wp\/wp-json\/wp\/v2\/media?parent=3945"}],"wp:term":[{"taxonomy":"category","embeddable":true,"href":"https:\/\/www.asf-brandenburg.de\/asf_wp\/wp-json\/wp\/v2\/categories?post=3945"},{"taxonomy":"post_tag","embeddable":true,"href":"https:\/\/www.asf-brandenburg.de\/asf_wp\/wp-json\/wp\/v2\/tags?post=3945"}],"curies":[{"name":"wp","href":"https:\/\/api.w.org\/{rel}","templated":true}]}}