{"id":3901,"date":"2021-11-03T14:25:09","date_gmt":"2021-11-03T13:25:09","guid":{"rendered":"https:\/\/www.asf-brandenburg.de\/asf_wp\/?p=3901"},"modified":"2021-11-03T15:59:51","modified_gmt":"2021-11-03T14:59:51","slug":"corona_lhl-2","status":"publish","type":"post","link":"https:\/\/www.asf-brandenburg.de\/asf_wp\/aktuelles\/2021\/corona_lhl-2\/","title":{"rendered":"Update aus dem Lausitzer Haus des Lernens: Klassen 5 und 6 sind ebenfalls ab sofort in Quarant\u00e4ne"},"content":{"rendered":"<div class=\"fusion-fullwidth fullwidth-box fusion-builder-row-1 fusion-flex-container nonhundred-percent-fullwidth non-hundred-percent-height-scrolling\" style=\"--awb-border-radius-top-left:0px;--awb-border-radius-top-right:0px;--awb-border-radius-bottom-right:0px;--awb-border-radius-bottom-left:0px;--awb-flex-wrap:wrap;\" ><div class=\"fusion-builder-row fusion-row fusion-flex-align-items-flex-start fusion-flex-content-wrap\" style=\"max-width:1331.2px;margin-left: calc(-4% \/ 2 );margin-right: calc(-4% \/ 2 );\"><div class=\"fusion-layout-column fusion_builder_column fusion-builder-column-0 fusion_builder_column_1_1 1_1 fusion-flex-column\" style=\"--awb-bg-size:cover;--awb-width-large:100%;--awb-margin-top-large:0px;--awb-spacing-right-large:1.92%;--awb-margin-bottom-large:20px;--awb-spacing-left-large:1.92%;--awb-width-medium:100%;--awb-order-medium:0;--awb-spacing-right-medium:1.92%;--awb-spacing-left-medium:1.92%;--awb-width-small:100%;--awb-order-small:0;--awb-spacing-right-small:1.92%;--awb-spacing-left-small:1.92%;\"><div class=\"fusion-column-wrapper fusion-column-has-shadow fusion-flex-justify-content-flex-start fusion-content-layout-column\"><div class=\"fusion-text fusion-text-1\" style=\"--awb-text-transform:none;\"><p>In der ASF Grundschule \u201eLausitzer Haus des Lernens\u201c des Albert-Schweitzer-Familienwerks Brandenburg e.V. sind inzwischen <strong>mehr als 30 Infektionsf\u00e4lle<\/strong> mit dem SARS-CoV-2-Virus (\u201eCoronavirus\u201c) per Antigen-Schnelltest und PCR-Test nachgewiesen worden. Neben den Klassenstufen 1 bis 4 befinden sich ab heute auch die Jahrg\u00e4nge 5 und 6 in Quarant\u00e4ne nach neuen Positivbefunden.<\/p>\n<p><strong>Wir bitten die neuen Quarant\u00e4nezeiten zu beachten<\/strong>: Die Anordnung zur h\u00e4uslichen Absonderung gilt f\u00fcr diese Sch\u00fclerinnen und Sch\u00fcler der <strong>Klassen 1, 2 und 6 bis einschlie\u00dflich 12. November, f\u00fcr die Klassen 3, 4, 5 bis einschlie\u00dflich 11. November<\/strong>. Grund f\u00fcr die \u00c4nderungen sind heute neu best\u00e4tigte Infektionen und die daraus folgenden Bestimmungen des Gesundheitsamtes des Landkreises Spree-Nei\u00dfe.<\/p>\n<p>F\u00fcr Infizierte mit einem positiven PCR-Befund k\u00f6nnen andere Quarant\u00e4nezeiten gelten: Wir bitten Eltern mit Kindern, die einen positiven PCR-Befunden haben, dem Schulsekretariat die vom Gesundheitsamt angeordnete Quarant\u00e4nezeit mitzuteilen unter:<\/p>\n<p><em>Tel.: 03563 59 48 20<\/em><br \/>\n<em>Fax: 03563 59 43 46<\/em><br \/>\n<em>E-Mail:\u00a0<a href=\"mailto:grundschule@asf-brandenburg.de\">grundschule@asf-brandenburg.de<\/a><\/em><\/p>\n<p>Die genannte Quarant\u00e4nedauer ist vorbehaltlich der weiteren Entwicklung des Infektionsgeschehens. Alle wichtigen Informationen erhalten Sie tagaktuell auf der Website www.asf-brandenburg.de<\/p>\n<p>Bei Fragen stehen Ihnen gern das Sekretariat oder die Klassenleitungen zur Verf\u00fcgung.<\/p>\n<p>Die Schreiben des Gesundheitsamtes des Landkreises Spree-Nei\u00dfe f\u00fcr die jeweiligen Klassen zum Download:<\/p>\n<p>\n\n\n\n\n<\/p>\n<\/div><\/div><\/div><\/div><\/div>\n","protected":false},"excerpt":{"rendered":"<p>In der ASF Grundschule \u201eLausitzer Haus des Lernens\u201c des Albert-Schweitzer-Familienwerks Brandenburg e.V. sind inzwischen mehr als 30 Infektionsf\u00e4lle mit dem SARS-CoV-2-Virus (\u201eCoronavirus\u201c) per Antigen-Schnelltest und PCR-Test nachgewiesen worden. Neben den Klassenstufen 1 bis 4 befinden sich ab heute auch die Jahrg\u00e4nge 5 und 6 in Quarant\u00e4ne nach neuen Positivbefunden. Die Anordnung zur h\u00e4uslichen Absonderung gilt f\u00fcr diese Sch\u00fclerinnen und Sch\u00fcler der Klassen 1, 2 und 6 bis einschlie\u00dflich 12. November, f\u00fcr die Klassen 3, 4, 5 bis einschlie\u00dflich 11. November&#8230;<\/p>\n","protected":false},"author":2,"featured_media":3902,"comment_status":"closed","ping_status":"open","sticky":false,"template":"","format":"gallery","meta":{"inline_featured_image":false,"footnotes":""},"categories":[142,18],"tags":[80,148],"class_list":["post-3901","post","type-post","status-publish","format-gallery","has-post-thumbnail","hentry","category-neuigkeiten-2021","category-schule","tag-albert-schweitzer-familienwerk-brandenburg-e-v","tag-kiss","post_format-post-format-gallery"],"yoast_head":"<!-- This site is optimized with the Yoast SEO plugin v27.5 - https:\/\/yoast.com\/product\/yoast-seo-wordpress\/ -->\n<title>Update aus dem Lausitzer Haus des Lernens: Klassen 5 und 6 sind ebenfalls ab sofort in Quarant\u00e4ne<\/title>\n<meta name=\"robots\" content=\"index, follow, max-snippet:-1, max-image-preview:large, max-video-preview:-1\" \/>\n<link rel=\"canonical\" href=\"https:\/\/www.asf-brandenburg.de\/asf_wp\/aktuelles\/2021\/corona_lhl-2\/\" \/>\n<meta property=\"og:locale\" content=\"de_DE\" \/>\n<meta property=\"og:type\" content=\"article\" \/>\n<meta property=\"og:title\" content=\"Update aus dem Lausitzer Haus des Lernens: Klassen 5 und 6 sind ebenfalls ab sofort in Quarant\u00e4ne\" \/>\n<meta property=\"og:description\" content=\"In der ASF Grundschule \u201eLausitzer Haus des Lernens\u201c des Albert-Schweitzer-Familienwerks Brandenburg e.V. sind inzwischen mehr als 30 Infektionsf\u00e4lle mit dem SARS-CoV-2-Virus (\u201eCoronavirus\u201c) per Antigen-Schnelltest und PCR-Test nachgewiesen worden. Neben den Klassenstufen 1 bis 4 befinden sich ab heute auch die Jahrg\u00e4nge 5 und 6 in Quarant\u00e4ne nach neuen Positivbefunden. Die Anordnung zur h\u00e4uslichen Absonderung gilt f\u00fcr diese Sch\u00fclerinnen und Sch\u00fcler der Klassen 1, 2 und 6 bis einschlie\u00dflich 12. November, f\u00fcr die Klassen 3, 4, 5 bis einschlie\u00dflich 11. November...\" \/>\n<meta property=\"og:url\" content=\"https:\/\/www.asf-brandenburg.de\/asf_wp\/aktuelles\/2021\/corona_lhl-2\/\" \/>\n<meta property=\"og:site_name\" content=\"Albert-Schweitzer-Familienwerk Brandenburg e.V.\" \/>\n<meta property=\"article:publisher\" content=\"https:\/\/www.facebook.com\/AlbertSchweitzerFamilienwerkBrandenburg\" \/>\n<meta property=\"article:published_time\" content=\"2021-11-03T13:25:09+00:00\" \/>\n<meta property=\"article:modified_time\" content=\"2021-11-03T14:59:51+00:00\" \/>\n<meta property=\"og:image\" content=\"https:\/\/www.asf-brandenburg.de\/asf_wp\/wp-content\/uploads\/2021\/11\/3625655.jpg\" \/>\n\t<meta property=\"og:image:width\" content=\"2000\" \/>\n\t<meta property=\"og:image:height\" content=\"2000\" \/>\n\t<meta property=\"og:image:type\" content=\"image\/jpeg\" \/>\n<meta name=\"author\" content=\"Web Admin\" \/>\n<meta name=\"twitter:card\" content=\"summary_large_image\" \/>\n<meta name=\"twitter:label1\" content=\"Verfasst von\" \/>\n\t<meta name=\"twitter:data1\" content=\"Web Admin\" \/>\n\t<meta name=\"twitter:label2\" content=\"Gesch\u00e4tzte Lesezeit\" \/>\n\t<meta name=\"twitter:data2\" content=\"4\u00a0Minuten\" \/>\n<script type=\"application\/ld+json\" class=\"yoast-schema-graph\">{\"@context\":\"https:\\\/\\\/schema.org\",\"@graph\":[{\"@type\":\"Article\",\"@id\":\"https:\\\/\\\/www.asf-brandenburg.de\\\/asf_wp\\\/aktuelles\\\/2021\\\/corona_lhl-2\\\/#article\",\"isPartOf\":{\"@id\":\"https:\\\/\\\/www.asf-brandenburg.de\\\/asf_wp\\\/aktuelles\\\/2021\\\/corona_lhl-2\\\/\"},\"author\":{\"name\":\"Web Admin\",\"@id\":\"https:\\\/\\\/www.asf-brandenburg.de\\\/asf_wp\\\/#\\\/schema\\\/person\\\/a63ba1553f2aa75f90f3809d9e4a1efc\"},\"headline\":\"Update aus dem Lausitzer Haus des Lernens: Klassen 5 und 6 sind ebenfalls ab sofort in Quarant\u00e4ne\",\"datePublished\":\"2021-11-03T13:25:09+00:00\",\"dateModified\":\"2021-11-03T14:59:51+00:00\",\"mainEntityOfPage\":{\"@id\":\"https:\\\/\\\/www.asf-brandenburg.de\\\/asf_wp\\\/aktuelles\\\/2021\\\/corona_lhl-2\\\/\"},\"wordCount\":858,\"publisher\":{\"@id\":\"https:\\\/\\\/www.asf-brandenburg.de\\\/asf_wp\\\/#organization\"},\"image\":{\"@id\":\"https:\\\/\\\/www.asf-brandenburg.de\\\/asf_wp\\\/aktuelles\\\/2021\\\/corona_lhl-2\\\/#primaryimage\"},\"thumbnailUrl\":\"https:\\\/\\\/www.asf-brandenburg.de\\\/asf_wp\\\/wp-content\\\/uploads\\\/2021\\\/11\\\/3625655.jpg\",\"keywords\":[\"Albert-Schweitzer-Familienwerk Brandenburg e.V.\",\"KiSS\"],\"articleSection\":[\"Neuigkeiten 2021\",\"Schule\"],\"inLanguage\":\"de\"},{\"@type\":\"WebPage\",\"@id\":\"https:\\\/\\\/www.asf-brandenburg.de\\\/asf_wp\\\/aktuelles\\\/2021\\\/corona_lhl-2\\\/\",\"url\":\"https:\\\/\\\/www.asf-brandenburg.de\\\/asf_wp\\\/aktuelles\\\/2021\\\/corona_lhl-2\\\/\",\"name\":\"Update aus dem Lausitzer Haus des Lernens: Klassen 5 und 6 sind ebenfalls ab sofort in Quarant\u00e4ne\",\"isPartOf\":{\"@id\":\"https:\\\/\\\/www.asf-brandenburg.de\\\/asf_wp\\\/#website\"},\"primaryImageOfPage\":{\"@id\":\"https:\\\/\\\/www.asf-brandenburg.de\\\/asf_wp\\\/aktuelles\\\/2021\\\/corona_lhl-2\\\/#primaryimage\"},\"image\":{\"@id\":\"https:\\\/\\\/www.asf-brandenburg.de\\\/asf_wp\\\/aktuelles\\\/2021\\\/corona_lhl-2\\\/#primaryimage\"},\"thumbnailUrl\":\"https:\\\/\\\/www.asf-brandenburg.de\\\/asf_wp\\\/wp-content\\\/uploads\\\/2021\\\/11\\\/3625655.jpg\",\"datePublished\":\"2021-11-03T13:25:09+00:00\",\"dateModified\":\"2021-11-03T14:59:51+00:00\",\"breadcrumb\":{\"@id\":\"https:\\\/\\\/www.asf-brandenburg.de\\\/asf_wp\\\/aktuelles\\\/2021\\\/corona_lhl-2\\\/#breadcrumb\"},\"inLanguage\":\"de\",\"potentialAction\":[{\"@type\":\"ReadAction\",\"target\":[\"https:\\\/\\\/www.asf-brandenburg.de\\\/asf_wp\\\/aktuelles\\\/2021\\\/corona_lhl-2\\\/\"]}]},{\"@type\":\"ImageObject\",\"inLanguage\":\"de\",\"@id\":\"https:\\\/\\\/www.asf-brandenburg.de\\\/asf_wp\\\/aktuelles\\\/2021\\\/corona_lhl-2\\\/#primaryimage\",\"url\":\"https:\\\/\\\/www.asf-brandenburg.de\\\/asf_wp\\\/wp-content\\\/uploads\\\/2021\\\/11\\\/3625655.jpg\",\"contentUrl\":\"https:\\\/\\\/www.asf-brandenburg.de\\\/asf_wp\\\/wp-content\\\/uploads\\\/2021\\\/11\\\/3625655.jpg\",\"width\":2000,\"height\":2000},{\"@type\":\"BreadcrumbList\",\"@id\":\"https:\\\/\\\/www.asf-brandenburg.de\\\/asf_wp\\\/aktuelles\\\/2021\\\/corona_lhl-2\\\/#breadcrumb\",\"itemListElement\":[{\"@type\":\"ListItem\",\"position\":1,\"name\":\"Startseite\",\"item\":\"https:\\\/\\\/www.asf-brandenburg.de\\\/asf_wp\\\/\"},{\"@type\":\"ListItem\",\"position\":2,\"name\":\"Update aus dem Lausitzer Haus des Lernens: Klassen 5 und 6 sind ebenfalls ab sofort in Quarant\u00e4ne\"}]},{\"@type\":\"WebSite\",\"@id\":\"https:\\\/\\\/www.asf-brandenburg.de\\\/asf_wp\\\/#website\",\"url\":\"https:\\\/\\\/www.asf-brandenburg.de\\\/asf_wp\\\/\",\"name\":\"Albert-Schweitzer-Kinderd\u00f6rfer und Familienwerke Brandenburg e. V.\",\"description\":\"\",\"publisher\":{\"@id\":\"https:\\\/\\\/www.asf-brandenburg.de\\\/asf_wp\\\/#organization\"},\"potentialAction\":[{\"@type\":\"SearchAction\",\"target\":{\"@type\":\"EntryPoint\",\"urlTemplate\":\"https:\\\/\\\/www.asf-brandenburg.de\\\/asf_wp\\\/?s={search_term_string}\"},\"query-input\":{\"@type\":\"PropertyValueSpecification\",\"valueRequired\":true,\"valueName\":\"search_term_string\"}}],\"inLanguage\":\"de\"},{\"@type\":\"Organization\",\"@id\":\"https:\\\/\\\/www.asf-brandenburg.de\\\/asf_wp\\\/#organization\",\"name\":\"Albert-Schweitzer-Familienwerk Brandenburg e. V.\",\"url\":\"https:\\\/\\\/www.asf-brandenburg.de\\\/asf_wp\\\/\",\"logo\":{\"@type\":\"ImageObject\",\"inLanguage\":\"de\",\"@id\":\"https:\\\/\\\/www.asf-brandenburg.de\\\/asf_wp\\\/#\\\/schema\\\/logo\\\/image\\\/\",\"url\":\"https:\\\/\\\/www.asf-brandenburg.de\\\/asf_wp\\\/wp-content\\\/uploads\\\/2018\\\/08\\\/Logo_ASF_BRB_318x107.png\",\"contentUrl\":\"https:\\\/\\\/www.asf-brandenburg.de\\\/asf_wp\\\/wp-content\\\/uploads\\\/2018\\\/08\\\/Logo_ASF_BRB_318x107.png\",\"width\":318,\"height\":107,\"caption\":\"Albert-Schweitzer-Familienwerk Brandenburg e. V.\"},\"image\":{\"@id\":\"https:\\\/\\\/www.asf-brandenburg.de\\\/asf_wp\\\/#\\\/schema\\\/logo\\\/image\\\/\"},\"sameAs\":[\"https:\\\/\\\/www.facebook.com\\\/AlbertSchweitzerFamilienwerkBrandenburg\",\"https:\\\/\\\/www.youtube.com\\\/@asfbrandenburg\",\"https:\\\/\\\/www.instagram.com\\\/asf_brandenburg\\\/\"]},{\"@type\":\"Person\",\"@id\":\"https:\\\/\\\/www.asf-brandenburg.de\\\/asf_wp\\\/#\\\/schema\\\/person\\\/a63ba1553f2aa75f90f3809d9e4a1efc\",\"name\":\"Web Admin\",\"sameAs\":[\"http:\\\/\\\/www.asf-brandenburg.de\"],\"url\":\"https:\\\/\\\/www.asf-brandenburg.de\\\/asf_wp\\\/aktuelles\\\/author\\\/asf\\\/\"}]}<\/script>\n<!-- \/ Yoast SEO plugin. -->","yoast_head_json":{"title":"Update aus dem Lausitzer Haus des Lernens: Klassen 5 und 6 sind ebenfalls ab sofort in Quarant\u00e4ne","robots":{"index":"index","follow":"follow","max-snippet":"max-snippet:-1","max-image-preview":"max-image-preview:large","max-video-preview":"max-video-preview:-1"},"canonical":"https:\/\/www.asf-brandenburg.de\/asf_wp\/aktuelles\/2021\/corona_lhl-2\/","og_locale":"de_DE","og_type":"article","og_title":"Update aus dem Lausitzer Haus des Lernens: Klassen 5 und 6 sind ebenfalls ab sofort in Quarant\u00e4ne","og_description":"In der ASF Grundschule \u201eLausitzer Haus des Lernens\u201c des Albert-Schweitzer-Familienwerks Brandenburg e.V. sind inzwischen mehr als 30 Infektionsf\u00e4lle mit dem SARS-CoV-2-Virus (\u201eCoronavirus\u201c) per Antigen-Schnelltest und PCR-Test nachgewiesen worden. Neben den Klassenstufen 1 bis 4 befinden sich ab heute auch die Jahrg\u00e4nge 5 und 6 in Quarant\u00e4ne nach neuen Positivbefunden. Die Anordnung zur h\u00e4uslichen Absonderung gilt f\u00fcr diese Sch\u00fclerinnen und Sch\u00fcler der Klassen 1, 2 und 6 bis einschlie\u00dflich 12. November, f\u00fcr die Klassen 3, 4, 5 bis einschlie\u00dflich 11. November...","og_url":"https:\/\/www.asf-brandenburg.de\/asf_wp\/aktuelles\/2021\/corona_lhl-2\/","og_site_name":"Albert-Schweitzer-Familienwerk Brandenburg e.V.","article_publisher":"https:\/\/www.facebook.com\/AlbertSchweitzerFamilienwerkBrandenburg","article_published_time":"2021-11-03T13:25:09+00:00","article_modified_time":"2021-11-03T14:59:51+00:00","og_image":[{"width":2000,"height":2000,"url":"https:\/\/www.asf-brandenburg.de\/asf_wp\/wp-content\/uploads\/2021\/11\/3625655.jpg","type":"image\/jpeg"}],"author":"Web Admin","twitter_card":"summary_large_image","twitter_misc":{"Verfasst von":"Web Admin","Gesch\u00e4tzte Lesezeit":"4\u00a0Minuten"},"schema":{"@context":"https:\/\/schema.org","@graph":[{"@type":"Article","@id":"https:\/\/www.asf-brandenburg.de\/asf_wp\/aktuelles\/2021\/corona_lhl-2\/#article","isPartOf":{"@id":"https:\/\/www.asf-brandenburg.de\/asf_wp\/aktuelles\/2021\/corona_lhl-2\/"},"author":{"name":"Web Admin","@id":"https:\/\/www.asf-brandenburg.de\/asf_wp\/#\/schema\/person\/a63ba1553f2aa75f90f3809d9e4a1efc"},"headline":"Update aus dem Lausitzer Haus des Lernens: Klassen 5 und 6 sind ebenfalls ab sofort in Quarant\u00e4ne","datePublished":"2021-11-03T13:25:09+00:00","dateModified":"2021-11-03T14:59:51+00:00","mainEntityOfPage":{"@id":"https:\/\/www.asf-brandenburg.de\/asf_wp\/aktuelles\/2021\/corona_lhl-2\/"},"wordCount":858,"publisher":{"@id":"https:\/\/www.asf-brandenburg.de\/asf_wp\/#organization"},"image":{"@id":"https:\/\/www.asf-brandenburg.de\/asf_wp\/aktuelles\/2021\/corona_lhl-2\/#primaryimage"},"thumbnailUrl":"https:\/\/www.asf-brandenburg.de\/asf_wp\/wp-content\/uploads\/2021\/11\/3625655.jpg","keywords":["Albert-Schweitzer-Familienwerk Brandenburg e.V.","KiSS"],"articleSection":["Neuigkeiten 2021","Schule"],"inLanguage":"de"},{"@type":"WebPage","@id":"https:\/\/www.asf-brandenburg.de\/asf_wp\/aktuelles\/2021\/corona_lhl-2\/","url":"https:\/\/www.asf-brandenburg.de\/asf_wp\/aktuelles\/2021\/corona_lhl-2\/","name":"Update aus dem Lausitzer Haus des Lernens: Klassen 5 und 6 sind ebenfalls ab sofort in Quarant\u00e4ne","isPartOf":{"@id":"https:\/\/www.asf-brandenburg.de\/asf_wp\/#website"},"primaryImageOfPage":{"@id":"https:\/\/www.asf-brandenburg.de\/asf_wp\/aktuelles\/2021\/corona_lhl-2\/#primaryimage"},"image":{"@id":"https:\/\/www.asf-brandenburg.de\/asf_wp\/aktuelles\/2021\/corona_lhl-2\/#primaryimage"},"thumbnailUrl":"https:\/\/www.asf-brandenburg.de\/asf_wp\/wp-content\/uploads\/2021\/11\/3625655.jpg","datePublished":"2021-11-03T13:25:09+00:00","dateModified":"2021-11-03T14:59:51+00:00","breadcrumb":{"@id":"https:\/\/www.asf-brandenburg.de\/asf_wp\/aktuelles\/2021\/corona_lhl-2\/#breadcrumb"},"inLanguage":"de","potentialAction":[{"@type":"ReadAction","target":["https:\/\/www.asf-brandenburg.de\/asf_wp\/aktuelles\/2021\/corona_lhl-2\/"]}]},{"@type":"ImageObject","inLanguage":"de","@id":"https:\/\/www.asf-brandenburg.de\/asf_wp\/aktuelles\/2021\/corona_lhl-2\/#primaryimage","url":"https:\/\/www.asf-brandenburg.de\/asf_wp\/wp-content\/uploads\/2021\/11\/3625655.jpg","contentUrl":"https:\/\/www.asf-brandenburg.de\/asf_wp\/wp-content\/uploads\/2021\/11\/3625655.jpg","width":2000,"height":2000},{"@type":"BreadcrumbList","@id":"https:\/\/www.asf-brandenburg.de\/asf_wp\/aktuelles\/2021\/corona_lhl-2\/#breadcrumb","itemListElement":[{"@type":"ListItem","position":1,"name":"Startseite","item":"https:\/\/www.asf-brandenburg.de\/asf_wp\/"},{"@type":"ListItem","position":2,"name":"Update aus dem Lausitzer Haus des Lernens: Klassen 5 und 6 sind ebenfalls ab sofort in Quarant\u00e4ne"}]},{"@type":"WebSite","@id":"https:\/\/www.asf-brandenburg.de\/asf_wp\/#website","url":"https:\/\/www.asf-brandenburg.de\/asf_wp\/","name":"Albert-Schweitzer-Kinderd\u00f6rfer und Familienwerke Brandenburg e. V.","description":"","publisher":{"@id":"https:\/\/www.asf-brandenburg.de\/asf_wp\/#organization"},"potentialAction":[{"@type":"SearchAction","target":{"@type":"EntryPoint","urlTemplate":"https:\/\/www.asf-brandenburg.de\/asf_wp\/?s={search_term_string}"},"query-input":{"@type":"PropertyValueSpecification","valueRequired":true,"valueName":"search_term_string"}}],"inLanguage":"de"},{"@type":"Organization","@id":"https:\/\/www.asf-brandenburg.de\/asf_wp\/#organization","name":"Albert-Schweitzer-Familienwerk Brandenburg e. V.","url":"https:\/\/www.asf-brandenburg.de\/asf_wp\/","logo":{"@type":"ImageObject","inLanguage":"de","@id":"https:\/\/www.asf-brandenburg.de\/asf_wp\/#\/schema\/logo\/image\/","url":"https:\/\/www.asf-brandenburg.de\/asf_wp\/wp-content\/uploads\/2018\/08\/Logo_ASF_BRB_318x107.png","contentUrl":"https:\/\/www.asf-brandenburg.de\/asf_wp\/wp-content\/uploads\/2018\/08\/Logo_ASF_BRB_318x107.png","width":318,"height":107,"caption":"Albert-Schweitzer-Familienwerk Brandenburg e. V."},"image":{"@id":"https:\/\/www.asf-brandenburg.de\/asf_wp\/#\/schema\/logo\/image\/"},"sameAs":["https:\/\/www.facebook.com\/AlbertSchweitzerFamilienwerkBrandenburg","https:\/\/www.youtube.com\/@asfbrandenburg","https:\/\/www.instagram.com\/asf_brandenburg\/"]},{"@type":"Person","@id":"https:\/\/www.asf-brandenburg.de\/asf_wp\/#\/schema\/person\/a63ba1553f2aa75f90f3809d9e4a1efc","name":"Web Admin","sameAs":["http:\/\/www.asf-brandenburg.de"],"url":"https:\/\/www.asf-brandenburg.de\/asf_wp\/aktuelles\/author\/asf\/"}]}},"_links":{"self":[{"href":"https:\/\/www.asf-brandenburg.de\/asf_wp\/wp-json\/wp\/v2\/posts\/3901","targetHints":{"allow":["GET"]}}],"collection":[{"href":"https:\/\/www.asf-brandenburg.de\/asf_wp\/wp-json\/wp\/v2\/posts"}],"about":[{"href":"https:\/\/www.asf-brandenburg.de\/asf_wp\/wp-json\/wp\/v2\/types\/post"}],"author":[{"embeddable":true,"href":"https:\/\/www.asf-brandenburg.de\/asf_wp\/wp-json\/wp\/v2\/users\/2"}],"replies":[{"embeddable":true,"href":"https:\/\/www.asf-brandenburg.de\/asf_wp\/wp-json\/wp\/v2\/comments?post=3901"}],"version-history":[{"count":0,"href":"https:\/\/www.asf-brandenburg.de\/asf_wp\/wp-json\/wp\/v2\/posts\/3901\/revisions"}],"wp:featuredmedia":[{"embeddable":true,"href":"https:\/\/www.asf-brandenburg.de\/asf_wp\/wp-json\/wp\/v2\/media\/3902"}],"wp:attachment":[{"href":"https:\/\/www.asf-brandenburg.de\/asf_wp\/wp-json\/wp\/v2\/media?parent=3901"}],"wp:term":[{"taxonomy":"category","embeddable":true,"href":"https:\/\/www.asf-brandenburg.de\/asf_wp\/wp-json\/wp\/v2\/categories?post=3901"},{"taxonomy":"post_tag","embeddable":true,"href":"https:\/\/www.asf-brandenburg.de\/asf_wp\/wp-json\/wp\/v2\/tags?post=3901"}],"curies":[{"name":"wp","href":"https:\/\/api.w.org\/{rel}","templated":true}]}}