{"id":3893,"date":"2021-11-02T16:21:38","date_gmt":"2021-11-02T15:21:38","guid":{"rendered":"https:\/\/www.asf-brandenburg.de\/asf_wp\/?p=3893"},"modified":"2021-11-02T16:21:50","modified_gmt":"2021-11-02T15:21:50","slug":"corona_lhl","status":"publish","type":"post","link":"https:\/\/www.asf-brandenburg.de\/asf_wp\/aktuelles\/2021\/corona_lhl\/","title":{"rendered":"Coronaf\u00e4lle im Lausitzer Haus des Lernens: Klassen 1 bis 4 befinden sich ab sofort in Quarant\u00e4ne"},"content":{"rendered":"<div class=\"fusion-fullwidth fullwidth-box fusion-builder-row-1 fusion-flex-container nonhundred-percent-fullwidth non-hundred-percent-height-scrolling\" style=\"--awb-border-radius-top-left:0px;--awb-border-radius-top-right:0px;--awb-border-radius-bottom-right:0px;--awb-border-radius-bottom-left:0px;--awb-flex-wrap:wrap;\" ><div class=\"fusion-builder-row fusion-row fusion-flex-align-items-flex-start fusion-flex-content-wrap\" style=\"max-width:1331.2px;margin-left: calc(-4% \/ 2 );margin-right: calc(-4% \/ 2 );\"><div class=\"fusion-layout-column fusion_builder_column fusion-builder-column-0 fusion_builder_column_1_1 1_1 fusion-flex-column\" style=\"--awb-bg-size:cover;--awb-width-large:100%;--awb-margin-top-large:0px;--awb-spacing-right-large:1.92%;--awb-margin-bottom-large:20px;--awb-spacing-left-large:1.92%;--awb-width-medium:100%;--awb-order-medium:0;--awb-spacing-right-medium:1.92%;--awb-spacing-left-medium:1.92%;--awb-width-small:100%;--awb-order-small:0;--awb-spacing-right-small:1.92%;--awb-spacing-left-small:1.92%;\"><div class=\"fusion-column-wrapper fusion-column-has-shadow fusion-flex-justify-content-flex-start fusion-content-layout-column\"><div class=\"fusion-text fusion-text-1\" style=\"--awb-text-transform:none;\"><p>In der ASF Grundschule \u201eLausitzer Haus des Lernens\u201c des Albert-Schweitzer-Familienwerks Brandenburg e.V. sind mehr als 20 Infektionsf\u00e4lle mit dem SARS-CoV-2-Virus (\u201eCoronavirus\u201c) per Antigen-Schnelltest und PCR-Test nachgewiesen worden. Betroffen sind sowohl Sch\u00fclerinnen und Sch\u00fcler als auch p\u00e4dagogische Fachkr\u00e4fte. Die Klassen 1 bis 4 befinden sich ab sofort geschlossen in h\u00e4uslicher Quarant\u00e4ne \u2013 dies gilt bis voraussichtlich 8. November 2021. Wichtig: Die h\u00e4usliche Quarant\u00e4ne ist lediglich f\u00fcr die Kinder angeordnet. F\u00fcr Eltern gilt die Quarant\u00e4ne erst dann, wenn das Kind covidtypische Symptome zeigt und eine Infektion mittels PCR-Test (nicht Antigen-Schnelltest) best\u00e4tigt ist. In diesem Fall m\u00fcssen sich auch die Kontaktpersonen ersten Grades \u2013 so zum Beispiel Eltern und Geschwisterkinder \u2013 ebenfalls in die h\u00e4usliche Absonderung begeben. Alle betroffenen Familien werden in den kommenden Tagen ein Schreiben des Gesundheitsamtes des Landkreises Spree-Nei\u00dfe \u00fcber unsere Schule online erhalten und \u00fcber die weiteren Schritte informiert.<\/p>\n<blockquote>\n<p>Kai Noack, Gesch\u00e4ftsf\u00fchrer des Albert-Schweitzer-Familienwerks Brandenburg e.V.: \u201eLeider m\u00fcssen wir den regul\u00e4ren Schulbetrieb der Jahrg\u00e4nge 1 bis 4 vorerst einstellen, da in allen Klassen Infektionen aufgetreten sind und sich das Geschehen zurzeit nicht einordnen l\u00e4sst. Hier m\u00fcssen wir schnell handeln und dem Gesundheitsamt die M\u00f6glichkeit geben, sich einen \u00dcberblick \u00fcber die Lage zu verschaffen. Oberste Priorit\u00e4t hat die Gesundheit unserer Sch\u00fclerinnen und Sch\u00fcler, unseres Personals und ihrer Familien, in denen sich teilweise auch ungesch\u00fctzte Risikopersonen befinden. Wir arbeiten eng mit dem Gesundheitsamt zusammen und treffen alle erforderlichen Vorkehrungen, um den Schulbetrieb so schnell wie m\u00f6glich unter sicheren Bedingungen wieder aufnehmen zu k\u00f6nnen.\u201c<\/p>\n<p>Schulleiterin Daniela Hecht: \u201eWir w\u00fcnschen allen betroffenen Sch\u00fclerinnen, Sch\u00fclern sowie Kolleginnen und Kollegen von Herzen alles Gute und eine rasche Genesung. Wir danken allen Familien f\u00fcr ihr Verst\u00e4ndnis, dass wir unter diesen Umst\u00e4nden den Pr\u00e4senzunterricht aussetzen m\u00fcssen. Wir arbeiten daran, die Beschulung auf den erprobten digitalen Wegen fortzuf\u00fchren.\u201c<\/p>\n<\/blockquote>\n<p>\u00dcber weitere Informationen halten wir Sie auf dem Laufenden. Bitte wenden Sie sich bei Fragen zum Kinderkrankengeld an Ihre Krankenkasse.<\/p>\n<\/div><\/div><\/div><\/div><\/div>\n","protected":false},"excerpt":{"rendered":"<p>In der ASF Grundschule \u201eLausitzer Haus des Lernens\u201c des Albert-Schweitzer-Familienwerks Brandenburg e.V. sind mehr als 20 Infektionsf\u00e4lle mit dem SARS-CoV-2-Virus (\u201eCoronavirus\u201c) per Antigen-Schnelltest und PCR-Test nachgewiesen worden. Betroffen sind sowohl Sch\u00fclerinnen und Sch\u00fcler als auch p\u00e4dagogische Fachkr\u00e4fte. Die Klassen 1 bis 4 befinden sich ab sofort geschlossen in h\u00e4uslicher Quarant\u00e4ne \u2013 dies gilt bis voraussichtlich 8. November 2021. <\/p>\n","protected":false},"author":2,"featured_media":3896,"comment_status":"closed","ping_status":"open","sticky":false,"template":"","format":"gallery","meta":{"inline_featured_image":false,"footnotes":""},"categories":[142,18],"tags":[80,148],"class_list":["post-3893","post","type-post","status-publish","format-gallery","has-post-thumbnail","hentry","category-neuigkeiten-2021","category-schule","tag-albert-schweitzer-familienwerk-brandenburg-e-v","tag-kiss","post_format-post-format-gallery"],"yoast_head":"<!-- This site is optimized with the Yoast SEO plugin v27.5 - https:\/\/yoast.com\/product\/yoast-seo-wordpress\/ -->\n<title>Coronaf\u00e4lle im Lausitzer Haus des Lernens: Klassen 1 bis 4 befinden sich ab sofort in Quarant\u00e4ne<\/title>\n<meta name=\"robots\" content=\"index, follow, max-snippet:-1, max-image-preview:large, max-video-preview:-1\" \/>\n<link rel=\"canonical\" href=\"https:\/\/www.asf-brandenburg.de\/asf_wp\/aktuelles\/2021\/corona_lhl\/\" \/>\n<meta property=\"og:locale\" content=\"de_DE\" \/>\n<meta property=\"og:type\" content=\"article\" \/>\n<meta property=\"og:title\" content=\"Coronaf\u00e4lle im Lausitzer Haus des Lernens: Klassen 1 bis 4 befinden sich ab sofort in Quarant\u00e4ne\" \/>\n<meta property=\"og:description\" content=\"In der ASF Grundschule \u201eLausitzer Haus des Lernens\u201c des Albert-Schweitzer-Familienwerks Brandenburg e.V. sind mehr als 20 Infektionsf\u00e4lle mit dem SARS-CoV-2-Virus (\u201eCoronavirus\u201c) per Antigen-Schnelltest und PCR-Test nachgewiesen worden. Betroffen sind sowohl Sch\u00fclerinnen und Sch\u00fcler als auch p\u00e4dagogische Fachkr\u00e4fte. Die Klassen 1 bis 4 befinden sich ab sofort geschlossen in h\u00e4uslicher Quarant\u00e4ne \u2013 dies gilt bis voraussichtlich 8. November 2021.\" \/>\n<meta property=\"og:url\" content=\"https:\/\/www.asf-brandenburg.de\/asf_wp\/aktuelles\/2021\/corona_lhl\/\" \/>\n<meta property=\"og:site_name\" content=\"Albert-Schweitzer-Familienwerk Brandenburg e.V.\" \/>\n<meta property=\"article:publisher\" content=\"https:\/\/www.facebook.com\/AlbertSchweitzerFamilienwerkBrandenburg\" \/>\n<meta property=\"article:published_time\" content=\"2021-11-02T15:21:38+00:00\" \/>\n<meta property=\"article:modified_time\" content=\"2021-11-02T15:21:50+00:00\" \/>\n<meta property=\"og:image\" content=\"https:\/\/www.asf-brandenburg.de\/asf_wp\/wp-content\/uploads\/2021\/11\/IMG_2200-scaled.jpg\" \/>\n\t<meta property=\"og:image:width\" content=\"2560\" \/>\n\t<meta property=\"og:image:height\" content=\"1707\" \/>\n\t<meta property=\"og:image:type\" content=\"image\/jpeg\" \/>\n<meta name=\"author\" content=\"Web Admin\" \/>\n<meta name=\"twitter:card\" content=\"summary_large_image\" \/>\n<meta name=\"twitter:label1\" content=\"Verfasst von\" \/>\n\t<meta name=\"twitter:data1\" content=\"Web Admin\" \/>\n\t<meta name=\"twitter:label2\" content=\"Gesch\u00e4tzte Lesezeit\" \/>\n\t<meta name=\"twitter:data2\" content=\"4\u00a0Minuten\" \/>\n<script type=\"application\/ld+json\" class=\"yoast-schema-graph\">{\"@context\":\"https:\\\/\\\/schema.org\",\"@graph\":[{\"@type\":\"Article\",\"@id\":\"https:\\\/\\\/www.asf-brandenburg.de\\\/asf_wp\\\/aktuelles\\\/2021\\\/corona_lhl\\\/#article\",\"isPartOf\":{\"@id\":\"https:\\\/\\\/www.asf-brandenburg.de\\\/asf_wp\\\/aktuelles\\\/2021\\\/corona_lhl\\\/\"},\"author\":{\"name\":\"Web Admin\",\"@id\":\"https:\\\/\\\/www.asf-brandenburg.de\\\/asf_wp\\\/#\\\/schema\\\/person\\\/a63ba1553f2aa75f90f3809d9e4a1efc\"},\"headline\":\"Coronaf\u00e4lle im Lausitzer Haus des Lernens: Klassen 1 bis 4 befinden sich ab sofort in Quarant\u00e4ne\",\"datePublished\":\"2021-11-02T15:21:38+00:00\",\"dateModified\":\"2021-11-02T15:21:50+00:00\",\"mainEntityOfPage\":{\"@id\":\"https:\\\/\\\/www.asf-brandenburg.de\\\/asf_wp\\\/aktuelles\\\/2021\\\/corona_lhl\\\/\"},\"wordCount\":977,\"publisher\":{\"@id\":\"https:\\\/\\\/www.asf-brandenburg.de\\\/asf_wp\\\/#organization\"},\"image\":{\"@id\":\"https:\\\/\\\/www.asf-brandenburg.de\\\/asf_wp\\\/aktuelles\\\/2021\\\/corona_lhl\\\/#primaryimage\"},\"thumbnailUrl\":\"https:\\\/\\\/www.asf-brandenburg.de\\\/asf_wp\\\/wp-content\\\/uploads\\\/2021\\\/11\\\/IMG_2200-scaled.jpg\",\"keywords\":[\"Albert-Schweitzer-Familienwerk Brandenburg e.V.\",\"KiSS\"],\"articleSection\":[\"Neuigkeiten 2021\",\"Schule\"],\"inLanguage\":\"de\"},{\"@type\":\"WebPage\",\"@id\":\"https:\\\/\\\/www.asf-brandenburg.de\\\/asf_wp\\\/aktuelles\\\/2021\\\/corona_lhl\\\/\",\"url\":\"https:\\\/\\\/www.asf-brandenburg.de\\\/asf_wp\\\/aktuelles\\\/2021\\\/corona_lhl\\\/\",\"name\":\"Coronaf\u00e4lle im Lausitzer Haus des Lernens: Klassen 1 bis 4 befinden sich ab sofort in Quarant\u00e4ne\",\"isPartOf\":{\"@id\":\"https:\\\/\\\/www.asf-brandenburg.de\\\/asf_wp\\\/#website\"},\"primaryImageOfPage\":{\"@id\":\"https:\\\/\\\/www.asf-brandenburg.de\\\/asf_wp\\\/aktuelles\\\/2021\\\/corona_lhl\\\/#primaryimage\"},\"image\":{\"@id\":\"https:\\\/\\\/www.asf-brandenburg.de\\\/asf_wp\\\/aktuelles\\\/2021\\\/corona_lhl\\\/#primaryimage\"},\"thumbnailUrl\":\"https:\\\/\\\/www.asf-brandenburg.de\\\/asf_wp\\\/wp-content\\\/uploads\\\/2021\\\/11\\\/IMG_2200-scaled.jpg\",\"datePublished\":\"2021-11-02T15:21:38+00:00\",\"dateModified\":\"2021-11-02T15:21:50+00:00\",\"breadcrumb\":{\"@id\":\"https:\\\/\\\/www.asf-brandenburg.de\\\/asf_wp\\\/aktuelles\\\/2021\\\/corona_lhl\\\/#breadcrumb\"},\"inLanguage\":\"de\",\"potentialAction\":[{\"@type\":\"ReadAction\",\"target\":[\"https:\\\/\\\/www.asf-brandenburg.de\\\/asf_wp\\\/aktuelles\\\/2021\\\/corona_lhl\\\/\"]}]},{\"@type\":\"ImageObject\",\"inLanguage\":\"de\",\"@id\":\"https:\\\/\\\/www.asf-brandenburg.de\\\/asf_wp\\\/aktuelles\\\/2021\\\/corona_lhl\\\/#primaryimage\",\"url\":\"https:\\\/\\\/www.asf-brandenburg.de\\\/asf_wp\\\/wp-content\\\/uploads\\\/2021\\\/11\\\/IMG_2200-scaled.jpg\",\"contentUrl\":\"https:\\\/\\\/www.asf-brandenburg.de\\\/asf_wp\\\/wp-content\\\/uploads\\\/2021\\\/11\\\/IMG_2200-scaled.jpg\",\"width\":2560,\"height\":1707},{\"@type\":\"BreadcrumbList\",\"@id\":\"https:\\\/\\\/www.asf-brandenburg.de\\\/asf_wp\\\/aktuelles\\\/2021\\\/corona_lhl\\\/#breadcrumb\",\"itemListElement\":[{\"@type\":\"ListItem\",\"position\":1,\"name\":\"Startseite\",\"item\":\"https:\\\/\\\/www.asf-brandenburg.de\\\/asf_wp\\\/\"},{\"@type\":\"ListItem\",\"position\":2,\"name\":\"Coronaf\u00e4lle im Lausitzer Haus des Lernens: Klassen 1 bis 4 befinden sich ab sofort in Quarant\u00e4ne\"}]},{\"@type\":\"WebSite\",\"@id\":\"https:\\\/\\\/www.asf-brandenburg.de\\\/asf_wp\\\/#website\",\"url\":\"https:\\\/\\\/www.asf-brandenburg.de\\\/asf_wp\\\/\",\"name\":\"Albert-Schweitzer-Kinderd\u00f6rfer und Familienwerke Brandenburg e. V.\",\"description\":\"\",\"publisher\":{\"@id\":\"https:\\\/\\\/www.asf-brandenburg.de\\\/asf_wp\\\/#organization\"},\"potentialAction\":[{\"@type\":\"SearchAction\",\"target\":{\"@type\":\"EntryPoint\",\"urlTemplate\":\"https:\\\/\\\/www.asf-brandenburg.de\\\/asf_wp\\\/?s={search_term_string}\"},\"query-input\":{\"@type\":\"PropertyValueSpecification\",\"valueRequired\":true,\"valueName\":\"search_term_string\"}}],\"inLanguage\":\"de\"},{\"@type\":\"Organization\",\"@id\":\"https:\\\/\\\/www.asf-brandenburg.de\\\/asf_wp\\\/#organization\",\"name\":\"Albert-Schweitzer-Familienwerk Brandenburg e. V.\",\"url\":\"https:\\\/\\\/www.asf-brandenburg.de\\\/asf_wp\\\/\",\"logo\":{\"@type\":\"ImageObject\",\"inLanguage\":\"de\",\"@id\":\"https:\\\/\\\/www.asf-brandenburg.de\\\/asf_wp\\\/#\\\/schema\\\/logo\\\/image\\\/\",\"url\":\"https:\\\/\\\/www.asf-brandenburg.de\\\/asf_wp\\\/wp-content\\\/uploads\\\/2018\\\/08\\\/Logo_ASF_BRB_318x107.png\",\"contentUrl\":\"https:\\\/\\\/www.asf-brandenburg.de\\\/asf_wp\\\/wp-content\\\/uploads\\\/2018\\\/08\\\/Logo_ASF_BRB_318x107.png\",\"width\":318,\"height\":107,\"caption\":\"Albert-Schweitzer-Familienwerk Brandenburg e. V.\"},\"image\":{\"@id\":\"https:\\\/\\\/www.asf-brandenburg.de\\\/asf_wp\\\/#\\\/schema\\\/logo\\\/image\\\/\"},\"sameAs\":[\"https:\\\/\\\/www.facebook.com\\\/AlbertSchweitzerFamilienwerkBrandenburg\",\"https:\\\/\\\/www.youtube.com\\\/@asfbrandenburg\",\"https:\\\/\\\/www.instagram.com\\\/asf_brandenburg\\\/\"]},{\"@type\":\"Person\",\"@id\":\"https:\\\/\\\/www.asf-brandenburg.de\\\/asf_wp\\\/#\\\/schema\\\/person\\\/a63ba1553f2aa75f90f3809d9e4a1efc\",\"name\":\"Web Admin\",\"sameAs\":[\"http:\\\/\\\/www.asf-brandenburg.de\"],\"url\":\"https:\\\/\\\/www.asf-brandenburg.de\\\/asf_wp\\\/aktuelles\\\/author\\\/asf\\\/\"}]}<\/script>\n<!-- \/ Yoast SEO plugin. -->","yoast_head_json":{"title":"Coronaf\u00e4lle im Lausitzer Haus des Lernens: Klassen 1 bis 4 befinden sich ab sofort in Quarant\u00e4ne","robots":{"index":"index","follow":"follow","max-snippet":"max-snippet:-1","max-image-preview":"max-image-preview:large","max-video-preview":"max-video-preview:-1"},"canonical":"https:\/\/www.asf-brandenburg.de\/asf_wp\/aktuelles\/2021\/corona_lhl\/","og_locale":"de_DE","og_type":"article","og_title":"Coronaf\u00e4lle im Lausitzer Haus des Lernens: Klassen 1 bis 4 befinden sich ab sofort in Quarant\u00e4ne","og_description":"In der ASF Grundschule \u201eLausitzer Haus des Lernens\u201c des Albert-Schweitzer-Familienwerks Brandenburg e.V. sind mehr als 20 Infektionsf\u00e4lle mit dem SARS-CoV-2-Virus (\u201eCoronavirus\u201c) per Antigen-Schnelltest und PCR-Test nachgewiesen worden. Betroffen sind sowohl Sch\u00fclerinnen und Sch\u00fcler als auch p\u00e4dagogische Fachkr\u00e4fte. Die Klassen 1 bis 4 befinden sich ab sofort geschlossen in h\u00e4uslicher Quarant\u00e4ne \u2013 dies gilt bis voraussichtlich 8. November 2021.","og_url":"https:\/\/www.asf-brandenburg.de\/asf_wp\/aktuelles\/2021\/corona_lhl\/","og_site_name":"Albert-Schweitzer-Familienwerk Brandenburg e.V.","article_publisher":"https:\/\/www.facebook.com\/AlbertSchweitzerFamilienwerkBrandenburg","article_published_time":"2021-11-02T15:21:38+00:00","article_modified_time":"2021-11-02T15:21:50+00:00","og_image":[{"width":2560,"height":1707,"url":"https:\/\/www.asf-brandenburg.de\/asf_wp\/wp-content\/uploads\/2021\/11\/IMG_2200-scaled.jpg","type":"image\/jpeg"}],"author":"Web Admin","twitter_card":"summary_large_image","twitter_misc":{"Verfasst von":"Web Admin","Gesch\u00e4tzte Lesezeit":"4\u00a0Minuten"},"schema":{"@context":"https:\/\/schema.org","@graph":[{"@type":"Article","@id":"https:\/\/www.asf-brandenburg.de\/asf_wp\/aktuelles\/2021\/corona_lhl\/#article","isPartOf":{"@id":"https:\/\/www.asf-brandenburg.de\/asf_wp\/aktuelles\/2021\/corona_lhl\/"},"author":{"name":"Web Admin","@id":"https:\/\/www.asf-brandenburg.de\/asf_wp\/#\/schema\/person\/a63ba1553f2aa75f90f3809d9e4a1efc"},"headline":"Coronaf\u00e4lle im Lausitzer Haus des Lernens: Klassen 1 bis 4 befinden sich ab sofort in Quarant\u00e4ne","datePublished":"2021-11-02T15:21:38+00:00","dateModified":"2021-11-02T15:21:50+00:00","mainEntityOfPage":{"@id":"https:\/\/www.asf-brandenburg.de\/asf_wp\/aktuelles\/2021\/corona_lhl\/"},"wordCount":977,"publisher":{"@id":"https:\/\/www.asf-brandenburg.de\/asf_wp\/#organization"},"image":{"@id":"https:\/\/www.asf-brandenburg.de\/asf_wp\/aktuelles\/2021\/corona_lhl\/#primaryimage"},"thumbnailUrl":"https:\/\/www.asf-brandenburg.de\/asf_wp\/wp-content\/uploads\/2021\/11\/IMG_2200-scaled.jpg","keywords":["Albert-Schweitzer-Familienwerk Brandenburg e.V.","KiSS"],"articleSection":["Neuigkeiten 2021","Schule"],"inLanguage":"de"},{"@type":"WebPage","@id":"https:\/\/www.asf-brandenburg.de\/asf_wp\/aktuelles\/2021\/corona_lhl\/","url":"https:\/\/www.asf-brandenburg.de\/asf_wp\/aktuelles\/2021\/corona_lhl\/","name":"Coronaf\u00e4lle im Lausitzer Haus des Lernens: Klassen 1 bis 4 befinden sich ab sofort in Quarant\u00e4ne","isPartOf":{"@id":"https:\/\/www.asf-brandenburg.de\/asf_wp\/#website"},"primaryImageOfPage":{"@id":"https:\/\/www.asf-brandenburg.de\/asf_wp\/aktuelles\/2021\/corona_lhl\/#primaryimage"},"image":{"@id":"https:\/\/www.asf-brandenburg.de\/asf_wp\/aktuelles\/2021\/corona_lhl\/#primaryimage"},"thumbnailUrl":"https:\/\/www.asf-brandenburg.de\/asf_wp\/wp-content\/uploads\/2021\/11\/IMG_2200-scaled.jpg","datePublished":"2021-11-02T15:21:38+00:00","dateModified":"2021-11-02T15:21:50+00:00","breadcrumb":{"@id":"https:\/\/www.asf-brandenburg.de\/asf_wp\/aktuelles\/2021\/corona_lhl\/#breadcrumb"},"inLanguage":"de","potentialAction":[{"@type":"ReadAction","target":["https:\/\/www.asf-brandenburg.de\/asf_wp\/aktuelles\/2021\/corona_lhl\/"]}]},{"@type":"ImageObject","inLanguage":"de","@id":"https:\/\/www.asf-brandenburg.de\/asf_wp\/aktuelles\/2021\/corona_lhl\/#primaryimage","url":"https:\/\/www.asf-brandenburg.de\/asf_wp\/wp-content\/uploads\/2021\/11\/IMG_2200-scaled.jpg","contentUrl":"https:\/\/www.asf-brandenburg.de\/asf_wp\/wp-content\/uploads\/2021\/11\/IMG_2200-scaled.jpg","width":2560,"height":1707},{"@type":"BreadcrumbList","@id":"https:\/\/www.asf-brandenburg.de\/asf_wp\/aktuelles\/2021\/corona_lhl\/#breadcrumb","itemListElement":[{"@type":"ListItem","position":1,"name":"Startseite","item":"https:\/\/www.asf-brandenburg.de\/asf_wp\/"},{"@type":"ListItem","position":2,"name":"Coronaf\u00e4lle im Lausitzer Haus des Lernens: Klassen 1 bis 4 befinden sich ab sofort in Quarant\u00e4ne"}]},{"@type":"WebSite","@id":"https:\/\/www.asf-brandenburg.de\/asf_wp\/#website","url":"https:\/\/www.asf-brandenburg.de\/asf_wp\/","name":"Albert-Schweitzer-Kinderd\u00f6rfer und Familienwerke Brandenburg e. V.","description":"","publisher":{"@id":"https:\/\/www.asf-brandenburg.de\/asf_wp\/#organization"},"potentialAction":[{"@type":"SearchAction","target":{"@type":"EntryPoint","urlTemplate":"https:\/\/www.asf-brandenburg.de\/asf_wp\/?s={search_term_string}"},"query-input":{"@type":"PropertyValueSpecification","valueRequired":true,"valueName":"search_term_string"}}],"inLanguage":"de"},{"@type":"Organization","@id":"https:\/\/www.asf-brandenburg.de\/asf_wp\/#organization","name":"Albert-Schweitzer-Familienwerk Brandenburg e. V.","url":"https:\/\/www.asf-brandenburg.de\/asf_wp\/","logo":{"@type":"ImageObject","inLanguage":"de","@id":"https:\/\/www.asf-brandenburg.de\/asf_wp\/#\/schema\/logo\/image\/","url":"https:\/\/www.asf-brandenburg.de\/asf_wp\/wp-content\/uploads\/2018\/08\/Logo_ASF_BRB_318x107.png","contentUrl":"https:\/\/www.asf-brandenburg.de\/asf_wp\/wp-content\/uploads\/2018\/08\/Logo_ASF_BRB_318x107.png","width":318,"height":107,"caption":"Albert-Schweitzer-Familienwerk Brandenburg e. V."},"image":{"@id":"https:\/\/www.asf-brandenburg.de\/asf_wp\/#\/schema\/logo\/image\/"},"sameAs":["https:\/\/www.facebook.com\/AlbertSchweitzerFamilienwerkBrandenburg","https:\/\/www.youtube.com\/@asfbrandenburg","https:\/\/www.instagram.com\/asf_brandenburg\/"]},{"@type":"Person","@id":"https:\/\/www.asf-brandenburg.de\/asf_wp\/#\/schema\/person\/a63ba1553f2aa75f90f3809d9e4a1efc","name":"Web Admin","sameAs":["http:\/\/www.asf-brandenburg.de"],"url":"https:\/\/www.asf-brandenburg.de\/asf_wp\/aktuelles\/author\/asf\/"}]}},"_links":{"self":[{"href":"https:\/\/www.asf-brandenburg.de\/asf_wp\/wp-json\/wp\/v2\/posts\/3893","targetHints":{"allow":["GET"]}}],"collection":[{"href":"https:\/\/www.asf-brandenburg.de\/asf_wp\/wp-json\/wp\/v2\/posts"}],"about":[{"href":"https:\/\/www.asf-brandenburg.de\/asf_wp\/wp-json\/wp\/v2\/types\/post"}],"author":[{"embeddable":true,"href":"https:\/\/www.asf-brandenburg.de\/asf_wp\/wp-json\/wp\/v2\/users\/2"}],"replies":[{"embeddable":true,"href":"https:\/\/www.asf-brandenburg.de\/asf_wp\/wp-json\/wp\/v2\/comments?post=3893"}],"version-history":[{"count":0,"href":"https:\/\/www.asf-brandenburg.de\/asf_wp\/wp-json\/wp\/v2\/posts\/3893\/revisions"}],"wp:featuredmedia":[{"embeddable":true,"href":"https:\/\/www.asf-brandenburg.de\/asf_wp\/wp-json\/wp\/v2\/media\/3896"}],"wp:attachment":[{"href":"https:\/\/www.asf-brandenburg.de\/asf_wp\/wp-json\/wp\/v2\/media?parent=3893"}],"wp:term":[{"taxonomy":"category","embeddable":true,"href":"https:\/\/www.asf-brandenburg.de\/asf_wp\/wp-json\/wp\/v2\/categories?post=3893"},{"taxonomy":"post_tag","embeddable":true,"href":"https:\/\/www.asf-brandenburg.de\/asf_wp\/wp-json\/wp\/v2\/tags?post=3893"}],"curies":[{"name":"wp","href":"https:\/\/api.w.org\/{rel}","templated":true}]}}