{"id":3664,"date":"2021-09-08T14:36:58","date_gmt":"2021-09-08T12:36:58","guid":{"rendered":"https:\/\/www.asf-brandenburg.de\/asf_wp\/?p=3664"},"modified":"2021-09-08T14:38:06","modified_gmt":"2021-09-08T12:38:06","slug":"lhl-ruhlmuehle","status":"publish","type":"post","link":"https:\/\/www.asf-brandenburg.de\/asf_wp\/aktuelles\/2021\/lhl-ruhlmuehle\/","title":{"rendered":"Sogar der Wolf kam zu Besuch! Kurz-Klassenfahrt im Lausitzer Haus des Lernens f\u00fchrt in die Ruhlm\u00fchle"},"content":{"rendered":"<div class=\"fusion-fullwidth fullwidth-box fusion-builder-row-1 fusion-flex-container nonhundred-percent-fullwidth non-hundred-percent-height-scrolling\" style=\"--awb-border-radius-top-left:0px;--awb-border-radius-top-right:0px;--awb-border-radius-bottom-right:0px;--awb-border-radius-bottom-left:0px;--awb-flex-wrap:wrap;\" ><div class=\"fusion-builder-row fusion-row fusion-flex-align-items-flex-start fusion-flex-content-wrap\" style=\"max-width:1331.2px;margin-left: calc(-4% \/ 2 );margin-right: calc(-4% \/ 2 );\"><div class=\"fusion-layout-column fusion_builder_column fusion-builder-column-0 fusion_builder_column_1_1 1_1 fusion-flex-column\" style=\"--awb-bg-size:cover;--awb-width-large:100%;--awb-margin-top-large:0px;--awb-spacing-right-large:1.92%;--awb-margin-bottom-large:20px;--awb-spacing-left-large:1.92%;--awb-width-medium:100%;--awb-order-medium:0;--awb-spacing-right-medium:1.92%;--awb-spacing-left-medium:1.92%;--awb-width-small:100%;--awb-order-small:0;--awb-spacing-right-small:1.92%;--awb-spacing-left-small:1.92%;\"><div class=\"fusion-column-wrapper fusion-column-has-shadow fusion-flex-justify-content-flex-start fusion-content-layout-column\"><div class=\"fusion-text fusion-text-1\"><div class=\"kvgmc6g5 cxmmr5t8 oygrvhab hcukyx3x c1et5uql ii04i59q\">\n<div dir=\"auto\">Nochmal raus und den wundersch\u00f6nen Sp\u00e4tsommer nutzen <span class=\"pq6dq46d tbxw36s4 knj5qynh kvgmc6g5 ditlmg2l oygrvhab nvdbi5me sf5mxxl7 gl3lb2sf hhz5lgdu\"><img decoding=\"async\" src=\"https:\/\/static.xx.fbcdn.net\/images\/emoji.php\/v9\/tb7\/1\/16\/1f917.png\" alt=\"\ud83e\udd17\" width=\"16\" height=\"16\" \/><\/span> \u2013 das hat sich Lehrerin Frau Hoffmann des Lausitzer Haus des Lernens gedacht und ihre 5. Klasse mit einer kleinen Klassenfahrt \u00fcberrascht. <span class=\"pq6dq46d tbxw36s4 knj5qynh kvgmc6g5 ditlmg2l oygrvhab nvdbi5me sf5mxxl7 gl3lb2sf hhz5lgdu\"><img decoding=\"async\" src=\"https:\/\/static.xx.fbcdn.net\/images\/emoji.php\/v9\/t1\/1\/16\/1f92b.png\" alt=\"\ud83e\udd2b\" width=\"16\" height=\"16\" \/><\/span> Denn nach einem erfolgreich gel\u00f6sten Buchstabenr\u00e4tsel im Unterricht hie\u00df es n\u00e4mlich: &#8222;R-U-H-L-M-\u00dc-H-L-E &#8230;und dort fahren wir bald hin! <span class=\"pq6dq46d tbxw36s4 knj5qynh kvgmc6g5 ditlmg2l oygrvhab nvdbi5me sf5mxxl7 gl3lb2sf hhz5lgdu\"><img decoding=\"async\" src=\"https:\/\/static.xx.fbcdn.net\/images\/emoji.php\/v9\/t8c\/1\/16\/1f389.png\" alt=\"\ud83c\udf89\" width=\"16\" height=\"16\" \/>&#8222;<\/span><\/div>\n<div dir=\"auto\"><\/div>\n<div dir=\"auto\"><span class=\"pq6dq46d tbxw36s4 knj5qynh kvgmc6g5 ditlmg2l oygrvhab nvdbi5me sf5mxxl7 gl3lb2sf hhz5lgdu\">Spontan ging es in die Ruhlm\u00fchle nach Spreetal OT Neustadt, wo sich jeder ein Paddel schnappte und drei Stunden \u00fcber unsere heimische Spree schipperte. Nach getaner Arbeit haben sich die Sch\u00fclerinnen und Sch\u00fcler in einem echten Tipi gest\u00e4rkt, am Lagerfeuer gegrillt und anschlie\u00dfend die Nacht im Zelt unter de Sternenhimmel verbracht. <span class=\"pq6dq46d tbxw36s4 knj5qynh kvgmc6g5 ditlmg2l oygrvhab nvdbi5me sf5mxxl7 gl3lb2sf hhz5lgdu\"><img decoding=\"async\" src=\"https:\/\/static.xx.fbcdn.net\/images\/emoji.php\/v9\/ta8\/1\/16\/26fa.png\" alt=\"\u26fa\ufe0f\" width=\"16\" height=\"16\" \/><\/span><\/span><\/div>\n<\/div>\n<div class=\"o9v6fnle cxmmr5t8 oygrvhab hcukyx3x c1et5uql ii04i59q\">\n<div dir=\"auto\">Oh, und: Au\u00dferdem hatte die Ausflugstruppe tierischen Besuch! Ein paar F\u00fcchse verirrten sich ins Lager <span class=\"pq6dq46d tbxw36s4 knj5qynh kvgmc6g5 ditlmg2l oygrvhab nvdbi5me sf5mxxl7 gl3lb2sf hhz5lgdu\"><img decoding=\"async\" src=\"https:\/\/static.xx.fbcdn.net\/images\/emoji.php\/v9\/t3a\/1\/16\/1f98a.png\" alt=\"\ud83e\udd8a\" width=\"16\" height=\"16\" \/><\/span> und sogar ein Wolf hat sich blicken lassen&#8230;<span class=\"pq6dq46d tbxw36s4 knj5qynh kvgmc6g5 ditlmg2l oygrvhab nvdbi5me sf5mxxl7 gl3lb2sf hhz5lgdu\"><img decoding=\"async\" src=\"https:\/\/static.xx.fbcdn.net\/images\/emoji.php\/v9\/t2e\/1\/16\/1f633.png\" alt=\"\ud83d\ude33\" width=\"16\" height=\"16\" \/><\/span><\/div>\n<\/div>\n<\/div><div class=\"awb-gallery-wrapper awb-gallery-wrapper-1 button-span-no\"><div style=\"margin:-5px;--awb-bordersize:0px;\" class=\"fusion-gallery fusion-gallery-container fusion-grid-3 fusion-columns-total-4 fusion-gallery-layout-grid fusion-gallery-1\"><div style=\"padding:5px;\" class=\"fusion-grid-column fusion-gallery-column fusion-gallery-column-3 hover-type-none\"><div class=\"fusion-gallery-image\"><a href=\"https:\/\/www.asf-brandenburg.de\/asf_wp\/wp-content\/uploads\/2021\/09\/IMG-20210903-WA0005.jpg\" rel=\"noreferrer\" data-rel=\"iLightbox[gallery_image_1]\" class=\"fusion-lightbox\" target=\"_self\"><img decoding=\"async\" src=\"https:\/\/www.asf-brandenburg.de\/asf_wp\/wp-content\/uploads\/2021\/09\/IMG-20210903-WA0005.jpg\" width=\"1600\" height=\"720\" alt=\"\" title=\"\" aria-label=\"\" class=\"img-responsive wp-image-3668\" srcset=\"https:\/\/www.asf-brandenburg.de\/asf_wp\/wp-content\/uploads\/2021\/09\/IMG-20210903-WA0005-200x90.jpg 200w, https:\/\/www.asf-brandenburg.de\/asf_wp\/wp-content\/uploads\/2021\/09\/IMG-20210903-WA0005-400x180.jpg 400w, https:\/\/www.asf-brandenburg.de\/asf_wp\/wp-content\/uploads\/2021\/09\/IMG-20210903-WA0005-600x270.jpg 600w, https:\/\/www.asf-brandenburg.de\/asf_wp\/wp-content\/uploads\/2021\/09\/IMG-20210903-WA0005-800x360.jpg 800w, https:\/\/www.asf-brandenburg.de\/asf_wp\/wp-content\/uploads\/2021\/09\/IMG-20210903-WA0005-1200x540.jpg 1200w, https:\/\/www.asf-brandenburg.de\/asf_wp\/wp-content\/uploads\/2021\/09\/IMG-20210903-WA0005.jpg 1600w\" sizes=\"(min-width: 2200px) 100vw, (min-width: 784px) 423px, (min-width: 712px) 635px, (min-width: 640px) 712px, \" \/><\/a><\/div><\/div><div style=\"padding:5px;\" class=\"fusion-grid-column fusion-gallery-column fusion-gallery-column-3 hover-type-none\"><div class=\"fusion-gallery-image\"><a href=\"https:\/\/www.asf-brandenburg.de\/asf_wp\/wp-content\/uploads\/2021\/09\/IMG-20210903-WA0006-1.jpg\" rel=\"noreferrer\" data-rel=\"iLightbox[gallery_image_1]\" class=\"fusion-lightbox\" target=\"_self\"><img decoding=\"async\" src=\"https:\/\/www.asf-brandenburg.de\/asf_wp\/wp-content\/uploads\/2021\/09\/IMG-20210903-WA0006-1.jpg\" width=\"1600\" height=\"720\" alt=\"\" title=\"\" aria-label=\"\" class=\"img-responsive wp-image-3667\" srcset=\"https:\/\/www.asf-brandenburg.de\/asf_wp\/wp-content\/uploads\/2021\/09\/IMG-20210903-WA0006-1-200x90.jpg 200w, https:\/\/www.asf-brandenburg.de\/asf_wp\/wp-content\/uploads\/2021\/09\/IMG-20210903-WA0006-1-400x180.jpg 400w, https:\/\/www.asf-brandenburg.de\/asf_wp\/wp-content\/uploads\/2021\/09\/IMG-20210903-WA0006-1-600x270.jpg 600w, https:\/\/www.asf-brandenburg.de\/asf_wp\/wp-content\/uploads\/2021\/09\/IMG-20210903-WA0006-1-800x360.jpg 800w, https:\/\/www.asf-brandenburg.de\/asf_wp\/wp-content\/uploads\/2021\/09\/IMG-20210903-WA0006-1-1200x540.jpg 1200w, https:\/\/www.asf-brandenburg.de\/asf_wp\/wp-content\/uploads\/2021\/09\/IMG-20210903-WA0006-1.jpg 1600w\" sizes=\"(min-width: 2200px) 100vw, (min-width: 784px) 423px, (min-width: 712px) 635px, (min-width: 640px) 712px, \" \/><\/a><\/div><\/div><div style=\"padding:5px;\" class=\"fusion-grid-column fusion-gallery-column fusion-gallery-column-3 hover-type-none\"><div class=\"fusion-gallery-image\"><a href=\"https:\/\/www.asf-brandenburg.de\/asf_wp\/wp-content\/uploads\/2021\/09\/IMG-20210903-WA0007.jpg\" rel=\"noreferrer\" data-rel=\"iLightbox[gallery_image_1]\" class=\"fusion-lightbox\" target=\"_self\"><img decoding=\"async\" src=\"https:\/\/www.asf-brandenburg.de\/asf_wp\/wp-content\/uploads\/2021\/09\/IMG-20210903-WA0007.jpg\" width=\"1600\" height=\"720\" alt=\"\" title=\"\" aria-label=\"\" class=\"img-responsive wp-image-3666\" srcset=\"https:\/\/www.asf-brandenburg.de\/asf_wp\/wp-content\/uploads\/2021\/09\/IMG-20210903-WA0007-200x90.jpg 200w, https:\/\/www.asf-brandenburg.de\/asf_wp\/wp-content\/uploads\/2021\/09\/IMG-20210903-WA0007-400x180.jpg 400w, https:\/\/www.asf-brandenburg.de\/asf_wp\/wp-content\/uploads\/2021\/09\/IMG-20210903-WA0007-600x270.jpg 600w, https:\/\/www.asf-brandenburg.de\/asf_wp\/wp-content\/uploads\/2021\/09\/IMG-20210903-WA0007-800x360.jpg 800w, https:\/\/www.asf-brandenburg.de\/asf_wp\/wp-content\/uploads\/2021\/09\/IMG-20210903-WA0007-1200x540.jpg 1200w, https:\/\/www.asf-brandenburg.de\/asf_wp\/wp-content\/uploads\/2021\/09\/IMG-20210903-WA0007.jpg 1600w\" sizes=\"(min-width: 2200px) 100vw, (min-width: 784px) 423px, (min-width: 712px) 635px, (min-width: 640px) 712px, \" \/><\/a><\/div><\/div><div class=\"clearfix\"><\/div><div style=\"padding:5px;\" class=\"fusion-grid-column fusion-gallery-column fusion-gallery-column-3 hover-type-none\"><div class=\"fusion-gallery-image\"><a href=\"https:\/\/www.asf-brandenburg.de\/asf_wp\/wp-content\/uploads\/2021\/09\/IMG-20210903-WA0008.jpg\" rel=\"noreferrer\" data-rel=\"iLightbox[gallery_image_1]\" class=\"fusion-lightbox\" target=\"_self\"><img decoding=\"async\" src=\"https:\/\/www.asf-brandenburg.de\/asf_wp\/wp-content\/uploads\/2021\/09\/IMG-20210903-WA0008.jpg\" width=\"1600\" height=\"720\" alt=\"\" title=\"\" aria-label=\"\" class=\"img-responsive wp-image-3665\" srcset=\"https:\/\/www.asf-brandenburg.de\/asf_wp\/wp-content\/uploads\/2021\/09\/IMG-20210903-WA0008-200x90.jpg 200w, https:\/\/www.asf-brandenburg.de\/asf_wp\/wp-content\/uploads\/2021\/09\/IMG-20210903-WA0008-400x180.jpg 400w, https:\/\/www.asf-brandenburg.de\/asf_wp\/wp-content\/uploads\/2021\/09\/IMG-20210903-WA0008-600x270.jpg 600w, https:\/\/www.asf-brandenburg.de\/asf_wp\/wp-content\/uploads\/2021\/09\/IMG-20210903-WA0008-800x360.jpg 800w, https:\/\/www.asf-brandenburg.de\/asf_wp\/wp-content\/uploads\/2021\/09\/IMG-20210903-WA0008-1200x540.jpg 1200w, https:\/\/www.asf-brandenburg.de\/asf_wp\/wp-content\/uploads\/2021\/09\/IMG-20210903-WA0008.jpg 1600w\" sizes=\"(min-width: 2200px) 100vw, (min-width: 784px) 423px, (min-width: 712px) 635px, (min-width: 640px) 712px, \" \/><\/a><\/div><\/div><\/div><\/div><\/div><\/div><\/div><\/div>\n","protected":false},"excerpt":{"rendered":"<p>Nochmal raus und den wundersch\u00f6nen Sp\u00e4tsommer nutzen  \u2013 das hat sich Lehrerin Frau Hoffmann des Lausitzer Haus des Lernens gedacht und ihre 5. Klasse mit einer kleinen Klassenfahrt \u00fcberrascht.  Denn nach einem erfolgreich gel\u00f6sten Buchstabenr\u00e4tsel im Unterricht hie\u00df es n\u00e4mlich: &#8222;R-U-H-L-M-\u00dc-H-L-E &#8230;und dort fahren wir bald hin!&#8220;<\/p>\n","protected":false},"author":2,"featured_media":3666,"comment_status":"closed","ping_status":"open","sticky":false,"template":"","format":"gallery","meta":{"inline_featured_image":false,"footnotes":""},"categories":[142],"tags":[80,148],"class_list":["post-3664","post","type-post","status-publish","format-gallery","has-post-thumbnail","hentry","category-neuigkeiten-2021","tag-albert-schweitzer-familienwerk-brandenburg-e-v","tag-kiss","post_format-post-format-gallery"],"yoast_head":"<!-- This site is optimized with the Yoast SEO plugin v27.4 - https:\/\/yoast.com\/product\/yoast-seo-wordpress\/ -->\n<title>Sogar der Wolf kam zu Besuch! Kurz-Klassenfahrt im Lausitzer Haus des Lernens f\u00fchrt in die Ruhlm\u00fchle<\/title>\n<meta name=\"description\" content=\"Nochmal raus und den wundersch\u00f6nen Sp\u00e4tsommer nutzen \u2013 das hat sich Lehrerin Frau Hoffmann des Lausitzer Haus des Lernens gedacht und ihre 5. Klasse mit einer kleinen Klassenfahrt \u00fcberrascht. Denn nach einem erfolgreich gel\u00f6sten Buchstabenr\u00e4tsel im Unterricht hie\u00df es n\u00e4mlich: R-U-H-L-M-\u00dc-H-L-E ...und dort fahren wir bald hin!\" \/>\n<meta name=\"robots\" content=\"index, follow, max-snippet:-1, max-image-preview:large, max-video-preview:-1\" \/>\n<link rel=\"canonical\" href=\"https:\/\/www.asf-brandenburg.de\/asf_wp\/aktuelles\/2021\/lhl-ruhlmuehle\/\" \/>\n<meta property=\"og:locale\" content=\"de_DE\" \/>\n<meta property=\"og:type\" content=\"article\" \/>\n<meta property=\"og:title\" content=\"Sogar der Wolf kam zu Besuch! Kurz-Klassenfahrt im Lausitzer Haus des Lernens f\u00fchrt in die Ruhlm\u00fchle\" \/>\n<meta property=\"og:description\" content=\"Nochmal raus und den wundersch\u00f6nen Sp\u00e4tsommer nutzen \u2013 das hat sich Lehrerin Frau Hoffmann des Lausitzer Haus des Lernens gedacht und ihre 5. Klasse mit einer kleinen Klassenfahrt \u00fcberrascht. Denn nach einem erfolgreich gel\u00f6sten Buchstabenr\u00e4tsel im Unterricht hie\u00df es n\u00e4mlich: R-U-H-L-M-\u00dc-H-L-E ...und dort fahren wir bald hin!\" \/>\n<meta property=\"og:url\" content=\"https:\/\/www.asf-brandenburg.de\/asf_wp\/aktuelles\/2021\/lhl-ruhlmuehle\/\" \/>\n<meta property=\"og:site_name\" content=\"Albert-Schweitzer-Familienwerk Brandenburg e.V.\" \/>\n<meta property=\"article:publisher\" content=\"https:\/\/www.facebook.com\/AlbertSchweitzerFamilienwerkBrandenburg\" \/>\n<meta property=\"article:published_time\" content=\"2021-09-08T12:36:58+00:00\" \/>\n<meta property=\"article:modified_time\" content=\"2021-09-08T12:38:06+00:00\" \/>\n<meta property=\"og:image\" content=\"https:\/\/www.asf-brandenburg.de\/asf_wp\/wp-content\/uploads\/2021\/09\/IMG-20210903-WA0007.jpg\" \/>\n\t<meta property=\"og:image:width\" content=\"1600\" \/>\n\t<meta property=\"og:image:height\" content=\"720\" \/>\n\t<meta property=\"og:image:type\" content=\"image\/jpeg\" \/>\n<meta name=\"author\" content=\"Web Admin\" \/>\n<meta name=\"twitter:card\" content=\"summary_large_image\" \/>\n<meta name=\"twitter:label1\" content=\"Verfasst von\" \/>\n\t<meta name=\"twitter:data1\" content=\"Web Admin\" \/>\n\t<meta name=\"twitter:label2\" content=\"Gesch\u00e4tzte Lesezeit\" \/>\n\t<meta name=\"twitter:data2\" content=\"4\u00a0Minuten\" \/>\n<script type=\"application\/ld+json\" class=\"yoast-schema-graph\">{\"@context\":\"https:\\\/\\\/schema.org\",\"@graph\":[{\"@type\":\"Article\",\"@id\":\"https:\\\/\\\/www.asf-brandenburg.de\\\/asf_wp\\\/aktuelles\\\/2021\\\/lhl-ruhlmuehle\\\/#article\",\"isPartOf\":{\"@id\":\"https:\\\/\\\/www.asf-brandenburg.de\\\/asf_wp\\\/aktuelles\\\/2021\\\/lhl-ruhlmuehle\\\/\"},\"author\":{\"name\":\"Web Admin\",\"@id\":\"https:\\\/\\\/www.asf-brandenburg.de\\\/asf_wp\\\/#\\\/schema\\\/person\\\/a63ba1553f2aa75f90f3809d9e4a1efc\"},\"headline\":\"Sogar der Wolf kam zu Besuch! Kurz-Klassenfahrt im Lausitzer Haus des Lernens f\u00fchrt in die Ruhlm\u00fchle\",\"datePublished\":\"2021-09-08T12:36:58+00:00\",\"dateModified\":\"2021-09-08T12:38:06+00:00\",\"mainEntityOfPage\":{\"@id\":\"https:\\\/\\\/www.asf-brandenburg.de\\\/asf_wp\\\/aktuelles\\\/2021\\\/lhl-ruhlmuehle\\\/\"},\"wordCount\":895,\"publisher\":{\"@id\":\"https:\\\/\\\/www.asf-brandenburg.de\\\/asf_wp\\\/#organization\"},\"image\":{\"@id\":\"https:\\\/\\\/www.asf-brandenburg.de\\\/asf_wp\\\/aktuelles\\\/2021\\\/lhl-ruhlmuehle\\\/#primaryimage\"},\"thumbnailUrl\":\"https:\\\/\\\/www.asf-brandenburg.de\\\/asf_wp\\\/wp-content\\\/uploads\\\/2021\\\/09\\\/IMG-20210903-WA0007.jpg\",\"keywords\":[\"Albert-Schweitzer-Familienwerk Brandenburg e.V.\",\"KiSS\"],\"articleSection\":[\"Neuigkeiten 2021\"],\"inLanguage\":\"de\"},{\"@type\":\"WebPage\",\"@id\":\"https:\\\/\\\/www.asf-brandenburg.de\\\/asf_wp\\\/aktuelles\\\/2021\\\/lhl-ruhlmuehle\\\/\",\"url\":\"https:\\\/\\\/www.asf-brandenburg.de\\\/asf_wp\\\/aktuelles\\\/2021\\\/lhl-ruhlmuehle\\\/\",\"name\":\"Sogar der Wolf kam zu Besuch! Kurz-Klassenfahrt im Lausitzer Haus des Lernens f\u00fchrt in die Ruhlm\u00fchle\",\"isPartOf\":{\"@id\":\"https:\\\/\\\/www.asf-brandenburg.de\\\/asf_wp\\\/#website\"},\"primaryImageOfPage\":{\"@id\":\"https:\\\/\\\/www.asf-brandenburg.de\\\/asf_wp\\\/aktuelles\\\/2021\\\/lhl-ruhlmuehle\\\/#primaryimage\"},\"image\":{\"@id\":\"https:\\\/\\\/www.asf-brandenburg.de\\\/asf_wp\\\/aktuelles\\\/2021\\\/lhl-ruhlmuehle\\\/#primaryimage\"},\"thumbnailUrl\":\"https:\\\/\\\/www.asf-brandenburg.de\\\/asf_wp\\\/wp-content\\\/uploads\\\/2021\\\/09\\\/IMG-20210903-WA0007.jpg\",\"datePublished\":\"2021-09-08T12:36:58+00:00\",\"dateModified\":\"2021-09-08T12:38:06+00:00\",\"description\":\"Nochmal raus und den wundersch\u00f6nen Sp\u00e4tsommer nutzen \u2013 das hat sich Lehrerin Frau Hoffmann des Lausitzer Haus des Lernens gedacht und ihre 5. Klasse mit einer kleinen Klassenfahrt \u00fcberrascht. Denn nach einem erfolgreich gel\u00f6sten Buchstabenr\u00e4tsel im Unterricht hie\u00df es n\u00e4mlich: R-U-H-L-M-\u00dc-H-L-E ...und dort fahren wir bald hin!\",\"breadcrumb\":{\"@id\":\"https:\\\/\\\/www.asf-brandenburg.de\\\/asf_wp\\\/aktuelles\\\/2021\\\/lhl-ruhlmuehle\\\/#breadcrumb\"},\"inLanguage\":\"de\",\"potentialAction\":[{\"@type\":\"ReadAction\",\"target\":[\"https:\\\/\\\/www.asf-brandenburg.de\\\/asf_wp\\\/aktuelles\\\/2021\\\/lhl-ruhlmuehle\\\/\"]}]},{\"@type\":\"ImageObject\",\"inLanguage\":\"de\",\"@id\":\"https:\\\/\\\/www.asf-brandenburg.de\\\/asf_wp\\\/aktuelles\\\/2021\\\/lhl-ruhlmuehle\\\/#primaryimage\",\"url\":\"https:\\\/\\\/www.asf-brandenburg.de\\\/asf_wp\\\/wp-content\\\/uploads\\\/2021\\\/09\\\/IMG-20210903-WA0007.jpg\",\"contentUrl\":\"https:\\\/\\\/www.asf-brandenburg.de\\\/asf_wp\\\/wp-content\\\/uploads\\\/2021\\\/09\\\/IMG-20210903-WA0007.jpg\",\"width\":1600,\"height\":720},{\"@type\":\"BreadcrumbList\",\"@id\":\"https:\\\/\\\/www.asf-brandenburg.de\\\/asf_wp\\\/aktuelles\\\/2021\\\/lhl-ruhlmuehle\\\/#breadcrumb\",\"itemListElement\":[{\"@type\":\"ListItem\",\"position\":1,\"name\":\"Startseite\",\"item\":\"https:\\\/\\\/www.asf-brandenburg.de\\\/asf_wp\\\/\"},{\"@type\":\"ListItem\",\"position\":2,\"name\":\"Sogar der Wolf kam zu Besuch! Kurz-Klassenfahrt im Lausitzer Haus des Lernens f\u00fchrt in die Ruhlm\u00fchle\"}]},{\"@type\":\"WebSite\",\"@id\":\"https:\\\/\\\/www.asf-brandenburg.de\\\/asf_wp\\\/#website\",\"url\":\"https:\\\/\\\/www.asf-brandenburg.de\\\/asf_wp\\\/\",\"name\":\"Albert-Schweitzer-Kinderd\u00f6rfer und Familienwerke Brandenburg e. V.\",\"description\":\"\",\"publisher\":{\"@id\":\"https:\\\/\\\/www.asf-brandenburg.de\\\/asf_wp\\\/#organization\"},\"potentialAction\":[{\"@type\":\"SearchAction\",\"target\":{\"@type\":\"EntryPoint\",\"urlTemplate\":\"https:\\\/\\\/www.asf-brandenburg.de\\\/asf_wp\\\/?s={search_term_string}\"},\"query-input\":{\"@type\":\"PropertyValueSpecification\",\"valueRequired\":true,\"valueName\":\"search_term_string\"}}],\"inLanguage\":\"de\"},{\"@type\":\"Organization\",\"@id\":\"https:\\\/\\\/www.asf-brandenburg.de\\\/asf_wp\\\/#organization\",\"name\":\"Albert-Schweitzer-Familienwerk Brandenburg e. V.\",\"url\":\"https:\\\/\\\/www.asf-brandenburg.de\\\/asf_wp\\\/\",\"logo\":{\"@type\":\"ImageObject\",\"inLanguage\":\"de\",\"@id\":\"https:\\\/\\\/www.asf-brandenburg.de\\\/asf_wp\\\/#\\\/schema\\\/logo\\\/image\\\/\",\"url\":\"https:\\\/\\\/www.asf-brandenburg.de\\\/asf_wp\\\/wp-content\\\/uploads\\\/2018\\\/08\\\/Logo_ASF_BRB_318x107.png\",\"contentUrl\":\"https:\\\/\\\/www.asf-brandenburg.de\\\/asf_wp\\\/wp-content\\\/uploads\\\/2018\\\/08\\\/Logo_ASF_BRB_318x107.png\",\"width\":318,\"height\":107,\"caption\":\"Albert-Schweitzer-Familienwerk Brandenburg e. V.\"},\"image\":{\"@id\":\"https:\\\/\\\/www.asf-brandenburg.de\\\/asf_wp\\\/#\\\/schema\\\/logo\\\/image\\\/\"},\"sameAs\":[\"https:\\\/\\\/www.facebook.com\\\/AlbertSchweitzerFamilienwerkBrandenburg\",\"https:\\\/\\\/www.youtube.com\\\/@asfbrandenburg\",\"https:\\\/\\\/www.instagram.com\\\/asf_brandenburg\\\/\"]},{\"@type\":\"Person\",\"@id\":\"https:\\\/\\\/www.asf-brandenburg.de\\\/asf_wp\\\/#\\\/schema\\\/person\\\/a63ba1553f2aa75f90f3809d9e4a1efc\",\"name\":\"Web Admin\",\"sameAs\":[\"http:\\\/\\\/www.asf-brandenburg.de\"],\"url\":\"https:\\\/\\\/www.asf-brandenburg.de\\\/asf_wp\\\/aktuelles\\\/author\\\/asf\\\/\"}]}<\/script>\n<!-- \/ Yoast SEO plugin. -->","yoast_head_json":{"title":"Sogar der Wolf kam zu Besuch! Kurz-Klassenfahrt im Lausitzer Haus des Lernens f\u00fchrt in die Ruhlm\u00fchle","description":"Nochmal raus und den wundersch\u00f6nen Sp\u00e4tsommer nutzen \u2013 das hat sich Lehrerin Frau Hoffmann des Lausitzer Haus des Lernens gedacht und ihre 5. Klasse mit einer kleinen Klassenfahrt \u00fcberrascht. Denn nach einem erfolgreich gel\u00f6sten Buchstabenr\u00e4tsel im Unterricht hie\u00df es n\u00e4mlich: R-U-H-L-M-\u00dc-H-L-E ...und dort fahren wir bald hin!","robots":{"index":"index","follow":"follow","max-snippet":"max-snippet:-1","max-image-preview":"max-image-preview:large","max-video-preview":"max-video-preview:-1"},"canonical":"https:\/\/www.asf-brandenburg.de\/asf_wp\/aktuelles\/2021\/lhl-ruhlmuehle\/","og_locale":"de_DE","og_type":"article","og_title":"Sogar der Wolf kam zu Besuch! Kurz-Klassenfahrt im Lausitzer Haus des Lernens f\u00fchrt in die Ruhlm\u00fchle","og_description":"Nochmal raus und den wundersch\u00f6nen Sp\u00e4tsommer nutzen \u2013 das hat sich Lehrerin Frau Hoffmann des Lausitzer Haus des Lernens gedacht und ihre 5. Klasse mit einer kleinen Klassenfahrt \u00fcberrascht. Denn nach einem erfolgreich gel\u00f6sten Buchstabenr\u00e4tsel im Unterricht hie\u00df es n\u00e4mlich: R-U-H-L-M-\u00dc-H-L-E ...und dort fahren wir bald hin!","og_url":"https:\/\/www.asf-brandenburg.de\/asf_wp\/aktuelles\/2021\/lhl-ruhlmuehle\/","og_site_name":"Albert-Schweitzer-Familienwerk Brandenburg e.V.","article_publisher":"https:\/\/www.facebook.com\/AlbertSchweitzerFamilienwerkBrandenburg","article_published_time":"2021-09-08T12:36:58+00:00","article_modified_time":"2021-09-08T12:38:06+00:00","og_image":[{"width":1600,"height":720,"url":"https:\/\/www.asf-brandenburg.de\/asf_wp\/wp-content\/uploads\/2021\/09\/IMG-20210903-WA0007.jpg","type":"image\/jpeg"}],"author":"Web Admin","twitter_card":"summary_large_image","twitter_misc":{"Verfasst von":"Web Admin","Gesch\u00e4tzte Lesezeit":"4\u00a0Minuten"},"schema":{"@context":"https:\/\/schema.org","@graph":[{"@type":"Article","@id":"https:\/\/www.asf-brandenburg.de\/asf_wp\/aktuelles\/2021\/lhl-ruhlmuehle\/#article","isPartOf":{"@id":"https:\/\/www.asf-brandenburg.de\/asf_wp\/aktuelles\/2021\/lhl-ruhlmuehle\/"},"author":{"name":"Web Admin","@id":"https:\/\/www.asf-brandenburg.de\/asf_wp\/#\/schema\/person\/a63ba1553f2aa75f90f3809d9e4a1efc"},"headline":"Sogar der Wolf kam zu Besuch! Kurz-Klassenfahrt im Lausitzer Haus des Lernens f\u00fchrt in die Ruhlm\u00fchle","datePublished":"2021-09-08T12:36:58+00:00","dateModified":"2021-09-08T12:38:06+00:00","mainEntityOfPage":{"@id":"https:\/\/www.asf-brandenburg.de\/asf_wp\/aktuelles\/2021\/lhl-ruhlmuehle\/"},"wordCount":895,"publisher":{"@id":"https:\/\/www.asf-brandenburg.de\/asf_wp\/#organization"},"image":{"@id":"https:\/\/www.asf-brandenburg.de\/asf_wp\/aktuelles\/2021\/lhl-ruhlmuehle\/#primaryimage"},"thumbnailUrl":"https:\/\/www.asf-brandenburg.de\/asf_wp\/wp-content\/uploads\/2021\/09\/IMG-20210903-WA0007.jpg","keywords":["Albert-Schweitzer-Familienwerk Brandenburg e.V.","KiSS"],"articleSection":["Neuigkeiten 2021"],"inLanguage":"de"},{"@type":"WebPage","@id":"https:\/\/www.asf-brandenburg.de\/asf_wp\/aktuelles\/2021\/lhl-ruhlmuehle\/","url":"https:\/\/www.asf-brandenburg.de\/asf_wp\/aktuelles\/2021\/lhl-ruhlmuehle\/","name":"Sogar der Wolf kam zu Besuch! Kurz-Klassenfahrt im Lausitzer Haus des Lernens f\u00fchrt in die Ruhlm\u00fchle","isPartOf":{"@id":"https:\/\/www.asf-brandenburg.de\/asf_wp\/#website"},"primaryImageOfPage":{"@id":"https:\/\/www.asf-brandenburg.de\/asf_wp\/aktuelles\/2021\/lhl-ruhlmuehle\/#primaryimage"},"image":{"@id":"https:\/\/www.asf-brandenburg.de\/asf_wp\/aktuelles\/2021\/lhl-ruhlmuehle\/#primaryimage"},"thumbnailUrl":"https:\/\/www.asf-brandenburg.de\/asf_wp\/wp-content\/uploads\/2021\/09\/IMG-20210903-WA0007.jpg","datePublished":"2021-09-08T12:36:58+00:00","dateModified":"2021-09-08T12:38:06+00:00","description":"Nochmal raus und den wundersch\u00f6nen Sp\u00e4tsommer nutzen \u2013 das hat sich Lehrerin Frau Hoffmann des Lausitzer Haus des Lernens gedacht und ihre 5. Klasse mit einer kleinen Klassenfahrt \u00fcberrascht. Denn nach einem erfolgreich gel\u00f6sten Buchstabenr\u00e4tsel im Unterricht hie\u00df es n\u00e4mlich: R-U-H-L-M-\u00dc-H-L-E ...und dort fahren wir bald hin!","breadcrumb":{"@id":"https:\/\/www.asf-brandenburg.de\/asf_wp\/aktuelles\/2021\/lhl-ruhlmuehle\/#breadcrumb"},"inLanguage":"de","potentialAction":[{"@type":"ReadAction","target":["https:\/\/www.asf-brandenburg.de\/asf_wp\/aktuelles\/2021\/lhl-ruhlmuehle\/"]}]},{"@type":"ImageObject","inLanguage":"de","@id":"https:\/\/www.asf-brandenburg.de\/asf_wp\/aktuelles\/2021\/lhl-ruhlmuehle\/#primaryimage","url":"https:\/\/www.asf-brandenburg.de\/asf_wp\/wp-content\/uploads\/2021\/09\/IMG-20210903-WA0007.jpg","contentUrl":"https:\/\/www.asf-brandenburg.de\/asf_wp\/wp-content\/uploads\/2021\/09\/IMG-20210903-WA0007.jpg","width":1600,"height":720},{"@type":"BreadcrumbList","@id":"https:\/\/www.asf-brandenburg.de\/asf_wp\/aktuelles\/2021\/lhl-ruhlmuehle\/#breadcrumb","itemListElement":[{"@type":"ListItem","position":1,"name":"Startseite","item":"https:\/\/www.asf-brandenburg.de\/asf_wp\/"},{"@type":"ListItem","position":2,"name":"Sogar der Wolf kam zu Besuch! Kurz-Klassenfahrt im Lausitzer Haus des Lernens f\u00fchrt in die Ruhlm\u00fchle"}]},{"@type":"WebSite","@id":"https:\/\/www.asf-brandenburg.de\/asf_wp\/#website","url":"https:\/\/www.asf-brandenburg.de\/asf_wp\/","name":"Albert-Schweitzer-Kinderd\u00f6rfer und Familienwerke Brandenburg e. V.","description":"","publisher":{"@id":"https:\/\/www.asf-brandenburg.de\/asf_wp\/#organization"},"potentialAction":[{"@type":"SearchAction","target":{"@type":"EntryPoint","urlTemplate":"https:\/\/www.asf-brandenburg.de\/asf_wp\/?s={search_term_string}"},"query-input":{"@type":"PropertyValueSpecification","valueRequired":true,"valueName":"search_term_string"}}],"inLanguage":"de"},{"@type":"Organization","@id":"https:\/\/www.asf-brandenburg.de\/asf_wp\/#organization","name":"Albert-Schweitzer-Familienwerk Brandenburg e. V.","url":"https:\/\/www.asf-brandenburg.de\/asf_wp\/","logo":{"@type":"ImageObject","inLanguage":"de","@id":"https:\/\/www.asf-brandenburg.de\/asf_wp\/#\/schema\/logo\/image\/","url":"https:\/\/www.asf-brandenburg.de\/asf_wp\/wp-content\/uploads\/2018\/08\/Logo_ASF_BRB_318x107.png","contentUrl":"https:\/\/www.asf-brandenburg.de\/asf_wp\/wp-content\/uploads\/2018\/08\/Logo_ASF_BRB_318x107.png","width":318,"height":107,"caption":"Albert-Schweitzer-Familienwerk Brandenburg e. V."},"image":{"@id":"https:\/\/www.asf-brandenburg.de\/asf_wp\/#\/schema\/logo\/image\/"},"sameAs":["https:\/\/www.facebook.com\/AlbertSchweitzerFamilienwerkBrandenburg","https:\/\/www.youtube.com\/@asfbrandenburg","https:\/\/www.instagram.com\/asf_brandenburg\/"]},{"@type":"Person","@id":"https:\/\/www.asf-brandenburg.de\/asf_wp\/#\/schema\/person\/a63ba1553f2aa75f90f3809d9e4a1efc","name":"Web Admin","sameAs":["http:\/\/www.asf-brandenburg.de"],"url":"https:\/\/www.asf-brandenburg.de\/asf_wp\/aktuelles\/author\/asf\/"}]}},"_links":{"self":[{"href":"https:\/\/www.asf-brandenburg.de\/asf_wp\/wp-json\/wp\/v2\/posts\/3664","targetHints":{"allow":["GET"]}}],"collection":[{"href":"https:\/\/www.asf-brandenburg.de\/asf_wp\/wp-json\/wp\/v2\/posts"}],"about":[{"href":"https:\/\/www.asf-brandenburg.de\/asf_wp\/wp-json\/wp\/v2\/types\/post"}],"author":[{"embeddable":true,"href":"https:\/\/www.asf-brandenburg.de\/asf_wp\/wp-json\/wp\/v2\/users\/2"}],"replies":[{"embeddable":true,"href":"https:\/\/www.asf-brandenburg.de\/asf_wp\/wp-json\/wp\/v2\/comments?post=3664"}],"version-history":[{"count":0,"href":"https:\/\/www.asf-brandenburg.de\/asf_wp\/wp-json\/wp\/v2\/posts\/3664\/revisions"}],"wp:featuredmedia":[{"embeddable":true,"href":"https:\/\/www.asf-brandenburg.de\/asf_wp\/wp-json\/wp\/v2\/media\/3666"}],"wp:attachment":[{"href":"https:\/\/www.asf-brandenburg.de\/asf_wp\/wp-json\/wp\/v2\/media?parent=3664"}],"wp:term":[{"taxonomy":"category","embeddable":true,"href":"https:\/\/www.asf-brandenburg.de\/asf_wp\/wp-json\/wp\/v2\/categories?post=3664"},{"taxonomy":"post_tag","embeddable":true,"href":"https:\/\/www.asf-brandenburg.de\/asf_wp\/wp-json\/wp\/v2\/tags?post=3664"}],"curies":[{"name":"wp","href":"https:\/\/api.w.org\/{rel}","templated":true}]}}