{"id":3159,"date":"2021-06-15T15:03:02","date_gmt":"2021-06-15T13:03:02","guid":{"rendered":"https:\/\/www.asf-brandenburg.de\/asf_wp\/?p=3159"},"modified":"2021-06-15T15:03:02","modified_gmt":"2021-06-15T13:03:02","slug":"hochbeet-kitagraustein","status":"publish","type":"post","link":"https:\/\/www.asf-brandenburg.de\/asf_wp\/aktuelles\/2021\/hochbeet-kitagraustein\/","title":{"rendered":"Starthilfe f\u00fcr die erste eigene Bohnenernte: Julian Br\u00fcning und Eberhard Br\u00fcnsch schenken der Kita Graustein ein Hochbeet"},"content":{"rendered":"<div class=\"fusion-fullwidth fullwidth-box fusion-builder-row-1 nonhundred-percent-fullwidth non-hundred-percent-height-scrolling\" style=\"--awb-border-radius-top-left:0px;--awb-border-radius-top-right:0px;--awb-border-radius-bottom-right:0px;--awb-border-radius-bottom-left:0px;--awb-flex-wrap:wrap;\" ><div class=\"fusion-builder-row fusion-row\"><div class=\"fusion-layout-column fusion_builder_column fusion-builder-column-0 fusion_builder_column_1_1 1_1 fusion-one-full fusion-column-first fusion-column-last\" style=\"--awb-bg-size:cover;--awb-margin-bottom:0px;\"><div class=\"fusion-column-wrapper fusion-column-has-shadow fusion-flex-column-wrapper-legacy\"><div class=\"fusion-text fusion-text-1\"><p>Es misst ungef\u00e4hr drei Quadratmeter, ist rechteckig und randvoll mit Erde gef\u00fcllt, die den wunderbar leichten Duft nach Petrichor ausstr\u00f6mt: Das neue Hochbeet der Kita Graustein des Albert-Schweitzer-Familienwerks Brandenburg e.V. Gespendet wurde das neue Gartenequipment von Julian Br\u00fcning (CDU), Landtagsabgeordneter und Landesvorsitzender der Jungen Union in Brandenburg, und Eberhard Br\u00fcnsch (BVB \/ FREIE W\u00c4HLER).<\/p>\n<p>\u201eWir haben uns sehr \u00fcber das Angebot von Julian Br\u00fcning und Eberhard Br\u00fcnsch gefreut, das zudem zum perfekten Zeitpunkt kommt: Aktuell arbeiten wir daraufhin, zu einer weitgehend selbstversorgenden Kita zu werden, die Mittagessen aus ihrer eigenen K\u00fcche anbieten kann mit selbst angebauten Zutaten. Einige Beete und ein kleiner Kr\u00e4utergarten sind schon angelegt, aber ein Hochbeet hat noch gefehlt\u201c, erz\u00e4hlt Leiterin Mandy Noack. Komplettiert wird die Gartenausstattung von neuen bunten Schaufeln, Rechen, Harken, Besen und Gie\u00dfkannen, die bei den Kindern ab dem Moment des Auspackens hei\u00df begehrt sind. Was k\u00fcnftig in das Hochbeet einziehen wird? \u201eDas m\u00fcssen wir noch abstimmen\u201c, so Mandy Noack weiter. \u201eAber vermutlich werden wir Bohnen pflanzen! Unser Traum ist, am Ende des Sommers unseren ersten Bohneneintopf mit Zutaten aus dem Garten zuzubereiten \u2013 und das am liebsten in unserer eigenen K\u00fcche, f\u00fcr die wir auch gerade Spenden suchen.\u201c<\/p>\n<p>Neben den Gebern selbst ist auch die Gesch\u00e4ftsf\u00fchrung des Albert-Schweitzer-Familienwerks Brandenburg e.V., Kerstin Nowka und Kai Noack, vor Ort, um das Hochbeet offiziell in seinen Dienst zu verabschieden. Kai Noack: \u201eWir danken Herrn Br\u00fcning und Herrn Br\u00fcnsch f\u00fcr ihre Engagement und die Idee f\u00fcr eine so sinnhafte Spende. Es ist sch\u00f6n zu sehen, dass diese progressiven Ans\u00e4tze der Kinderbetreuung auch von der Landes- und Kommunalpolitik unterst\u00fctzt werden. Die Kinder sind sofort mit Herz und Spa\u00df dabei, wenn es um das S\u00e4en, Gie\u00dfen und Ernten geht. Gesunde Ern\u00e4hrung und Lebensmittelkunde ist das eine, aber die regelm\u00e4\u00dfige M\u00f6glichkeit zur Gartenarbeit ist auch eine gro\u00dfe Bereicherung f\u00fcr den Kitalltag.\u201c<\/p>\n<\/div><div class=\"fusion-sep-clear\"><\/div><div class=\"fusion-separator fusion-full-width-sep\" style=\"margin-left: auto;margin-right: auto;margin-top:30px;width:100%;\"><\/div><div class=\"fusion-sep-clear\"><\/div><div class=\"awb-gallery-wrapper awb-gallery-wrapper-1 button-span-no\"><div style=\"margin:-5px;--awb-bordersize:0px;\" class=\"fusion-gallery fusion-gallery-container fusion-grid-3 fusion-columns-total-4 fusion-gallery-layout-grid fusion-gallery-1\"><div style=\"padding:5px;\" class=\"fusion-grid-column fusion-gallery-column fusion-gallery-column-3 hover-type-none\"><div class=\"fusion-gallery-image\"><a href=\"https:\/\/www.asf-brandenburg.de\/asf_wp\/wp-content\/uploads\/2021\/06\/Kita-Graustein2.jpg\" rel=\"noreferrer\" data-rel=\"iLightbox[gallery_image_1]\" class=\"fusion-lightbox\" target=\"_self\"><img decoding=\"async\" src=\"https:\/\/www.asf-brandenburg.de\/asf_wp\/wp-content\/uploads\/2021\/06\/Kita-Graustein2.jpg\" width=\"2344\" height=\"2377\" alt=\"\" title=\"Von Links: Kai Noack, Julian Br\u00fcning, Kerstin Nowka, Eberhardt Br\u00fcnsch, Gruppenerzieherin Steffi Nowak und Leiterin Mandy Noack hinter dem neuen Hochbeet. Die neuen Gartenutensilien wurden von den Kindern der Kita Graustein gern sofort in Beschlag genommen.\" aria-label=\"Von Links: Kai Noack, Julian Br\u00fcning, Kerstin Nowka, Eberhardt Br\u00fcnsch, Gruppenerzieherin Steffi Nowak und Leiterin Mandy Noack hinter dem neuen Hochbeet. Die neuen Gartenutensilien wurden von den Kindern der Kita Graustein gern sofort in Beschlag genommen.\" class=\"img-responsive wp-image-3179\" srcset=\"https:\/\/www.asf-brandenburg.de\/asf_wp\/wp-content\/uploads\/2021\/06\/Kita-Graustein2-200x203.jpg 200w, https:\/\/www.asf-brandenburg.de\/asf_wp\/wp-content\/uploads\/2021\/06\/Kita-Graustein2-400x406.jpg 400w, https:\/\/www.asf-brandenburg.de\/asf_wp\/wp-content\/uploads\/2021\/06\/Kita-Graustein2-600x608.jpg 600w, https:\/\/www.asf-brandenburg.de\/asf_wp\/wp-content\/uploads\/2021\/06\/Kita-Graustein2-800x811.jpg 800w, https:\/\/www.asf-brandenburg.de\/asf_wp\/wp-content\/uploads\/2021\/06\/Kita-Graustein2-1200x1217.jpg 1200w, https:\/\/www.asf-brandenburg.de\/asf_wp\/wp-content\/uploads\/2021\/06\/Kita-Graustein2.jpg 2344w\" sizes=\"(min-width: 2200px) 100vw, (min-width: 784px) 423px, (min-width: 712px) 635px, (min-width: 640px) 712px, \" \/><\/a><\/div><\/div><div style=\"padding:5px;\" class=\"fusion-grid-column fusion-gallery-column fusion-gallery-column-3 hover-type-none\"><div class=\"fusion-gallery-image\"><a href=\"https:\/\/www.asf-brandenburg.de\/asf_wp\/wp-content\/uploads\/2021\/06\/kita-graustein-scaled.jpg\" rel=\"noreferrer\" data-rel=\"iLightbox[gallery_image_1]\" class=\"fusion-lightbox\" target=\"_self\"><img decoding=\"async\" src=\"https:\/\/www.asf-brandenburg.de\/asf_wp\/wp-content\/uploads\/2021\/06\/kita-graustein-scaled.jpg\" width=\"2421\" height=\"2560\" alt=\"\" title=\"Von links: Kai Noack, Julian Br\u00fcning und Kerstin Nowka; Die Kinder der Kita Graustein haben sich mit einem selbst gebastelten Plakat bei den Spendern bedankt.\" aria-label=\"Von links: Kai Noack, Julian Br\u00fcning und Kerstin Nowka; Die Kinder der Kita Graustein haben sich mit einem selbst gebastelten Plakat bei den Spendern bedankt.\" class=\"img-responsive wp-image-3177\" srcset=\"https:\/\/www.asf-brandenburg.de\/asf_wp\/wp-content\/uploads\/2021\/06\/kita-graustein-200x212.jpg 200w, https:\/\/www.asf-brandenburg.de\/asf_wp\/wp-content\/uploads\/2021\/06\/kita-graustein-400x423.jpg 400w, https:\/\/www.asf-brandenburg.de\/asf_wp\/wp-content\/uploads\/2021\/06\/kita-graustein-600x635.jpg 600w, https:\/\/www.asf-brandenburg.de\/asf_wp\/wp-content\/uploads\/2021\/06\/kita-graustein-800x846.jpg 800w, https:\/\/www.asf-brandenburg.de\/asf_wp\/wp-content\/uploads\/2021\/06\/kita-graustein-1200x1269.jpg 1200w, https:\/\/www.asf-brandenburg.de\/asf_wp\/wp-content\/uploads\/2021\/06\/kita-graustein-scaled.jpg 2421w\" sizes=\"(min-width: 2200px) 100vw, (min-width: 784px) 423px, (min-width: 712px) 635px, (min-width: 640px) 712px, \" \/><\/a><\/div><\/div><div style=\"padding:5px;\" class=\"fusion-grid-column fusion-gallery-column fusion-gallery-column-3 hover-type-none\"><div class=\"fusion-gallery-image\"><a href=\"https:\/\/www.asf-brandenburg.de\/asf_wp\/wp-content\/uploads\/2021\/06\/kit-agraustein_3-scaled.jpg\" rel=\"noreferrer\" data-rel=\"iLightbox[gallery_image_1]\" class=\"fusion-lightbox\" target=\"_self\"><img decoding=\"async\" src=\"https:\/\/www.asf-brandenburg.de\/asf_wp\/wp-content\/uploads\/2021\/06\/kit-agraustein_3-scaled.jpg\" width=\"2560\" height=\"2524\" alt=\"\" title=\"Gartenarbeit macht Spa\u00df! Begeistert sind die jungen Kitag\u00e4ste schon dabei, jeden Tag die Erdbeeren und Kr\u00e4uter zu bew\u00e4ssern. Im neuen Hochbeet sollen k\u00fcnftig Bohnen wachsen.\" aria-label=\"Gartenarbeit macht Spa\u00df! Begeistert sind die jungen Kitag\u00e4ste schon dabei, jeden Tag die Erdbeeren und Kr\u00e4uter zu bew\u00e4ssern. Im neuen Hochbeet sollen k\u00fcnftig Bohnen wachsen.\" class=\"img-responsive wp-image-3176\" srcset=\"https:\/\/www.asf-brandenburg.de\/asf_wp\/wp-content\/uploads\/2021\/06\/kit-agraustein_3-200x197.jpg 200w, https:\/\/www.asf-brandenburg.de\/asf_wp\/wp-content\/uploads\/2021\/06\/kit-agraustein_3-400x394.jpg 400w, https:\/\/www.asf-brandenburg.de\/asf_wp\/wp-content\/uploads\/2021\/06\/kit-agraustein_3-600x592.jpg 600w, https:\/\/www.asf-brandenburg.de\/asf_wp\/wp-content\/uploads\/2021\/06\/kit-agraustein_3-800x789.jpg 800w, https:\/\/www.asf-brandenburg.de\/asf_wp\/wp-content\/uploads\/2021\/06\/kit-agraustein_3-1200x1183.jpg 1200w, https:\/\/www.asf-brandenburg.de\/asf_wp\/wp-content\/uploads\/2021\/06\/kit-agraustein_3-scaled.jpg 2560w\" sizes=\"(min-width: 2200px) 100vw, (min-width: 784px) 423px, (min-width: 712px) 635px, (min-width: 640px) 712px, \" \/><\/a><\/div><\/div><div class=\"clearfix\"><\/div><div style=\"padding:5px;\" class=\"fusion-grid-column fusion-gallery-column fusion-gallery-column-3 hover-type-none\"><div class=\"fusion-gallery-image\"><a href=\"https:\/\/www.asf-brandenburg.de\/asf_wp\/wp-content\/uploads\/2021\/06\/Kita-Graustein_3-scaled.jpg\" rel=\"noreferrer\" data-rel=\"iLightbox[gallery_image_1]\" class=\"fusion-lightbox\" target=\"_self\"><img decoding=\"async\" src=\"https:\/\/www.asf-brandenburg.de\/asf_wp\/wp-content\/uploads\/2021\/06\/Kita-Graustein_3-scaled.jpg\" width=\"2047\" height=\"2560\" alt=\"\" title=\"Gartenarbeit macht Spa\u00df! Begeistert sind die jungen Kitag\u00e4ste schon dabei, jeden Tag die Erdbeeren und Kr\u00e4uter zu bew\u00e4ssern. Im neuen Hochbeet sollen k\u00fcnftig Bohnen wachsen.\" aria-label=\"Gartenarbeit macht Spa\u00df! Begeistert sind die jungen Kitag\u00e4ste schon dabei, jeden Tag die Erdbeeren und Kr\u00e4uter zu bew\u00e4ssern. Im neuen Hochbeet sollen k\u00fcnftig Bohnen wachsen.\" class=\"img-responsive wp-image-3178\" srcset=\"https:\/\/www.asf-brandenburg.de\/asf_wp\/wp-content\/uploads\/2021\/06\/Kita-Graustein_3-scaled-200x250.jpg 200w, https:\/\/www.asf-brandenburg.de\/asf_wp\/wp-content\/uploads\/2021\/06\/Kita-Graustein_3-scaled-400x500.jpg 400w, https:\/\/www.asf-brandenburg.de\/asf_wp\/wp-content\/uploads\/2021\/06\/Kita-Graustein_3-scaled-600x750.jpg 600w, https:\/\/www.asf-brandenburg.de\/asf_wp\/wp-content\/uploads\/2021\/06\/Kita-Graustein_3-scaled-800x1000.jpg 800w, https:\/\/www.asf-brandenburg.de\/asf_wp\/wp-content\/uploads\/2021\/06\/Kita-Graustein_3-scaled-1200x1501.jpg 1200w, https:\/\/www.asf-brandenburg.de\/asf_wp\/wp-content\/uploads\/2021\/06\/Kita-Graustein_3-scaled.jpg 2047w\" sizes=\"(min-width: 2200px) 100vw, (min-width: 784px) 423px, (min-width: 712px) 635px, (min-width: 640px) 712px, \" \/><\/a><\/div><\/div><\/div><\/div><div class=\"fusion-clearfix\"><\/div><\/div><\/div><\/div><\/div>\n","protected":false},"excerpt":{"rendered":"<p>Es misst ungef\u00e4hr vier Quadratmeter, ist rechteckig und randvoll mit Erde gef\u00fcllt, die den wunderbar leichten Duft nach Petrichor ausstr\u00f6mt: Das neue Hochbeet der Kita Graustein des Albert-Schweitzer-Familienwerks Brandenburg e.V. Gespendet wurde das neue Gartenequipment von Julian Br\u00fcning (CDU), Landesvorsitzender der Jungen Union in Brandenburg, und Eberhard Br\u00fcnsch (BVB \/ FREIE W\u00c4HLER).<\/p>\n","protected":false},"author":2,"featured_media":3179,"comment_status":"closed","ping_status":"open","sticky":false,"template":"","format":"standard","meta":{"inline_featured_image":false,"footnotes":""},"categories":[142],"tags":[80,148],"class_list":["post-3159","post","type-post","status-publish","format-standard","has-post-thumbnail","hentry","category-neuigkeiten-2021","tag-albert-schweitzer-familienwerk-brandenburg-e-v","tag-kiss"],"yoast_head":"<!-- This site is optimized with the Yoast SEO plugin v27.5 - https:\/\/yoast.com\/product\/yoast-seo-wordpress\/ -->\n<title>Starthilfe f\u00fcr die erste eigene Bohnenernte: Julian Br\u00fcning und Eberhard Br\u00fcnsch schenken der Kita Graustein ein Hochbeet<\/title>\n<meta name=\"robots\" content=\"index, follow, max-snippet:-1, max-image-preview:large, max-video-preview:-1\" \/>\n<link rel=\"canonical\" href=\"https:\/\/www.asf-brandenburg.de\/asf_wp\/aktuelles\/2021\/hochbeet-kitagraustein\/\" \/>\n<meta property=\"og:locale\" content=\"de_DE\" \/>\n<meta property=\"og:type\" content=\"article\" \/>\n<meta property=\"og:title\" content=\"Starthilfe f\u00fcr die erste eigene Bohnenernte: Julian Br\u00fcning und Eberhard Br\u00fcnsch schenken der Kita Graustein ein Hochbeet\" \/>\n<meta property=\"og:description\" content=\"Es misst ungef\u00e4hr vier Quadratmeter, ist rechteckig und randvoll mit Erde gef\u00fcllt, die den wunderbar leichten Duft nach Petrichor ausstr\u00f6mt: Das neue Hochbeet der Kita Graustein des Albert-Schweitzer-Familienwerks Brandenburg e.V. Gespendet wurde das neue Gartenequipment von Julian Br\u00fcning (CDU), Landesvorsitzender der Jungen Union in Brandenburg, und Eberhard Br\u00fcnsch (BVB \/ FREIE W\u00c4HLER).\" \/>\n<meta property=\"og:url\" content=\"https:\/\/www.asf-brandenburg.de\/asf_wp\/aktuelles\/2021\/hochbeet-kitagraustein\/\" \/>\n<meta property=\"og:site_name\" content=\"Albert-Schweitzer-Familienwerk Brandenburg e.V.\" \/>\n<meta property=\"article:publisher\" content=\"https:\/\/www.facebook.com\/AlbertSchweitzerFamilienwerkBrandenburg\" \/>\n<meta property=\"article:published_time\" content=\"2021-06-15T13:03:02+00:00\" \/>\n<meta property=\"og:image\" content=\"https:\/\/www.asf-brandenburg.de\/asf_wp\/wp-content\/uploads\/2021\/06\/Kita-Graustein2.jpg\" \/>\n\t<meta property=\"og:image:width\" content=\"2344\" \/>\n\t<meta property=\"og:image:height\" content=\"2377\" \/>\n\t<meta property=\"og:image:type\" content=\"image\/jpeg\" \/>\n<meta name=\"author\" content=\"Web Admin\" \/>\n<meta name=\"twitter:card\" content=\"summary_large_image\" \/>\n<meta name=\"twitter:label1\" content=\"Verfasst von\" \/>\n\t<meta name=\"twitter:data1\" content=\"Web Admin\" \/>\n\t<meta name=\"twitter:label2\" content=\"Gesch\u00e4tzte Lesezeit\" \/>\n\t<meta name=\"twitter:data2\" content=\"2\u00a0Minuten\" \/>\n<script type=\"application\/ld+json\" class=\"yoast-schema-graph\">{\"@context\":\"https:\\\/\\\/schema.org\",\"@graph\":[{\"@type\":\"Article\",\"@id\":\"https:\\\/\\\/www.asf-brandenburg.de\\\/asf_wp\\\/aktuelles\\\/2021\\\/hochbeet-kitagraustein\\\/#article\",\"isPartOf\":{\"@id\":\"https:\\\/\\\/www.asf-brandenburg.de\\\/asf_wp\\\/aktuelles\\\/2021\\\/hochbeet-kitagraustein\\\/\"},\"author\":{\"name\":\"Web Admin\",\"@id\":\"https:\\\/\\\/www.asf-brandenburg.de\\\/asf_wp\\\/#\\\/schema\\\/person\\\/a63ba1553f2aa75f90f3809d9e4a1efc\"},\"headline\":\"Starthilfe f\u00fcr die erste eigene Bohnenernte: Julian Br\u00fcning und Eberhard Br\u00fcnsch schenken der Kita Graustein ein Hochbeet\",\"datePublished\":\"2021-06-15T13:03:02+00:00\",\"mainEntityOfPage\":{\"@id\":\"https:\\\/\\\/www.asf-brandenburg.de\\\/asf_wp\\\/aktuelles\\\/2021\\\/hochbeet-kitagraustein\\\/\"},\"wordCount\":794,\"publisher\":{\"@id\":\"https:\\\/\\\/www.asf-brandenburg.de\\\/asf_wp\\\/#organization\"},\"image\":{\"@id\":\"https:\\\/\\\/www.asf-brandenburg.de\\\/asf_wp\\\/aktuelles\\\/2021\\\/hochbeet-kitagraustein\\\/#primaryimage\"},\"thumbnailUrl\":\"https:\\\/\\\/www.asf-brandenburg.de\\\/asf_wp\\\/wp-content\\\/uploads\\\/2021\\\/06\\\/Kita-Graustein2.jpg\",\"keywords\":[\"Albert-Schweitzer-Familienwerk Brandenburg e.V.\",\"KiSS\"],\"articleSection\":[\"Neuigkeiten 2021\"],\"inLanguage\":\"de\"},{\"@type\":\"WebPage\",\"@id\":\"https:\\\/\\\/www.asf-brandenburg.de\\\/asf_wp\\\/aktuelles\\\/2021\\\/hochbeet-kitagraustein\\\/\",\"url\":\"https:\\\/\\\/www.asf-brandenburg.de\\\/asf_wp\\\/aktuelles\\\/2021\\\/hochbeet-kitagraustein\\\/\",\"name\":\"Starthilfe f\u00fcr die erste eigene Bohnenernte: Julian Br\u00fcning und Eberhard Br\u00fcnsch schenken der Kita Graustein ein Hochbeet\",\"isPartOf\":{\"@id\":\"https:\\\/\\\/www.asf-brandenburg.de\\\/asf_wp\\\/#website\"},\"primaryImageOfPage\":{\"@id\":\"https:\\\/\\\/www.asf-brandenburg.de\\\/asf_wp\\\/aktuelles\\\/2021\\\/hochbeet-kitagraustein\\\/#primaryimage\"},\"image\":{\"@id\":\"https:\\\/\\\/www.asf-brandenburg.de\\\/asf_wp\\\/aktuelles\\\/2021\\\/hochbeet-kitagraustein\\\/#primaryimage\"},\"thumbnailUrl\":\"https:\\\/\\\/www.asf-brandenburg.de\\\/asf_wp\\\/wp-content\\\/uploads\\\/2021\\\/06\\\/Kita-Graustein2.jpg\",\"datePublished\":\"2021-06-15T13:03:02+00:00\",\"breadcrumb\":{\"@id\":\"https:\\\/\\\/www.asf-brandenburg.de\\\/asf_wp\\\/aktuelles\\\/2021\\\/hochbeet-kitagraustein\\\/#breadcrumb\"},\"inLanguage\":\"de\",\"potentialAction\":[{\"@type\":\"ReadAction\",\"target\":[\"https:\\\/\\\/www.asf-brandenburg.de\\\/asf_wp\\\/aktuelles\\\/2021\\\/hochbeet-kitagraustein\\\/\"]}]},{\"@type\":\"ImageObject\",\"inLanguage\":\"de\",\"@id\":\"https:\\\/\\\/www.asf-brandenburg.de\\\/asf_wp\\\/aktuelles\\\/2021\\\/hochbeet-kitagraustein\\\/#primaryimage\",\"url\":\"https:\\\/\\\/www.asf-brandenburg.de\\\/asf_wp\\\/wp-content\\\/uploads\\\/2021\\\/06\\\/Kita-Graustein2.jpg\",\"contentUrl\":\"https:\\\/\\\/www.asf-brandenburg.de\\\/asf_wp\\\/wp-content\\\/uploads\\\/2021\\\/06\\\/Kita-Graustein2.jpg\",\"width\":2344,\"height\":2377,\"caption\":\"Von Links: Kai Noack, Julian Br\u00fcning, Kerstin Nowka, Eberhardt Br\u00fcnsch, Gruppenerzieherin Steffi Nowak und Leiterin Mandy Noack hinter dem neuen Hochbeet. Die neuen Gartenutensilien wurden von den Kindern der Kita Graustein gern sofort in Beschlag genommen.\"},{\"@type\":\"BreadcrumbList\",\"@id\":\"https:\\\/\\\/www.asf-brandenburg.de\\\/asf_wp\\\/aktuelles\\\/2021\\\/hochbeet-kitagraustein\\\/#breadcrumb\",\"itemListElement\":[{\"@type\":\"ListItem\",\"position\":1,\"name\":\"Startseite\",\"item\":\"https:\\\/\\\/www.asf-brandenburg.de\\\/asf_wp\\\/\"},{\"@type\":\"ListItem\",\"position\":2,\"name\":\"Starthilfe f\u00fcr die erste eigene Bohnenernte: Julian Br\u00fcning und Eberhard Br\u00fcnsch schenken der Kita Graustein ein Hochbeet\"}]},{\"@type\":\"WebSite\",\"@id\":\"https:\\\/\\\/www.asf-brandenburg.de\\\/asf_wp\\\/#website\",\"url\":\"https:\\\/\\\/www.asf-brandenburg.de\\\/asf_wp\\\/\",\"name\":\"Albert-Schweitzer-Kinderd\u00f6rfer und Familienwerke Brandenburg e. V.\",\"description\":\"\",\"publisher\":{\"@id\":\"https:\\\/\\\/www.asf-brandenburg.de\\\/asf_wp\\\/#organization\"},\"potentialAction\":[{\"@type\":\"SearchAction\",\"target\":{\"@type\":\"EntryPoint\",\"urlTemplate\":\"https:\\\/\\\/www.asf-brandenburg.de\\\/asf_wp\\\/?s={search_term_string}\"},\"query-input\":{\"@type\":\"PropertyValueSpecification\",\"valueRequired\":true,\"valueName\":\"search_term_string\"}}],\"inLanguage\":\"de\"},{\"@type\":\"Organization\",\"@id\":\"https:\\\/\\\/www.asf-brandenburg.de\\\/asf_wp\\\/#organization\",\"name\":\"Albert-Schweitzer-Familienwerk Brandenburg e. V.\",\"url\":\"https:\\\/\\\/www.asf-brandenburg.de\\\/asf_wp\\\/\",\"logo\":{\"@type\":\"ImageObject\",\"inLanguage\":\"de\",\"@id\":\"https:\\\/\\\/www.asf-brandenburg.de\\\/asf_wp\\\/#\\\/schema\\\/logo\\\/image\\\/\",\"url\":\"https:\\\/\\\/www.asf-brandenburg.de\\\/asf_wp\\\/wp-content\\\/uploads\\\/2018\\\/08\\\/Logo_ASF_BRB_318x107.png\",\"contentUrl\":\"https:\\\/\\\/www.asf-brandenburg.de\\\/asf_wp\\\/wp-content\\\/uploads\\\/2018\\\/08\\\/Logo_ASF_BRB_318x107.png\",\"width\":318,\"height\":107,\"caption\":\"Albert-Schweitzer-Familienwerk Brandenburg e. V.\"},\"image\":{\"@id\":\"https:\\\/\\\/www.asf-brandenburg.de\\\/asf_wp\\\/#\\\/schema\\\/logo\\\/image\\\/\"},\"sameAs\":[\"https:\\\/\\\/www.facebook.com\\\/AlbertSchweitzerFamilienwerkBrandenburg\",\"https:\\\/\\\/www.youtube.com\\\/@asfbrandenburg\",\"https:\\\/\\\/www.instagram.com\\\/asf_brandenburg\\\/\"]},{\"@type\":\"Person\",\"@id\":\"https:\\\/\\\/www.asf-brandenburg.de\\\/asf_wp\\\/#\\\/schema\\\/person\\\/a63ba1553f2aa75f90f3809d9e4a1efc\",\"name\":\"Web Admin\",\"sameAs\":[\"http:\\\/\\\/www.asf-brandenburg.de\"],\"url\":\"https:\\\/\\\/www.asf-brandenburg.de\\\/asf_wp\\\/aktuelles\\\/author\\\/asf\\\/\"}]}<\/script>\n<!-- \/ Yoast SEO plugin. -->","yoast_head_json":{"title":"Starthilfe f\u00fcr die erste eigene Bohnenernte: Julian Br\u00fcning und Eberhard Br\u00fcnsch schenken der Kita Graustein ein Hochbeet","robots":{"index":"index","follow":"follow","max-snippet":"max-snippet:-1","max-image-preview":"max-image-preview:large","max-video-preview":"max-video-preview:-1"},"canonical":"https:\/\/www.asf-brandenburg.de\/asf_wp\/aktuelles\/2021\/hochbeet-kitagraustein\/","og_locale":"de_DE","og_type":"article","og_title":"Starthilfe f\u00fcr die erste eigene Bohnenernte: Julian Br\u00fcning und Eberhard Br\u00fcnsch schenken der Kita Graustein ein Hochbeet","og_description":"Es misst ungef\u00e4hr vier Quadratmeter, ist rechteckig und randvoll mit Erde gef\u00fcllt, die den wunderbar leichten Duft nach Petrichor ausstr\u00f6mt: Das neue Hochbeet der Kita Graustein des Albert-Schweitzer-Familienwerks Brandenburg e.V. Gespendet wurde das neue Gartenequipment von Julian Br\u00fcning (CDU), Landesvorsitzender der Jungen Union in Brandenburg, und Eberhard Br\u00fcnsch (BVB \/ FREIE W\u00c4HLER).","og_url":"https:\/\/www.asf-brandenburg.de\/asf_wp\/aktuelles\/2021\/hochbeet-kitagraustein\/","og_site_name":"Albert-Schweitzer-Familienwerk Brandenburg e.V.","article_publisher":"https:\/\/www.facebook.com\/AlbertSchweitzerFamilienwerkBrandenburg","article_published_time":"2021-06-15T13:03:02+00:00","og_image":[{"width":2344,"height":2377,"url":"https:\/\/www.asf-brandenburg.de\/asf_wp\/wp-content\/uploads\/2021\/06\/Kita-Graustein2.jpg","type":"image\/jpeg"}],"author":"Web Admin","twitter_card":"summary_large_image","twitter_misc":{"Verfasst von":"Web Admin","Gesch\u00e4tzte Lesezeit":"2\u00a0Minuten"},"schema":{"@context":"https:\/\/schema.org","@graph":[{"@type":"Article","@id":"https:\/\/www.asf-brandenburg.de\/asf_wp\/aktuelles\/2021\/hochbeet-kitagraustein\/#article","isPartOf":{"@id":"https:\/\/www.asf-brandenburg.de\/asf_wp\/aktuelles\/2021\/hochbeet-kitagraustein\/"},"author":{"name":"Web Admin","@id":"https:\/\/www.asf-brandenburg.de\/asf_wp\/#\/schema\/person\/a63ba1553f2aa75f90f3809d9e4a1efc"},"headline":"Starthilfe f\u00fcr die erste eigene Bohnenernte: Julian Br\u00fcning und Eberhard Br\u00fcnsch schenken der Kita Graustein ein Hochbeet","datePublished":"2021-06-15T13:03:02+00:00","mainEntityOfPage":{"@id":"https:\/\/www.asf-brandenburg.de\/asf_wp\/aktuelles\/2021\/hochbeet-kitagraustein\/"},"wordCount":794,"publisher":{"@id":"https:\/\/www.asf-brandenburg.de\/asf_wp\/#organization"},"image":{"@id":"https:\/\/www.asf-brandenburg.de\/asf_wp\/aktuelles\/2021\/hochbeet-kitagraustein\/#primaryimage"},"thumbnailUrl":"https:\/\/www.asf-brandenburg.de\/asf_wp\/wp-content\/uploads\/2021\/06\/Kita-Graustein2.jpg","keywords":["Albert-Schweitzer-Familienwerk Brandenburg e.V.","KiSS"],"articleSection":["Neuigkeiten 2021"],"inLanguage":"de"},{"@type":"WebPage","@id":"https:\/\/www.asf-brandenburg.de\/asf_wp\/aktuelles\/2021\/hochbeet-kitagraustein\/","url":"https:\/\/www.asf-brandenburg.de\/asf_wp\/aktuelles\/2021\/hochbeet-kitagraustein\/","name":"Starthilfe f\u00fcr die erste eigene Bohnenernte: Julian Br\u00fcning und Eberhard Br\u00fcnsch schenken der Kita Graustein ein Hochbeet","isPartOf":{"@id":"https:\/\/www.asf-brandenburg.de\/asf_wp\/#website"},"primaryImageOfPage":{"@id":"https:\/\/www.asf-brandenburg.de\/asf_wp\/aktuelles\/2021\/hochbeet-kitagraustein\/#primaryimage"},"image":{"@id":"https:\/\/www.asf-brandenburg.de\/asf_wp\/aktuelles\/2021\/hochbeet-kitagraustein\/#primaryimage"},"thumbnailUrl":"https:\/\/www.asf-brandenburg.de\/asf_wp\/wp-content\/uploads\/2021\/06\/Kita-Graustein2.jpg","datePublished":"2021-06-15T13:03:02+00:00","breadcrumb":{"@id":"https:\/\/www.asf-brandenburg.de\/asf_wp\/aktuelles\/2021\/hochbeet-kitagraustein\/#breadcrumb"},"inLanguage":"de","potentialAction":[{"@type":"ReadAction","target":["https:\/\/www.asf-brandenburg.de\/asf_wp\/aktuelles\/2021\/hochbeet-kitagraustein\/"]}]},{"@type":"ImageObject","inLanguage":"de","@id":"https:\/\/www.asf-brandenburg.de\/asf_wp\/aktuelles\/2021\/hochbeet-kitagraustein\/#primaryimage","url":"https:\/\/www.asf-brandenburg.de\/asf_wp\/wp-content\/uploads\/2021\/06\/Kita-Graustein2.jpg","contentUrl":"https:\/\/www.asf-brandenburg.de\/asf_wp\/wp-content\/uploads\/2021\/06\/Kita-Graustein2.jpg","width":2344,"height":2377,"caption":"Von Links: Kai Noack, Julian Br\u00fcning, Kerstin Nowka, Eberhardt Br\u00fcnsch, Gruppenerzieherin Steffi Nowak und Leiterin Mandy Noack hinter dem neuen Hochbeet. Die neuen Gartenutensilien wurden von den Kindern der Kita Graustein gern sofort in Beschlag genommen."},{"@type":"BreadcrumbList","@id":"https:\/\/www.asf-brandenburg.de\/asf_wp\/aktuelles\/2021\/hochbeet-kitagraustein\/#breadcrumb","itemListElement":[{"@type":"ListItem","position":1,"name":"Startseite","item":"https:\/\/www.asf-brandenburg.de\/asf_wp\/"},{"@type":"ListItem","position":2,"name":"Starthilfe f\u00fcr die erste eigene Bohnenernte: Julian Br\u00fcning und Eberhard Br\u00fcnsch schenken der Kita Graustein ein Hochbeet"}]},{"@type":"WebSite","@id":"https:\/\/www.asf-brandenburg.de\/asf_wp\/#website","url":"https:\/\/www.asf-brandenburg.de\/asf_wp\/","name":"Albert-Schweitzer-Kinderd\u00f6rfer und Familienwerke Brandenburg e. V.","description":"","publisher":{"@id":"https:\/\/www.asf-brandenburg.de\/asf_wp\/#organization"},"potentialAction":[{"@type":"SearchAction","target":{"@type":"EntryPoint","urlTemplate":"https:\/\/www.asf-brandenburg.de\/asf_wp\/?s={search_term_string}"},"query-input":{"@type":"PropertyValueSpecification","valueRequired":true,"valueName":"search_term_string"}}],"inLanguage":"de"},{"@type":"Organization","@id":"https:\/\/www.asf-brandenburg.de\/asf_wp\/#organization","name":"Albert-Schweitzer-Familienwerk Brandenburg e. V.","url":"https:\/\/www.asf-brandenburg.de\/asf_wp\/","logo":{"@type":"ImageObject","inLanguage":"de","@id":"https:\/\/www.asf-brandenburg.de\/asf_wp\/#\/schema\/logo\/image\/","url":"https:\/\/www.asf-brandenburg.de\/asf_wp\/wp-content\/uploads\/2018\/08\/Logo_ASF_BRB_318x107.png","contentUrl":"https:\/\/www.asf-brandenburg.de\/asf_wp\/wp-content\/uploads\/2018\/08\/Logo_ASF_BRB_318x107.png","width":318,"height":107,"caption":"Albert-Schweitzer-Familienwerk Brandenburg e. V."},"image":{"@id":"https:\/\/www.asf-brandenburg.de\/asf_wp\/#\/schema\/logo\/image\/"},"sameAs":["https:\/\/www.facebook.com\/AlbertSchweitzerFamilienwerkBrandenburg","https:\/\/www.youtube.com\/@asfbrandenburg","https:\/\/www.instagram.com\/asf_brandenburg\/"]},{"@type":"Person","@id":"https:\/\/www.asf-brandenburg.de\/asf_wp\/#\/schema\/person\/a63ba1553f2aa75f90f3809d9e4a1efc","name":"Web Admin","sameAs":["http:\/\/www.asf-brandenburg.de"],"url":"https:\/\/www.asf-brandenburg.de\/asf_wp\/aktuelles\/author\/asf\/"}]}},"_links":{"self":[{"href":"https:\/\/www.asf-brandenburg.de\/asf_wp\/wp-json\/wp\/v2\/posts\/3159","targetHints":{"allow":["GET"]}}],"collection":[{"href":"https:\/\/www.asf-brandenburg.de\/asf_wp\/wp-json\/wp\/v2\/posts"}],"about":[{"href":"https:\/\/www.asf-brandenburg.de\/asf_wp\/wp-json\/wp\/v2\/types\/post"}],"author":[{"embeddable":true,"href":"https:\/\/www.asf-brandenburg.de\/asf_wp\/wp-json\/wp\/v2\/users\/2"}],"replies":[{"embeddable":true,"href":"https:\/\/www.asf-brandenburg.de\/asf_wp\/wp-json\/wp\/v2\/comments?post=3159"}],"version-history":[{"count":0,"href":"https:\/\/www.asf-brandenburg.de\/asf_wp\/wp-json\/wp\/v2\/posts\/3159\/revisions"}],"wp:featuredmedia":[{"embeddable":true,"href":"https:\/\/www.asf-brandenburg.de\/asf_wp\/wp-json\/wp\/v2\/media\/3179"}],"wp:attachment":[{"href":"https:\/\/www.asf-brandenburg.de\/asf_wp\/wp-json\/wp\/v2\/media?parent=3159"}],"wp:term":[{"taxonomy":"category","embeddable":true,"href":"https:\/\/www.asf-brandenburg.de\/asf_wp\/wp-json\/wp\/v2\/categories?post=3159"},{"taxonomy":"post_tag","embeddable":true,"href":"https:\/\/www.asf-brandenburg.de\/asf_wp\/wp-json\/wp\/v2\/tags?post=3159"}],"curies":[{"name":"wp","href":"https:\/\/api.w.org\/{rel}","templated":true}]}}