{"id":3151,"date":"2021-06-15T09:28:57","date_gmt":"2021-06-15T07:28:57","guid":{"rendered":"https:\/\/www.asf-brandenburg.de\/asf_wp\/?p=3151"},"modified":"2021-06-15T09:48:56","modified_gmt":"2021-06-15T07:48:56","slug":"gross-luja-kitaolympiade","status":"publish","type":"post","link":"https:\/\/www.asf-brandenburg.de\/asf_wp\/aktuelles\/2021\/gross-luja-kitaolympiade\/","title":{"rendered":"Neues aus der ASF Kita Gro\u00df-Luja"},"content":{"rendered":"<div class=\"fusion-fullwidth fullwidth-box fusion-builder-row-1 nonhundred-percent-fullwidth non-hundred-percent-height-scrolling\" style=\"--awb-border-radius-top-left:0px;--awb-border-radius-top-right:0px;--awb-border-radius-bottom-right:0px;--awb-border-radius-bottom-left:0px;--awb-flex-wrap:wrap;\" ><div class=\"fusion-builder-row fusion-row\"><div class=\"fusion-layout-column fusion_builder_column fusion-builder-column-0 fusion_builder_column_1_1 1_1 fusion-one-full fusion-column-first fusion-column-last\" style=\"--awb-bg-size:cover;--awb-margin-bottom:0px;\"><div class=\"fusion-column-wrapper fusion-column-has-shadow fusion-flex-column-wrapper-legacy\"><div class=\"fusion-text fusion-text-1\"><p><strong>Kita-Olympiade einmal anders: <\/strong>In diesem Jahr hatten der Kreissportbund gemeinsam mit der Stadt Spremberg die Idee, die Kita-Olympiade f\u00fcr die Vorschulkinder vor Ort in die einzelnen Kitas zu verlegen. Jede Kita hatte die M\u00f6glichkeit, sich dazu anzumelden und so beschlossen die Schlauberger der ASF Kita Gro\u00df-Luja mit ihren Erzieherinnen, dieses Angebot in Anspruch zu nehmen. Und das war eine gute Entscheidung! Denn Daniel und G\u00f6ran vom Kreissportbund bescherten uns einen tollen sportlichen Vormittag mit viel Spa\u00df und gro\u00dfer Wertsch\u00e4tzung der Leistungen jedes Kindes.<\/p>\n<p>Alle Kinder hatten sich gut vorbereitet und erzielten gute und sehr gute Ergebnisse. Angefeuert wurden sie von den Minischlaubergern, die ja im n\u00e4chsten Jahr an der Reihe sind. Am Ende war es nicht das Wichtigste, wer Erster, Zweiter oder Dritter ist, denn jeder hatte sein Bestes gegeben. Das wurde nat\u00fcrlich auch honoriert. Gestaunt hatten die Kinder sehr dar\u00fcber, dass es eine Medaille und einen kleinen Pokal f\u00fcr jeden Teilnehmer gab. Besonders gefreut hatte sich Susanne, denn trotz ihres k\u00fcrzlich zu Hause gebrochenen Arms einen der zwei ersten Pl\u00e4tze erzielt. Das war einen gro\u00dfen Beifall wert! Die Kinder und Mitarbeitende der ASF Kita Gro\u00df-Luja bedankten sich f\u00fcr die gelungene Kita-Olympiade, die feierliche Siegerehrung und die vom Kreissportbund gestifteten Geschenke mit dem Kita-Luja-Lied, einer kleinen Bastelei und etwas zum Naschen f\u00fcr G\u00f6ran und Daniel!<\/p>\n<p>Wir freuen uns schon auf das n\u00e4chste Jahr, wenn es wieder f\u00fcr alle Vorschulkinder hei\u00dft: \u201eSport frei!\u201c und \u201eAuf zur Kita-Olympiade!\u201c<\/p>\n<\/div><div class=\"fusion-sep-clear\"><\/div><div class=\"fusion-separator fusion-full-width-sep\" style=\"margin-left: auto;margin-right: auto;margin-top:30px;width:100%;\"><\/div><div class=\"fusion-sep-clear\"><\/div><div class=\"awb-gallery-wrapper awb-gallery-wrapper-1 button-span-no\"><div style=\"margin:-5px;--awb-bordersize:0px;\" class=\"fusion-gallery fusion-gallery-container fusion-grid-3 fusion-columns-total-4 fusion-gallery-layout-grid fusion-gallery-1\"><div style=\"padding:5px;\" class=\"fusion-grid-column fusion-gallery-column fusion-gallery-column-3 hover-type-none\"><div class=\"fusion-gallery-image\"><a href=\"https:\/\/www.asf-brandenburg.de\/asf_wp\/wp-content\/uploads\/2021\/06\/IMG_0115-scaled.jpg\" rel=\"noreferrer\" data-rel=\"iLightbox[gallery_image_1]\" class=\"fusion-lightbox\" target=\"_self\"><img decoding=\"async\" src=\"https:\/\/www.asf-brandenburg.de\/asf_wp\/wp-content\/uploads\/2021\/06\/IMG_0115-scaled.jpg\" width=\"2560\" height=\"1920\" alt=\"\" title=\"Kita-Olympiade in der ASF Kita Gro\u00df-Luja\" aria-label=\"Kita-Olympiade in der ASF Kita Gro\u00df-Luja\" class=\"img-responsive wp-image-3152\" srcset=\"https:\/\/www.asf-brandenburg.de\/asf_wp\/wp-content\/uploads\/2021\/06\/IMG_0115-200x150.jpg 200w, https:\/\/www.asf-brandenburg.de\/asf_wp\/wp-content\/uploads\/2021\/06\/IMG_0115-400x300.jpg 400w, https:\/\/www.asf-brandenburg.de\/asf_wp\/wp-content\/uploads\/2021\/06\/IMG_0115-600x450.jpg 600w, https:\/\/www.asf-brandenburg.de\/asf_wp\/wp-content\/uploads\/2021\/06\/IMG_0115-800x600.jpg 800w, https:\/\/www.asf-brandenburg.de\/asf_wp\/wp-content\/uploads\/2021\/06\/IMG_0115-1200x900.jpg 1200w, https:\/\/www.asf-brandenburg.de\/asf_wp\/wp-content\/uploads\/2021\/06\/IMG_0115-scaled.jpg 2560w\" sizes=\"(min-width: 2200px) 100vw, (min-width: 784px) 423px, (min-width: 712px) 635px, (min-width: 640px) 712px, \" \/><\/a><\/div><\/div><div style=\"padding:5px;\" class=\"fusion-grid-column fusion-gallery-column fusion-gallery-column-3 hover-type-none\"><div class=\"fusion-gallery-image\"><a href=\"https:\/\/www.asf-brandenburg.de\/asf_wp\/wp-content\/uploads\/2021\/06\/IMG_0117-scaled.jpg\" rel=\"noreferrer\" data-rel=\"iLightbox[gallery_image_1]\" class=\"fusion-lightbox\" target=\"_self\"><img decoding=\"async\" src=\"https:\/\/www.asf-brandenburg.de\/asf_wp\/wp-content\/uploads\/2021\/06\/IMG_0117-scaled.jpg\" width=\"2560\" height=\"1920\" alt=\"\" title=\"Kita-Olympiade in der ASF Kita Gro\u00df-Luja\" aria-label=\"Kita-Olympiade in der ASF Kita Gro\u00df-Luja\" class=\"img-responsive wp-image-3153\" srcset=\"https:\/\/www.asf-brandenburg.de\/asf_wp\/wp-content\/uploads\/2021\/06\/IMG_0117-200x150.jpg 200w, https:\/\/www.asf-brandenburg.de\/asf_wp\/wp-content\/uploads\/2021\/06\/IMG_0117-400x300.jpg 400w, https:\/\/www.asf-brandenburg.de\/asf_wp\/wp-content\/uploads\/2021\/06\/IMG_0117-600x450.jpg 600w, https:\/\/www.asf-brandenburg.de\/asf_wp\/wp-content\/uploads\/2021\/06\/IMG_0117-800x600.jpg 800w, https:\/\/www.asf-brandenburg.de\/asf_wp\/wp-content\/uploads\/2021\/06\/IMG_0117-1200x900.jpg 1200w, https:\/\/www.asf-brandenburg.de\/asf_wp\/wp-content\/uploads\/2021\/06\/IMG_0117-scaled.jpg 2560w\" sizes=\"(min-width: 2200px) 100vw, (min-width: 784px) 423px, (min-width: 712px) 635px, (min-width: 640px) 712px, \" \/><\/a><\/div><\/div><div style=\"padding:5px;\" class=\"fusion-grid-column fusion-gallery-column fusion-gallery-column-3 hover-type-none\"><div class=\"fusion-gallery-image\"><a href=\"https:\/\/www.asf-brandenburg.de\/asf_wp\/wp-content\/uploads\/2021\/06\/IMG_0120-scaled.jpg\" rel=\"noreferrer\" data-rel=\"iLightbox[gallery_image_1]\" class=\"fusion-lightbox\" target=\"_self\"><img decoding=\"async\" src=\"https:\/\/www.asf-brandenburg.de\/asf_wp\/wp-content\/uploads\/2021\/06\/IMG_0120-scaled.jpg\" width=\"2560\" height=\"1920\" alt=\"\" title=\"Kita-Olympiade in der ASF Kita Gro\u00df-Luja\" aria-label=\"Kita-Olympiade in der ASF Kita Gro\u00df-Luja\" class=\"img-responsive wp-image-3154\" srcset=\"https:\/\/www.asf-brandenburg.de\/asf_wp\/wp-content\/uploads\/2021\/06\/IMG_0120-200x150.jpg 200w, https:\/\/www.asf-brandenburg.de\/asf_wp\/wp-content\/uploads\/2021\/06\/IMG_0120-400x300.jpg 400w, https:\/\/www.asf-brandenburg.de\/asf_wp\/wp-content\/uploads\/2021\/06\/IMG_0120-600x450.jpg 600w, https:\/\/www.asf-brandenburg.de\/asf_wp\/wp-content\/uploads\/2021\/06\/IMG_0120-800x600.jpg 800w, https:\/\/www.asf-brandenburg.de\/asf_wp\/wp-content\/uploads\/2021\/06\/IMG_0120-1200x900.jpg 1200w, https:\/\/www.asf-brandenburg.de\/asf_wp\/wp-content\/uploads\/2021\/06\/IMG_0120-scaled.jpg 2560w\" sizes=\"(min-width: 2200px) 100vw, (min-width: 784px) 423px, (min-width: 712px) 635px, (min-width: 640px) 712px, \" \/><\/a><\/div><\/div><div class=\"clearfix\"><\/div><div style=\"padding:5px;\" class=\"fusion-grid-column fusion-gallery-column fusion-gallery-column-3 hover-type-none\"><div class=\"fusion-gallery-image\"><a href=\"https:\/\/www.asf-brandenburg.de\/asf_wp\/wp-content\/uploads\/2021\/06\/IMG_0127-scaled.jpg\" rel=\"noreferrer\" data-rel=\"iLightbox[gallery_image_1]\" class=\"fusion-lightbox\" target=\"_self\"><img decoding=\"async\" src=\"https:\/\/www.asf-brandenburg.de\/asf_wp\/wp-content\/uploads\/2021\/06\/IMG_0127-scaled.jpg\" width=\"2560\" height=\"1920\" alt=\"\" title=\"Kita-Olympiade in der ASF Kita Gro\u00df-Luja\" aria-label=\"Kita-Olympiade in der ASF Kita Gro\u00df-Luja\" class=\"img-responsive wp-image-3155\" srcset=\"https:\/\/www.asf-brandenburg.de\/asf_wp\/wp-content\/uploads\/2021\/06\/IMG_0127-200x150.jpg 200w, https:\/\/www.asf-brandenburg.de\/asf_wp\/wp-content\/uploads\/2021\/06\/IMG_0127-400x300.jpg 400w, https:\/\/www.asf-brandenburg.de\/asf_wp\/wp-content\/uploads\/2021\/06\/IMG_0127-600x450.jpg 600w, https:\/\/www.asf-brandenburg.de\/asf_wp\/wp-content\/uploads\/2021\/06\/IMG_0127-800x600.jpg 800w, https:\/\/www.asf-brandenburg.de\/asf_wp\/wp-content\/uploads\/2021\/06\/IMG_0127-1200x900.jpg 1200w, https:\/\/www.asf-brandenburg.de\/asf_wp\/wp-content\/uploads\/2021\/06\/IMG_0127-scaled.jpg 2560w\" sizes=\"(min-width: 2200px) 100vw, (min-width: 784px) 423px, (min-width: 712px) 635px, (min-width: 640px) 712px, \" \/><\/a><\/div><\/div><\/div><\/div><div class=\"fusion-clearfix\"><\/div><\/div><\/div><\/div><\/div>\n","protected":false},"excerpt":{"rendered":"<p>Kita-Olympiade einmal anders: In diesem Jahr hatten der Kreissportbund gemeinsam mit der Stadt Spremberg die Idee, die Kita-Olympiade f\u00fcr die Vorschulkinder vor Ort in die einzelnen Kitas zu verlegen. Jede Kita hatte die M\u00f6glichkeit, sich dazu anzumelden und so beschlossen die Schlauberger der ASF Kita Gro\u00df-Luja mit ihren Erzieherinnen, dieses Angebot in Anspruch zu nehmen. Und das war eine gute Entscheidung! Denn Daniel und G\u00f6ran vom Kreissportbund bescherten uns einen tollen sportlichen Vormittag mit viel Spa\u00df und gro\u00dfer Wertsch\u00e4tzung der Leistungen jedes Kindes.<\/p>\n","protected":false},"author":2,"featured_media":3155,"comment_status":"closed","ping_status":"open","sticky":false,"template":"","format":"standard","meta":{"inline_featured_image":false,"footnotes":""},"categories":[142],"tags":[80,148],"class_list":["post-3151","post","type-post","status-publish","format-standard","has-post-thumbnail","hentry","category-neuigkeiten-2021","tag-albert-schweitzer-familienwerk-brandenburg-e-v","tag-kiss"],"yoast_head":"<!-- This site is optimized with the Yoast SEO plugin v27.5 - https:\/\/yoast.com\/product\/yoast-seo-wordpress\/ -->\n<title>Neues aus der ASF Kita Gro\u00df-Luja<\/title>\n<meta name=\"robots\" content=\"index, follow, max-snippet:-1, max-image-preview:large, max-video-preview:-1\" \/>\n<link rel=\"canonical\" href=\"https:\/\/www.asf-brandenburg.de\/asf_wp\/aktuelles\/2021\/gross-luja-kitaolympiade\/\" \/>\n<meta property=\"og:locale\" content=\"de_DE\" \/>\n<meta property=\"og:type\" content=\"article\" \/>\n<meta property=\"og:title\" content=\"Neues aus der ASF Kita Gro\u00df-Luja\" \/>\n<meta property=\"og:description\" content=\"Kita-Olympiade einmal anders: In diesem Jahr hatten der Kreissportbund gemeinsam mit der Stadt Spremberg die Idee, die Kita-Olympiade f\u00fcr die Vorschulkinder vor Ort in die einzelnen Kitas zu verlegen. Jede Kita hatte die M\u00f6glichkeit, sich dazu anzumelden und so beschlossen die Schlauberger der ASF Kita Gro\u00df-Luja mit ihren Erzieherinnen, dieses Angebot in Anspruch zu nehmen. Und das war eine gute Entscheidung! Denn Daniel und G\u00f6ran vom Kreissportbund bescherten uns einen tollen sportlichen Vormittag mit viel Spa\u00df und gro\u00dfer Wertsch\u00e4tzung der Leistungen jedes Kindes.\" \/>\n<meta property=\"og:url\" content=\"https:\/\/www.asf-brandenburg.de\/asf_wp\/aktuelles\/2021\/gross-luja-kitaolympiade\/\" \/>\n<meta property=\"og:site_name\" content=\"Albert-Schweitzer-Familienwerk Brandenburg e.V.\" \/>\n<meta property=\"article:publisher\" content=\"https:\/\/www.facebook.com\/AlbertSchweitzerFamilienwerkBrandenburg\" \/>\n<meta property=\"article:published_time\" content=\"2021-06-15T07:28:57+00:00\" \/>\n<meta property=\"article:modified_time\" content=\"2021-06-15T07:48:56+00:00\" \/>\n<meta property=\"og:image\" content=\"https:\/\/www.asf-brandenburg.de\/asf_wp\/wp-content\/uploads\/2021\/06\/IMG_0127-scaled.jpg\" \/>\n\t<meta property=\"og:image:width\" content=\"2560\" \/>\n\t<meta property=\"og:image:height\" content=\"1920\" \/>\n\t<meta property=\"og:image:type\" content=\"image\/jpeg\" \/>\n<meta name=\"author\" content=\"Web Admin\" \/>\n<meta name=\"twitter:card\" content=\"summary_large_image\" \/>\n<meta name=\"twitter:label1\" content=\"Verfasst von\" \/>\n\t<meta name=\"twitter:data1\" content=\"Web Admin\" \/>\n\t<meta name=\"twitter:label2\" content=\"Gesch\u00e4tzte Lesezeit\" \/>\n\t<meta name=\"twitter:data2\" content=\"2\u00a0Minuten\" \/>\n<script type=\"application\/ld+json\" class=\"yoast-schema-graph\">{\"@context\":\"https:\\\/\\\/schema.org\",\"@graph\":[{\"@type\":\"Article\",\"@id\":\"https:\\\/\\\/www.asf-brandenburg.de\\\/asf_wp\\\/aktuelles\\\/2021\\\/gross-luja-kitaolympiade\\\/#article\",\"isPartOf\":{\"@id\":\"https:\\\/\\\/www.asf-brandenburg.de\\\/asf_wp\\\/aktuelles\\\/2021\\\/gross-luja-kitaolympiade\\\/\"},\"author\":{\"name\":\"Web Admin\",\"@id\":\"https:\\\/\\\/www.asf-brandenburg.de\\\/asf_wp\\\/#\\\/schema\\\/person\\\/a63ba1553f2aa75f90f3809d9e4a1efc\"},\"headline\":\"Neues aus der ASF Kita Gro\u00df-Luja\",\"datePublished\":\"2021-06-15T07:28:57+00:00\",\"dateModified\":\"2021-06-15T07:48:56+00:00\",\"mainEntityOfPage\":{\"@id\":\"https:\\\/\\\/www.asf-brandenburg.de\\\/asf_wp\\\/aktuelles\\\/2021\\\/gross-luja-kitaolympiade\\\/\"},\"wordCount\":705,\"publisher\":{\"@id\":\"https:\\\/\\\/www.asf-brandenburg.de\\\/asf_wp\\\/#organization\"},\"image\":{\"@id\":\"https:\\\/\\\/www.asf-brandenburg.de\\\/asf_wp\\\/aktuelles\\\/2021\\\/gross-luja-kitaolympiade\\\/#primaryimage\"},\"thumbnailUrl\":\"https:\\\/\\\/www.asf-brandenburg.de\\\/asf_wp\\\/wp-content\\\/uploads\\\/2021\\\/06\\\/IMG_0127-scaled.jpg\",\"keywords\":[\"Albert-Schweitzer-Familienwerk Brandenburg e.V.\",\"KiSS\"],\"articleSection\":[\"Neuigkeiten 2021\"],\"inLanguage\":\"de\"},{\"@type\":\"WebPage\",\"@id\":\"https:\\\/\\\/www.asf-brandenburg.de\\\/asf_wp\\\/aktuelles\\\/2021\\\/gross-luja-kitaolympiade\\\/\",\"url\":\"https:\\\/\\\/www.asf-brandenburg.de\\\/asf_wp\\\/aktuelles\\\/2021\\\/gross-luja-kitaolympiade\\\/\",\"name\":\"Neues aus der ASF Kita Gro\u00df-Luja\",\"isPartOf\":{\"@id\":\"https:\\\/\\\/www.asf-brandenburg.de\\\/asf_wp\\\/#website\"},\"primaryImageOfPage\":{\"@id\":\"https:\\\/\\\/www.asf-brandenburg.de\\\/asf_wp\\\/aktuelles\\\/2021\\\/gross-luja-kitaolympiade\\\/#primaryimage\"},\"image\":{\"@id\":\"https:\\\/\\\/www.asf-brandenburg.de\\\/asf_wp\\\/aktuelles\\\/2021\\\/gross-luja-kitaolympiade\\\/#primaryimage\"},\"thumbnailUrl\":\"https:\\\/\\\/www.asf-brandenburg.de\\\/asf_wp\\\/wp-content\\\/uploads\\\/2021\\\/06\\\/IMG_0127-scaled.jpg\",\"datePublished\":\"2021-06-15T07:28:57+00:00\",\"dateModified\":\"2021-06-15T07:48:56+00:00\",\"breadcrumb\":{\"@id\":\"https:\\\/\\\/www.asf-brandenburg.de\\\/asf_wp\\\/aktuelles\\\/2021\\\/gross-luja-kitaolympiade\\\/#breadcrumb\"},\"inLanguage\":\"de\",\"potentialAction\":[{\"@type\":\"ReadAction\",\"target\":[\"https:\\\/\\\/www.asf-brandenburg.de\\\/asf_wp\\\/aktuelles\\\/2021\\\/gross-luja-kitaolympiade\\\/\"]}]},{\"@type\":\"ImageObject\",\"inLanguage\":\"de\",\"@id\":\"https:\\\/\\\/www.asf-brandenburg.de\\\/asf_wp\\\/aktuelles\\\/2021\\\/gross-luja-kitaolympiade\\\/#primaryimage\",\"url\":\"https:\\\/\\\/www.asf-brandenburg.de\\\/asf_wp\\\/wp-content\\\/uploads\\\/2021\\\/06\\\/IMG_0127-scaled.jpg\",\"contentUrl\":\"https:\\\/\\\/www.asf-brandenburg.de\\\/asf_wp\\\/wp-content\\\/uploads\\\/2021\\\/06\\\/IMG_0127-scaled.jpg\",\"width\":2560,\"height\":1920},{\"@type\":\"BreadcrumbList\",\"@id\":\"https:\\\/\\\/www.asf-brandenburg.de\\\/asf_wp\\\/aktuelles\\\/2021\\\/gross-luja-kitaolympiade\\\/#breadcrumb\",\"itemListElement\":[{\"@type\":\"ListItem\",\"position\":1,\"name\":\"Startseite\",\"item\":\"https:\\\/\\\/www.asf-brandenburg.de\\\/asf_wp\\\/\"},{\"@type\":\"ListItem\",\"position\":2,\"name\":\"Neues aus der ASF Kita Gro\u00df-Luja\"}]},{\"@type\":\"WebSite\",\"@id\":\"https:\\\/\\\/www.asf-brandenburg.de\\\/asf_wp\\\/#website\",\"url\":\"https:\\\/\\\/www.asf-brandenburg.de\\\/asf_wp\\\/\",\"name\":\"Albert-Schweitzer-Kinderd\u00f6rfer und Familienwerke Brandenburg e. V.\",\"description\":\"\",\"publisher\":{\"@id\":\"https:\\\/\\\/www.asf-brandenburg.de\\\/asf_wp\\\/#organization\"},\"potentialAction\":[{\"@type\":\"SearchAction\",\"target\":{\"@type\":\"EntryPoint\",\"urlTemplate\":\"https:\\\/\\\/www.asf-brandenburg.de\\\/asf_wp\\\/?s={search_term_string}\"},\"query-input\":{\"@type\":\"PropertyValueSpecification\",\"valueRequired\":true,\"valueName\":\"search_term_string\"}}],\"inLanguage\":\"de\"},{\"@type\":\"Organization\",\"@id\":\"https:\\\/\\\/www.asf-brandenburg.de\\\/asf_wp\\\/#organization\",\"name\":\"Albert-Schweitzer-Familienwerk Brandenburg e. V.\",\"url\":\"https:\\\/\\\/www.asf-brandenburg.de\\\/asf_wp\\\/\",\"logo\":{\"@type\":\"ImageObject\",\"inLanguage\":\"de\",\"@id\":\"https:\\\/\\\/www.asf-brandenburg.de\\\/asf_wp\\\/#\\\/schema\\\/logo\\\/image\\\/\",\"url\":\"https:\\\/\\\/www.asf-brandenburg.de\\\/asf_wp\\\/wp-content\\\/uploads\\\/2018\\\/08\\\/Logo_ASF_BRB_318x107.png\",\"contentUrl\":\"https:\\\/\\\/www.asf-brandenburg.de\\\/asf_wp\\\/wp-content\\\/uploads\\\/2018\\\/08\\\/Logo_ASF_BRB_318x107.png\",\"width\":318,\"height\":107,\"caption\":\"Albert-Schweitzer-Familienwerk Brandenburg e. V.\"},\"image\":{\"@id\":\"https:\\\/\\\/www.asf-brandenburg.de\\\/asf_wp\\\/#\\\/schema\\\/logo\\\/image\\\/\"},\"sameAs\":[\"https:\\\/\\\/www.facebook.com\\\/AlbertSchweitzerFamilienwerkBrandenburg\",\"https:\\\/\\\/www.youtube.com\\\/@asfbrandenburg\",\"https:\\\/\\\/www.instagram.com\\\/asf_brandenburg\\\/\"]},{\"@type\":\"Person\",\"@id\":\"https:\\\/\\\/www.asf-brandenburg.de\\\/asf_wp\\\/#\\\/schema\\\/person\\\/a63ba1553f2aa75f90f3809d9e4a1efc\",\"name\":\"Web Admin\",\"sameAs\":[\"http:\\\/\\\/www.asf-brandenburg.de\"],\"url\":\"https:\\\/\\\/www.asf-brandenburg.de\\\/asf_wp\\\/aktuelles\\\/author\\\/asf\\\/\"}]}<\/script>\n<!-- \/ Yoast SEO plugin. -->","yoast_head_json":{"title":"Neues aus der ASF Kita Gro\u00df-Luja","robots":{"index":"index","follow":"follow","max-snippet":"max-snippet:-1","max-image-preview":"max-image-preview:large","max-video-preview":"max-video-preview:-1"},"canonical":"https:\/\/www.asf-brandenburg.de\/asf_wp\/aktuelles\/2021\/gross-luja-kitaolympiade\/","og_locale":"de_DE","og_type":"article","og_title":"Neues aus der ASF Kita Gro\u00df-Luja","og_description":"Kita-Olympiade einmal anders: In diesem Jahr hatten der Kreissportbund gemeinsam mit der Stadt Spremberg die Idee, die Kita-Olympiade f\u00fcr die Vorschulkinder vor Ort in die einzelnen Kitas zu verlegen. Jede Kita hatte die M\u00f6glichkeit, sich dazu anzumelden und so beschlossen die Schlauberger der ASF Kita Gro\u00df-Luja mit ihren Erzieherinnen, dieses Angebot in Anspruch zu nehmen. Und das war eine gute Entscheidung! Denn Daniel und G\u00f6ran vom Kreissportbund bescherten uns einen tollen sportlichen Vormittag mit viel Spa\u00df und gro\u00dfer Wertsch\u00e4tzung der Leistungen jedes Kindes.","og_url":"https:\/\/www.asf-brandenburg.de\/asf_wp\/aktuelles\/2021\/gross-luja-kitaolympiade\/","og_site_name":"Albert-Schweitzer-Familienwerk Brandenburg e.V.","article_publisher":"https:\/\/www.facebook.com\/AlbertSchweitzerFamilienwerkBrandenburg","article_published_time":"2021-06-15T07:28:57+00:00","article_modified_time":"2021-06-15T07:48:56+00:00","og_image":[{"width":2560,"height":1920,"url":"https:\/\/www.asf-brandenburg.de\/asf_wp\/wp-content\/uploads\/2021\/06\/IMG_0127-scaled.jpg","type":"image\/jpeg"}],"author":"Web Admin","twitter_card":"summary_large_image","twitter_misc":{"Verfasst von":"Web Admin","Gesch\u00e4tzte Lesezeit":"2\u00a0Minuten"},"schema":{"@context":"https:\/\/schema.org","@graph":[{"@type":"Article","@id":"https:\/\/www.asf-brandenburg.de\/asf_wp\/aktuelles\/2021\/gross-luja-kitaolympiade\/#article","isPartOf":{"@id":"https:\/\/www.asf-brandenburg.de\/asf_wp\/aktuelles\/2021\/gross-luja-kitaolympiade\/"},"author":{"name":"Web Admin","@id":"https:\/\/www.asf-brandenburg.de\/asf_wp\/#\/schema\/person\/a63ba1553f2aa75f90f3809d9e4a1efc"},"headline":"Neues aus der ASF Kita Gro\u00df-Luja","datePublished":"2021-06-15T07:28:57+00:00","dateModified":"2021-06-15T07:48:56+00:00","mainEntityOfPage":{"@id":"https:\/\/www.asf-brandenburg.de\/asf_wp\/aktuelles\/2021\/gross-luja-kitaolympiade\/"},"wordCount":705,"publisher":{"@id":"https:\/\/www.asf-brandenburg.de\/asf_wp\/#organization"},"image":{"@id":"https:\/\/www.asf-brandenburg.de\/asf_wp\/aktuelles\/2021\/gross-luja-kitaolympiade\/#primaryimage"},"thumbnailUrl":"https:\/\/www.asf-brandenburg.de\/asf_wp\/wp-content\/uploads\/2021\/06\/IMG_0127-scaled.jpg","keywords":["Albert-Schweitzer-Familienwerk Brandenburg e.V.","KiSS"],"articleSection":["Neuigkeiten 2021"],"inLanguage":"de"},{"@type":"WebPage","@id":"https:\/\/www.asf-brandenburg.de\/asf_wp\/aktuelles\/2021\/gross-luja-kitaolympiade\/","url":"https:\/\/www.asf-brandenburg.de\/asf_wp\/aktuelles\/2021\/gross-luja-kitaolympiade\/","name":"Neues aus der ASF Kita Gro\u00df-Luja","isPartOf":{"@id":"https:\/\/www.asf-brandenburg.de\/asf_wp\/#website"},"primaryImageOfPage":{"@id":"https:\/\/www.asf-brandenburg.de\/asf_wp\/aktuelles\/2021\/gross-luja-kitaolympiade\/#primaryimage"},"image":{"@id":"https:\/\/www.asf-brandenburg.de\/asf_wp\/aktuelles\/2021\/gross-luja-kitaolympiade\/#primaryimage"},"thumbnailUrl":"https:\/\/www.asf-brandenburg.de\/asf_wp\/wp-content\/uploads\/2021\/06\/IMG_0127-scaled.jpg","datePublished":"2021-06-15T07:28:57+00:00","dateModified":"2021-06-15T07:48:56+00:00","breadcrumb":{"@id":"https:\/\/www.asf-brandenburg.de\/asf_wp\/aktuelles\/2021\/gross-luja-kitaolympiade\/#breadcrumb"},"inLanguage":"de","potentialAction":[{"@type":"ReadAction","target":["https:\/\/www.asf-brandenburg.de\/asf_wp\/aktuelles\/2021\/gross-luja-kitaolympiade\/"]}]},{"@type":"ImageObject","inLanguage":"de","@id":"https:\/\/www.asf-brandenburg.de\/asf_wp\/aktuelles\/2021\/gross-luja-kitaolympiade\/#primaryimage","url":"https:\/\/www.asf-brandenburg.de\/asf_wp\/wp-content\/uploads\/2021\/06\/IMG_0127-scaled.jpg","contentUrl":"https:\/\/www.asf-brandenburg.de\/asf_wp\/wp-content\/uploads\/2021\/06\/IMG_0127-scaled.jpg","width":2560,"height":1920},{"@type":"BreadcrumbList","@id":"https:\/\/www.asf-brandenburg.de\/asf_wp\/aktuelles\/2021\/gross-luja-kitaolympiade\/#breadcrumb","itemListElement":[{"@type":"ListItem","position":1,"name":"Startseite","item":"https:\/\/www.asf-brandenburg.de\/asf_wp\/"},{"@type":"ListItem","position":2,"name":"Neues aus der ASF Kita Gro\u00df-Luja"}]},{"@type":"WebSite","@id":"https:\/\/www.asf-brandenburg.de\/asf_wp\/#website","url":"https:\/\/www.asf-brandenburg.de\/asf_wp\/","name":"Albert-Schweitzer-Kinderd\u00f6rfer und Familienwerke Brandenburg e. V.","description":"","publisher":{"@id":"https:\/\/www.asf-brandenburg.de\/asf_wp\/#organization"},"potentialAction":[{"@type":"SearchAction","target":{"@type":"EntryPoint","urlTemplate":"https:\/\/www.asf-brandenburg.de\/asf_wp\/?s={search_term_string}"},"query-input":{"@type":"PropertyValueSpecification","valueRequired":true,"valueName":"search_term_string"}}],"inLanguage":"de"},{"@type":"Organization","@id":"https:\/\/www.asf-brandenburg.de\/asf_wp\/#organization","name":"Albert-Schweitzer-Familienwerk Brandenburg e. V.","url":"https:\/\/www.asf-brandenburg.de\/asf_wp\/","logo":{"@type":"ImageObject","inLanguage":"de","@id":"https:\/\/www.asf-brandenburg.de\/asf_wp\/#\/schema\/logo\/image\/","url":"https:\/\/www.asf-brandenburg.de\/asf_wp\/wp-content\/uploads\/2018\/08\/Logo_ASF_BRB_318x107.png","contentUrl":"https:\/\/www.asf-brandenburg.de\/asf_wp\/wp-content\/uploads\/2018\/08\/Logo_ASF_BRB_318x107.png","width":318,"height":107,"caption":"Albert-Schweitzer-Familienwerk Brandenburg e. V."},"image":{"@id":"https:\/\/www.asf-brandenburg.de\/asf_wp\/#\/schema\/logo\/image\/"},"sameAs":["https:\/\/www.facebook.com\/AlbertSchweitzerFamilienwerkBrandenburg","https:\/\/www.youtube.com\/@asfbrandenburg","https:\/\/www.instagram.com\/asf_brandenburg\/"]},{"@type":"Person","@id":"https:\/\/www.asf-brandenburg.de\/asf_wp\/#\/schema\/person\/a63ba1553f2aa75f90f3809d9e4a1efc","name":"Web Admin","sameAs":["http:\/\/www.asf-brandenburg.de"],"url":"https:\/\/www.asf-brandenburg.de\/asf_wp\/aktuelles\/author\/asf\/"}]}},"_links":{"self":[{"href":"https:\/\/www.asf-brandenburg.de\/asf_wp\/wp-json\/wp\/v2\/posts\/3151","targetHints":{"allow":["GET"]}}],"collection":[{"href":"https:\/\/www.asf-brandenburg.de\/asf_wp\/wp-json\/wp\/v2\/posts"}],"about":[{"href":"https:\/\/www.asf-brandenburg.de\/asf_wp\/wp-json\/wp\/v2\/types\/post"}],"author":[{"embeddable":true,"href":"https:\/\/www.asf-brandenburg.de\/asf_wp\/wp-json\/wp\/v2\/users\/2"}],"replies":[{"embeddable":true,"href":"https:\/\/www.asf-brandenburg.de\/asf_wp\/wp-json\/wp\/v2\/comments?post=3151"}],"version-history":[{"count":0,"href":"https:\/\/www.asf-brandenburg.de\/asf_wp\/wp-json\/wp\/v2\/posts\/3151\/revisions"}],"wp:featuredmedia":[{"embeddable":true,"href":"https:\/\/www.asf-brandenburg.de\/asf_wp\/wp-json\/wp\/v2\/media\/3155"}],"wp:attachment":[{"href":"https:\/\/www.asf-brandenburg.de\/asf_wp\/wp-json\/wp\/v2\/media?parent=3151"}],"wp:term":[{"taxonomy":"category","embeddable":true,"href":"https:\/\/www.asf-brandenburg.de\/asf_wp\/wp-json\/wp\/v2\/categories?post=3151"},{"taxonomy":"post_tag","embeddable":true,"href":"https:\/\/www.asf-brandenburg.de\/asf_wp\/wp-json\/wp\/v2\/tags?post=3151"}],"curies":[{"name":"wp","href":"https:\/\/api.w.org\/{rel}","templated":true}]}}