{"id":3145,"date":"2021-06-16T12:30:39","date_gmt":"2021-06-16T10:30:39","guid":{"rendered":"https:\/\/www.asf-brandenburg.de\/asf_wp\/?p=3145"},"modified":"2021-06-16T12:27:46","modified_gmt":"2021-06-16T10:27:46","slug":"spendenaufruf-graustein","status":"publish","type":"post","link":"https:\/\/www.asf-brandenburg.de\/asf_wp\/aktuelles\/2021\/spendenaufruf-graustein\/","title":{"rendered":"Auf dem Weg zur Selbstversorgung \u2013 Kita Graustein sucht Unterst\u00fctzung f\u00fcr erste eigene K\u00fcche"},"content":{"rendered":"<div class=\"fusion-fullwidth fullwidth-box fusion-builder-row-1 nonhundred-percent-fullwidth non-hundred-percent-height-scrolling\" style=\"--awb-border-radius-top-left:0px;--awb-border-radius-top-right:0px;--awb-border-radius-bottom-right:0px;--awb-border-radius-bottom-left:0px;--awb-flex-wrap:wrap;\" ><div class=\"fusion-builder-row fusion-row\"><div class=\"fusion-layout-column fusion_builder_column fusion-builder-column-0 fusion_builder_column_1_1 1_1 fusion-one-full fusion-column-first fusion-column-last\" style=\"--awb-bg-size:cover;--awb-margin-bottom:0px;\"><div class=\"fusion-column-wrapper fusion-column-has-shadow fusion-flex-column-wrapper-legacy\"><div class=\"fusion-image-element in-legacy-container\" style=\"--awb-caption-title-font-family:var(--h2_typography-font-family);--awb-caption-title-font-weight:var(--h2_typography-font-weight);--awb-caption-title-font-style:var(--h2_typography-font-style);--awb-caption-title-size:var(--h2_typography-font-size);--awb-caption-title-transform:var(--h2_typography-text-transform);--awb-caption-title-line-height:var(--h2_typography-line-height);--awb-caption-title-letter-spacing:var(--h2_typography-letter-spacing);\"><span class=\" fusion-imageframe imageframe-none imageframe-1 hover-type-none\"><img decoding=\"async\" width=\"1024\" height=\"1024\" title=\"L\u00e4sst du unsere Spielk\u00fcche wachsen?\" src=\"https:\/\/www.asf-brandenburg.de\/asf_wp\/wp-content\/uploads\/2021\/06\/Kita-Graustein_1-1024x1024.png\" alt class=\"img-responsive wp-image-3147\" srcset=\"https:\/\/www.asf-brandenburg.de\/asf_wp\/wp-content\/uploads\/2021\/06\/Kita-Graustein_1-200x200.png 200w, https:\/\/www.asf-brandenburg.de\/asf_wp\/wp-content\/uploads\/2021\/06\/Kita-Graustein_1-400x400.png 400w, https:\/\/www.asf-brandenburg.de\/asf_wp\/wp-content\/uploads\/2021\/06\/Kita-Graustein_1-600x600.png 600w, https:\/\/www.asf-brandenburg.de\/asf_wp\/wp-content\/uploads\/2021\/06\/Kita-Graustein_1-800x800.png 800w, https:\/\/www.asf-brandenburg.de\/asf_wp\/wp-content\/uploads\/2021\/06\/Kita-Graustein_1.png 1080w\" sizes=\"(max-width: 800px) 100vw, 1024px\" \/><\/span><\/div><div class=\"fusion-text fusion-text-1\"><p>T\u00e4glich frisch, ausgewogen und mit saisonalen Zutaten aus dem Hofgarten \u2013 der Wunschspeiseplan der Elternschaft, Mitarbeitenden und 38 Kinder der Kita Graustein des Albert-Schweitzer-Familienwerks Brandenburg e.V. steht fest. \u201eUnser Lieblingsessen? Selbst gekocht.\u201c \u2013 mit diesem Gesuch m\u00f6chten sie jetzt auf ihr Herzensprojekt aufmerksam machen: eine eigene K\u00fcche, in der sie zuk\u00fcnftig ihr Mittagessen selbst zubereiten k\u00f6nnen. Was noch fehlt: Das Inventar und eine Ausstattung, die alle Hygieneauflagen erf\u00fcllt und der anstehenden Kochmenge gewachsen ist. Kostenpunkt: 7000 Euro. Perspektivisch soll auch die benachbarte ASF Kita Gro\u00df-Luja (ebenfalls in Tr\u00e4gerschaft des Albert-Schweitzer-Familienwerks Brandenburg e.V.) mit den hausgemachten Gerichten beliefert werden.<\/p>\n<p><strong>3000 Euro bis zum 15. Juli gebraucht<\/strong><\/p>\n<p>Auch wenn das Albert-Schweitzer-Familienwerk Brandenburg e.V. ein Gro\u00dfteil der Anschaffungskosten tr\u00e4gt, m\u00fcssen 3000 Euro \u00fcber Spenden finanziert werden. Kai Noack, Gesch\u00e4ftsf\u00fchrer des Albert-Schweitzer-Familienwerks Brandenburg e.V. und stellvertretender Vorstandsvorsitzender des Tafel Deutschland e.V.: \u201eDie Kita Graustein hat sich ein tolles Vorhaben auf die Fahne geschrieben, das wir mit aller Kraft unterst\u00fctzen m\u00f6chten. Die Kinder profitieren auf vielerlei Ebenen: Sie k\u00f6nnen ein Gef\u00fchl f\u00fcr den Wert von Lebensmitteln entwickeln und gesunde Ern\u00e4hrung und Gartenanbau von der Pike auf erlernen. Mit s\u00e4en, pflegen, gie\u00dfen und ernten sind sie jeden Tag an der frischen Luft besch\u00e4ftigt und k\u00f6nnen auf sinnvolle Weise Selbstwirksamkeit erfahren. Wir freuen uns \u00fcber jeden, der sich f\u00fcr die Idee der Selbstversorger-Kita begeistern kann und daran teilhaben m\u00f6chte. Auch Sachspenden wie Kellen, R\u00fchrbesen, Siebe und \u00e4hnliches im Gro\u00dfk\u00fcchen-Format nehmen wir gern; jede kleine Spende hilft.\u201c Eine K\u00f6chin mit Know-how und gesunden Rezeptideen ist schon gefunden und wartet darauf, die neuen K\u00fcchenutensilien bis zum fertigen kindgerechten Gericht zu orchestrieren. Am liebsten soll schon nach der Sommerpause ab 1. August 2021 das gro\u00dfe Kochen starten.<\/p>\n<p><strong>K\u00fcche ist erster Meilenstein auf dem Weg zur Selbstversorgung<\/strong><\/p>\n<p>Die Initiative der Kita Graustein kommt nicht von ungef\u00e4hr: Die zertifizierte \u201eGesunde Kita\u201c legt besonderen Wert auf ein gesundheitsbewusstes Aufwachsen; Bewegung, Sport, ausgewogene Ern\u00e4hrung und der verantwortungsvolle Umgang mit Lebensmitteln, Tieren und Pflanzen sind fest verankert im Betreuungskonzept. Ein kleiner Garten neben dem Spielhof mit Erdbeeren, Kr\u00e4utern und Gem\u00fcse steht bereits in voller Bl\u00fcte; zuletzt ist ein Hochbeet hinzugekommen, in dem bald erste Bohnen ranken sollen. Erdacht sind auch schon Pl\u00e4ne f\u00fcr ein Gew\u00e4chshaus, das die Kinder ganzj\u00e4hrig bewirtschaften k\u00f6nnen. Das Etappenziel f\u00fcr diesen Sommer ist jedoch: Der erste Bohneneintopf mit Zutaten aus dem Hochbeet \u2013 frisch zubereitet in der neuen eigenen Kitak\u00fcche.<\/p>\n<p><strong>Eine K\u00fcche f\u00fcr die Kita Graustein \u2013 Spendenkonto<\/strong><\/p>\n<p>Albert-Schweitzer-Familienwerk Brandenburg e.V.<br \/>\nIBAN: DE31 1805 0000 3610 1004 77<br \/>\nBIC: WELADED1CBN<br \/>\nSparkasse Spree-Nei\u00dfe<br \/>\nVerwendungszweck: KITA Graustein K\u00fcche<\/p>\n<p>oder per Paypal mit dem QR-Code:<\/p>\n<p><img decoding=\"async\" class=\"alignnone wp-image-3146\" src=\"https:\/\/www.asf-brandenburg.de\/asf_wp\/wp-content\/uploads\/2021\/06\/qr.png\" alt=\"\" width=\"63\" height=\"63\" srcset=\"https:\/\/www.asf-brandenburg.de\/asf_wp\/wp-content\/uploads\/2021\/06\/qr-66x66.png 66w, https:\/\/www.asf-brandenburg.de\/asf_wp\/wp-content\/uploads\/2021\/06\/qr.png 128w\" sizes=\"(max-width: 63px) 100vw, 63px\" \/><\/p>\n<p>Auch Bargeld in Umschl\u00e4gen mit Namen und Adresse sowie Sachspenden k\u00f6nnen direkt in der Kita Graustein abgegeben werden.<br \/>\nAlle Spenderinnen und Spender erhalten auf Wunsch eine Spendenbescheinigung ab einem Betrag von mehr als 50 \u20ac.<\/p>\n<\/div><div class=\"fusion-sep-clear\"><\/div><div class=\"fusion-separator fusion-full-width-sep\" style=\"margin-left: auto;margin-right: auto;margin-top:30px;width:100%;\"><\/div><div class=\"fusion-sep-clear\"><\/div><div class=\"fusion-clearfix\"><\/div><\/div><\/div><\/div><\/div>\n","protected":false},"excerpt":{"rendered":"<p>T\u00e4glich frisch, ausgewogen und mit saisonalen Zutaten aus dem Hofgarten: Der Wunschspeiseplan der Elternschaft, Mitarbeitenden und 38 Kinder der Kita Graustein steht. Was noch fehlt: Eine Kitak\u00fcche, die alle Hygieneauflagen erf\u00fcllt und der anstehenden Kochmenge gewachsen ist. Kostenpunkt: 7000 Euro, 3000 Euro davon m\u00fcssen jetzt \u00fcber Spenden finanziert werden. Jeder kleine Beitrag hilft  \u2013 jetzt spenden!<\/p>\n","protected":false},"author":2,"featured_media":3149,"comment_status":"closed","ping_status":"open","sticky":false,"template":"","format":"standard","meta":{"inline_featured_image":false,"footnotes":""},"categories":[142],"tags":[80,148],"class_list":["post-3145","post","type-post","status-publish","format-standard","has-post-thumbnail","hentry","category-neuigkeiten-2021","tag-albert-schweitzer-familienwerk-brandenburg-e-v","tag-kiss"],"yoast_head":"<!-- This site is optimized with the Yoast SEO plugin v27.5 - https:\/\/yoast.com\/product\/yoast-seo-wordpress\/ -->\n<title>Auf dem Weg zur Selbstversorgung \u2013 Kita Graustein sucht Unterst\u00fctzung f\u00fcr erste eigene K\u00fcche<\/title>\n<meta name=\"robots\" content=\"index, follow, max-snippet:-1, max-image-preview:large, max-video-preview:-1\" \/>\n<link rel=\"canonical\" href=\"https:\/\/www.asf-brandenburg.de\/asf_wp\/aktuelles\/2021\/spendenaufruf-graustein\/\" \/>\n<meta property=\"og:locale\" content=\"de_DE\" \/>\n<meta property=\"og:type\" content=\"article\" \/>\n<meta property=\"og:title\" content=\"Auf dem Weg zur Selbstversorgung \u2013 Kita Graustein sucht Unterst\u00fctzung f\u00fcr erste eigene K\u00fcche\" \/>\n<meta property=\"og:description\" content=\"T\u00e4glich frisch, ausgewogen und mit saisonalen Zutaten aus dem Hofgarten: Der Wunschspeiseplan der Elternschaft, Mitarbeitenden und 38 Kinder der Kita Graustein steht. Was noch fehlt: Eine Kitak\u00fcche, die alle Hygieneauflagen erf\u00fcllt und der anstehenden Kochmenge gewachsen ist. Kostenpunkt: 7000 Euro, 3000 Euro davon m\u00fcssen jetzt \u00fcber Spenden finanziert werden. Jeder kleine Beitrag hilft \u2013 jetzt spenden!\" \/>\n<meta property=\"og:url\" content=\"https:\/\/www.asf-brandenburg.de\/asf_wp\/aktuelles\/2021\/spendenaufruf-graustein\/\" \/>\n<meta property=\"og:site_name\" content=\"Albert-Schweitzer-Familienwerk Brandenburg e.V.\" \/>\n<meta property=\"article:publisher\" content=\"https:\/\/www.facebook.com\/AlbertSchweitzerFamilienwerkBrandenburg\" \/>\n<meta property=\"article:published_time\" content=\"2021-06-16T10:30:39+00:00\" \/>\n<meta property=\"og:image\" content=\"https:\/\/www.asf-brandenburg.de\/asf_wp\/wp-content\/uploads\/2021\/06\/Kita-Graustein_2-scaled.jpg\" \/>\n\t<meta property=\"og:image:width\" content=\"2560\" \/>\n\t<meta property=\"og:image:height\" content=\"2117\" \/>\n\t<meta property=\"og:image:type\" content=\"image\/jpeg\" \/>\n<meta name=\"author\" content=\"Web Admin\" \/>\n<meta name=\"twitter:card\" content=\"summary_large_image\" \/>\n<meta name=\"twitter:label1\" content=\"Verfasst von\" \/>\n\t<meta name=\"twitter:data1\" content=\"Web Admin\" \/>\n\t<meta name=\"twitter:label2\" content=\"Gesch\u00e4tzte Lesezeit\" \/>\n\t<meta name=\"twitter:data2\" content=\"2\u00a0Minuten\" \/>\n<script type=\"application\/ld+json\" class=\"yoast-schema-graph\">{\"@context\":\"https:\\\/\\\/schema.org\",\"@graph\":[{\"@type\":\"Article\",\"@id\":\"https:\\\/\\\/www.asf-brandenburg.de\\\/asf_wp\\\/aktuelles\\\/2021\\\/spendenaufruf-graustein\\\/#article\",\"isPartOf\":{\"@id\":\"https:\\\/\\\/www.asf-brandenburg.de\\\/asf_wp\\\/aktuelles\\\/2021\\\/spendenaufruf-graustein\\\/\"},\"author\":{\"name\":\"Web Admin\",\"@id\":\"https:\\\/\\\/www.asf-brandenburg.de\\\/asf_wp\\\/#\\\/schema\\\/person\\\/a63ba1553f2aa75f90f3809d9e4a1efc\"},\"headline\":\"Auf dem Weg zur Selbstversorgung \u2013 Kita Graustein sucht Unterst\u00fctzung f\u00fcr erste eigene K\u00fcche\",\"datePublished\":\"2021-06-16T10:30:39+00:00\",\"mainEntityOfPage\":{\"@id\":\"https:\\\/\\\/www.asf-brandenburg.de\\\/asf_wp\\\/aktuelles\\\/2021\\\/spendenaufruf-graustein\\\/\"},\"wordCount\":953,\"publisher\":{\"@id\":\"https:\\\/\\\/www.asf-brandenburg.de\\\/asf_wp\\\/#organization\"},\"image\":{\"@id\":\"https:\\\/\\\/www.asf-brandenburg.de\\\/asf_wp\\\/aktuelles\\\/2021\\\/spendenaufruf-graustein\\\/#primaryimage\"},\"thumbnailUrl\":\"https:\\\/\\\/www.asf-brandenburg.de\\\/asf_wp\\\/wp-content\\\/uploads\\\/2021\\\/06\\\/Kita-Graustein_2-scaled.jpg\",\"keywords\":[\"Albert-Schweitzer-Familienwerk Brandenburg e.V.\",\"KiSS\"],\"articleSection\":[\"Neuigkeiten 2021\"],\"inLanguage\":\"de\"},{\"@type\":\"WebPage\",\"@id\":\"https:\\\/\\\/www.asf-brandenburg.de\\\/asf_wp\\\/aktuelles\\\/2021\\\/spendenaufruf-graustein\\\/\",\"url\":\"https:\\\/\\\/www.asf-brandenburg.de\\\/asf_wp\\\/aktuelles\\\/2021\\\/spendenaufruf-graustein\\\/\",\"name\":\"Auf dem Weg zur Selbstversorgung \u2013 Kita Graustein sucht Unterst\u00fctzung f\u00fcr erste eigene K\u00fcche\",\"isPartOf\":{\"@id\":\"https:\\\/\\\/www.asf-brandenburg.de\\\/asf_wp\\\/#website\"},\"primaryImageOfPage\":{\"@id\":\"https:\\\/\\\/www.asf-brandenburg.de\\\/asf_wp\\\/aktuelles\\\/2021\\\/spendenaufruf-graustein\\\/#primaryimage\"},\"image\":{\"@id\":\"https:\\\/\\\/www.asf-brandenburg.de\\\/asf_wp\\\/aktuelles\\\/2021\\\/spendenaufruf-graustein\\\/#primaryimage\"},\"thumbnailUrl\":\"https:\\\/\\\/www.asf-brandenburg.de\\\/asf_wp\\\/wp-content\\\/uploads\\\/2021\\\/06\\\/Kita-Graustein_2-scaled.jpg\",\"datePublished\":\"2021-06-16T10:30:39+00:00\",\"breadcrumb\":{\"@id\":\"https:\\\/\\\/www.asf-brandenburg.de\\\/asf_wp\\\/aktuelles\\\/2021\\\/spendenaufruf-graustein\\\/#breadcrumb\"},\"inLanguage\":\"de\",\"potentialAction\":[{\"@type\":\"ReadAction\",\"target\":[\"https:\\\/\\\/www.asf-brandenburg.de\\\/asf_wp\\\/aktuelles\\\/2021\\\/spendenaufruf-graustein\\\/\"]}]},{\"@type\":\"ImageObject\",\"inLanguage\":\"de\",\"@id\":\"https:\\\/\\\/www.asf-brandenburg.de\\\/asf_wp\\\/aktuelles\\\/2021\\\/spendenaufruf-graustein\\\/#primaryimage\",\"url\":\"https:\\\/\\\/www.asf-brandenburg.de\\\/asf_wp\\\/wp-content\\\/uploads\\\/2021\\\/06\\\/Kita-Graustein_2-scaled.jpg\",\"contentUrl\":\"https:\\\/\\\/www.asf-brandenburg.de\\\/asf_wp\\\/wp-content\\\/uploads\\\/2021\\\/06\\\/Kita-Graustein_2-scaled.jpg\",\"width\":2560,\"height\":2117},{\"@type\":\"BreadcrumbList\",\"@id\":\"https:\\\/\\\/www.asf-brandenburg.de\\\/asf_wp\\\/aktuelles\\\/2021\\\/spendenaufruf-graustein\\\/#breadcrumb\",\"itemListElement\":[{\"@type\":\"ListItem\",\"position\":1,\"name\":\"Startseite\",\"item\":\"https:\\\/\\\/www.asf-brandenburg.de\\\/asf_wp\\\/\"},{\"@type\":\"ListItem\",\"position\":2,\"name\":\"Auf dem Weg zur Selbstversorgung \u2013 Kita Graustein sucht Unterst\u00fctzung f\u00fcr erste eigene K\u00fcche\"}]},{\"@type\":\"WebSite\",\"@id\":\"https:\\\/\\\/www.asf-brandenburg.de\\\/asf_wp\\\/#website\",\"url\":\"https:\\\/\\\/www.asf-brandenburg.de\\\/asf_wp\\\/\",\"name\":\"Albert-Schweitzer-Kinderd\u00f6rfer und Familienwerke Brandenburg e. V.\",\"description\":\"\",\"publisher\":{\"@id\":\"https:\\\/\\\/www.asf-brandenburg.de\\\/asf_wp\\\/#organization\"},\"potentialAction\":[{\"@type\":\"SearchAction\",\"target\":{\"@type\":\"EntryPoint\",\"urlTemplate\":\"https:\\\/\\\/www.asf-brandenburg.de\\\/asf_wp\\\/?s={search_term_string}\"},\"query-input\":{\"@type\":\"PropertyValueSpecification\",\"valueRequired\":true,\"valueName\":\"search_term_string\"}}],\"inLanguage\":\"de\"},{\"@type\":\"Organization\",\"@id\":\"https:\\\/\\\/www.asf-brandenburg.de\\\/asf_wp\\\/#organization\",\"name\":\"Albert-Schweitzer-Familienwerk Brandenburg e. V.\",\"url\":\"https:\\\/\\\/www.asf-brandenburg.de\\\/asf_wp\\\/\",\"logo\":{\"@type\":\"ImageObject\",\"inLanguage\":\"de\",\"@id\":\"https:\\\/\\\/www.asf-brandenburg.de\\\/asf_wp\\\/#\\\/schema\\\/logo\\\/image\\\/\",\"url\":\"https:\\\/\\\/www.asf-brandenburg.de\\\/asf_wp\\\/wp-content\\\/uploads\\\/2018\\\/08\\\/Logo_ASF_BRB_318x107.png\",\"contentUrl\":\"https:\\\/\\\/www.asf-brandenburg.de\\\/asf_wp\\\/wp-content\\\/uploads\\\/2018\\\/08\\\/Logo_ASF_BRB_318x107.png\",\"width\":318,\"height\":107,\"caption\":\"Albert-Schweitzer-Familienwerk Brandenburg e. V.\"},\"image\":{\"@id\":\"https:\\\/\\\/www.asf-brandenburg.de\\\/asf_wp\\\/#\\\/schema\\\/logo\\\/image\\\/\"},\"sameAs\":[\"https:\\\/\\\/www.facebook.com\\\/AlbertSchweitzerFamilienwerkBrandenburg\",\"https:\\\/\\\/www.youtube.com\\\/@asfbrandenburg\",\"https:\\\/\\\/www.instagram.com\\\/asf_brandenburg\\\/\"]},{\"@type\":\"Person\",\"@id\":\"https:\\\/\\\/www.asf-brandenburg.de\\\/asf_wp\\\/#\\\/schema\\\/person\\\/a63ba1553f2aa75f90f3809d9e4a1efc\",\"name\":\"Web Admin\",\"sameAs\":[\"http:\\\/\\\/www.asf-brandenburg.de\"],\"url\":\"https:\\\/\\\/www.asf-brandenburg.de\\\/asf_wp\\\/aktuelles\\\/author\\\/asf\\\/\"}]}<\/script>\n<!-- \/ Yoast SEO plugin. -->","yoast_head_json":{"title":"Auf dem Weg zur Selbstversorgung \u2013 Kita Graustein sucht Unterst\u00fctzung f\u00fcr erste eigene K\u00fcche","robots":{"index":"index","follow":"follow","max-snippet":"max-snippet:-1","max-image-preview":"max-image-preview:large","max-video-preview":"max-video-preview:-1"},"canonical":"https:\/\/www.asf-brandenburg.de\/asf_wp\/aktuelles\/2021\/spendenaufruf-graustein\/","og_locale":"de_DE","og_type":"article","og_title":"Auf dem Weg zur Selbstversorgung \u2013 Kita Graustein sucht Unterst\u00fctzung f\u00fcr erste eigene K\u00fcche","og_description":"T\u00e4glich frisch, ausgewogen und mit saisonalen Zutaten aus dem Hofgarten: Der Wunschspeiseplan der Elternschaft, Mitarbeitenden und 38 Kinder der Kita Graustein steht. Was noch fehlt: Eine Kitak\u00fcche, die alle Hygieneauflagen erf\u00fcllt und der anstehenden Kochmenge gewachsen ist. Kostenpunkt: 7000 Euro, 3000 Euro davon m\u00fcssen jetzt \u00fcber Spenden finanziert werden. Jeder kleine Beitrag hilft \u2013 jetzt spenden!","og_url":"https:\/\/www.asf-brandenburg.de\/asf_wp\/aktuelles\/2021\/spendenaufruf-graustein\/","og_site_name":"Albert-Schweitzer-Familienwerk Brandenburg e.V.","article_publisher":"https:\/\/www.facebook.com\/AlbertSchweitzerFamilienwerkBrandenburg","article_published_time":"2021-06-16T10:30:39+00:00","og_image":[{"width":2560,"height":2117,"url":"https:\/\/www.asf-brandenburg.de\/asf_wp\/wp-content\/uploads\/2021\/06\/Kita-Graustein_2-scaled.jpg","type":"image\/jpeg"}],"author":"Web Admin","twitter_card":"summary_large_image","twitter_misc":{"Verfasst von":"Web Admin","Gesch\u00e4tzte Lesezeit":"2\u00a0Minuten"},"schema":{"@context":"https:\/\/schema.org","@graph":[{"@type":"Article","@id":"https:\/\/www.asf-brandenburg.de\/asf_wp\/aktuelles\/2021\/spendenaufruf-graustein\/#article","isPartOf":{"@id":"https:\/\/www.asf-brandenburg.de\/asf_wp\/aktuelles\/2021\/spendenaufruf-graustein\/"},"author":{"name":"Web Admin","@id":"https:\/\/www.asf-brandenburg.de\/asf_wp\/#\/schema\/person\/a63ba1553f2aa75f90f3809d9e4a1efc"},"headline":"Auf dem Weg zur Selbstversorgung \u2013 Kita Graustein sucht Unterst\u00fctzung f\u00fcr erste eigene K\u00fcche","datePublished":"2021-06-16T10:30:39+00:00","mainEntityOfPage":{"@id":"https:\/\/www.asf-brandenburg.de\/asf_wp\/aktuelles\/2021\/spendenaufruf-graustein\/"},"wordCount":953,"publisher":{"@id":"https:\/\/www.asf-brandenburg.de\/asf_wp\/#organization"},"image":{"@id":"https:\/\/www.asf-brandenburg.de\/asf_wp\/aktuelles\/2021\/spendenaufruf-graustein\/#primaryimage"},"thumbnailUrl":"https:\/\/www.asf-brandenburg.de\/asf_wp\/wp-content\/uploads\/2021\/06\/Kita-Graustein_2-scaled.jpg","keywords":["Albert-Schweitzer-Familienwerk Brandenburg e.V.","KiSS"],"articleSection":["Neuigkeiten 2021"],"inLanguage":"de"},{"@type":"WebPage","@id":"https:\/\/www.asf-brandenburg.de\/asf_wp\/aktuelles\/2021\/spendenaufruf-graustein\/","url":"https:\/\/www.asf-brandenburg.de\/asf_wp\/aktuelles\/2021\/spendenaufruf-graustein\/","name":"Auf dem Weg zur Selbstversorgung \u2013 Kita Graustein sucht Unterst\u00fctzung f\u00fcr erste eigene K\u00fcche","isPartOf":{"@id":"https:\/\/www.asf-brandenburg.de\/asf_wp\/#website"},"primaryImageOfPage":{"@id":"https:\/\/www.asf-brandenburg.de\/asf_wp\/aktuelles\/2021\/spendenaufruf-graustein\/#primaryimage"},"image":{"@id":"https:\/\/www.asf-brandenburg.de\/asf_wp\/aktuelles\/2021\/spendenaufruf-graustein\/#primaryimage"},"thumbnailUrl":"https:\/\/www.asf-brandenburg.de\/asf_wp\/wp-content\/uploads\/2021\/06\/Kita-Graustein_2-scaled.jpg","datePublished":"2021-06-16T10:30:39+00:00","breadcrumb":{"@id":"https:\/\/www.asf-brandenburg.de\/asf_wp\/aktuelles\/2021\/spendenaufruf-graustein\/#breadcrumb"},"inLanguage":"de","potentialAction":[{"@type":"ReadAction","target":["https:\/\/www.asf-brandenburg.de\/asf_wp\/aktuelles\/2021\/spendenaufruf-graustein\/"]}]},{"@type":"ImageObject","inLanguage":"de","@id":"https:\/\/www.asf-brandenburg.de\/asf_wp\/aktuelles\/2021\/spendenaufruf-graustein\/#primaryimage","url":"https:\/\/www.asf-brandenburg.de\/asf_wp\/wp-content\/uploads\/2021\/06\/Kita-Graustein_2-scaled.jpg","contentUrl":"https:\/\/www.asf-brandenburg.de\/asf_wp\/wp-content\/uploads\/2021\/06\/Kita-Graustein_2-scaled.jpg","width":2560,"height":2117},{"@type":"BreadcrumbList","@id":"https:\/\/www.asf-brandenburg.de\/asf_wp\/aktuelles\/2021\/spendenaufruf-graustein\/#breadcrumb","itemListElement":[{"@type":"ListItem","position":1,"name":"Startseite","item":"https:\/\/www.asf-brandenburg.de\/asf_wp\/"},{"@type":"ListItem","position":2,"name":"Auf dem Weg zur Selbstversorgung \u2013 Kita Graustein sucht Unterst\u00fctzung f\u00fcr erste eigene K\u00fcche"}]},{"@type":"WebSite","@id":"https:\/\/www.asf-brandenburg.de\/asf_wp\/#website","url":"https:\/\/www.asf-brandenburg.de\/asf_wp\/","name":"Albert-Schweitzer-Kinderd\u00f6rfer und Familienwerke Brandenburg e. V.","description":"","publisher":{"@id":"https:\/\/www.asf-brandenburg.de\/asf_wp\/#organization"},"potentialAction":[{"@type":"SearchAction","target":{"@type":"EntryPoint","urlTemplate":"https:\/\/www.asf-brandenburg.de\/asf_wp\/?s={search_term_string}"},"query-input":{"@type":"PropertyValueSpecification","valueRequired":true,"valueName":"search_term_string"}}],"inLanguage":"de"},{"@type":"Organization","@id":"https:\/\/www.asf-brandenburg.de\/asf_wp\/#organization","name":"Albert-Schweitzer-Familienwerk Brandenburg e. V.","url":"https:\/\/www.asf-brandenburg.de\/asf_wp\/","logo":{"@type":"ImageObject","inLanguage":"de","@id":"https:\/\/www.asf-brandenburg.de\/asf_wp\/#\/schema\/logo\/image\/","url":"https:\/\/www.asf-brandenburg.de\/asf_wp\/wp-content\/uploads\/2018\/08\/Logo_ASF_BRB_318x107.png","contentUrl":"https:\/\/www.asf-brandenburg.de\/asf_wp\/wp-content\/uploads\/2018\/08\/Logo_ASF_BRB_318x107.png","width":318,"height":107,"caption":"Albert-Schweitzer-Familienwerk Brandenburg e. V."},"image":{"@id":"https:\/\/www.asf-brandenburg.de\/asf_wp\/#\/schema\/logo\/image\/"},"sameAs":["https:\/\/www.facebook.com\/AlbertSchweitzerFamilienwerkBrandenburg","https:\/\/www.youtube.com\/@asfbrandenburg","https:\/\/www.instagram.com\/asf_brandenburg\/"]},{"@type":"Person","@id":"https:\/\/www.asf-brandenburg.de\/asf_wp\/#\/schema\/person\/a63ba1553f2aa75f90f3809d9e4a1efc","name":"Web Admin","sameAs":["http:\/\/www.asf-brandenburg.de"],"url":"https:\/\/www.asf-brandenburg.de\/asf_wp\/aktuelles\/author\/asf\/"}]}},"_links":{"self":[{"href":"https:\/\/www.asf-brandenburg.de\/asf_wp\/wp-json\/wp\/v2\/posts\/3145","targetHints":{"allow":["GET"]}}],"collection":[{"href":"https:\/\/www.asf-brandenburg.de\/asf_wp\/wp-json\/wp\/v2\/posts"}],"about":[{"href":"https:\/\/www.asf-brandenburg.de\/asf_wp\/wp-json\/wp\/v2\/types\/post"}],"author":[{"embeddable":true,"href":"https:\/\/www.asf-brandenburg.de\/asf_wp\/wp-json\/wp\/v2\/users\/2"}],"replies":[{"embeddable":true,"href":"https:\/\/www.asf-brandenburg.de\/asf_wp\/wp-json\/wp\/v2\/comments?post=3145"}],"version-history":[{"count":0,"href":"https:\/\/www.asf-brandenburg.de\/asf_wp\/wp-json\/wp\/v2\/posts\/3145\/revisions"}],"wp:featuredmedia":[{"embeddable":true,"href":"https:\/\/www.asf-brandenburg.de\/asf_wp\/wp-json\/wp\/v2\/media\/3149"}],"wp:attachment":[{"href":"https:\/\/www.asf-brandenburg.de\/asf_wp\/wp-json\/wp\/v2\/media?parent=3145"}],"wp:term":[{"taxonomy":"category","embeddable":true,"href":"https:\/\/www.asf-brandenburg.de\/asf_wp\/wp-json\/wp\/v2\/categories?post=3145"},{"taxonomy":"post_tag","embeddable":true,"href":"https:\/\/www.asf-brandenburg.de\/asf_wp\/wp-json\/wp\/v2\/tags?post=3145"}],"curies":[{"name":"wp","href":"https:\/\/api.w.org\/{rel}","templated":true}]}}