{"id":2994,"date":"2021-05-31T15:15:04","date_gmt":"2021-05-31T13:15:04","guid":{"rendered":"https:\/\/www.asf-brandenburg.de\/asf_wp\/?p=2994"},"modified":"2021-12-30T08:49:13","modified_gmt":"2021-12-30T07:49:13","slug":"kindertag-plakataktion","status":"publish","type":"post","link":"https:\/\/www.asf-brandenburg.de\/asf_wp\/aktuelles\/2021\/kindertag-plakataktion\/","title":{"rendered":"\u201eWir sind wieder da!\u201c: Kitas und Horte feiern Kindertag mit Plakataktion"},"content":{"rendered":"<div class=\"fusion-fullwidth fullwidth-box fusion-builder-row-1 nonhundred-percent-fullwidth non-hundred-percent-height-scrolling\" style=\"--awb-border-radius-top-left:0px;--awb-border-radius-top-right:0px;--awb-border-radius-bottom-right:0px;--awb-border-radius-bottom-left:0px;--awb-flex-wrap:wrap;\" ><div class=\"fusion-builder-row fusion-row\"><div class=\"fusion-layout-column fusion_builder_column fusion-builder-column-0 fusion_builder_column_1_1 1_1 fusion-one-full fusion-column-first fusion-column-last\" style=\"--awb-bg-size:cover;--awb-margin-bottom:0px;\"><div class=\"fusion-column-wrapper fusion-column-has-shadow fusion-flex-column-wrapper-legacy\"><div class=\"fusion-text fusion-text-1\"><p>Der erste Juni jedes Jahres steht traditionell im Zeichen der Kinder: Die Kindertagesst\u00e4tten, Horte und das Lausitzer Haus des Lernens des Albert-Schweitzer-Familienwerkes Brandenburg e.V. werden ihren diesj\u00e4hrigen Kindertag unter der \u00dcberschrift \u201eWir sind wieder da!\u201c feiern \u2013 und mit ihm auch ein bisschen zur\u00fcckgewonnene Normalit\u00e4t.<\/p>\n<h3><strong>Schulen und Kitas kehren in die regul\u00e4re Betreuung zur\u00fcck<\/strong><\/h3>\n<p>Hinter den kreativen kleinen Details der von den Kindern selbst gestalteten Plakate steht die gro\u00dfe Botschaft: Wir haben uns ein kleines St\u00fcck Alltag wieder erk\u00e4mpft. Die Notbetreuung ist aufgrund des r\u00fcckl\u00e4ufigen Infektionsgeschehens im Landkreis Spree-Nei\u00dfe aufgehoben und auch das Lausitzer Haus des Lernens hat am 31.05. den Pr\u00e4senzunterricht wieder aufgenommen. Von einer einrichtungs\u00fcbergreifenden Festlichkeit an einem zentralen Ort hat der Verein dennoch in diesem Jahr abgesehen.<\/p>\n<blockquote>\n<p>Kai Noack, Gesch\u00e4ftsf\u00fchrer des Albert-Schweitzer-Familienwerkes Brandenburg e.V.: \u201eTrotz der derzeit niedrigen Infektionszahlen sind gro\u00dfe Zusammenk\u00fcnfte noch nicht verantwortbar. Wir freuen uns aber schon jetzt darauf, unsere Kindertagsfeiern im Familienzentrum voraussichtlich zum Weltkindertag am 20. September nachzuholen, sofern es die pandemische Entwicklung zul\u00e4sst.\u201c Dennoch sei es wichtig, den ersten Juni nicht unbeachtet verstreichen zu lassen. \u201eDie p\u00e4dagogischen Fachkr\u00e4fte und Leiterinnen haben sich f\u00fcr ihre Einrichtung jeweils ein Tagesprogramm ausgedacht mit vielen liebevollen Aufmerksamkeiten, um den Kindern im Rahmen der M\u00f6glichkeiten einen besonderen Tag zu schenken.\u201c<\/p>\n<\/blockquote>\n<h3><strong>M\u00e4rchenvorstellung, Feuerwehrfest und H\u00fcpfburg<\/strong><\/h3>\n<p>Den Start macht die <strong>Kindertagesst\u00e4tte \u201cHummelnest\u201d<\/strong> um 9.15 Uhr mit einem Highlight: Die Erzieherinnen rund um Leiterin Simone M\u00fcnchow werden ein M\u00e4rchenst\u00fcck f\u00fcr ihre Sch\u00fctzlinge auff\u00fchren. Welches genau? Das wird noch nicht verraten! Gleich nebenan in der <strong>Kindertagesst\u00e4tte Graustein<\/strong> wird es ein Feuerwehrfest mit H\u00fcpfburg, Bastelstra\u00dfe und einer leckeren \u00dcberraschung geben. Die Kita \u201eKinderland\u201c in Schwarze Pumpe verbringt den Tag bei einem Picknick und einem Spielparcours auf dem Kitagel\u00e4nde. Auch die ASF Kita Gro\u00df Luja erwartet einen betriebsamen Tag mit H\u00fcpfburg, Spa\u00df und Spiel. Am Nachmittag geht es f\u00fcr die Schulkinder im Hort des Lausitzer Haus des Lernens weiter, wo ab 13 Uhr ein Spielfest auf dem Schulhof stattfinden wird. Die Kita- und Hortteams hoffen, dass sie den Kindern insbesondere in diesem Jahr an ihrem Tag eine Freude machen k\u00f6nnen.<\/p>\n<blockquote>\n<p>Gesch\u00e4ftsf\u00fchrerin Kerstin Nowka: \u201eAuch die J\u00fcngsten hatten in den vergangenen Monaten eine unheimlich schwere Zeit zu bew\u00e4ltigen: Lockdown, \u00d6ffnungen, Schlie\u00dfungen, Quarant\u00e4ne und wieder von vorn. Die Belastung war enorm und einzigartig. Dabei haben sie Gro\u00dfes geleistet, zum Schutz anderer zur\u00fcckgesteckt, ausgehalten und Verst\u00e4ndnis gezeigt. Das zu erleben, war beeindruckend. Wir k\u00f6nnen uns nur bedanken.\u201c<\/p>\n<\/blockquote>\n<\/div><div class=\"fusion-sep-clear\"><\/div><div class=\"fusion-separator fusion-full-width-sep\" style=\"margin-left: auto;margin-right: auto;margin-top:30px;width:100%;\"><\/div><div class=\"fusion-sep-clear\"><\/div><div class=\"awb-gallery-wrapper awb-gallery-wrapper-1 button-span-no\"><div style=\"margin:-5px;--awb-bordersize:0px;\" class=\"fusion-gallery fusion-gallery-container fusion-grid-3 fusion-columns-total-8 fusion-gallery-layout-grid fusion-gallery-1\"><div style=\"padding:5px;\" class=\"fusion-grid-column fusion-gallery-column fusion-gallery-column-3 hover-type-none\"><div class=\"fusion-gallery-image\"><a href=\"https:\/\/www.asf-brandenburg.de\/asf_wp\/wp-content\/uploads\/2021\/05\/Hort-des-Lernens-scaled.jpg\" rel=\"noreferrer\" data-rel=\"iLightbox[gallery_image_1]\" class=\"fusion-lightbox\" target=\"_self\"><img decoding=\"async\" src=\"https:\/\/www.asf-brandenburg.de\/asf_wp\/wp-content\/uploads\/2021\/05\/Hort-des-Lernens-scaled.jpg\" width=\"2560\" height=\"1734\" alt=\"\" title=\"&#8222;Wir sind wieder da!&#8220; Die Sch\u00fclerinnen und Sch\u00fcler des Lausitzer Hort des Lernens freuen sich \u00fcber die R\u00fcckkehr in den gewohnten Schulalltag.\" aria-label=\"&#8222;Wir sind wieder da!&#8220; Die Sch\u00fclerinnen und Sch\u00fcler des Lausitzer Hort des Lernens freuen sich \u00fcber die R\u00fcckkehr in den gewohnten Schulalltag.\" class=\"img-responsive wp-image-2996\" srcset=\"https:\/\/www.asf-brandenburg.de\/asf_wp\/wp-content\/uploads\/2021\/05\/Hort-des-Lernens-scaled-200x135.jpg 200w, https:\/\/www.asf-brandenburg.de\/asf_wp\/wp-content\/uploads\/2021\/05\/Hort-des-Lernens-scaled-400x271.jpg 400w, https:\/\/www.asf-brandenburg.de\/asf_wp\/wp-content\/uploads\/2021\/05\/Hort-des-Lernens-scaled-600x406.jpg 600w, https:\/\/www.asf-brandenburg.de\/asf_wp\/wp-content\/uploads\/2021\/05\/Hort-des-Lernens-scaled-800x542.jpg 800w, https:\/\/www.asf-brandenburg.de\/asf_wp\/wp-content\/uploads\/2021\/05\/Hort-des-Lernens-scaled-1200x813.jpg 1200w, https:\/\/www.asf-brandenburg.de\/asf_wp\/wp-content\/uploads\/2021\/05\/Hort-des-Lernens-scaled.jpg 2560w\" sizes=\"(min-width: 2200px) 100vw, (min-width: 784px) 423px, (min-width: 712px) 635px, (min-width: 640px) 712px, \" \/><\/a><\/div><\/div><div style=\"padding:5px;\" class=\"fusion-grid-column fusion-gallery-column fusion-gallery-column-3 hover-type-none\"><div class=\"fusion-gallery-image\"><a href=\"https:\/\/www.asf-brandenburg.de\/asf_wp\/wp-content\/uploads\/2021\/05\/Hort-des-Lernens2-scaled.jpg\" rel=\"noreferrer\" data-rel=\"iLightbox[gallery_image_1]\" class=\"fusion-lightbox\" target=\"_self\"><img decoding=\"async\" src=\"https:\/\/www.asf-brandenburg.de\/asf_wp\/wp-content\/uploads\/2021\/05\/Hort-des-Lernens2-scaled.jpg\" width=\"2524\" height=\"2560\" alt=\"\" title=\"Oben auf: Die Sch\u00fclerinnen und Sch\u00fcler des Hortes des Lausitzer Haus des Lernens freuen sich \u00fcber die R\u00fcckkehr in den Schulalltag.\" aria-label=\"Oben auf: Die Sch\u00fclerinnen und Sch\u00fcler des Hortes des Lausitzer Haus des Lernens freuen sich \u00fcber die R\u00fcckkehr in den Schulalltag.\" class=\"img-responsive wp-image-2997\" srcset=\"https:\/\/www.asf-brandenburg.de\/asf_wp\/wp-content\/uploads\/2021\/05\/Hort-des-Lernens2-scaled-200x203.jpg 200w, https:\/\/www.asf-brandenburg.de\/asf_wp\/wp-content\/uploads\/2021\/05\/Hort-des-Lernens2-scaled-400x406.jpg 400w, https:\/\/www.asf-brandenburg.de\/asf_wp\/wp-content\/uploads\/2021\/05\/Hort-des-Lernens2-scaled-600x609.jpg 600w, https:\/\/www.asf-brandenburg.de\/asf_wp\/wp-content\/uploads\/2021\/05\/Hort-des-Lernens2-scaled-800x811.jpg 800w, https:\/\/www.asf-brandenburg.de\/asf_wp\/wp-content\/uploads\/2021\/05\/Hort-des-Lernens2-scaled-1200x1217.jpg 1200w, https:\/\/www.asf-brandenburg.de\/asf_wp\/wp-content\/uploads\/2021\/05\/Hort-des-Lernens2-scaled.jpg 2524w\" sizes=\"(min-width: 2200px) 100vw, (min-width: 784px) 423px, (min-width: 712px) 635px, (min-width: 640px) 712px, \" \/><\/a><\/div><\/div><div style=\"padding:5px;\" class=\"fusion-grid-column fusion-gallery-column fusion-gallery-column-3 hover-type-none\"><div class=\"fusion-gallery-image\"><a href=\"https:\/\/www.asf-brandenburg.de\/asf_wp\/wp-content\/uploads\/2021\/05\/Kita-Gross-Luja-scaled.jpg\" rel=\"noreferrer\" data-rel=\"iLightbox[gallery_image_1]\" class=\"fusion-lightbox\" target=\"_self\"><img decoding=\"async\" src=\"https:\/\/www.asf-brandenburg.de\/asf_wp\/wp-content\/uploads\/2021\/05\/Kita-Gross-Luja-scaled.jpg\" width=\"2560\" height=\"2271\" alt=\"\" title=\"Juhu, endlich zur\u00fcck! Die ASF Kita Gro\u00df Luja hat ihr Plakat mit bunten Sommerblumen geschm\u00fcckt.\" aria-label=\"Juhu, endlich zur\u00fcck! Die ASF Kita Gro\u00df Luja hat ihr Plakat mit bunten Sommerblumen geschm\u00fcckt.\" class=\"img-responsive wp-image-2998\" srcset=\"https:\/\/www.asf-brandenburg.de\/asf_wp\/wp-content\/uploads\/2021\/05\/Kita-Gross-Luja-scaled-200x177.jpg 200w, https:\/\/www.asf-brandenburg.de\/asf_wp\/wp-content\/uploads\/2021\/05\/Kita-Gross-Luja-scaled-400x355.jpg 400w, https:\/\/www.asf-brandenburg.de\/asf_wp\/wp-content\/uploads\/2021\/05\/Kita-Gross-Luja-scaled-600x532.jpg 600w, https:\/\/www.asf-brandenburg.de\/asf_wp\/wp-content\/uploads\/2021\/05\/Kita-Gross-Luja-scaled-800x710.jpg 800w, https:\/\/www.asf-brandenburg.de\/asf_wp\/wp-content\/uploads\/2021\/05\/Kita-Gross-Luja-scaled-1200x1065.jpg 1200w, https:\/\/www.asf-brandenburg.de\/asf_wp\/wp-content\/uploads\/2021\/05\/Kita-Gross-Luja-scaled.jpg 2560w\" sizes=\"(min-width: 2200px) 100vw, (min-width: 784px) 423px, (min-width: 712px) 635px, (min-width: 640px) 712px, \" \/><\/a><\/div><\/div><div class=\"clearfix\"><\/div><div style=\"padding:5px;\" class=\"fusion-grid-column fusion-gallery-column fusion-gallery-column-3 hover-type-none\"><div class=\"fusion-gallery-image\"><a href=\"https:\/\/www.asf-brandenburg.de\/asf_wp\/wp-content\/uploads\/2021\/05\/Kita-Hummelnest1-scaled.jpg\" rel=\"noreferrer\" data-rel=\"iLightbox[gallery_image_1]\" class=\"fusion-lightbox\" target=\"_self\"><img decoding=\"async\" src=\"https:\/\/www.asf-brandenburg.de\/asf_wp\/wp-content\/uploads\/2021\/05\/Kita-Hummelnest1-scaled.jpg\" width=\"2560\" height=\"1428\" alt=\"\" title=\"Ein Regenschirm kann auch zum Sonnenschirm werden! Die Kinder der Kita Hummelnest freuen sich \u00fcber ein St\u00fcck wieder gewonnene Normalit\u00e4t.\" aria-label=\"Ein Regenschirm kann auch zum Sonnenschirm werden! Die Kinder der Kita Hummelnest freuen sich \u00fcber ein St\u00fcck wieder gewonnene Normalit\u00e4t.\" class=\"img-responsive wp-image-3001\" srcset=\"https:\/\/www.asf-brandenburg.de\/asf_wp\/wp-content\/uploads\/2021\/05\/Kita-Hummelnest1-scaled-200x112.jpg 200w, https:\/\/www.asf-brandenburg.de\/asf_wp\/wp-content\/uploads\/2021\/05\/Kita-Hummelnest1-scaled-400x223.jpg 400w, https:\/\/www.asf-brandenburg.de\/asf_wp\/wp-content\/uploads\/2021\/05\/Kita-Hummelnest1-scaled-600x335.jpg 600w, https:\/\/www.asf-brandenburg.de\/asf_wp\/wp-content\/uploads\/2021\/05\/Kita-Hummelnest1-scaled-800x446.jpg 800w, https:\/\/www.asf-brandenburg.de\/asf_wp\/wp-content\/uploads\/2021\/05\/Kita-Hummelnest1-scaled-1200x669.jpg 1200w, https:\/\/www.asf-brandenburg.de\/asf_wp\/wp-content\/uploads\/2021\/05\/Kita-Hummelnest1-scaled.jpg 2560w\" sizes=\"(min-width: 2200px) 100vw, (min-width: 784px) 423px, (min-width: 712px) 635px, (min-width: 640px) 712px, \" \/><\/a><\/div><\/div><div style=\"padding:5px;\" class=\"fusion-grid-column fusion-gallery-column fusion-gallery-column-3 hover-type-none\"><div class=\"fusion-gallery-image\"><a href=\"https:\/\/www.asf-brandenburg.de\/asf_wp\/wp-content\/uploads\/2021\/05\/Kita-Hummelnest_3-scaled.jpg\" rel=\"noreferrer\" data-rel=\"iLightbox[gallery_image_1]\" class=\"fusion-lightbox\" target=\"_self\"><img decoding=\"async\" src=\"https:\/\/www.asf-brandenburg.de\/asf_wp\/wp-content\/uploads\/2021\/05\/Kita-Hummelnest_3-scaled.jpg\" width=\"2560\" height=\"1505\" alt=\"\" title=\"Mit einem kreativen Fotomotiv sagen die Kinder der Kita Hummelnest: Die Regentage sind vorbei, von jetzt an wird es wieder besser!\" aria-label=\"Mit einem kreativen Fotomotiv sagen die Kinder der Kita Hummelnest: Die Regentage sind vorbei, von jetzt an wird es wieder besser!\" class=\"img-responsive wp-image-3000\" srcset=\"https:\/\/www.asf-brandenburg.de\/asf_wp\/wp-content\/uploads\/2021\/05\/Kita-Hummelnest_3-scaled-200x118.jpg 200w, https:\/\/www.asf-brandenburg.de\/asf_wp\/wp-content\/uploads\/2021\/05\/Kita-Hummelnest_3-scaled-400x235.jpg 400w, https:\/\/www.asf-brandenburg.de\/asf_wp\/wp-content\/uploads\/2021\/05\/Kita-Hummelnest_3-scaled-600x353.jpg 600w, https:\/\/www.asf-brandenburg.de\/asf_wp\/wp-content\/uploads\/2021\/05\/Kita-Hummelnest_3-scaled-800x470.jpg 800w, https:\/\/www.asf-brandenburg.de\/asf_wp\/wp-content\/uploads\/2021\/05\/Kita-Hummelnest_3-scaled-1200x705.jpg 1200w, https:\/\/www.asf-brandenburg.de\/asf_wp\/wp-content\/uploads\/2021\/05\/Kita-Hummelnest_3-scaled.jpg 2560w\" sizes=\"(min-width: 2200px) 100vw, (min-width: 784px) 423px, (min-width: 712px) 635px, (min-width: 640px) 712px, \" \/><\/a><\/div><\/div><div style=\"padding:5px;\" class=\"fusion-grid-column fusion-gallery-column fusion-gallery-column-3 hover-type-none\"><div class=\"fusion-gallery-image\"><a href=\"https:\/\/www.asf-brandenburg.de\/asf_wp\/wp-content\/uploads\/2021\/05\/Kita-Hummelnest1-scaled.jpg\" rel=\"noreferrer\" data-rel=\"iLightbox[gallery_image_1]\" class=\"fusion-lightbox\" target=\"_self\"><img decoding=\"async\" src=\"https:\/\/www.asf-brandenburg.de\/asf_wp\/wp-content\/uploads\/2021\/05\/Kita-Hummelnest1-scaled.jpg\" width=\"2560\" height=\"1428\" alt=\"\" title=\"Ein Regenschirm kann auch zum Sonnenschirm werden! Die Kinder der Kita Hummelnest freuen sich \u00fcber ein St\u00fcck wieder gewonnene Normalit\u00e4t.\" aria-label=\"Ein Regenschirm kann auch zum Sonnenschirm werden! Die Kinder der Kita Hummelnest freuen sich \u00fcber ein St\u00fcck wieder gewonnene Normalit\u00e4t.\" class=\"img-responsive wp-image-3001\" srcset=\"https:\/\/www.asf-brandenburg.de\/asf_wp\/wp-content\/uploads\/2021\/05\/Kita-Hummelnest1-scaled-200x112.jpg 200w, https:\/\/www.asf-brandenburg.de\/asf_wp\/wp-content\/uploads\/2021\/05\/Kita-Hummelnest1-scaled-400x223.jpg 400w, https:\/\/www.asf-brandenburg.de\/asf_wp\/wp-content\/uploads\/2021\/05\/Kita-Hummelnest1-scaled-600x335.jpg 600w, https:\/\/www.asf-brandenburg.de\/asf_wp\/wp-content\/uploads\/2021\/05\/Kita-Hummelnest1-scaled-800x446.jpg 800w, https:\/\/www.asf-brandenburg.de\/asf_wp\/wp-content\/uploads\/2021\/05\/Kita-Hummelnest1-scaled-1200x669.jpg 1200w, https:\/\/www.asf-brandenburg.de\/asf_wp\/wp-content\/uploads\/2021\/05\/Kita-Hummelnest1-scaled.jpg 2560w\" sizes=\"(min-width: 2200px) 100vw, (min-width: 784px) 423px, (min-width: 712px) 635px, (min-width: 640px) 712px, \" \/><\/a><\/div><\/div><div class=\"clearfix\"><\/div><div style=\"padding:5px;\" class=\"fusion-grid-column fusion-gallery-column fusion-gallery-column-3 hover-type-none\"><div class=\"fusion-gallery-image\"><a href=\"https:\/\/www.asf-brandenburg.de\/asf_wp\/wp-content\/uploads\/2021\/05\/Kita-Schwarze-Pumpe-scaled.jpg\" rel=\"noreferrer\" data-rel=\"iLightbox[gallery_image_1]\" class=\"fusion-lightbox\" target=\"_self\"><img decoding=\"async\" src=\"https:\/\/www.asf-brandenburg.de\/asf_wp\/wp-content\/uploads\/2021\/05\/Kita-Schwarze-Pumpe-scaled.jpg\" width=\"2560\" height=\"1382\" alt=\"\" title=\"&#8222;Wir sind wieder da!&#8220;: Die Kita Kinderland in Schwarze Pumpe will es mit H\u00e4nden und F\u00fc\u00dfen in die Welt hinausrufen.\" aria-label=\"&#8222;Wir sind wieder da!&#8220;: Die Kita Kinderland in Schwarze Pumpe will es mit H\u00e4nden und F\u00fc\u00dfen in die Welt hinausrufen.\" class=\"img-responsive wp-image-3002\" srcset=\"https:\/\/www.asf-brandenburg.de\/asf_wp\/wp-content\/uploads\/2021\/05\/Kita-Schwarze-Pumpe-scaled-200x108.jpg 200w, https:\/\/www.asf-brandenburg.de\/asf_wp\/wp-content\/uploads\/2021\/05\/Kita-Schwarze-Pumpe-scaled-400x216.jpg 400w, https:\/\/www.asf-brandenburg.de\/asf_wp\/wp-content\/uploads\/2021\/05\/Kita-Schwarze-Pumpe-scaled-600x324.jpg 600w, https:\/\/www.asf-brandenburg.de\/asf_wp\/wp-content\/uploads\/2021\/05\/Kita-Schwarze-Pumpe-scaled-800x432.jpg 800w, https:\/\/www.asf-brandenburg.de\/asf_wp\/wp-content\/uploads\/2021\/05\/Kita-Schwarze-Pumpe-scaled-1200x648.jpg 1200w, https:\/\/www.asf-brandenburg.de\/asf_wp\/wp-content\/uploads\/2021\/05\/Kita-Schwarze-Pumpe-scaled.jpg 2560w\" sizes=\"(min-width: 2200px) 100vw, (min-width: 784px) 423px, (min-width: 712px) 635px, (min-width: 640px) 712px, \" \/><\/a><\/div><\/div><div style=\"padding:5px;\" class=\"fusion-grid-column fusion-gallery-column fusion-gallery-column-3 hover-type-none\"><div class=\"fusion-gallery-image\"><a href=\"https:\/\/www.asf-brandenburg.de\/asf_wp\/wp-content\/uploads\/2021\/05\/Wir-sind-wieder-da.jpg\" rel=\"noreferrer\" data-rel=\"iLightbox[gallery_image_1]\" class=\"fusion-lightbox\" target=\"_self\"><img decoding=\"async\" src=\"https:\/\/www.asf-brandenburg.de\/asf_wp\/wp-content\/uploads\/2021\/05\/Wir-sind-wieder-da.jpg\" width=\"1125\" height=\"1128\" alt=\"\" title=\"Wir sind wieder da\" aria-label=\"Wir sind wieder da\" class=\"img-responsive wp-image-3042\" srcset=\"https:\/\/www.asf-brandenburg.de\/asf_wp\/wp-content\/uploads\/2021\/05\/Wir-sind-wieder-da-200x201.jpg 200w, https:\/\/www.asf-brandenburg.de\/asf_wp\/wp-content\/uploads\/2021\/05\/Wir-sind-wieder-da-400x401.jpg 400w, https:\/\/www.asf-brandenburg.de\/asf_wp\/wp-content\/uploads\/2021\/05\/Wir-sind-wieder-da-600x602.jpg 600w, https:\/\/www.asf-brandenburg.de\/asf_wp\/wp-content\/uploads\/2021\/05\/Wir-sind-wieder-da-800x802.jpg 800w, https:\/\/www.asf-brandenburg.de\/asf_wp\/wp-content\/uploads\/2021\/05\/Wir-sind-wieder-da.jpg 1125w\" sizes=\"(min-width: 2200px) 100vw, (min-width: 784px) 423px, (min-width: 712px) 635px, (min-width: 640px) 712px, \" \/><\/a><\/div><\/div><\/div><\/div><div class=\"fusion-clearfix\"><\/div><\/div><\/div><\/div><\/div>\n","protected":false},"excerpt":{"rendered":"<p>Der erste Juni jedes Jahres steht traditionell im Zeichen der Kinder: Die Kindertagesst\u00e4tten, Horte und das Lausitzer Haus des Lernens des Albert-Schweitzer-Familienwerkes Brandenburg e.V. werden ihren diesj\u00e4hrigen Kindertag unter der \u00dcberschrift \u201eWir sind wieder da!\u201c feiern \u2013 und mit ihm auch ein bisschen zur\u00fcckgewonnene Normalit\u00e4t.  <\/p>\n","protected":false},"author":2,"featured_media":2997,"comment_status":"closed","ping_status":"open","sticky":false,"template":"","format":"standard","meta":{"inline_featured_image":false,"footnotes":""},"categories":[142,18],"tags":[80,148],"class_list":["post-2994","post","type-post","status-publish","format-standard","has-post-thumbnail","hentry","category-neuigkeiten-2021","category-schule","tag-albert-schweitzer-familienwerk-brandenburg-e-v","tag-kiss"],"yoast_head":"<!-- This site is optimized with the Yoast SEO plugin v27.5 - https:\/\/yoast.com\/product\/yoast-seo-wordpress\/ -->\n<title>\u201eWir sind wieder da!\u201c: Kitas und Horte feiern Kindertag mit Plakataktion<\/title>\n<meta name=\"description\" content=\"R\u00e4umlichkeiten f\u00fcr bewegende Austausche\" \/>\n<meta name=\"robots\" content=\"index, follow, max-snippet:-1, max-image-preview:large, max-video-preview:-1\" \/>\n<link rel=\"canonical\" href=\"https:\/\/www.asf-brandenburg.de\/asf_wp\/aktuelles\/2021\/kindertag-plakataktion\/\" \/>\n<meta property=\"og:locale\" content=\"de_DE\" \/>\n<meta property=\"og:type\" content=\"article\" \/>\n<meta property=\"og:title\" content=\"\u201eWir sind wieder da!\u201c: Kitas und Horte feiern Kindertag mit Plakataktion\" \/>\n<meta property=\"og:description\" content=\"R\u00e4umlichkeiten f\u00fcr bewegende Austausche\" \/>\n<meta property=\"og:url\" content=\"https:\/\/www.asf-brandenburg.de\/asf_wp\/aktuelles\/2021\/kindertag-plakataktion\/\" \/>\n<meta property=\"og:site_name\" content=\"Albert-Schweitzer-Familienwerk Brandenburg e.V.\" \/>\n<meta property=\"article:publisher\" content=\"https:\/\/www.facebook.com\/AlbertSchweitzerFamilienwerkBrandenburg\" \/>\n<meta property=\"article:published_time\" content=\"2021-05-31T13:15:04+00:00\" \/>\n<meta property=\"article:modified_time\" content=\"2021-12-30T07:49:13+00:00\" \/>\n<meta property=\"og:image\" content=\"https:\/\/www.asf-brandenburg.de\/asf_wp\/wp-content\/uploads\/2021\/05\/Hort-des-Lernens2-scaled.jpg\" \/>\n\t<meta property=\"og:image:width\" content=\"2524\" \/>\n\t<meta property=\"og:image:height\" content=\"2560\" \/>\n\t<meta property=\"og:image:type\" content=\"image\/jpeg\" \/>\n<meta name=\"author\" content=\"Web Admin\" \/>\n<meta name=\"twitter:card\" content=\"summary_large_image\" \/>\n<meta name=\"twitter:label1\" content=\"Verfasst von\" \/>\n\t<meta name=\"twitter:data1\" content=\"Web Admin\" \/>\n\t<meta name=\"twitter:label2\" content=\"Gesch\u00e4tzte Lesezeit\" \/>\n\t<meta name=\"twitter:data2\" content=\"2\u00a0Minuten\" \/>\n<script type=\"application\/ld+json\" class=\"yoast-schema-graph\">{\"@context\":\"https:\\\/\\\/schema.org\",\"@graph\":[{\"@type\":\"Article\",\"@id\":\"https:\\\/\\\/www.asf-brandenburg.de\\\/asf_wp\\\/aktuelles\\\/2021\\\/kindertag-plakataktion\\\/#article\",\"isPartOf\":{\"@id\":\"https:\\\/\\\/www.asf-brandenburg.de\\\/asf_wp\\\/aktuelles\\\/2021\\\/kindertag-plakataktion\\\/\"},\"author\":{\"name\":\"Web Admin\",\"@id\":\"https:\\\/\\\/www.asf-brandenburg.de\\\/asf_wp\\\/#\\\/schema\\\/person\\\/a63ba1553f2aa75f90f3809d9e4a1efc\"},\"headline\":\"\u201eWir sind wieder da!\u201c: Kitas und Horte feiern Kindertag mit Plakataktion\",\"datePublished\":\"2021-05-31T13:15:04+00:00\",\"dateModified\":\"2021-12-30T07:49:13+00:00\",\"mainEntityOfPage\":{\"@id\":\"https:\\\/\\\/www.asf-brandenburg.de\\\/asf_wp\\\/aktuelles\\\/2021\\\/kindertag-plakataktion\\\/\"},\"wordCount\":975,\"publisher\":{\"@id\":\"https:\\\/\\\/www.asf-brandenburg.de\\\/asf_wp\\\/#organization\"},\"image\":{\"@id\":\"https:\\\/\\\/www.asf-brandenburg.de\\\/asf_wp\\\/aktuelles\\\/2021\\\/kindertag-plakataktion\\\/#primaryimage\"},\"thumbnailUrl\":\"https:\\\/\\\/www.asf-brandenburg.de\\\/asf_wp\\\/wp-content\\\/uploads\\\/2021\\\/05\\\/Hort-des-Lernens2-scaled.jpg\",\"keywords\":[\"Albert-Schweitzer-Familienwerk Brandenburg e.V.\",\"KiSS\"],\"articleSection\":[\"Neuigkeiten 2021\",\"Schule\"],\"inLanguage\":\"de\"},{\"@type\":\"WebPage\",\"@id\":\"https:\\\/\\\/www.asf-brandenburg.de\\\/asf_wp\\\/aktuelles\\\/2021\\\/kindertag-plakataktion\\\/\",\"url\":\"https:\\\/\\\/www.asf-brandenburg.de\\\/asf_wp\\\/aktuelles\\\/2021\\\/kindertag-plakataktion\\\/\",\"name\":\"\u201eWir sind wieder da!\u201c: Kitas und Horte feiern Kindertag mit Plakataktion\",\"isPartOf\":{\"@id\":\"https:\\\/\\\/www.asf-brandenburg.de\\\/asf_wp\\\/#website\"},\"primaryImageOfPage\":{\"@id\":\"https:\\\/\\\/www.asf-brandenburg.de\\\/asf_wp\\\/aktuelles\\\/2021\\\/kindertag-plakataktion\\\/#primaryimage\"},\"image\":{\"@id\":\"https:\\\/\\\/www.asf-brandenburg.de\\\/asf_wp\\\/aktuelles\\\/2021\\\/kindertag-plakataktion\\\/#primaryimage\"},\"thumbnailUrl\":\"https:\\\/\\\/www.asf-brandenburg.de\\\/asf_wp\\\/wp-content\\\/uploads\\\/2021\\\/05\\\/Hort-des-Lernens2-scaled.jpg\",\"datePublished\":\"2021-05-31T13:15:04+00:00\",\"dateModified\":\"2021-12-30T07:49:13+00:00\",\"description\":\"R\u00e4umlichkeiten f\u00fcr bewegende Austausche\",\"breadcrumb\":{\"@id\":\"https:\\\/\\\/www.asf-brandenburg.de\\\/asf_wp\\\/aktuelles\\\/2021\\\/kindertag-plakataktion\\\/#breadcrumb\"},\"inLanguage\":\"de\",\"potentialAction\":[{\"@type\":\"ReadAction\",\"target\":[\"https:\\\/\\\/www.asf-brandenburg.de\\\/asf_wp\\\/aktuelles\\\/2021\\\/kindertag-plakataktion\\\/\"]}]},{\"@type\":\"ImageObject\",\"inLanguage\":\"de\",\"@id\":\"https:\\\/\\\/www.asf-brandenburg.de\\\/asf_wp\\\/aktuelles\\\/2021\\\/kindertag-plakataktion\\\/#primaryimage\",\"url\":\"https:\\\/\\\/www.asf-brandenburg.de\\\/asf_wp\\\/wp-content\\\/uploads\\\/2021\\\/05\\\/Hort-des-Lernens2-scaled.jpg\",\"contentUrl\":\"https:\\\/\\\/www.asf-brandenburg.de\\\/asf_wp\\\/wp-content\\\/uploads\\\/2021\\\/05\\\/Hort-des-Lernens2-scaled.jpg\",\"width\":2524,\"height\":2560,\"caption\":\"Oben auf: Die Sch\u00fclerinnen und Sch\u00fcler des Hortes des Lausitzer Haus des Lernens freuen sich \u00fcber die R\u00fcckkehr in den Schulalltag.\"},{\"@type\":\"BreadcrumbList\",\"@id\":\"https:\\\/\\\/www.asf-brandenburg.de\\\/asf_wp\\\/aktuelles\\\/2021\\\/kindertag-plakataktion\\\/#breadcrumb\",\"itemListElement\":[{\"@type\":\"ListItem\",\"position\":1,\"name\":\"Startseite\",\"item\":\"https:\\\/\\\/www.asf-brandenburg.de\\\/asf_wp\\\/\"},{\"@type\":\"ListItem\",\"position\":2,\"name\":\"\u201eWir sind wieder da!\u201c: Kitas und Horte feiern Kindertag mit Plakataktion\"}]},{\"@type\":\"WebSite\",\"@id\":\"https:\\\/\\\/www.asf-brandenburg.de\\\/asf_wp\\\/#website\",\"url\":\"https:\\\/\\\/www.asf-brandenburg.de\\\/asf_wp\\\/\",\"name\":\"Albert-Schweitzer-Kinderd\u00f6rfer und Familienwerke Brandenburg e. V.\",\"description\":\"\",\"publisher\":{\"@id\":\"https:\\\/\\\/www.asf-brandenburg.de\\\/asf_wp\\\/#organization\"},\"potentialAction\":[{\"@type\":\"SearchAction\",\"target\":{\"@type\":\"EntryPoint\",\"urlTemplate\":\"https:\\\/\\\/www.asf-brandenburg.de\\\/asf_wp\\\/?s={search_term_string}\"},\"query-input\":{\"@type\":\"PropertyValueSpecification\",\"valueRequired\":true,\"valueName\":\"search_term_string\"}}],\"inLanguage\":\"de\"},{\"@type\":\"Organization\",\"@id\":\"https:\\\/\\\/www.asf-brandenburg.de\\\/asf_wp\\\/#organization\",\"name\":\"Albert-Schweitzer-Familienwerk Brandenburg e. V.\",\"url\":\"https:\\\/\\\/www.asf-brandenburg.de\\\/asf_wp\\\/\",\"logo\":{\"@type\":\"ImageObject\",\"inLanguage\":\"de\",\"@id\":\"https:\\\/\\\/www.asf-brandenburg.de\\\/asf_wp\\\/#\\\/schema\\\/logo\\\/image\\\/\",\"url\":\"https:\\\/\\\/www.asf-brandenburg.de\\\/asf_wp\\\/wp-content\\\/uploads\\\/2018\\\/08\\\/Logo_ASF_BRB_318x107.png\",\"contentUrl\":\"https:\\\/\\\/www.asf-brandenburg.de\\\/asf_wp\\\/wp-content\\\/uploads\\\/2018\\\/08\\\/Logo_ASF_BRB_318x107.png\",\"width\":318,\"height\":107,\"caption\":\"Albert-Schweitzer-Familienwerk Brandenburg e. V.\"},\"image\":{\"@id\":\"https:\\\/\\\/www.asf-brandenburg.de\\\/asf_wp\\\/#\\\/schema\\\/logo\\\/image\\\/\"},\"sameAs\":[\"https:\\\/\\\/www.facebook.com\\\/AlbertSchweitzerFamilienwerkBrandenburg\",\"https:\\\/\\\/www.youtube.com\\\/@asfbrandenburg\",\"https:\\\/\\\/www.instagram.com\\\/asf_brandenburg\\\/\"]},{\"@type\":\"Person\",\"@id\":\"https:\\\/\\\/www.asf-brandenburg.de\\\/asf_wp\\\/#\\\/schema\\\/person\\\/a63ba1553f2aa75f90f3809d9e4a1efc\",\"name\":\"Web Admin\",\"sameAs\":[\"http:\\\/\\\/www.asf-brandenburg.de\"],\"url\":\"https:\\\/\\\/www.asf-brandenburg.de\\\/asf_wp\\\/aktuelles\\\/author\\\/asf\\\/\"}]}<\/script>\n<!-- \/ Yoast SEO plugin. -->","yoast_head_json":{"title":"\u201eWir sind wieder da!\u201c: Kitas und Horte feiern Kindertag mit Plakataktion","description":"R\u00e4umlichkeiten f\u00fcr bewegende Austausche","robots":{"index":"index","follow":"follow","max-snippet":"max-snippet:-1","max-image-preview":"max-image-preview:large","max-video-preview":"max-video-preview:-1"},"canonical":"https:\/\/www.asf-brandenburg.de\/asf_wp\/aktuelles\/2021\/kindertag-plakataktion\/","og_locale":"de_DE","og_type":"article","og_title":"\u201eWir sind wieder da!\u201c: Kitas und Horte feiern Kindertag mit Plakataktion","og_description":"R\u00e4umlichkeiten f\u00fcr bewegende Austausche","og_url":"https:\/\/www.asf-brandenburg.de\/asf_wp\/aktuelles\/2021\/kindertag-plakataktion\/","og_site_name":"Albert-Schweitzer-Familienwerk Brandenburg e.V.","article_publisher":"https:\/\/www.facebook.com\/AlbertSchweitzerFamilienwerkBrandenburg","article_published_time":"2021-05-31T13:15:04+00:00","article_modified_time":"2021-12-30T07:49:13+00:00","og_image":[{"width":2524,"height":2560,"url":"https:\/\/www.asf-brandenburg.de\/asf_wp\/wp-content\/uploads\/2021\/05\/Hort-des-Lernens2-scaled.jpg","type":"image\/jpeg"}],"author":"Web Admin","twitter_card":"summary_large_image","twitter_misc":{"Verfasst von":"Web Admin","Gesch\u00e4tzte Lesezeit":"2\u00a0Minuten"},"schema":{"@context":"https:\/\/schema.org","@graph":[{"@type":"Article","@id":"https:\/\/www.asf-brandenburg.de\/asf_wp\/aktuelles\/2021\/kindertag-plakataktion\/#article","isPartOf":{"@id":"https:\/\/www.asf-brandenburg.de\/asf_wp\/aktuelles\/2021\/kindertag-plakataktion\/"},"author":{"name":"Web Admin","@id":"https:\/\/www.asf-brandenburg.de\/asf_wp\/#\/schema\/person\/a63ba1553f2aa75f90f3809d9e4a1efc"},"headline":"\u201eWir sind wieder da!\u201c: Kitas und Horte feiern Kindertag mit Plakataktion","datePublished":"2021-05-31T13:15:04+00:00","dateModified":"2021-12-30T07:49:13+00:00","mainEntityOfPage":{"@id":"https:\/\/www.asf-brandenburg.de\/asf_wp\/aktuelles\/2021\/kindertag-plakataktion\/"},"wordCount":975,"publisher":{"@id":"https:\/\/www.asf-brandenburg.de\/asf_wp\/#organization"},"image":{"@id":"https:\/\/www.asf-brandenburg.de\/asf_wp\/aktuelles\/2021\/kindertag-plakataktion\/#primaryimage"},"thumbnailUrl":"https:\/\/www.asf-brandenburg.de\/asf_wp\/wp-content\/uploads\/2021\/05\/Hort-des-Lernens2-scaled.jpg","keywords":["Albert-Schweitzer-Familienwerk Brandenburg e.V.","KiSS"],"articleSection":["Neuigkeiten 2021","Schule"],"inLanguage":"de"},{"@type":"WebPage","@id":"https:\/\/www.asf-brandenburg.de\/asf_wp\/aktuelles\/2021\/kindertag-plakataktion\/","url":"https:\/\/www.asf-brandenburg.de\/asf_wp\/aktuelles\/2021\/kindertag-plakataktion\/","name":"\u201eWir sind wieder da!\u201c: Kitas und Horte feiern Kindertag mit Plakataktion","isPartOf":{"@id":"https:\/\/www.asf-brandenburg.de\/asf_wp\/#website"},"primaryImageOfPage":{"@id":"https:\/\/www.asf-brandenburg.de\/asf_wp\/aktuelles\/2021\/kindertag-plakataktion\/#primaryimage"},"image":{"@id":"https:\/\/www.asf-brandenburg.de\/asf_wp\/aktuelles\/2021\/kindertag-plakataktion\/#primaryimage"},"thumbnailUrl":"https:\/\/www.asf-brandenburg.de\/asf_wp\/wp-content\/uploads\/2021\/05\/Hort-des-Lernens2-scaled.jpg","datePublished":"2021-05-31T13:15:04+00:00","dateModified":"2021-12-30T07:49:13+00:00","description":"R\u00e4umlichkeiten f\u00fcr bewegende Austausche","breadcrumb":{"@id":"https:\/\/www.asf-brandenburg.de\/asf_wp\/aktuelles\/2021\/kindertag-plakataktion\/#breadcrumb"},"inLanguage":"de","potentialAction":[{"@type":"ReadAction","target":["https:\/\/www.asf-brandenburg.de\/asf_wp\/aktuelles\/2021\/kindertag-plakataktion\/"]}]},{"@type":"ImageObject","inLanguage":"de","@id":"https:\/\/www.asf-brandenburg.de\/asf_wp\/aktuelles\/2021\/kindertag-plakataktion\/#primaryimage","url":"https:\/\/www.asf-brandenburg.de\/asf_wp\/wp-content\/uploads\/2021\/05\/Hort-des-Lernens2-scaled.jpg","contentUrl":"https:\/\/www.asf-brandenburg.de\/asf_wp\/wp-content\/uploads\/2021\/05\/Hort-des-Lernens2-scaled.jpg","width":2524,"height":2560,"caption":"Oben auf: Die Sch\u00fclerinnen und Sch\u00fcler des Hortes des Lausitzer Haus des Lernens freuen sich \u00fcber die R\u00fcckkehr in den Schulalltag."},{"@type":"BreadcrumbList","@id":"https:\/\/www.asf-brandenburg.de\/asf_wp\/aktuelles\/2021\/kindertag-plakataktion\/#breadcrumb","itemListElement":[{"@type":"ListItem","position":1,"name":"Startseite","item":"https:\/\/www.asf-brandenburg.de\/asf_wp\/"},{"@type":"ListItem","position":2,"name":"\u201eWir sind wieder da!\u201c: Kitas und Horte feiern Kindertag mit Plakataktion"}]},{"@type":"WebSite","@id":"https:\/\/www.asf-brandenburg.de\/asf_wp\/#website","url":"https:\/\/www.asf-brandenburg.de\/asf_wp\/","name":"Albert-Schweitzer-Kinderd\u00f6rfer und Familienwerke Brandenburg e. V.","description":"","publisher":{"@id":"https:\/\/www.asf-brandenburg.de\/asf_wp\/#organization"},"potentialAction":[{"@type":"SearchAction","target":{"@type":"EntryPoint","urlTemplate":"https:\/\/www.asf-brandenburg.de\/asf_wp\/?s={search_term_string}"},"query-input":{"@type":"PropertyValueSpecification","valueRequired":true,"valueName":"search_term_string"}}],"inLanguage":"de"},{"@type":"Organization","@id":"https:\/\/www.asf-brandenburg.de\/asf_wp\/#organization","name":"Albert-Schweitzer-Familienwerk Brandenburg e. V.","url":"https:\/\/www.asf-brandenburg.de\/asf_wp\/","logo":{"@type":"ImageObject","inLanguage":"de","@id":"https:\/\/www.asf-brandenburg.de\/asf_wp\/#\/schema\/logo\/image\/","url":"https:\/\/www.asf-brandenburg.de\/asf_wp\/wp-content\/uploads\/2018\/08\/Logo_ASF_BRB_318x107.png","contentUrl":"https:\/\/www.asf-brandenburg.de\/asf_wp\/wp-content\/uploads\/2018\/08\/Logo_ASF_BRB_318x107.png","width":318,"height":107,"caption":"Albert-Schweitzer-Familienwerk Brandenburg e. V."},"image":{"@id":"https:\/\/www.asf-brandenburg.de\/asf_wp\/#\/schema\/logo\/image\/"},"sameAs":["https:\/\/www.facebook.com\/AlbertSchweitzerFamilienwerkBrandenburg","https:\/\/www.youtube.com\/@asfbrandenburg","https:\/\/www.instagram.com\/asf_brandenburg\/"]},{"@type":"Person","@id":"https:\/\/www.asf-brandenburg.de\/asf_wp\/#\/schema\/person\/a63ba1553f2aa75f90f3809d9e4a1efc","name":"Web Admin","sameAs":["http:\/\/www.asf-brandenburg.de"],"url":"https:\/\/www.asf-brandenburg.de\/asf_wp\/aktuelles\/author\/asf\/"}]}},"_links":{"self":[{"href":"https:\/\/www.asf-brandenburg.de\/asf_wp\/wp-json\/wp\/v2\/posts\/2994","targetHints":{"allow":["GET"]}}],"collection":[{"href":"https:\/\/www.asf-brandenburg.de\/asf_wp\/wp-json\/wp\/v2\/posts"}],"about":[{"href":"https:\/\/www.asf-brandenburg.de\/asf_wp\/wp-json\/wp\/v2\/types\/post"}],"author":[{"embeddable":true,"href":"https:\/\/www.asf-brandenburg.de\/asf_wp\/wp-json\/wp\/v2\/users\/2"}],"replies":[{"embeddable":true,"href":"https:\/\/www.asf-brandenburg.de\/asf_wp\/wp-json\/wp\/v2\/comments?post=2994"}],"version-history":[{"count":0,"href":"https:\/\/www.asf-brandenburg.de\/asf_wp\/wp-json\/wp\/v2\/posts\/2994\/revisions"}],"wp:featuredmedia":[{"embeddable":true,"href":"https:\/\/www.asf-brandenburg.de\/asf_wp\/wp-json\/wp\/v2\/media\/2997"}],"wp:attachment":[{"href":"https:\/\/www.asf-brandenburg.de\/asf_wp\/wp-json\/wp\/v2\/media?parent=2994"}],"wp:term":[{"taxonomy":"category","embeddable":true,"href":"https:\/\/www.asf-brandenburg.de\/asf_wp\/wp-json\/wp\/v2\/categories?post=2994"},{"taxonomy":"post_tag","embeddable":true,"href":"https:\/\/www.asf-brandenburg.de\/asf_wp\/wp-json\/wp\/v2\/tags?post=2994"}],"curies":[{"name":"wp","href":"https:\/\/api.w.org\/{rel}","templated":true}]}}