{"id":2878,"date":"2021-05-19T15:29:25","date_gmt":"2021-05-19T13:29:25","guid":{"rendered":"https:\/\/www.asf-brandenburg.de\/asf_wp\/?p=2878"},"modified":"2021-05-19T15:45:33","modified_gmt":"2021-05-19T13:45:33","slug":"osterhase-in-der-cottbuser-tafel-2","status":"publish","type":"post","link":"https:\/\/www.asf-brandenburg.de\/asf_wp\/aktuelles\/2021\/osterhase-in-der-cottbuser-tafel-2\/","title":{"rendered":"Zum Nachschauen: Gesch\u00e4ftsf\u00fchrer Kai Noack berichtet \u00fcber die Situation der Tafeln des Vereins in RBB-Sendung"},"content":{"rendered":"<div class=\"fusion-fullwidth fullwidth-box fusion-builder-row-1 nonhundred-percent-fullwidth non-hundred-percent-height-scrolling\" style=\"--awb-border-radius-top-left:0px;--awb-border-radius-top-right:0px;--awb-border-radius-bottom-right:0px;--awb-border-radius-bottom-left:0px;--awb-flex-wrap:wrap;\" ><div class=\"fusion-builder-row fusion-row\"><div class=\"fusion-layout-column fusion_builder_column fusion-builder-column-0 fusion_builder_column_1_2 1_2 fusion-one-half fusion-column-first\" style=\"--awb-bg-size:cover;width:50%;width:calc(50% - ( ( 4% ) * 0.5 ) );margin-right: 4%;\"><div class=\"fusion-column-wrapper fusion-column-has-shadow fusion-flex-column-wrapper-legacy\"><div class=\"fusion-text fusion-text-1\"><p>\u201eWir m\u00fcssen reden!\u201c \u2013 diesem Wunsch der gleichnamigen Sendung des Rundfunk Berlin-Brandenburg (RBB) ist Kai Noack, Gesch\u00e4ftsf\u00fchrer des Albert-Schweitzer-Familienwerks Brandenburg e.V., gefolgt. In der gestrigen Ausgabe erkl\u00e4rt er die aktuelle Situation der Tafeln des Vereins und warum Armut inzwischen in allen Bereichen der Gesellschaft angekommen ist \u2013 und auch was er sich von der Politik im Nachgang der Coronapandemie w\u00fcnscht.<\/p>\n<p>Der Beitrag \u201eZwischen Impfchaos und Abstiegsangst \u2013 wer zahl die Corona-Zeche?\u201c ist zum Nachschauen in der RBB-Mediathek verf\u00fcgbar auf <a href=\"https:\/\/www.ardmediathek.de\/video\/wir-muessen-reden-oder-zwischen-impfchaos-und-abstiegsangst-wer-zahlt-die-corona-zeche\/rbb-fernsehen\/Y3JpZDovL3JiYi1vbmxpbmUuZGUvd2lyLW11ZXNzZW4tcmVkZW4vMjAyMS0wNS0xOFQyMDoxNTowMF80ZTBjYmI2ZS03ZThiLTRmNjAtYjFmNy1iZjQ3ZDYyMWQ2YjUvendpc2NoZW4taW1wZmNoYW9zLXVuZC1hYnN0aWVnc2FuZ3N0LXdlci16YWhsdC1kaWUtY29yb25hLXplY2hlLXJiYg\/\">Wir m\u00fcssen reden!: Zwischen Impfchaos und Abstiegsangst &#8211; wer zahlt die Corona-Zeche? | ARD-Mediathek (ardmediathek.de)<\/a><\/p>\n<\/div><div class=\"fusion-clearfix\"><\/div><\/div><\/div><div class=\"fusion-layout-column fusion_builder_column fusion-builder-column-1 fusion_builder_column_1_2 1_2 fusion-one-half fusion-column-last\" style=\"--awb-bg-size:cover;--awb-margin-bottom:0px;width:50%;width:calc(50% - ( ( 4% ) * 0.5 ) );\"><div class=\"fusion-column-wrapper fusion-column-has-shadow fusion-flex-column-wrapper-legacy\"><div class=\"fusion-image-element in-legacy-container\" style=\"--awb-caption-title-font-family:var(--h2_typography-font-family);--awb-caption-title-font-weight:var(--h2_typography-font-weight);--awb-caption-title-font-style:var(--h2_typography-font-style);--awb-caption-title-size:var(--h2_typography-font-size);--awb-caption-title-transform:var(--h2_typography-text-transform);--awb-caption-title-line-height:var(--h2_typography-line-height);--awb-caption-title-letter-spacing:var(--h2_typography-letter-spacing);\"><span class=\" fusion-imageframe imageframe-none imageframe-1 hover-type-none\"><img decoding=\"async\" width=\"512\" height=\"1024\" title=\"RBB Wir m\u00fcssen reden &#8211; Kai Noack zu Gast\" src=\"https:\/\/www.asf-brandenburg.de\/asf_wp\/wp-content\/uploads\/2021\/05\/RBB-Wir-muessen-reden-Kai-Noack-zu-Gast-512x1024.jpg\" alt class=\"img-responsive wp-image-2879\" srcset=\"https:\/\/www.asf-brandenburg.de\/asf_wp\/wp-content\/uploads\/2021\/05\/RBB-Wir-muessen-reden-Kai-Noack-zu-Gast-200x400.jpg 200w, https:\/\/www.asf-brandenburg.de\/asf_wp\/wp-content\/uploads\/2021\/05\/RBB-Wir-muessen-reden-Kai-Noack-zu-Gast-400x799.jpg 400w, https:\/\/www.asf-brandenburg.de\/asf_wp\/wp-content\/uploads\/2021\/05\/RBB-Wir-muessen-reden-Kai-Noack-zu-Gast-600x1199.jpg 600w, https:\/\/www.asf-brandenburg.de\/asf_wp\/wp-content\/uploads\/2021\/05\/RBB-Wir-muessen-reden-Kai-Noack-zu-Gast-800x1599.jpg 800w, https:\/\/www.asf-brandenburg.de\/asf_wp\/wp-content\/uploads\/2021\/05\/RBB-Wir-muessen-reden-Kai-Noack-zu-Gast.jpg 1080w\" sizes=\"(max-width: 800px) 100vw, 800px\" \/><\/span><\/div><div class=\"fusion-sep-clear\"><\/div><div class=\"fusion-separator fusion-full-width-sep\" style=\"margin-left: auto;margin-right: auto;margin-top:30px;width:100%;\"><\/div><div class=\"fusion-sep-clear\"><\/div><div class=\"fusion-clearfix\"><\/div><\/div><\/div><div class=\"fusion-layout-column fusion_builder_column fusion-builder-column-2 fusion_builder_column_1_2 1_2 fusion-one-half fusion-column-first\" style=\"--awb-bg-size:cover;width:50%;width:calc(50% - ( ( 4% ) * 0.5 ) );margin-right: 4%;\"><div class=\"fusion-column-wrapper fusion-column-has-shadow fusion-flex-column-wrapper-legacy\"><div class=\"fusion-clearfix\"><\/div><\/div><\/div><\/div><\/div>\n","protected":false},"excerpt":{"rendered":"<p>\u00a0\u201eWir m\u00fcssen reden!\u201c \u2013 diesem Wunsch der gleichnamigen Sendung des Rundfunk Berlin-Brandenburg (RBB) ist Kai Noack, Gesch\u00e4ftsf\u00fchrer des Albert-Schweitzer-Familienwerks Brandenburg e.V., gefolgt. In der gestrigen Ausgabe erkl\u00e4rt er die aktuelle Situation der Tafeln des Vereins und warum Armut inzwischen in allen Bereichen der Gesellschaft angekommen ist \u2013 und auch was er sich von der Politik im Nachgang der Coronapandemie w\u00fcnscht.\u00a0<\/p>\n","protected":false},"author":2,"featured_media":2883,"comment_status":"closed","ping_status":"open","sticky":false,"template":"","format":"standard","meta":{"inline_featured_image":false,"footnotes":""},"categories":[142],"tags":[80,131],"class_list":["post-2878","post","type-post","status-publish","format-standard","has-post-thumbnail","hentry","category-neuigkeiten-2021","tag-albert-schweitzer-familienwerk-brandenburg-e-v","tag-tafel-cottbus"],"yoast_head":"<!-- This site is optimized with the Yoast SEO plugin v27.4 - https:\/\/yoast.com\/product\/yoast-seo-wordpress\/ -->\n<title>Zum Nachschauen: Gesch\u00e4ftsf\u00fchrer Kai Noack berichtet \u00fcber die Situation der Tafeln des Vereins in RBB-Sendung<\/title>\n<meta name=\"description\" content=\"P\u00fcnktlich zum Osterfest kam der Osterhase in der Cottbuser Tafel vorbei und nutzte die Gelegenheit sich f\u00fcr die geleistete Arbeit der Ehrenamtlichen in Form von kleinen Geschenken zu bedanken.\" \/>\n<meta name=\"robots\" content=\"index, follow, max-snippet:-1, max-image-preview:large, max-video-preview:-1\" \/>\n<link rel=\"canonical\" href=\"https:\/\/www.asf-brandenburg.de\/asf_wp\/aktuelles\/2021\/osterhase-in-der-cottbuser-tafel-2\/\" \/>\n<meta property=\"og:locale\" content=\"de_DE\" \/>\n<meta property=\"og:type\" content=\"article\" \/>\n<meta property=\"og:title\" content=\"Zum Nachschauen: Gesch\u00e4ftsf\u00fchrer Kai Noack berichtet \u00fcber die Situation der Tafeln des Vereins in RBB-Sendung\" \/>\n<meta property=\"og:description\" content=\"P\u00fcnktlich zum Osterfest kam der Osterhase in der Cottbuser Tafel vorbei und nutzte die Gelegenheit sich f\u00fcr die geleistete Arbeit der Ehrenamtlichen in Form von kleinen Geschenken zu bedanken.\" \/>\n<meta property=\"og:url\" content=\"https:\/\/www.asf-brandenburg.de\/asf_wp\/aktuelles\/2021\/osterhase-in-der-cottbuser-tafel-2\/\" \/>\n<meta property=\"og:site_name\" content=\"Albert-Schweitzer-Familienwerk Brandenburg e.V.\" \/>\n<meta property=\"article:publisher\" content=\"https:\/\/www.facebook.com\/AlbertSchweitzerFamilienwerkBrandenburg\" \/>\n<meta property=\"article:published_time\" content=\"2021-05-19T13:29:25+00:00\" \/>\n<meta property=\"article:modified_time\" content=\"2021-05-19T13:45:33+00:00\" \/>\n<meta property=\"og:image\" content=\"https:\/\/www.asf-brandenburg.de\/asf_wp\/wp-content\/uploads\/2021\/05\/12.jpg\" \/>\n\t<meta property=\"og:image:width\" content=\"1075\" \/>\n\t<meta property=\"og:image:height\" content=\"798\" \/>\n\t<meta property=\"og:image:type\" content=\"image\/jpeg\" \/>\n<meta name=\"author\" content=\"Web Admin\" \/>\n<meta name=\"twitter:card\" content=\"summary_large_image\" \/>\n<meta name=\"twitter:label1\" content=\"Verfasst von\" \/>\n\t<meta name=\"twitter:data1\" content=\"Web Admin\" \/>\n\t<meta name=\"twitter:label2\" content=\"Gesch\u00e4tzte Lesezeit\" \/>\n\t<meta name=\"twitter:data2\" content=\"2\u00a0Minuten\" \/>\n<script type=\"application\/ld+json\" class=\"yoast-schema-graph\">{\"@context\":\"https:\\\/\\\/schema.org\",\"@graph\":[{\"@type\":\"Article\",\"@id\":\"https:\\\/\\\/www.asf-brandenburg.de\\\/asf_wp\\\/aktuelles\\\/2021\\\/osterhase-in-der-cottbuser-tafel-2\\\/#article\",\"isPartOf\":{\"@id\":\"https:\\\/\\\/www.asf-brandenburg.de\\\/asf_wp\\\/aktuelles\\\/2021\\\/osterhase-in-der-cottbuser-tafel-2\\\/\"},\"author\":{\"name\":\"Web Admin\",\"@id\":\"https:\\\/\\\/www.asf-brandenburg.de\\\/asf_wp\\\/#\\\/schema\\\/person\\\/a63ba1553f2aa75f90f3809d9e4a1efc\"},\"headline\":\"Zum Nachschauen: Gesch\u00e4ftsf\u00fchrer Kai Noack berichtet \u00fcber die Situation der Tafeln des Vereins in RBB-Sendung\",\"datePublished\":\"2021-05-19T13:29:25+00:00\",\"dateModified\":\"2021-05-19T13:45:33+00:00\",\"mainEntityOfPage\":{\"@id\":\"https:\\\/\\\/www.asf-brandenburg.de\\\/asf_wp\\\/aktuelles\\\/2021\\\/osterhase-in-der-cottbuser-tafel-2\\\/\"},\"wordCount\":775,\"publisher\":{\"@id\":\"https:\\\/\\\/www.asf-brandenburg.de\\\/asf_wp\\\/#organization\"},\"image\":{\"@id\":\"https:\\\/\\\/www.asf-brandenburg.de\\\/asf_wp\\\/aktuelles\\\/2021\\\/osterhase-in-der-cottbuser-tafel-2\\\/#primaryimage\"},\"thumbnailUrl\":\"https:\\\/\\\/www.asf-brandenburg.de\\\/asf_wp\\\/wp-content\\\/uploads\\\/2021\\\/05\\\/12.jpg\",\"keywords\":[\"Albert-Schweitzer-Familienwerk Brandenburg e.V.\",\"Tafel Cottbus\"],\"articleSection\":[\"Neuigkeiten 2021\"],\"inLanguage\":\"de\"},{\"@type\":\"WebPage\",\"@id\":\"https:\\\/\\\/www.asf-brandenburg.de\\\/asf_wp\\\/aktuelles\\\/2021\\\/osterhase-in-der-cottbuser-tafel-2\\\/\",\"url\":\"https:\\\/\\\/www.asf-brandenburg.de\\\/asf_wp\\\/aktuelles\\\/2021\\\/osterhase-in-der-cottbuser-tafel-2\\\/\",\"name\":\"Zum Nachschauen: Gesch\u00e4ftsf\u00fchrer Kai Noack berichtet \u00fcber die Situation der Tafeln des Vereins in RBB-Sendung\",\"isPartOf\":{\"@id\":\"https:\\\/\\\/www.asf-brandenburg.de\\\/asf_wp\\\/#website\"},\"primaryImageOfPage\":{\"@id\":\"https:\\\/\\\/www.asf-brandenburg.de\\\/asf_wp\\\/aktuelles\\\/2021\\\/osterhase-in-der-cottbuser-tafel-2\\\/#primaryimage\"},\"image\":{\"@id\":\"https:\\\/\\\/www.asf-brandenburg.de\\\/asf_wp\\\/aktuelles\\\/2021\\\/osterhase-in-der-cottbuser-tafel-2\\\/#primaryimage\"},\"thumbnailUrl\":\"https:\\\/\\\/www.asf-brandenburg.de\\\/asf_wp\\\/wp-content\\\/uploads\\\/2021\\\/05\\\/12.jpg\",\"datePublished\":\"2021-05-19T13:29:25+00:00\",\"dateModified\":\"2021-05-19T13:45:33+00:00\",\"description\":\"P\u00fcnktlich zum Osterfest kam der Osterhase in der Cottbuser Tafel vorbei und nutzte die Gelegenheit sich f\u00fcr die geleistete Arbeit der Ehrenamtlichen in Form von kleinen Geschenken zu bedanken.\",\"breadcrumb\":{\"@id\":\"https:\\\/\\\/www.asf-brandenburg.de\\\/asf_wp\\\/aktuelles\\\/2021\\\/osterhase-in-der-cottbuser-tafel-2\\\/#breadcrumb\"},\"inLanguage\":\"de\",\"potentialAction\":[{\"@type\":\"ReadAction\",\"target\":[\"https:\\\/\\\/www.asf-brandenburg.de\\\/asf_wp\\\/aktuelles\\\/2021\\\/osterhase-in-der-cottbuser-tafel-2\\\/\"]}]},{\"@type\":\"ImageObject\",\"inLanguage\":\"de\",\"@id\":\"https:\\\/\\\/www.asf-brandenburg.de\\\/asf_wp\\\/aktuelles\\\/2021\\\/osterhase-in-der-cottbuser-tafel-2\\\/#primaryimage\",\"url\":\"https:\\\/\\\/www.asf-brandenburg.de\\\/asf_wp\\\/wp-content\\\/uploads\\\/2021\\\/05\\\/12.jpg\",\"contentUrl\":\"https:\\\/\\\/www.asf-brandenburg.de\\\/asf_wp\\\/wp-content\\\/uploads\\\/2021\\\/05\\\/12.jpg\",\"width\":1075,\"height\":798},{\"@type\":\"BreadcrumbList\",\"@id\":\"https:\\\/\\\/www.asf-brandenburg.de\\\/asf_wp\\\/aktuelles\\\/2021\\\/osterhase-in-der-cottbuser-tafel-2\\\/#breadcrumb\",\"itemListElement\":[{\"@type\":\"ListItem\",\"position\":1,\"name\":\"Startseite\",\"item\":\"https:\\\/\\\/www.asf-brandenburg.de\\\/asf_wp\\\/\"},{\"@type\":\"ListItem\",\"position\":2,\"name\":\"Zum Nachschauen: Gesch\u00e4ftsf\u00fchrer Kai Noack berichtet \u00fcber die Situation der Tafeln des Vereins in RBB-Sendung\"}]},{\"@type\":\"WebSite\",\"@id\":\"https:\\\/\\\/www.asf-brandenburg.de\\\/asf_wp\\\/#website\",\"url\":\"https:\\\/\\\/www.asf-brandenburg.de\\\/asf_wp\\\/\",\"name\":\"Albert-Schweitzer-Kinderd\u00f6rfer und Familienwerke Brandenburg e. V.\",\"description\":\"\",\"publisher\":{\"@id\":\"https:\\\/\\\/www.asf-brandenburg.de\\\/asf_wp\\\/#organization\"},\"potentialAction\":[{\"@type\":\"SearchAction\",\"target\":{\"@type\":\"EntryPoint\",\"urlTemplate\":\"https:\\\/\\\/www.asf-brandenburg.de\\\/asf_wp\\\/?s={search_term_string}\"},\"query-input\":{\"@type\":\"PropertyValueSpecification\",\"valueRequired\":true,\"valueName\":\"search_term_string\"}}],\"inLanguage\":\"de\"},{\"@type\":\"Organization\",\"@id\":\"https:\\\/\\\/www.asf-brandenburg.de\\\/asf_wp\\\/#organization\",\"name\":\"Albert-Schweitzer-Familienwerk Brandenburg e. V.\",\"url\":\"https:\\\/\\\/www.asf-brandenburg.de\\\/asf_wp\\\/\",\"logo\":{\"@type\":\"ImageObject\",\"inLanguage\":\"de\",\"@id\":\"https:\\\/\\\/www.asf-brandenburg.de\\\/asf_wp\\\/#\\\/schema\\\/logo\\\/image\\\/\",\"url\":\"https:\\\/\\\/www.asf-brandenburg.de\\\/asf_wp\\\/wp-content\\\/uploads\\\/2018\\\/08\\\/Logo_ASF_BRB_318x107.png\",\"contentUrl\":\"https:\\\/\\\/www.asf-brandenburg.de\\\/asf_wp\\\/wp-content\\\/uploads\\\/2018\\\/08\\\/Logo_ASF_BRB_318x107.png\",\"width\":318,\"height\":107,\"caption\":\"Albert-Schweitzer-Familienwerk Brandenburg e. V.\"},\"image\":{\"@id\":\"https:\\\/\\\/www.asf-brandenburg.de\\\/asf_wp\\\/#\\\/schema\\\/logo\\\/image\\\/\"},\"sameAs\":[\"https:\\\/\\\/www.facebook.com\\\/AlbertSchweitzerFamilienwerkBrandenburg\",\"https:\\\/\\\/www.youtube.com\\\/@asfbrandenburg\",\"https:\\\/\\\/www.instagram.com\\\/asf_brandenburg\\\/\"]},{\"@type\":\"Person\",\"@id\":\"https:\\\/\\\/www.asf-brandenburg.de\\\/asf_wp\\\/#\\\/schema\\\/person\\\/a63ba1553f2aa75f90f3809d9e4a1efc\",\"name\":\"Web Admin\",\"sameAs\":[\"http:\\\/\\\/www.asf-brandenburg.de\"],\"url\":\"https:\\\/\\\/www.asf-brandenburg.de\\\/asf_wp\\\/aktuelles\\\/author\\\/asf\\\/\"}]}<\/script>\n<!-- \/ Yoast SEO plugin. -->","yoast_head_json":{"title":"Zum Nachschauen: Gesch\u00e4ftsf\u00fchrer Kai Noack berichtet \u00fcber die Situation der Tafeln des Vereins in RBB-Sendung","description":"P\u00fcnktlich zum Osterfest kam der Osterhase in der Cottbuser Tafel vorbei und nutzte die Gelegenheit sich f\u00fcr die geleistete Arbeit der Ehrenamtlichen in Form von kleinen Geschenken zu bedanken.","robots":{"index":"index","follow":"follow","max-snippet":"max-snippet:-1","max-image-preview":"max-image-preview:large","max-video-preview":"max-video-preview:-1"},"canonical":"https:\/\/www.asf-brandenburg.de\/asf_wp\/aktuelles\/2021\/osterhase-in-der-cottbuser-tafel-2\/","og_locale":"de_DE","og_type":"article","og_title":"Zum Nachschauen: Gesch\u00e4ftsf\u00fchrer Kai Noack berichtet \u00fcber die Situation der Tafeln des Vereins in RBB-Sendung","og_description":"P\u00fcnktlich zum Osterfest kam der Osterhase in der Cottbuser Tafel vorbei und nutzte die Gelegenheit sich f\u00fcr die geleistete Arbeit der Ehrenamtlichen in Form von kleinen Geschenken zu bedanken.","og_url":"https:\/\/www.asf-brandenburg.de\/asf_wp\/aktuelles\/2021\/osterhase-in-der-cottbuser-tafel-2\/","og_site_name":"Albert-Schweitzer-Familienwerk Brandenburg e.V.","article_publisher":"https:\/\/www.facebook.com\/AlbertSchweitzerFamilienwerkBrandenburg","article_published_time":"2021-05-19T13:29:25+00:00","article_modified_time":"2021-05-19T13:45:33+00:00","og_image":[{"width":1075,"height":798,"url":"https:\/\/www.asf-brandenburg.de\/asf_wp\/wp-content\/uploads\/2021\/05\/12.jpg","type":"image\/jpeg"}],"author":"Web Admin","twitter_card":"summary_large_image","twitter_misc":{"Verfasst von":"Web Admin","Gesch\u00e4tzte Lesezeit":"2\u00a0Minuten"},"schema":{"@context":"https:\/\/schema.org","@graph":[{"@type":"Article","@id":"https:\/\/www.asf-brandenburg.de\/asf_wp\/aktuelles\/2021\/osterhase-in-der-cottbuser-tafel-2\/#article","isPartOf":{"@id":"https:\/\/www.asf-brandenburg.de\/asf_wp\/aktuelles\/2021\/osterhase-in-der-cottbuser-tafel-2\/"},"author":{"name":"Web Admin","@id":"https:\/\/www.asf-brandenburg.de\/asf_wp\/#\/schema\/person\/a63ba1553f2aa75f90f3809d9e4a1efc"},"headline":"Zum Nachschauen: Gesch\u00e4ftsf\u00fchrer Kai Noack berichtet \u00fcber die Situation der Tafeln des Vereins in RBB-Sendung","datePublished":"2021-05-19T13:29:25+00:00","dateModified":"2021-05-19T13:45:33+00:00","mainEntityOfPage":{"@id":"https:\/\/www.asf-brandenburg.de\/asf_wp\/aktuelles\/2021\/osterhase-in-der-cottbuser-tafel-2\/"},"wordCount":775,"publisher":{"@id":"https:\/\/www.asf-brandenburg.de\/asf_wp\/#organization"},"image":{"@id":"https:\/\/www.asf-brandenburg.de\/asf_wp\/aktuelles\/2021\/osterhase-in-der-cottbuser-tafel-2\/#primaryimage"},"thumbnailUrl":"https:\/\/www.asf-brandenburg.de\/asf_wp\/wp-content\/uploads\/2021\/05\/12.jpg","keywords":["Albert-Schweitzer-Familienwerk Brandenburg e.V.","Tafel Cottbus"],"articleSection":["Neuigkeiten 2021"],"inLanguage":"de"},{"@type":"WebPage","@id":"https:\/\/www.asf-brandenburg.de\/asf_wp\/aktuelles\/2021\/osterhase-in-der-cottbuser-tafel-2\/","url":"https:\/\/www.asf-brandenburg.de\/asf_wp\/aktuelles\/2021\/osterhase-in-der-cottbuser-tafel-2\/","name":"Zum Nachschauen: Gesch\u00e4ftsf\u00fchrer Kai Noack berichtet \u00fcber die Situation der Tafeln des Vereins in RBB-Sendung","isPartOf":{"@id":"https:\/\/www.asf-brandenburg.de\/asf_wp\/#website"},"primaryImageOfPage":{"@id":"https:\/\/www.asf-brandenburg.de\/asf_wp\/aktuelles\/2021\/osterhase-in-der-cottbuser-tafel-2\/#primaryimage"},"image":{"@id":"https:\/\/www.asf-brandenburg.de\/asf_wp\/aktuelles\/2021\/osterhase-in-der-cottbuser-tafel-2\/#primaryimage"},"thumbnailUrl":"https:\/\/www.asf-brandenburg.de\/asf_wp\/wp-content\/uploads\/2021\/05\/12.jpg","datePublished":"2021-05-19T13:29:25+00:00","dateModified":"2021-05-19T13:45:33+00:00","description":"P\u00fcnktlich zum Osterfest kam der Osterhase in der Cottbuser Tafel vorbei und nutzte die Gelegenheit sich f\u00fcr die geleistete Arbeit der Ehrenamtlichen in Form von kleinen Geschenken zu bedanken.","breadcrumb":{"@id":"https:\/\/www.asf-brandenburg.de\/asf_wp\/aktuelles\/2021\/osterhase-in-der-cottbuser-tafel-2\/#breadcrumb"},"inLanguage":"de","potentialAction":[{"@type":"ReadAction","target":["https:\/\/www.asf-brandenburg.de\/asf_wp\/aktuelles\/2021\/osterhase-in-der-cottbuser-tafel-2\/"]}]},{"@type":"ImageObject","inLanguage":"de","@id":"https:\/\/www.asf-brandenburg.de\/asf_wp\/aktuelles\/2021\/osterhase-in-der-cottbuser-tafel-2\/#primaryimage","url":"https:\/\/www.asf-brandenburg.de\/asf_wp\/wp-content\/uploads\/2021\/05\/12.jpg","contentUrl":"https:\/\/www.asf-brandenburg.de\/asf_wp\/wp-content\/uploads\/2021\/05\/12.jpg","width":1075,"height":798},{"@type":"BreadcrumbList","@id":"https:\/\/www.asf-brandenburg.de\/asf_wp\/aktuelles\/2021\/osterhase-in-der-cottbuser-tafel-2\/#breadcrumb","itemListElement":[{"@type":"ListItem","position":1,"name":"Startseite","item":"https:\/\/www.asf-brandenburg.de\/asf_wp\/"},{"@type":"ListItem","position":2,"name":"Zum Nachschauen: Gesch\u00e4ftsf\u00fchrer Kai Noack berichtet \u00fcber die Situation der Tafeln des Vereins in RBB-Sendung"}]},{"@type":"WebSite","@id":"https:\/\/www.asf-brandenburg.de\/asf_wp\/#website","url":"https:\/\/www.asf-brandenburg.de\/asf_wp\/","name":"Albert-Schweitzer-Kinderd\u00f6rfer und Familienwerke Brandenburg e. V.","description":"","publisher":{"@id":"https:\/\/www.asf-brandenburg.de\/asf_wp\/#organization"},"potentialAction":[{"@type":"SearchAction","target":{"@type":"EntryPoint","urlTemplate":"https:\/\/www.asf-brandenburg.de\/asf_wp\/?s={search_term_string}"},"query-input":{"@type":"PropertyValueSpecification","valueRequired":true,"valueName":"search_term_string"}}],"inLanguage":"de"},{"@type":"Organization","@id":"https:\/\/www.asf-brandenburg.de\/asf_wp\/#organization","name":"Albert-Schweitzer-Familienwerk Brandenburg e. V.","url":"https:\/\/www.asf-brandenburg.de\/asf_wp\/","logo":{"@type":"ImageObject","inLanguage":"de","@id":"https:\/\/www.asf-brandenburg.de\/asf_wp\/#\/schema\/logo\/image\/","url":"https:\/\/www.asf-brandenburg.de\/asf_wp\/wp-content\/uploads\/2018\/08\/Logo_ASF_BRB_318x107.png","contentUrl":"https:\/\/www.asf-brandenburg.de\/asf_wp\/wp-content\/uploads\/2018\/08\/Logo_ASF_BRB_318x107.png","width":318,"height":107,"caption":"Albert-Schweitzer-Familienwerk Brandenburg e. V."},"image":{"@id":"https:\/\/www.asf-brandenburg.de\/asf_wp\/#\/schema\/logo\/image\/"},"sameAs":["https:\/\/www.facebook.com\/AlbertSchweitzerFamilienwerkBrandenburg","https:\/\/www.youtube.com\/@asfbrandenburg","https:\/\/www.instagram.com\/asf_brandenburg\/"]},{"@type":"Person","@id":"https:\/\/www.asf-brandenburg.de\/asf_wp\/#\/schema\/person\/a63ba1553f2aa75f90f3809d9e4a1efc","name":"Web Admin","sameAs":["http:\/\/www.asf-brandenburg.de"],"url":"https:\/\/www.asf-brandenburg.de\/asf_wp\/aktuelles\/author\/asf\/"}]}},"_links":{"self":[{"href":"https:\/\/www.asf-brandenburg.de\/asf_wp\/wp-json\/wp\/v2\/posts\/2878","targetHints":{"allow":["GET"]}}],"collection":[{"href":"https:\/\/www.asf-brandenburg.de\/asf_wp\/wp-json\/wp\/v2\/posts"}],"about":[{"href":"https:\/\/www.asf-brandenburg.de\/asf_wp\/wp-json\/wp\/v2\/types\/post"}],"author":[{"embeddable":true,"href":"https:\/\/www.asf-brandenburg.de\/asf_wp\/wp-json\/wp\/v2\/users\/2"}],"replies":[{"embeddable":true,"href":"https:\/\/www.asf-brandenburg.de\/asf_wp\/wp-json\/wp\/v2\/comments?post=2878"}],"version-history":[{"count":0,"href":"https:\/\/www.asf-brandenburg.de\/asf_wp\/wp-json\/wp\/v2\/posts\/2878\/revisions"}],"wp:featuredmedia":[{"embeddable":true,"href":"https:\/\/www.asf-brandenburg.de\/asf_wp\/wp-json\/wp\/v2\/media\/2883"}],"wp:attachment":[{"href":"https:\/\/www.asf-brandenburg.de\/asf_wp\/wp-json\/wp\/v2\/media?parent=2878"}],"wp:term":[{"taxonomy":"category","embeddable":true,"href":"https:\/\/www.asf-brandenburg.de\/asf_wp\/wp-json\/wp\/v2\/categories?post=2878"},{"taxonomy":"post_tag","embeddable":true,"href":"https:\/\/www.asf-brandenburg.de\/asf_wp\/wp-json\/wp\/v2\/tags?post=2878"}],"curies":[{"name":"wp","href":"https:\/\/api.w.org\/{rel}","templated":true}]}}