{"id":2772,"date":"2021-04-01T11:09:34","date_gmt":"2021-04-01T09:09:34","guid":{"rendered":"https:\/\/www.asf-brandenburg.de\/asf_wp\/?p=2772"},"modified":"2021-04-01T11:09:34","modified_gmt":"2021-04-01T09:09:34","slug":"10-jaehriges-jubilaeum","status":"publish","type":"post","link":"https:\/\/www.asf-brandenburg.de\/asf_wp\/aktuelles\/2021\/10-jaehriges-jubilaeum\/","title":{"rendered":"10-j\u00e4hriges Jubil\u00e4um"},"content":{"rendered":"<div class=\"fusion-fullwidth fullwidth-box fusion-builder-row-1 nonhundred-percent-fullwidth non-hundred-percent-height-scrolling\" style=\"--awb-border-radius-top-left:0px;--awb-border-radius-top-right:0px;--awb-border-radius-bottom-right:0px;--awb-border-radius-bottom-left:0px;--awb-flex-wrap:wrap;\" ><div class=\"fusion-builder-row fusion-row\"><div class=\"fusion-layout-column fusion_builder_column fusion-builder-column-0 fusion_builder_column_1_1 1_1 fusion-one-full fusion-column-first fusion-column-last\" style=\"--awb-bg-size:cover;--awb-margin-bottom:0px;\"><div class=\"fusion-column-wrapper fusion-column-has-shadow fusion-flex-column-wrapper-legacy\"><div class=\"fusion-text fusion-text-1\"><p>Am heutigen 1. April feiert Frau Anke Fanke ihr 10-j\u00e4hriges Jubil\u00e4um beim Albert-Schweitzer-Familienwerk Brandenburg e.V. In ihrer t\u00e4glichen Arbeit ist sie in der Kita Hummelnest eingesetzt und sorgt f\u00fcr strahlende Kinderaugen. Die Gesch\u00e4ftsf\u00fchrung in Person von Kai Noack lie\u00df es sich nicht nehmen pers\u00f6nlich mit einem Strau\u00df Blumen zu gratulieren. Alles Gute f\u00fcr die Zukunft und hoffentlich noch viele Jahre beim ASF.<\/p>\n<\/div><div class=\"fusion-sep-clear\"><\/div><div class=\"fusion-separator fusion-full-width-sep\" style=\"margin-left: auto;margin-right: auto;margin-top:30px;width:100%;\"><\/div><div class=\"fusion-sep-clear\"><\/div><div class=\"fusion-clearfix\"><\/div><\/div><\/div><div class=\"fusion-layout-column fusion_builder_column fusion-builder-column-1 fusion_builder_column_1_2 1_2 fusion-one-half fusion-column-first\" style=\"--awb-bg-size:cover;width:50%;width:calc(50% - ( ( 4% ) * 0.5 ) );margin-right: 4%;\"><div class=\"fusion-column-wrapper fusion-column-has-shadow fusion-flex-column-wrapper-legacy\"><div class=\"fusion-image-element in-legacy-container\" style=\"--awb-caption-title-font-family:var(--h2_typography-font-family);--awb-caption-title-font-weight:var(--h2_typography-font-weight);--awb-caption-title-font-style:var(--h2_typography-font-style);--awb-caption-title-size:var(--h2_typography-font-size);--awb-caption-title-transform:var(--h2_typography-text-transform);--awb-caption-title-line-height:var(--h2_typography-line-height);--awb-caption-title-letter-spacing:var(--h2_typography-letter-spacing);\"><span class=\" fusion-imageframe imageframe-none imageframe-1 hover-type-none\"><img decoding=\"async\" width=\"1017\" height=\"1217\" title=\"Frau Anke Fanke\" src=\"https:\/\/www.asf-brandenburg.de\/asf_wp\/wp-content\/uploads\/2021\/04\/Frau-Anke-Fanke.jpg\" alt class=\"img-responsive wp-image-2773\" srcset=\"https:\/\/www.asf-brandenburg.de\/asf_wp\/wp-content\/uploads\/2021\/04\/Frau-Anke-Fanke-200x239.jpg 200w, https:\/\/www.asf-brandenburg.de\/asf_wp\/wp-content\/uploads\/2021\/04\/Frau-Anke-Fanke-400x479.jpg 400w, https:\/\/www.asf-brandenburg.de\/asf_wp\/wp-content\/uploads\/2021\/04\/Frau-Anke-Fanke-600x718.jpg 600w, https:\/\/www.asf-brandenburg.de\/asf_wp\/wp-content\/uploads\/2021\/04\/Frau-Anke-Fanke-800x957.jpg 800w, https:\/\/www.asf-brandenburg.de\/asf_wp\/wp-content\/uploads\/2021\/04\/Frau-Anke-Fanke.jpg 1017w\" sizes=\"(max-width: 800px) 100vw, 800px\" \/><\/span><\/div><div class=\"fusion-clearfix\"><\/div><\/div><\/div><div class=\"fusion-layout-column fusion_builder_column fusion-builder-column-2 fusion_builder_column_1_2 1_2 fusion-one-half fusion-column-last\" style=\"--awb-bg-size:cover;width:50%;width:calc(50% - ( ( 4% ) * 0.5 ) );\"><div class=\"fusion-column-wrapper fusion-column-has-shadow fusion-flex-column-wrapper-legacy\"><div class=\"fusion-clearfix\"><\/div><\/div><\/div><\/div><\/div>\n","protected":false},"excerpt":{"rendered":"<p>Am heutigen 1. April feiert Frau Anke Fanke ihr 10-j\u00e4hriges Jubil\u00e4um beim Albert-Schweitzer-Familienwerk Brandenburg e.V.<\/p>\n","protected":false},"author":2,"featured_media":2773,"comment_status":"closed","ping_status":"open","sticky":false,"template":"","format":"standard","meta":{"inline_featured_image":false,"footnotes":""},"categories":[142],"tags":[80],"class_list":["post-2772","post","type-post","status-publish","format-standard","has-post-thumbnail","hentry","category-neuigkeiten-2021","tag-albert-schweitzer-familienwerk-brandenburg-e-v"],"yoast_head":"<!-- This site is optimized with the Yoast SEO plugin v27.4 - https:\/\/yoast.com\/product\/yoast-seo-wordpress\/ -->\n<title>10-j\u00e4hriges Jubil\u00e4um<\/title>\n<meta name=\"description\" content=\"Am heutigen 1. April feiert Frau Anke Fanke ihr 10-j\u00e4hriges Jubil\u00e4um beim Albert-Schweitzer-Familienwerk Brandenburg e.V.\" \/>\n<meta name=\"robots\" content=\"index, follow, max-snippet:-1, max-image-preview:large, max-video-preview:-1\" \/>\n<link rel=\"canonical\" href=\"https:\/\/www.asf-brandenburg.de\/asf_wp\/aktuelles\/2021\/10-jaehriges-jubilaeum\/\" \/>\n<meta property=\"og:locale\" content=\"de_DE\" \/>\n<meta property=\"og:type\" content=\"article\" \/>\n<meta property=\"og:title\" content=\"10-j\u00e4hriges Jubil\u00e4um\" \/>\n<meta property=\"og:description\" content=\"Am heutigen 1. April feiert Frau Anke Fanke ihr 10-j\u00e4hriges Jubil\u00e4um beim Albert-Schweitzer-Familienwerk Brandenburg e.V.\" \/>\n<meta property=\"og:url\" content=\"https:\/\/www.asf-brandenburg.de\/asf_wp\/aktuelles\/2021\/10-jaehriges-jubilaeum\/\" \/>\n<meta property=\"og:site_name\" content=\"Albert-Schweitzer-Familienwerk Brandenburg e.V.\" \/>\n<meta property=\"article:publisher\" content=\"https:\/\/www.facebook.com\/AlbertSchweitzerFamilienwerkBrandenburg\" \/>\n<meta property=\"article:published_time\" content=\"2021-04-01T09:09:34+00:00\" \/>\n<meta property=\"og:image\" content=\"https:\/\/www.asf-brandenburg.de\/asf_wp\/wp-content\/uploads\/2021\/04\/Frau-Anke-Fanke.jpg\" \/>\n\t<meta property=\"og:image:width\" content=\"1017\" \/>\n\t<meta property=\"og:image:height\" content=\"1217\" \/>\n\t<meta property=\"og:image:type\" content=\"image\/jpeg\" \/>\n<meta name=\"author\" content=\"Web Admin\" \/>\n<meta name=\"twitter:card\" content=\"summary_large_image\" \/>\n<meta name=\"twitter:label1\" content=\"Verfasst von\" \/>\n\t<meta name=\"twitter:data1\" content=\"Web Admin\" \/>\n\t<meta name=\"twitter:label2\" content=\"Gesch\u00e4tzte Lesezeit\" \/>\n\t<meta name=\"twitter:data2\" content=\"2\u00a0Minuten\" \/>\n<script type=\"application\/ld+json\" class=\"yoast-schema-graph\">{\"@context\":\"https:\\\/\\\/schema.org\",\"@graph\":[{\"@type\":\"Article\",\"@id\":\"https:\\\/\\\/www.asf-brandenburg.de\\\/asf_wp\\\/aktuelles\\\/2021\\\/10-jaehriges-jubilaeum\\\/#article\",\"isPartOf\":{\"@id\":\"https:\\\/\\\/www.asf-brandenburg.de\\\/asf_wp\\\/aktuelles\\\/2021\\\/10-jaehriges-jubilaeum\\\/\"},\"author\":{\"name\":\"Web Admin\",\"@id\":\"https:\\\/\\\/www.asf-brandenburg.de\\\/asf_wp\\\/#\\\/schema\\\/person\\\/a63ba1553f2aa75f90f3809d9e4a1efc\"},\"headline\":\"10-j\u00e4hriges Jubil\u00e4um\",\"datePublished\":\"2021-04-01T09:09:34+00:00\",\"mainEntityOfPage\":{\"@id\":\"https:\\\/\\\/www.asf-brandenburg.de\\\/asf_wp\\\/aktuelles\\\/2021\\\/10-jaehriges-jubilaeum\\\/\"},\"wordCount\":724,\"publisher\":{\"@id\":\"https:\\\/\\\/www.asf-brandenburg.de\\\/asf_wp\\\/#organization\"},\"image\":{\"@id\":\"https:\\\/\\\/www.asf-brandenburg.de\\\/asf_wp\\\/aktuelles\\\/2021\\\/10-jaehriges-jubilaeum\\\/#primaryimage\"},\"thumbnailUrl\":\"https:\\\/\\\/www.asf-brandenburg.de\\\/asf_wp\\\/wp-content\\\/uploads\\\/2021\\\/04\\\/Frau-Anke-Fanke.jpg\",\"keywords\":[\"Albert-Schweitzer-Familienwerk Brandenburg e.V.\"],\"articleSection\":[\"Neuigkeiten 2021\"],\"inLanguage\":\"de\"},{\"@type\":\"WebPage\",\"@id\":\"https:\\\/\\\/www.asf-brandenburg.de\\\/asf_wp\\\/aktuelles\\\/2021\\\/10-jaehriges-jubilaeum\\\/\",\"url\":\"https:\\\/\\\/www.asf-brandenburg.de\\\/asf_wp\\\/aktuelles\\\/2021\\\/10-jaehriges-jubilaeum\\\/\",\"name\":\"10-j\u00e4hriges Jubil\u00e4um\",\"isPartOf\":{\"@id\":\"https:\\\/\\\/www.asf-brandenburg.de\\\/asf_wp\\\/#website\"},\"primaryImageOfPage\":{\"@id\":\"https:\\\/\\\/www.asf-brandenburg.de\\\/asf_wp\\\/aktuelles\\\/2021\\\/10-jaehriges-jubilaeum\\\/#primaryimage\"},\"image\":{\"@id\":\"https:\\\/\\\/www.asf-brandenburg.de\\\/asf_wp\\\/aktuelles\\\/2021\\\/10-jaehriges-jubilaeum\\\/#primaryimage\"},\"thumbnailUrl\":\"https:\\\/\\\/www.asf-brandenburg.de\\\/asf_wp\\\/wp-content\\\/uploads\\\/2021\\\/04\\\/Frau-Anke-Fanke.jpg\",\"datePublished\":\"2021-04-01T09:09:34+00:00\",\"description\":\"Am heutigen 1. April feiert Frau Anke Fanke ihr 10-j\u00e4hriges Jubil\u00e4um beim Albert-Schweitzer-Familienwerk Brandenburg e.V.\",\"breadcrumb\":{\"@id\":\"https:\\\/\\\/www.asf-brandenburg.de\\\/asf_wp\\\/aktuelles\\\/2021\\\/10-jaehriges-jubilaeum\\\/#breadcrumb\"},\"inLanguage\":\"de\",\"potentialAction\":[{\"@type\":\"ReadAction\",\"target\":[\"https:\\\/\\\/www.asf-brandenburg.de\\\/asf_wp\\\/aktuelles\\\/2021\\\/10-jaehriges-jubilaeum\\\/\"]}]},{\"@type\":\"ImageObject\",\"inLanguage\":\"de\",\"@id\":\"https:\\\/\\\/www.asf-brandenburg.de\\\/asf_wp\\\/aktuelles\\\/2021\\\/10-jaehriges-jubilaeum\\\/#primaryimage\",\"url\":\"https:\\\/\\\/www.asf-brandenburg.de\\\/asf_wp\\\/wp-content\\\/uploads\\\/2021\\\/04\\\/Frau-Anke-Fanke.jpg\",\"contentUrl\":\"https:\\\/\\\/www.asf-brandenburg.de\\\/asf_wp\\\/wp-content\\\/uploads\\\/2021\\\/04\\\/Frau-Anke-Fanke.jpg\",\"width\":1017,\"height\":1217},{\"@type\":\"BreadcrumbList\",\"@id\":\"https:\\\/\\\/www.asf-brandenburg.de\\\/asf_wp\\\/aktuelles\\\/2021\\\/10-jaehriges-jubilaeum\\\/#breadcrumb\",\"itemListElement\":[{\"@type\":\"ListItem\",\"position\":1,\"name\":\"Startseite\",\"item\":\"https:\\\/\\\/www.asf-brandenburg.de\\\/asf_wp\\\/\"},{\"@type\":\"ListItem\",\"position\":2,\"name\":\"10-j\u00e4hriges Jubil\u00e4um\"}]},{\"@type\":\"WebSite\",\"@id\":\"https:\\\/\\\/www.asf-brandenburg.de\\\/asf_wp\\\/#website\",\"url\":\"https:\\\/\\\/www.asf-brandenburg.de\\\/asf_wp\\\/\",\"name\":\"Albert-Schweitzer-Kinderd\u00f6rfer und Familienwerke Brandenburg e. V.\",\"description\":\"\",\"publisher\":{\"@id\":\"https:\\\/\\\/www.asf-brandenburg.de\\\/asf_wp\\\/#organization\"},\"potentialAction\":[{\"@type\":\"SearchAction\",\"target\":{\"@type\":\"EntryPoint\",\"urlTemplate\":\"https:\\\/\\\/www.asf-brandenburg.de\\\/asf_wp\\\/?s={search_term_string}\"},\"query-input\":{\"@type\":\"PropertyValueSpecification\",\"valueRequired\":true,\"valueName\":\"search_term_string\"}}],\"inLanguage\":\"de\"},{\"@type\":\"Organization\",\"@id\":\"https:\\\/\\\/www.asf-brandenburg.de\\\/asf_wp\\\/#organization\",\"name\":\"Albert-Schweitzer-Familienwerk Brandenburg e. V.\",\"url\":\"https:\\\/\\\/www.asf-brandenburg.de\\\/asf_wp\\\/\",\"logo\":{\"@type\":\"ImageObject\",\"inLanguage\":\"de\",\"@id\":\"https:\\\/\\\/www.asf-brandenburg.de\\\/asf_wp\\\/#\\\/schema\\\/logo\\\/image\\\/\",\"url\":\"https:\\\/\\\/www.asf-brandenburg.de\\\/asf_wp\\\/wp-content\\\/uploads\\\/2018\\\/08\\\/Logo_ASF_BRB_318x107.png\",\"contentUrl\":\"https:\\\/\\\/www.asf-brandenburg.de\\\/asf_wp\\\/wp-content\\\/uploads\\\/2018\\\/08\\\/Logo_ASF_BRB_318x107.png\",\"width\":318,\"height\":107,\"caption\":\"Albert-Schweitzer-Familienwerk Brandenburg e. V.\"},\"image\":{\"@id\":\"https:\\\/\\\/www.asf-brandenburg.de\\\/asf_wp\\\/#\\\/schema\\\/logo\\\/image\\\/\"},\"sameAs\":[\"https:\\\/\\\/www.facebook.com\\\/AlbertSchweitzerFamilienwerkBrandenburg\",\"https:\\\/\\\/www.youtube.com\\\/@asfbrandenburg\",\"https:\\\/\\\/www.instagram.com\\\/asf_brandenburg\\\/\"]},{\"@type\":\"Person\",\"@id\":\"https:\\\/\\\/www.asf-brandenburg.de\\\/asf_wp\\\/#\\\/schema\\\/person\\\/a63ba1553f2aa75f90f3809d9e4a1efc\",\"name\":\"Web Admin\",\"sameAs\":[\"http:\\\/\\\/www.asf-brandenburg.de\"],\"url\":\"https:\\\/\\\/www.asf-brandenburg.de\\\/asf_wp\\\/aktuelles\\\/author\\\/asf\\\/\"}]}<\/script>\n<!-- \/ Yoast SEO plugin. -->","yoast_head_json":{"title":"10-j\u00e4hriges Jubil\u00e4um","description":"Am heutigen 1. April feiert Frau Anke Fanke ihr 10-j\u00e4hriges Jubil\u00e4um beim Albert-Schweitzer-Familienwerk Brandenburg e.V.","robots":{"index":"index","follow":"follow","max-snippet":"max-snippet:-1","max-image-preview":"max-image-preview:large","max-video-preview":"max-video-preview:-1"},"canonical":"https:\/\/www.asf-brandenburg.de\/asf_wp\/aktuelles\/2021\/10-jaehriges-jubilaeum\/","og_locale":"de_DE","og_type":"article","og_title":"10-j\u00e4hriges Jubil\u00e4um","og_description":"Am heutigen 1. April feiert Frau Anke Fanke ihr 10-j\u00e4hriges Jubil\u00e4um beim Albert-Schweitzer-Familienwerk Brandenburg e.V.","og_url":"https:\/\/www.asf-brandenburg.de\/asf_wp\/aktuelles\/2021\/10-jaehriges-jubilaeum\/","og_site_name":"Albert-Schweitzer-Familienwerk Brandenburg e.V.","article_publisher":"https:\/\/www.facebook.com\/AlbertSchweitzerFamilienwerkBrandenburg","article_published_time":"2021-04-01T09:09:34+00:00","og_image":[{"width":1017,"height":1217,"url":"https:\/\/www.asf-brandenburg.de\/asf_wp\/wp-content\/uploads\/2021\/04\/Frau-Anke-Fanke.jpg","type":"image\/jpeg"}],"author":"Web Admin","twitter_card":"summary_large_image","twitter_misc":{"Verfasst von":"Web Admin","Gesch\u00e4tzte Lesezeit":"2\u00a0Minuten"},"schema":{"@context":"https:\/\/schema.org","@graph":[{"@type":"Article","@id":"https:\/\/www.asf-brandenburg.de\/asf_wp\/aktuelles\/2021\/10-jaehriges-jubilaeum\/#article","isPartOf":{"@id":"https:\/\/www.asf-brandenburg.de\/asf_wp\/aktuelles\/2021\/10-jaehriges-jubilaeum\/"},"author":{"name":"Web Admin","@id":"https:\/\/www.asf-brandenburg.de\/asf_wp\/#\/schema\/person\/a63ba1553f2aa75f90f3809d9e4a1efc"},"headline":"10-j\u00e4hriges Jubil\u00e4um","datePublished":"2021-04-01T09:09:34+00:00","mainEntityOfPage":{"@id":"https:\/\/www.asf-brandenburg.de\/asf_wp\/aktuelles\/2021\/10-jaehriges-jubilaeum\/"},"wordCount":724,"publisher":{"@id":"https:\/\/www.asf-brandenburg.de\/asf_wp\/#organization"},"image":{"@id":"https:\/\/www.asf-brandenburg.de\/asf_wp\/aktuelles\/2021\/10-jaehriges-jubilaeum\/#primaryimage"},"thumbnailUrl":"https:\/\/www.asf-brandenburg.de\/asf_wp\/wp-content\/uploads\/2021\/04\/Frau-Anke-Fanke.jpg","keywords":["Albert-Schweitzer-Familienwerk Brandenburg e.V."],"articleSection":["Neuigkeiten 2021"],"inLanguage":"de"},{"@type":"WebPage","@id":"https:\/\/www.asf-brandenburg.de\/asf_wp\/aktuelles\/2021\/10-jaehriges-jubilaeum\/","url":"https:\/\/www.asf-brandenburg.de\/asf_wp\/aktuelles\/2021\/10-jaehriges-jubilaeum\/","name":"10-j\u00e4hriges Jubil\u00e4um","isPartOf":{"@id":"https:\/\/www.asf-brandenburg.de\/asf_wp\/#website"},"primaryImageOfPage":{"@id":"https:\/\/www.asf-brandenburg.de\/asf_wp\/aktuelles\/2021\/10-jaehriges-jubilaeum\/#primaryimage"},"image":{"@id":"https:\/\/www.asf-brandenburg.de\/asf_wp\/aktuelles\/2021\/10-jaehriges-jubilaeum\/#primaryimage"},"thumbnailUrl":"https:\/\/www.asf-brandenburg.de\/asf_wp\/wp-content\/uploads\/2021\/04\/Frau-Anke-Fanke.jpg","datePublished":"2021-04-01T09:09:34+00:00","description":"Am heutigen 1. April feiert Frau Anke Fanke ihr 10-j\u00e4hriges Jubil\u00e4um beim Albert-Schweitzer-Familienwerk Brandenburg e.V.","breadcrumb":{"@id":"https:\/\/www.asf-brandenburg.de\/asf_wp\/aktuelles\/2021\/10-jaehriges-jubilaeum\/#breadcrumb"},"inLanguage":"de","potentialAction":[{"@type":"ReadAction","target":["https:\/\/www.asf-brandenburg.de\/asf_wp\/aktuelles\/2021\/10-jaehriges-jubilaeum\/"]}]},{"@type":"ImageObject","inLanguage":"de","@id":"https:\/\/www.asf-brandenburg.de\/asf_wp\/aktuelles\/2021\/10-jaehriges-jubilaeum\/#primaryimage","url":"https:\/\/www.asf-brandenburg.de\/asf_wp\/wp-content\/uploads\/2021\/04\/Frau-Anke-Fanke.jpg","contentUrl":"https:\/\/www.asf-brandenburg.de\/asf_wp\/wp-content\/uploads\/2021\/04\/Frau-Anke-Fanke.jpg","width":1017,"height":1217},{"@type":"BreadcrumbList","@id":"https:\/\/www.asf-brandenburg.de\/asf_wp\/aktuelles\/2021\/10-jaehriges-jubilaeum\/#breadcrumb","itemListElement":[{"@type":"ListItem","position":1,"name":"Startseite","item":"https:\/\/www.asf-brandenburg.de\/asf_wp\/"},{"@type":"ListItem","position":2,"name":"10-j\u00e4hriges Jubil\u00e4um"}]},{"@type":"WebSite","@id":"https:\/\/www.asf-brandenburg.de\/asf_wp\/#website","url":"https:\/\/www.asf-brandenburg.de\/asf_wp\/","name":"Albert-Schweitzer-Kinderd\u00f6rfer und Familienwerke Brandenburg e. V.","description":"","publisher":{"@id":"https:\/\/www.asf-brandenburg.de\/asf_wp\/#organization"},"potentialAction":[{"@type":"SearchAction","target":{"@type":"EntryPoint","urlTemplate":"https:\/\/www.asf-brandenburg.de\/asf_wp\/?s={search_term_string}"},"query-input":{"@type":"PropertyValueSpecification","valueRequired":true,"valueName":"search_term_string"}}],"inLanguage":"de"},{"@type":"Organization","@id":"https:\/\/www.asf-brandenburg.de\/asf_wp\/#organization","name":"Albert-Schweitzer-Familienwerk Brandenburg e. V.","url":"https:\/\/www.asf-brandenburg.de\/asf_wp\/","logo":{"@type":"ImageObject","inLanguage":"de","@id":"https:\/\/www.asf-brandenburg.de\/asf_wp\/#\/schema\/logo\/image\/","url":"https:\/\/www.asf-brandenburg.de\/asf_wp\/wp-content\/uploads\/2018\/08\/Logo_ASF_BRB_318x107.png","contentUrl":"https:\/\/www.asf-brandenburg.de\/asf_wp\/wp-content\/uploads\/2018\/08\/Logo_ASF_BRB_318x107.png","width":318,"height":107,"caption":"Albert-Schweitzer-Familienwerk Brandenburg e. V."},"image":{"@id":"https:\/\/www.asf-brandenburg.de\/asf_wp\/#\/schema\/logo\/image\/"},"sameAs":["https:\/\/www.facebook.com\/AlbertSchweitzerFamilienwerkBrandenburg","https:\/\/www.youtube.com\/@asfbrandenburg","https:\/\/www.instagram.com\/asf_brandenburg\/"]},{"@type":"Person","@id":"https:\/\/www.asf-brandenburg.de\/asf_wp\/#\/schema\/person\/a63ba1553f2aa75f90f3809d9e4a1efc","name":"Web Admin","sameAs":["http:\/\/www.asf-brandenburg.de"],"url":"https:\/\/www.asf-brandenburg.de\/asf_wp\/aktuelles\/author\/asf\/"}]}},"_links":{"self":[{"href":"https:\/\/www.asf-brandenburg.de\/asf_wp\/wp-json\/wp\/v2\/posts\/2772","targetHints":{"allow":["GET"]}}],"collection":[{"href":"https:\/\/www.asf-brandenburg.de\/asf_wp\/wp-json\/wp\/v2\/posts"}],"about":[{"href":"https:\/\/www.asf-brandenburg.de\/asf_wp\/wp-json\/wp\/v2\/types\/post"}],"author":[{"embeddable":true,"href":"https:\/\/www.asf-brandenburg.de\/asf_wp\/wp-json\/wp\/v2\/users\/2"}],"replies":[{"embeddable":true,"href":"https:\/\/www.asf-brandenburg.de\/asf_wp\/wp-json\/wp\/v2\/comments?post=2772"}],"version-history":[{"count":0,"href":"https:\/\/www.asf-brandenburg.de\/asf_wp\/wp-json\/wp\/v2\/posts\/2772\/revisions"}],"wp:featuredmedia":[{"embeddable":true,"href":"https:\/\/www.asf-brandenburg.de\/asf_wp\/wp-json\/wp\/v2\/media\/2773"}],"wp:attachment":[{"href":"https:\/\/www.asf-brandenburg.de\/asf_wp\/wp-json\/wp\/v2\/media?parent=2772"}],"wp:term":[{"taxonomy":"category","embeddable":true,"href":"https:\/\/www.asf-brandenburg.de\/asf_wp\/wp-json\/wp\/v2\/categories?post=2772"},{"taxonomy":"post_tag","embeddable":true,"href":"https:\/\/www.asf-brandenburg.de\/asf_wp\/wp-json\/wp\/v2\/tags?post=2772"}],"curies":[{"name":"wp","href":"https:\/\/api.w.org\/{rel}","templated":true}]}}