{"id":2717,"date":"2021-02-18T08:55:27","date_gmt":"2021-02-18T07:55:27","guid":{"rendered":"https:\/\/www.asf-brandenburg.de\/asf_wp\/?p=2717"},"modified":"2021-02-18T08:55:27","modified_gmt":"2021-02-18T07:55:27","slug":"elterninformation-grundschule-lausitzer-haus-des-lernens","status":"publish","type":"post","link":"https:\/\/www.asf-brandenburg.de\/asf_wp\/aktuelles\/2021\/elterninformation-grundschule-lausitzer-haus-des-lernens\/","title":{"rendered":"Elterninformation Grundschule Lausitzer Haus des Lernens"},"content":{"rendered":"<div class=\"fusion-fullwidth fullwidth-box fusion-builder-row-1 nonhundred-percent-fullwidth non-hundred-percent-height-scrolling\" style=\"--awb-border-radius-top-left:0px;--awb-border-radius-top-right:0px;--awb-border-radius-bottom-right:0px;--awb-border-radius-bottom-left:0px;--awb-flex-wrap:wrap;\" ><div class=\"fusion-builder-row fusion-row\"><div class=\"fusion-layout-column fusion_builder_column fusion-builder-column-0 fusion_builder_column_1_1 1_1 fusion-one-full fusion-column-first fusion-column-last\" style=\"--awb-bg-size:cover;--awb-margin-bottom:0px;\"><div class=\"fusion-column-wrapper fusion-column-has-shadow fusion-flex-column-wrapper-legacy\"><div class=\"fusion-text fusion-text-1\"><p>Elterninformation<\/p>\n<p>Liebe Eltern,<br \/>\nwie Sie der Presse entnehmen konnten, werden ab Montag, den 22.02.2021, die Grundschulen in Brandenburg, unter der Beachtung und Durchsetzung der 6.SARS-CoV2 Eind\u00e4mmungsverordnung, wieder ge\u00f6ffnet. Damit das geforderte Hygienekonzept umgesetzt werden kann gelten f\u00fcr unsere Schule, \u201eLausitzer Haus des Lernens\u201c, ab Montag, den 22.02.2021 folgende Regelungen zur schrittweisen Schul\u00f6ffnung. Die Schule und der Hort haben von 7.00 Uhr bis 16.00 Uhr ge\u00f6ffnet. F\u00fcr alle Sch\u00fcler der Klassen 1 bis 6 herrscht wieder Pr\u00e4senzpflicht im Unterricht bzw. f\u00fcr Klasse 4 und 5 Distanzunterricht im Wechselmodus. Es besteht die Pflicht des Tragens einer medizinischen Maske f\u00fcr Sch\u00fcler, Personal und Besucher in der Schule und im Hort. Diese wird auch im Unterricht getragen. Ausgenommen sind L\u00fcftungszeiten im Klassenraum und der Aufenthalt im Freien. Besuchern\/ Eltern wird nur nach Voranmeldung Einlass in das Schul- und Hortgeb\u00e4ude gew\u00e4hrt. Sollte ein Kind bzw. ein Familienmitglied einer Sch\u00fclerin \/ eines Sch\u00fclers unserer Schule Symptome einer COVID-Infektion haben oder an COVID erkranken, ist die Schule unverz\u00fcglich zu informieren. Sch\u00fclerinnen und Sch\u00fcler der Klassen 1, 2 und 3 besuchen wieder t\u00e4glich die Schule. Es werden Halbgruppen gebildet, welche durch den Klassenleiter und einer weiteren Lehrkraft unserer Schule betreut werden. Die Kinder dieser Klassen k\u00f6nnen am Nachmittag auch die Hortbetreuung in Anspruch nehmen. Wir m\u00f6chten Sie aber bitten, bei vorhandenen M\u00f6glichkeiten, Ihr Kind nach dem Unterricht laut den Klassenstundenpl\u00e4nen eher von der Schule bzw. dem Hort abzuholen oder Ihr Kind darf die Einrichtung eher verlassen.<br \/>\nDie Sch\u00fcler der Klassen 4 und 5 besuchen im Wechselmodel die Schule. Das hei\u00dft, die Klassen werden in je zwei Gruppen (A und B) geteilt, die dann im w\u00f6chentlichen Wechsel am Pr\u00e4senzunterricht teilnehmen. Die Gruppeneinteilung erfolgt durch die Klassenleiter und wird Ihnen zeitnah bekanntgegeben. Geschwister werden nat\u00fcrlich ber\u00fccksichtigt. Die Halbgruppe der Klasse 4, welche nicht am Pr\u00e4senzunterricht teilnimmt, kann bei Bedarf die Notbetreuung durch den Hort in Anspruch nehmen. Am Nachmittag k\u00f6nnen alle Kinder der Klassen 4,5 und 6, welche einen Hortplatz haben und am Pr\u00e4senzunterricht teilnehmen, den Hort besuchen. Aufgaben f\u00fcr den Distanzunterricht werden wie gewohnt zur Verf\u00fcgung gestellt.<br \/>\nF\u00fcr Klasse 6 findet wieder t\u00e4glicher Unterricht im gesamten Klassenverband statt.<br \/>\nDie Umsetzung dieses Konzeptes erfordert ein H\u00f6chstma\u00df an personeller Planung und ist auf Ihre Mitwirkung bei der Gestaltung angewiesen. Daf\u00fcr m\u00f6chten wir Ihnen schon jetzt danken.<br \/>\nBestehende Notbetreuungsvertr\u00e4ge behalten ihre G\u00fcltigkeit!<br \/>\nDiese Regelungen gelten vorerst bis zum 07.03.2021.<\/p>\n<p>Mit freundlichen Gr\u00fc\u00dfen<br \/>\nU. Schenk N. Lehmann<br \/>\nSchulleiterin Hortleiterin<\/p>\n<\/div><div class=\"fusion-sep-clear\"><\/div><div class=\"fusion-separator fusion-full-width-sep\" style=\"margin-left: auto;margin-right: auto;margin-top:30px;width:100%;\"><\/div><div class=\"fusion-sep-clear\"><\/div><div class=\"fusion-clearfix\"><\/div><\/div><\/div><div class=\"fusion-layout-column fusion_builder_column fusion-builder-column-1 fusion_builder_column_1_2 1_2 fusion-one-half fusion-column-first\" style=\"--awb-bg-size:cover;width:50%;width:calc(50% - ( ( 4% ) * 0.5 ) );margin-right: 4%;\"><div class=\"fusion-column-wrapper fusion-column-has-shadow fusion-flex-column-wrapper-legacy\"><div class=\"fusion-image-element in-legacy-container\" style=\"--awb-caption-title-font-family:var(--h2_typography-font-family);--awb-caption-title-font-weight:var(--h2_typography-font-weight);--awb-caption-title-font-style:var(--h2_typography-font-style);--awb-caption-title-size:var(--h2_typography-font-size);--awb-caption-title-transform:var(--h2_typography-text-transform);--awb-caption-title-line-height:var(--h2_typography-line-height);--awb-caption-title-letter-spacing:var(--h2_typography-letter-spacing);\"><span class=\" fusion-imageframe imageframe-none imageframe-1 hover-type-none\"><img decoding=\"async\" width=\"1641\" height=\"2560\" title=\"LHL\" src=\"https:\/\/www.asf-brandenburg.de\/asf_wp\/wp-content\/uploads\/2021\/02\/LHL-scaled.jpg\" alt class=\"img-responsive wp-image-2718\" srcset=\"https:\/\/www.asf-brandenburg.de\/asf_wp\/wp-content\/uploads\/2021\/02\/LHL-scaled-200x312.jpg 200w, https:\/\/www.asf-brandenburg.de\/asf_wp\/wp-content\/uploads\/2021\/02\/LHL-scaled-400x624.jpg 400w, https:\/\/www.asf-brandenburg.de\/asf_wp\/wp-content\/uploads\/2021\/02\/LHL-scaled-600x936.jpg 600w, https:\/\/www.asf-brandenburg.de\/asf_wp\/wp-content\/uploads\/2021\/02\/LHL-scaled-800x1248.jpg 800w, https:\/\/www.asf-brandenburg.de\/asf_wp\/wp-content\/uploads\/2021\/02\/LHL-scaled-1200x1872.jpg 1200w, https:\/\/www.asf-brandenburg.de\/asf_wp\/wp-content\/uploads\/2021\/02\/LHL-scaled.jpg 1641w\" sizes=\"(max-width: 800px) 100vw, 800px\" \/><\/span><\/div><div class=\"fusion-clearfix\"><\/div><\/div><\/div><div class=\"fusion-layout-column fusion_builder_column fusion-builder-column-2 fusion_builder_column_1_2 1_2 fusion-one-half fusion-column-last\" style=\"--awb-bg-size:cover;width:50%;width:calc(50% - ( ( 4% ) * 0.5 ) );\"><div class=\"fusion-column-wrapper fusion-column-has-shadow fusion-flex-column-wrapper-legacy\"><div class=\"fusion-clearfix\"><\/div><\/div><\/div><\/div><\/div>\n","protected":false},"excerpt":{"rendered":"<p>Elterninformation Grundschule Lausitzer Haus des Lernens<\/p>\n","protected":false},"author":2,"featured_media":2718,"comment_status":"closed","ping_status":"open","sticky":false,"template":"","format":"standard","meta":{"inline_featured_image":false,"footnotes":""},"categories":[142,18],"tags":[80,145],"class_list":["post-2717","post","type-post","status-publish","format-standard","has-post-thumbnail","hentry","category-neuigkeiten-2021","category-schule","tag-albert-schweitzer-familienwerk-brandenburg-e-v","tag-ojt"],"yoast_head":"<!-- This site is optimized with the Yoast SEO plugin v27.5 - https:\/\/yoast.com\/product\/yoast-seo-wordpress\/ -->\n<title>Elterninformation Grundschule Lausitzer Haus des Lernens<\/title>\n<meta name=\"description\" content=\"Liebe Eltern,wie Sie der Presse entnehmen konnten, werden ab Montag, den 22.02.2021, die Grundschulen in Brandenburg, unter der Beachtung und Durchsetzung der 6.SARS-CoV2 Eind\u00e4mmungsverordnung, wieder ge\u00f6ffnet.\" \/>\n<meta name=\"robots\" content=\"index, follow, max-snippet:-1, max-image-preview:large, max-video-preview:-1\" \/>\n<link rel=\"canonical\" href=\"https:\/\/www.asf-brandenburg.de\/asf_wp\/aktuelles\/2021\/elterninformation-grundschule-lausitzer-haus-des-lernens\/\" \/>\n<meta property=\"og:locale\" content=\"de_DE\" \/>\n<meta property=\"og:type\" content=\"article\" \/>\n<meta property=\"og:title\" content=\"Elterninformation Grundschule Lausitzer Haus des Lernens\" \/>\n<meta property=\"og:description\" content=\"Liebe Eltern,wie Sie der Presse entnehmen konnten, werden ab Montag, den 22.02.2021, die Grundschulen in Brandenburg, unter der Beachtung und Durchsetzung der 6.SARS-CoV2 Eind\u00e4mmungsverordnung, wieder ge\u00f6ffnet.\" \/>\n<meta property=\"og:url\" content=\"https:\/\/www.asf-brandenburg.de\/asf_wp\/aktuelles\/2021\/elterninformation-grundschule-lausitzer-haus-des-lernens\/\" \/>\n<meta property=\"og:site_name\" content=\"Albert-Schweitzer-Familienwerk Brandenburg e.V.\" \/>\n<meta property=\"article:publisher\" content=\"https:\/\/www.facebook.com\/AlbertSchweitzerFamilienwerkBrandenburg\" \/>\n<meta property=\"article:published_time\" content=\"2021-02-18T07:55:27+00:00\" \/>\n<meta property=\"og:image\" content=\"https:\/\/www.asf-brandenburg.de\/asf_wp\/wp-content\/uploads\/2021\/02\/LHL-scaled.jpg\" \/>\n\t<meta property=\"og:image:width\" content=\"1641\" \/>\n\t<meta property=\"og:image:height\" content=\"2560\" \/>\n\t<meta property=\"og:image:type\" content=\"image\/jpeg\" \/>\n<meta name=\"author\" content=\"Web Admin\" \/>\n<meta name=\"twitter:card\" content=\"summary_large_image\" \/>\n<meta name=\"twitter:label1\" content=\"Verfasst von\" \/>\n\t<meta name=\"twitter:data1\" content=\"Web Admin\" \/>\n\t<meta name=\"twitter:label2\" content=\"Gesch\u00e4tzte Lesezeit\" \/>\n\t<meta name=\"twitter:data2\" content=\"3\u00a0Minuten\" \/>\n<script type=\"application\/ld+json\" class=\"yoast-schema-graph\">{\"@context\":\"https:\\\/\\\/schema.org\",\"@graph\":[{\"@type\":\"Article\",\"@id\":\"https:\\\/\\\/www.asf-brandenburg.de\\\/asf_wp\\\/aktuelles\\\/2021\\\/elterninformation-grundschule-lausitzer-haus-des-lernens\\\/#article\",\"isPartOf\":{\"@id\":\"https:\\\/\\\/www.asf-brandenburg.de\\\/asf_wp\\\/aktuelles\\\/2021\\\/elterninformation-grundschule-lausitzer-haus-des-lernens\\\/\"},\"author\":{\"name\":\"Web Admin\",\"@id\":\"https:\\\/\\\/www.asf-brandenburg.de\\\/asf_wp\\\/#\\\/schema\\\/person\\\/a63ba1553f2aa75f90f3809d9e4a1efc\"},\"headline\":\"Elterninformation Grundschule Lausitzer Haus des Lernens\",\"datePublished\":\"2021-02-18T07:55:27+00:00\",\"mainEntityOfPage\":{\"@id\":\"https:\\\/\\\/www.asf-brandenburg.de\\\/asf_wp\\\/aktuelles\\\/2021\\\/elterninformation-grundschule-lausitzer-haus-des-lernens\\\/\"},\"wordCount\":1076,\"publisher\":{\"@id\":\"https:\\\/\\\/www.asf-brandenburg.de\\\/asf_wp\\\/#organization\"},\"image\":{\"@id\":\"https:\\\/\\\/www.asf-brandenburg.de\\\/asf_wp\\\/aktuelles\\\/2021\\\/elterninformation-grundschule-lausitzer-haus-des-lernens\\\/#primaryimage\"},\"thumbnailUrl\":\"https:\\\/\\\/www.asf-brandenburg.de\\\/asf_wp\\\/wp-content\\\/uploads\\\/2021\\\/02\\\/LHL-scaled.jpg\",\"keywords\":[\"Albert-Schweitzer-Familienwerk Brandenburg e.V.\",\"OJT\"],\"articleSection\":[\"Neuigkeiten 2021\",\"Schule\"],\"inLanguage\":\"de\"},{\"@type\":\"WebPage\",\"@id\":\"https:\\\/\\\/www.asf-brandenburg.de\\\/asf_wp\\\/aktuelles\\\/2021\\\/elterninformation-grundschule-lausitzer-haus-des-lernens\\\/\",\"url\":\"https:\\\/\\\/www.asf-brandenburg.de\\\/asf_wp\\\/aktuelles\\\/2021\\\/elterninformation-grundschule-lausitzer-haus-des-lernens\\\/\",\"name\":\"Elterninformation Grundschule Lausitzer Haus des Lernens\",\"isPartOf\":{\"@id\":\"https:\\\/\\\/www.asf-brandenburg.de\\\/asf_wp\\\/#website\"},\"primaryImageOfPage\":{\"@id\":\"https:\\\/\\\/www.asf-brandenburg.de\\\/asf_wp\\\/aktuelles\\\/2021\\\/elterninformation-grundschule-lausitzer-haus-des-lernens\\\/#primaryimage\"},\"image\":{\"@id\":\"https:\\\/\\\/www.asf-brandenburg.de\\\/asf_wp\\\/aktuelles\\\/2021\\\/elterninformation-grundschule-lausitzer-haus-des-lernens\\\/#primaryimage\"},\"thumbnailUrl\":\"https:\\\/\\\/www.asf-brandenburg.de\\\/asf_wp\\\/wp-content\\\/uploads\\\/2021\\\/02\\\/LHL-scaled.jpg\",\"datePublished\":\"2021-02-18T07:55:27+00:00\",\"description\":\"Liebe Eltern,wie Sie der Presse entnehmen konnten, werden ab Montag, den 22.02.2021, die Grundschulen in Brandenburg, unter der Beachtung und Durchsetzung der 6.SARS-CoV2 Eind\u00e4mmungsverordnung, wieder ge\u00f6ffnet.\",\"breadcrumb\":{\"@id\":\"https:\\\/\\\/www.asf-brandenburg.de\\\/asf_wp\\\/aktuelles\\\/2021\\\/elterninformation-grundschule-lausitzer-haus-des-lernens\\\/#breadcrumb\"},\"inLanguage\":\"de\",\"potentialAction\":[{\"@type\":\"ReadAction\",\"target\":[\"https:\\\/\\\/www.asf-brandenburg.de\\\/asf_wp\\\/aktuelles\\\/2021\\\/elterninformation-grundschule-lausitzer-haus-des-lernens\\\/\"]}]},{\"@type\":\"ImageObject\",\"inLanguage\":\"de\",\"@id\":\"https:\\\/\\\/www.asf-brandenburg.de\\\/asf_wp\\\/aktuelles\\\/2021\\\/elterninformation-grundschule-lausitzer-haus-des-lernens\\\/#primaryimage\",\"url\":\"https:\\\/\\\/www.asf-brandenburg.de\\\/asf_wp\\\/wp-content\\\/uploads\\\/2021\\\/02\\\/LHL-scaled.jpg\",\"contentUrl\":\"https:\\\/\\\/www.asf-brandenburg.de\\\/asf_wp\\\/wp-content\\\/uploads\\\/2021\\\/02\\\/LHL-scaled.jpg\",\"width\":1641,\"height\":2560},{\"@type\":\"BreadcrumbList\",\"@id\":\"https:\\\/\\\/www.asf-brandenburg.de\\\/asf_wp\\\/aktuelles\\\/2021\\\/elterninformation-grundschule-lausitzer-haus-des-lernens\\\/#breadcrumb\",\"itemListElement\":[{\"@type\":\"ListItem\",\"position\":1,\"name\":\"Startseite\",\"item\":\"https:\\\/\\\/www.asf-brandenburg.de\\\/asf_wp\\\/\"},{\"@type\":\"ListItem\",\"position\":2,\"name\":\"Elterninformation Grundschule Lausitzer Haus des Lernens\"}]},{\"@type\":\"WebSite\",\"@id\":\"https:\\\/\\\/www.asf-brandenburg.de\\\/asf_wp\\\/#website\",\"url\":\"https:\\\/\\\/www.asf-brandenburg.de\\\/asf_wp\\\/\",\"name\":\"Albert-Schweitzer-Kinderd\u00f6rfer und Familienwerke Brandenburg e. V.\",\"description\":\"\",\"publisher\":{\"@id\":\"https:\\\/\\\/www.asf-brandenburg.de\\\/asf_wp\\\/#organization\"},\"potentialAction\":[{\"@type\":\"SearchAction\",\"target\":{\"@type\":\"EntryPoint\",\"urlTemplate\":\"https:\\\/\\\/www.asf-brandenburg.de\\\/asf_wp\\\/?s={search_term_string}\"},\"query-input\":{\"@type\":\"PropertyValueSpecification\",\"valueRequired\":true,\"valueName\":\"search_term_string\"}}],\"inLanguage\":\"de\"},{\"@type\":\"Organization\",\"@id\":\"https:\\\/\\\/www.asf-brandenburg.de\\\/asf_wp\\\/#organization\",\"name\":\"Albert-Schweitzer-Familienwerk Brandenburg e. V.\",\"url\":\"https:\\\/\\\/www.asf-brandenburg.de\\\/asf_wp\\\/\",\"logo\":{\"@type\":\"ImageObject\",\"inLanguage\":\"de\",\"@id\":\"https:\\\/\\\/www.asf-brandenburg.de\\\/asf_wp\\\/#\\\/schema\\\/logo\\\/image\\\/\",\"url\":\"https:\\\/\\\/www.asf-brandenburg.de\\\/asf_wp\\\/wp-content\\\/uploads\\\/2018\\\/08\\\/Logo_ASF_BRB_318x107.png\",\"contentUrl\":\"https:\\\/\\\/www.asf-brandenburg.de\\\/asf_wp\\\/wp-content\\\/uploads\\\/2018\\\/08\\\/Logo_ASF_BRB_318x107.png\",\"width\":318,\"height\":107,\"caption\":\"Albert-Schweitzer-Familienwerk Brandenburg e. V.\"},\"image\":{\"@id\":\"https:\\\/\\\/www.asf-brandenburg.de\\\/asf_wp\\\/#\\\/schema\\\/logo\\\/image\\\/\"},\"sameAs\":[\"https:\\\/\\\/www.facebook.com\\\/AlbertSchweitzerFamilienwerkBrandenburg\",\"https:\\\/\\\/www.youtube.com\\\/@asfbrandenburg\",\"https:\\\/\\\/www.instagram.com\\\/asf_brandenburg\\\/\"]},{\"@type\":\"Person\",\"@id\":\"https:\\\/\\\/www.asf-brandenburg.de\\\/asf_wp\\\/#\\\/schema\\\/person\\\/a63ba1553f2aa75f90f3809d9e4a1efc\",\"name\":\"Web Admin\",\"sameAs\":[\"http:\\\/\\\/www.asf-brandenburg.de\"],\"url\":\"https:\\\/\\\/www.asf-brandenburg.de\\\/asf_wp\\\/aktuelles\\\/author\\\/asf\\\/\"}]}<\/script>\n<!-- \/ Yoast SEO plugin. -->","yoast_head_json":{"title":"Elterninformation Grundschule Lausitzer Haus des Lernens","description":"Liebe Eltern,wie Sie der Presse entnehmen konnten, werden ab Montag, den 22.02.2021, die Grundschulen in Brandenburg, unter der Beachtung und Durchsetzung der 6.SARS-CoV2 Eind\u00e4mmungsverordnung, wieder ge\u00f6ffnet.","robots":{"index":"index","follow":"follow","max-snippet":"max-snippet:-1","max-image-preview":"max-image-preview:large","max-video-preview":"max-video-preview:-1"},"canonical":"https:\/\/www.asf-brandenburg.de\/asf_wp\/aktuelles\/2021\/elterninformation-grundschule-lausitzer-haus-des-lernens\/","og_locale":"de_DE","og_type":"article","og_title":"Elterninformation Grundschule Lausitzer Haus des Lernens","og_description":"Liebe Eltern,wie Sie der Presse entnehmen konnten, werden ab Montag, den 22.02.2021, die Grundschulen in Brandenburg, unter der Beachtung und Durchsetzung der 6.SARS-CoV2 Eind\u00e4mmungsverordnung, wieder ge\u00f6ffnet.","og_url":"https:\/\/www.asf-brandenburg.de\/asf_wp\/aktuelles\/2021\/elterninformation-grundschule-lausitzer-haus-des-lernens\/","og_site_name":"Albert-Schweitzer-Familienwerk Brandenburg e.V.","article_publisher":"https:\/\/www.facebook.com\/AlbertSchweitzerFamilienwerkBrandenburg","article_published_time":"2021-02-18T07:55:27+00:00","og_image":[{"width":1641,"height":2560,"url":"https:\/\/www.asf-brandenburg.de\/asf_wp\/wp-content\/uploads\/2021\/02\/LHL-scaled.jpg","type":"image\/jpeg"}],"author":"Web Admin","twitter_card":"summary_large_image","twitter_misc":{"Verfasst von":"Web Admin","Gesch\u00e4tzte Lesezeit":"3\u00a0Minuten"},"schema":{"@context":"https:\/\/schema.org","@graph":[{"@type":"Article","@id":"https:\/\/www.asf-brandenburg.de\/asf_wp\/aktuelles\/2021\/elterninformation-grundschule-lausitzer-haus-des-lernens\/#article","isPartOf":{"@id":"https:\/\/www.asf-brandenburg.de\/asf_wp\/aktuelles\/2021\/elterninformation-grundschule-lausitzer-haus-des-lernens\/"},"author":{"name":"Web Admin","@id":"https:\/\/www.asf-brandenburg.de\/asf_wp\/#\/schema\/person\/a63ba1553f2aa75f90f3809d9e4a1efc"},"headline":"Elterninformation Grundschule Lausitzer Haus des Lernens","datePublished":"2021-02-18T07:55:27+00:00","mainEntityOfPage":{"@id":"https:\/\/www.asf-brandenburg.de\/asf_wp\/aktuelles\/2021\/elterninformation-grundschule-lausitzer-haus-des-lernens\/"},"wordCount":1076,"publisher":{"@id":"https:\/\/www.asf-brandenburg.de\/asf_wp\/#organization"},"image":{"@id":"https:\/\/www.asf-brandenburg.de\/asf_wp\/aktuelles\/2021\/elterninformation-grundschule-lausitzer-haus-des-lernens\/#primaryimage"},"thumbnailUrl":"https:\/\/www.asf-brandenburg.de\/asf_wp\/wp-content\/uploads\/2021\/02\/LHL-scaled.jpg","keywords":["Albert-Schweitzer-Familienwerk Brandenburg e.V.","OJT"],"articleSection":["Neuigkeiten 2021","Schule"],"inLanguage":"de"},{"@type":"WebPage","@id":"https:\/\/www.asf-brandenburg.de\/asf_wp\/aktuelles\/2021\/elterninformation-grundschule-lausitzer-haus-des-lernens\/","url":"https:\/\/www.asf-brandenburg.de\/asf_wp\/aktuelles\/2021\/elterninformation-grundschule-lausitzer-haus-des-lernens\/","name":"Elterninformation Grundschule Lausitzer Haus des Lernens","isPartOf":{"@id":"https:\/\/www.asf-brandenburg.de\/asf_wp\/#website"},"primaryImageOfPage":{"@id":"https:\/\/www.asf-brandenburg.de\/asf_wp\/aktuelles\/2021\/elterninformation-grundschule-lausitzer-haus-des-lernens\/#primaryimage"},"image":{"@id":"https:\/\/www.asf-brandenburg.de\/asf_wp\/aktuelles\/2021\/elterninformation-grundschule-lausitzer-haus-des-lernens\/#primaryimage"},"thumbnailUrl":"https:\/\/www.asf-brandenburg.de\/asf_wp\/wp-content\/uploads\/2021\/02\/LHL-scaled.jpg","datePublished":"2021-02-18T07:55:27+00:00","description":"Liebe Eltern,wie Sie der Presse entnehmen konnten, werden ab Montag, den 22.02.2021, die Grundschulen in Brandenburg, unter der Beachtung und Durchsetzung der 6.SARS-CoV2 Eind\u00e4mmungsverordnung, wieder ge\u00f6ffnet.","breadcrumb":{"@id":"https:\/\/www.asf-brandenburg.de\/asf_wp\/aktuelles\/2021\/elterninformation-grundschule-lausitzer-haus-des-lernens\/#breadcrumb"},"inLanguage":"de","potentialAction":[{"@type":"ReadAction","target":["https:\/\/www.asf-brandenburg.de\/asf_wp\/aktuelles\/2021\/elterninformation-grundschule-lausitzer-haus-des-lernens\/"]}]},{"@type":"ImageObject","inLanguage":"de","@id":"https:\/\/www.asf-brandenburg.de\/asf_wp\/aktuelles\/2021\/elterninformation-grundschule-lausitzer-haus-des-lernens\/#primaryimage","url":"https:\/\/www.asf-brandenburg.de\/asf_wp\/wp-content\/uploads\/2021\/02\/LHL-scaled.jpg","contentUrl":"https:\/\/www.asf-brandenburg.de\/asf_wp\/wp-content\/uploads\/2021\/02\/LHL-scaled.jpg","width":1641,"height":2560},{"@type":"BreadcrumbList","@id":"https:\/\/www.asf-brandenburg.de\/asf_wp\/aktuelles\/2021\/elterninformation-grundschule-lausitzer-haus-des-lernens\/#breadcrumb","itemListElement":[{"@type":"ListItem","position":1,"name":"Startseite","item":"https:\/\/www.asf-brandenburg.de\/asf_wp\/"},{"@type":"ListItem","position":2,"name":"Elterninformation Grundschule Lausitzer Haus des Lernens"}]},{"@type":"WebSite","@id":"https:\/\/www.asf-brandenburg.de\/asf_wp\/#website","url":"https:\/\/www.asf-brandenburg.de\/asf_wp\/","name":"Albert-Schweitzer-Kinderd\u00f6rfer und Familienwerke Brandenburg e. V.","description":"","publisher":{"@id":"https:\/\/www.asf-brandenburg.de\/asf_wp\/#organization"},"potentialAction":[{"@type":"SearchAction","target":{"@type":"EntryPoint","urlTemplate":"https:\/\/www.asf-brandenburg.de\/asf_wp\/?s={search_term_string}"},"query-input":{"@type":"PropertyValueSpecification","valueRequired":true,"valueName":"search_term_string"}}],"inLanguage":"de"},{"@type":"Organization","@id":"https:\/\/www.asf-brandenburg.de\/asf_wp\/#organization","name":"Albert-Schweitzer-Familienwerk Brandenburg e. V.","url":"https:\/\/www.asf-brandenburg.de\/asf_wp\/","logo":{"@type":"ImageObject","inLanguage":"de","@id":"https:\/\/www.asf-brandenburg.de\/asf_wp\/#\/schema\/logo\/image\/","url":"https:\/\/www.asf-brandenburg.de\/asf_wp\/wp-content\/uploads\/2018\/08\/Logo_ASF_BRB_318x107.png","contentUrl":"https:\/\/www.asf-brandenburg.de\/asf_wp\/wp-content\/uploads\/2018\/08\/Logo_ASF_BRB_318x107.png","width":318,"height":107,"caption":"Albert-Schweitzer-Familienwerk Brandenburg e. V."},"image":{"@id":"https:\/\/www.asf-brandenburg.de\/asf_wp\/#\/schema\/logo\/image\/"},"sameAs":["https:\/\/www.facebook.com\/AlbertSchweitzerFamilienwerkBrandenburg","https:\/\/www.youtube.com\/@asfbrandenburg","https:\/\/www.instagram.com\/asf_brandenburg\/"]},{"@type":"Person","@id":"https:\/\/www.asf-brandenburg.de\/asf_wp\/#\/schema\/person\/a63ba1553f2aa75f90f3809d9e4a1efc","name":"Web Admin","sameAs":["http:\/\/www.asf-brandenburg.de"],"url":"https:\/\/www.asf-brandenburg.de\/asf_wp\/aktuelles\/author\/asf\/"}]}},"_links":{"self":[{"href":"https:\/\/www.asf-brandenburg.de\/asf_wp\/wp-json\/wp\/v2\/posts\/2717","targetHints":{"allow":["GET"]}}],"collection":[{"href":"https:\/\/www.asf-brandenburg.de\/asf_wp\/wp-json\/wp\/v2\/posts"}],"about":[{"href":"https:\/\/www.asf-brandenburg.de\/asf_wp\/wp-json\/wp\/v2\/types\/post"}],"author":[{"embeddable":true,"href":"https:\/\/www.asf-brandenburg.de\/asf_wp\/wp-json\/wp\/v2\/users\/2"}],"replies":[{"embeddable":true,"href":"https:\/\/www.asf-brandenburg.de\/asf_wp\/wp-json\/wp\/v2\/comments?post=2717"}],"version-history":[{"count":0,"href":"https:\/\/www.asf-brandenburg.de\/asf_wp\/wp-json\/wp\/v2\/posts\/2717\/revisions"}],"wp:featuredmedia":[{"embeddable":true,"href":"https:\/\/www.asf-brandenburg.de\/asf_wp\/wp-json\/wp\/v2\/media\/2718"}],"wp:attachment":[{"href":"https:\/\/www.asf-brandenburg.de\/asf_wp\/wp-json\/wp\/v2\/media?parent=2717"}],"wp:term":[{"taxonomy":"category","embeddable":true,"href":"https:\/\/www.asf-brandenburg.de\/asf_wp\/wp-json\/wp\/v2\/categories?post=2717"},{"taxonomy":"post_tag","embeddable":true,"href":"https:\/\/www.asf-brandenburg.de\/asf_wp\/wp-json\/wp\/v2\/tags?post=2717"}],"curies":[{"name":"wp","href":"https:\/\/api.w.org\/{rel}","templated":true}]}}