{"id":1945,"date":"2020-04-12T10:42:41","date_gmt":"2020-04-12T08:42:41","guid":{"rendered":"https:\/\/www.asf-brandenburg.de\/asf_wp\/?p=1945"},"modified":"2020-04-21T11:19:31","modified_gmt":"2020-04-21T09:19:31","slug":"neues-aus-der-offenen-werkstatt-prusa-gesichtsschutz","status":"publish","type":"post","link":"https:\/\/www.asf-brandenburg.de\/asf_wp\/aktuelles\/2020\/neues-aus-der-offenen-werkstatt-prusa-gesichtsschutz\/","title":{"rendered":"Neues aus der Offenen Werkstatt &#8211; Prusa Gesichtsschutz"},"content":{"rendered":"<div class=\"fusion-fullwidth fullwidth-box fusion-builder-row-1 nonhundred-percent-fullwidth non-hundred-percent-height-scrolling\" style=\"--awb-border-radius-top-left:0px;--awb-border-radius-top-right:0px;--awb-border-radius-bottom-right:0px;--awb-border-radius-bottom-left:0px;--awb-flex-wrap:wrap;\" ><div class=\"fusion-builder-row fusion-row\"><div class=\"fusion-layout-column fusion_builder_column fusion-builder-column-0 fusion_builder_column_1_1 1_1 fusion-one-full fusion-column-first fusion-column-last\" style=\"--awb-bg-size:cover;--awb-margin-bottom:0px;\"><div class=\"fusion-column-wrapper fusion-column-has-shadow fusion-flex-column-wrapper-legacy\"><div class=\"fusion-text fusion-text-1\"><p>Fast 400 Gesichtsschutzmasken sind inzwischen gedruckt. Wir haben die ersten R\u00fcckmeldungen erhalten und daher heute einmal ein gro\u00dfes Dankesch\u00f6n an die vielen Unterst\u00fctzer der Aktion.<br \/>\nWir m\u00f6chten uns herzlichst bei Herrn Lohmeier und sein Team von der Stadt-Apotheke Spremberg bedanken. T\u00e4glich bringen wir Halterungen f\u00fcr die Masken in die Apotheke, die dann noch einmal desinfiziert und f\u00fcr die Empf\u00e4nger vorbereitet werden. Au\u00dferdem hat die Apotheke \u00fcberhaupt erst die Initialz\u00fcndung f\u00fcr das Projekt gegeben und stellt seitdem Verbrauchsmaterialien f\u00fcr die Masken kostenfrei bereit. Euer Engagement ist wirklich bewundernswert. Danke!<br \/>\nDes Weiteren richten wir unseren Dank an Uli Freese, Mitglied des Deutschen Bundestages. Er hat \u00fcber die Zeitung von dem Projekt erfahren und gefragt, wie er die Arbeit unterst\u00fctzen und einen Beitrag zur Eind\u00e4mmung der Pandemie leisten kann. Wir haben gemerkt, dass wir in der aktuellen Situation mit einer Geldspende am flexibelsten reagieren k\u00f6nnen. Die Spende wird f\u00fcr Verbrauchs- und Wartungsmaterial beim 3D-Druck des Gesichtsschutz eingesetzt.<br \/>\nMit der Glasmanufaktur Brandenburg GmbH in Tschernitz arbeiten wir seit Anfang letzter Woche zusammen. Die Firma stellt uns Druckzeit an ihren 3D-Druckern zur Verf\u00fcgung, die sonst f\u00fcr die Erstellung von Maschinenbauteilen zum Einsatz kommen. Durch die Unterst\u00fctzung konnten wir in der vergangenen Woche fast 100 Masken zus\u00e4tzlich bereitstellen. Danke daf\u00fcr.<br \/>\nAu\u00dferdem nat\u00fcrlich ein Dank an Andreas, Max, Ralf und Volkmar die ihre private Zeit opfern, Drucker bereitstellen, am Laufen halten und die Produktion organisieren.<br \/>\nInzwischen kommen unsere Masken bereits an vielen Stellen zum Einsatz, \u00fcberwiegend in Spremberg und Umgebung. Auch \u00fcberregional und international werden Gesichtsschutz-Masken im gro\u00dfen Stil 3D gefertigt. In Deutschland gibt es die Initiative \u201eMaker vs Virus\u201c, die Anfragen zum Gesichtsschutz vermittelt. Wer noch einen 3D-Drucker sein Eigen nennt oder als medizinische Einrichtung selbst Bedarf hat, kann sich dort umschauen und Maker und Unternehmen in seiner N\u00e4he finden, um die Produktion zu starten.<br \/>\nWir gehen davon aus, dass in den n\u00e4chsten Wochen die ersten Firmen die Produktion mit Spritzgussformen schneller und g\u00fcnstiger als mit 3D-Druck sicherstellen k\u00f6nnen. Bis dahin halten wir die Stellung.<br \/>\nWenn sie als medizinische Einrichtung oder Dienstleistung noch Bedarf an den Gesichtschutzmasken haben oder andere Plastikmaterialien im Moment schwer zur bekommen sind, dann melden Sie sich bei uns unter <a href=\"mailto:corona@totalmedial.de\">corona@totalmedial.de<\/a>. Wer uns in der Arbeit unterst\u00fctzen will findet auf unserer Spendenseite alle Informationen dazu.<br \/>\nDa es immer wieder gut ist zu sehen, dass die Masken wirklich wichtig sind seht ihr hier ein Bild der Masken im Einsatz.<br \/>\nBleibt gesund, Volkmar aus der Offenen Werkstatt<\/p>\n<p>Mehr Informationen erhalten Sie unter: <a href=\"http:\/\/www.owspremberg.de\">www.owspremberg.de<\/a><\/p>\n<\/div><div class=\"fusion-sep-clear\"><\/div><div class=\"fusion-separator fusion-full-width-sep\" style=\"margin-left: auto;margin-right: auto;margin-top:30px;width:100%;\"><\/div><div class=\"fusion-sep-clear\"><\/div><div class=\"fusion-clearfix\"><\/div><\/div><\/div><div class=\"fusion-layout-column fusion_builder_column fusion-builder-column-1 fusion_builder_column_1_2 1_2 fusion-one-half fusion-column-first\" style=\"--awb-bg-size:cover;width:50%;width:calc(50% - ( ( 4% ) * 0.5 ) );margin-right: 4%;\"><div class=\"fusion-column-wrapper fusion-column-has-shadow fusion-flex-column-wrapper-legacy\"><div class=\"fusion-image-element in-legacy-container\" style=\"--awb-caption-title-font-family:var(--h2_typography-font-family);--awb-caption-title-font-weight:var(--h2_typography-font-weight);--awb-caption-title-font-style:var(--h2_typography-font-style);--awb-caption-title-size:var(--h2_typography-font-size);--awb-caption-title-transform:var(--h2_typography-text-transform);--awb-caption-title-line-height:var(--h2_typography-line-height);--awb-caption-title-letter-spacing:var(--h2_typography-letter-spacing);\"><span class=\" fusion-imageframe imageframe-none imageframe-1 hover-type-none\"><img decoding=\"async\" width=\"962\" height=\"1280\" title=\"Corona Schutzmaske 2\" src=\"https:\/\/www.asf-brandenburg.de\/asf_wp\/wp-content\/uploads\/2020\/04\/Corona-Schutzmaske-2.jpg\" alt class=\"img-responsive wp-image-1947\" srcset=\"https:\/\/www.asf-brandenburg.de\/asf_wp\/wp-content\/uploads\/2020\/04\/Corona-Schutzmaske-2-200x266.jpg 200w, https:\/\/www.asf-brandenburg.de\/asf_wp\/wp-content\/uploads\/2020\/04\/Corona-Schutzmaske-2-400x532.jpg 400w, https:\/\/www.asf-brandenburg.de\/asf_wp\/wp-content\/uploads\/2020\/04\/Corona-Schutzmaske-2-600x798.jpg 600w, https:\/\/www.asf-brandenburg.de\/asf_wp\/wp-content\/uploads\/2020\/04\/Corona-Schutzmaske-2-800x1064.jpg 800w, https:\/\/www.asf-brandenburg.de\/asf_wp\/wp-content\/uploads\/2020\/04\/Corona-Schutzmaske-2.jpg 962w\" sizes=\"(max-width: 800px) 100vw, 800px\" \/><\/span><\/div><div class=\"fusion-clearfix\"><\/div><\/div><\/div><div class=\"fusion-layout-column fusion_builder_column fusion-builder-column-2 fusion_builder_column_1_2 1_2 fusion-one-half fusion-column-last\" style=\"--awb-bg-size:cover;width:50%;width:calc(50% - ( ( 4% ) * 0.5 ) );\"><div class=\"fusion-column-wrapper fusion-column-has-shadow fusion-flex-column-wrapper-legacy\"><div class=\"fusion-clearfix\"><\/div><\/div><\/div><\/div><\/div>\n","protected":false},"excerpt":{"rendered":"<p>Fast 400 Gesichtsschutzmasken sind inzwischen gedruckt. Wir haben die ersten R\u00fcckmeldungen erhalten und daher heute einmal ein gro\u00dfes Dankesch\u00f6n an die vielen Unterst\u00fctzer der Aktion.<\/p>\n","protected":false},"author":2,"featured_media":1948,"comment_status":"closed","ping_status":"open","sticky":false,"template":"","format":"standard","meta":{"inline_featured_image":false,"footnotes":""},"categories":[83],"tags":[80,96,100],"class_list":["post-1945","post","type-post","status-publish","format-standard","has-post-thumbnail","hentry","category-neuigkeiten-2020","tag-albert-schweitzer-familienwerk-brandenburg-e-v","tag-covid-19","tag-schutzmasken"],"yoast_head":"<!-- This site is optimized with the Yoast SEO plugin v27.4 - https:\/\/yoast.com\/product\/yoast-seo-wordpress\/ -->\n<title>Neues aus der Offenen Werkstatt - Prusa Gesichtsschutz<\/title>\n<meta name=\"description\" content=\"Fast 400 Gesichtsschutzmasken sind inzwischen gedruckt. Wir haben die ersten R\u00fcckmeldungen erhalten und daher heute einmal ein gro\u00dfes Dankesch\u00f6n an die vielen Unterst\u00fctzer der Aktion.\" \/>\n<meta name=\"robots\" content=\"index, follow, max-snippet:-1, max-image-preview:large, max-video-preview:-1\" \/>\n<link rel=\"canonical\" href=\"https:\/\/www.asf-brandenburg.de\/asf_wp\/aktuelles\/2020\/neues-aus-der-offenen-werkstatt-prusa-gesichtsschutz\/\" \/>\n<meta property=\"og:locale\" content=\"de_DE\" \/>\n<meta property=\"og:type\" content=\"article\" \/>\n<meta property=\"og:title\" content=\"Neues aus der Offenen Werkstatt - Prusa Gesichtsschutz\" \/>\n<meta property=\"og:description\" content=\"Fast 400 Gesichtsschutzmasken sind inzwischen gedruckt. Wir haben die ersten R\u00fcckmeldungen erhalten und daher heute einmal ein gro\u00dfes Dankesch\u00f6n an die vielen Unterst\u00fctzer der Aktion.\" \/>\n<meta property=\"og:url\" content=\"https:\/\/www.asf-brandenburg.de\/asf_wp\/aktuelles\/2020\/neues-aus-der-offenen-werkstatt-prusa-gesichtsschutz\/\" \/>\n<meta property=\"og:site_name\" content=\"Albert-Schweitzer-Familienwerk Brandenburg e.V.\" \/>\n<meta property=\"article:publisher\" content=\"https:\/\/www.facebook.com\/AlbertSchweitzerFamilienwerkBrandenburg\" \/>\n<meta property=\"article:published_time\" content=\"2020-04-12T08:42:41+00:00\" \/>\n<meta property=\"article:modified_time\" content=\"2020-04-21T09:19:31+00:00\" \/>\n<meta property=\"og:image\" content=\"https:\/\/www.asf-brandenburg.de\/asf_wp\/wp-content\/uploads\/2020\/04\/Corona-Schutzmaske-scaled.jpg\" \/>\n\t<meta property=\"og:image:width\" content=\"1707\" \/>\n\t<meta property=\"og:image:height\" content=\"2560\" \/>\n\t<meta property=\"og:image:type\" content=\"image\/jpeg\" \/>\n<meta name=\"author\" content=\"Web Admin\" \/>\n<meta name=\"twitter:card\" content=\"summary_large_image\" \/>\n<meta name=\"twitter:label1\" content=\"Verfasst von\" \/>\n\t<meta name=\"twitter:data1\" content=\"Web Admin\" \/>\n\t<meta name=\"twitter:label2\" content=\"Gesch\u00e4tzte Lesezeit\" \/>\n\t<meta name=\"twitter:data2\" content=\"5\u00a0Minuten\" \/>\n<script type=\"application\/ld+json\" class=\"yoast-schema-graph\">{\"@context\":\"https:\\\/\\\/schema.org\",\"@graph\":[{\"@type\":\"Article\",\"@id\":\"https:\\\/\\\/www.asf-brandenburg.de\\\/asf_wp\\\/aktuelles\\\/2020\\\/neues-aus-der-offenen-werkstatt-prusa-gesichtsschutz\\\/#article\",\"isPartOf\":{\"@id\":\"https:\\\/\\\/www.asf-brandenburg.de\\\/asf_wp\\\/aktuelles\\\/2020\\\/neues-aus-der-offenen-werkstatt-prusa-gesichtsschutz\\\/\"},\"author\":{\"name\":\"Web Admin\",\"@id\":\"https:\\\/\\\/www.asf-brandenburg.de\\\/asf_wp\\\/#\\\/schema\\\/person\\\/a63ba1553f2aa75f90f3809d9e4a1efc\"},\"headline\":\"Neues aus der Offenen Werkstatt &#8211; Prusa Gesichtsschutz\",\"datePublished\":\"2020-04-12T08:42:41+00:00\",\"dateModified\":\"2020-04-21T09:19:31+00:00\",\"mainEntityOfPage\":{\"@id\":\"https:\\\/\\\/www.asf-brandenburg.de\\\/asf_wp\\\/aktuelles\\\/2020\\\/neues-aus-der-offenen-werkstatt-prusa-gesichtsschutz\\\/\"},\"wordCount\":1008,\"publisher\":{\"@id\":\"https:\\\/\\\/www.asf-brandenburg.de\\\/asf_wp\\\/#organization\"},\"image\":{\"@id\":\"https:\\\/\\\/www.asf-brandenburg.de\\\/asf_wp\\\/aktuelles\\\/2020\\\/neues-aus-der-offenen-werkstatt-prusa-gesichtsschutz\\\/#primaryimage\"},\"thumbnailUrl\":\"https:\\\/\\\/www.asf-brandenburg.de\\\/asf_wp\\\/wp-content\\\/uploads\\\/2020\\\/04\\\/Corona-Schutzmaske-scaled.jpg\",\"keywords\":[\"Albert-Schweitzer-Familienwerk Brandenburg e.V.\",\"COVID-19\",\"Schutzmasken\"],\"articleSection\":[\"Neuigkeiten 2020\"],\"inLanguage\":\"de\"},{\"@type\":\"WebPage\",\"@id\":\"https:\\\/\\\/www.asf-brandenburg.de\\\/asf_wp\\\/aktuelles\\\/2020\\\/neues-aus-der-offenen-werkstatt-prusa-gesichtsschutz\\\/\",\"url\":\"https:\\\/\\\/www.asf-brandenburg.de\\\/asf_wp\\\/aktuelles\\\/2020\\\/neues-aus-der-offenen-werkstatt-prusa-gesichtsschutz\\\/\",\"name\":\"Neues aus der Offenen Werkstatt - Prusa Gesichtsschutz\",\"isPartOf\":{\"@id\":\"https:\\\/\\\/www.asf-brandenburg.de\\\/asf_wp\\\/#website\"},\"primaryImageOfPage\":{\"@id\":\"https:\\\/\\\/www.asf-brandenburg.de\\\/asf_wp\\\/aktuelles\\\/2020\\\/neues-aus-der-offenen-werkstatt-prusa-gesichtsschutz\\\/#primaryimage\"},\"image\":{\"@id\":\"https:\\\/\\\/www.asf-brandenburg.de\\\/asf_wp\\\/aktuelles\\\/2020\\\/neues-aus-der-offenen-werkstatt-prusa-gesichtsschutz\\\/#primaryimage\"},\"thumbnailUrl\":\"https:\\\/\\\/www.asf-brandenburg.de\\\/asf_wp\\\/wp-content\\\/uploads\\\/2020\\\/04\\\/Corona-Schutzmaske-scaled.jpg\",\"datePublished\":\"2020-04-12T08:42:41+00:00\",\"dateModified\":\"2020-04-21T09:19:31+00:00\",\"description\":\"Fast 400 Gesichtsschutzmasken sind inzwischen gedruckt. Wir haben die ersten R\u00fcckmeldungen erhalten und daher heute einmal ein gro\u00dfes Dankesch\u00f6n an die vielen Unterst\u00fctzer der Aktion.\",\"breadcrumb\":{\"@id\":\"https:\\\/\\\/www.asf-brandenburg.de\\\/asf_wp\\\/aktuelles\\\/2020\\\/neues-aus-der-offenen-werkstatt-prusa-gesichtsschutz\\\/#breadcrumb\"},\"inLanguage\":\"de\",\"potentialAction\":[{\"@type\":\"ReadAction\",\"target\":[\"https:\\\/\\\/www.asf-brandenburg.de\\\/asf_wp\\\/aktuelles\\\/2020\\\/neues-aus-der-offenen-werkstatt-prusa-gesichtsschutz\\\/\"]}]},{\"@type\":\"ImageObject\",\"inLanguage\":\"de\",\"@id\":\"https:\\\/\\\/www.asf-brandenburg.de\\\/asf_wp\\\/aktuelles\\\/2020\\\/neues-aus-der-offenen-werkstatt-prusa-gesichtsschutz\\\/#primaryimage\",\"url\":\"https:\\\/\\\/www.asf-brandenburg.de\\\/asf_wp\\\/wp-content\\\/uploads\\\/2020\\\/04\\\/Corona-Schutzmaske-scaled.jpg\",\"contentUrl\":\"https:\\\/\\\/www.asf-brandenburg.de\\\/asf_wp\\\/wp-content\\\/uploads\\\/2020\\\/04\\\/Corona-Schutzmaske-scaled.jpg\",\"width\":1707,\"height\":2560},{\"@type\":\"BreadcrumbList\",\"@id\":\"https:\\\/\\\/www.asf-brandenburg.de\\\/asf_wp\\\/aktuelles\\\/2020\\\/neues-aus-der-offenen-werkstatt-prusa-gesichtsschutz\\\/#breadcrumb\",\"itemListElement\":[{\"@type\":\"ListItem\",\"position\":1,\"name\":\"Startseite\",\"item\":\"https:\\\/\\\/www.asf-brandenburg.de\\\/asf_wp\\\/\"},{\"@type\":\"ListItem\",\"position\":2,\"name\":\"Neues aus der Offenen Werkstatt &#8211; Prusa Gesichtsschutz\"}]},{\"@type\":\"WebSite\",\"@id\":\"https:\\\/\\\/www.asf-brandenburg.de\\\/asf_wp\\\/#website\",\"url\":\"https:\\\/\\\/www.asf-brandenburg.de\\\/asf_wp\\\/\",\"name\":\"Albert-Schweitzer-Kinderd\u00f6rfer und Familienwerke Brandenburg e. V.\",\"description\":\"\",\"publisher\":{\"@id\":\"https:\\\/\\\/www.asf-brandenburg.de\\\/asf_wp\\\/#organization\"},\"potentialAction\":[{\"@type\":\"SearchAction\",\"target\":{\"@type\":\"EntryPoint\",\"urlTemplate\":\"https:\\\/\\\/www.asf-brandenburg.de\\\/asf_wp\\\/?s={search_term_string}\"},\"query-input\":{\"@type\":\"PropertyValueSpecification\",\"valueRequired\":true,\"valueName\":\"search_term_string\"}}],\"inLanguage\":\"de\"},{\"@type\":\"Organization\",\"@id\":\"https:\\\/\\\/www.asf-brandenburg.de\\\/asf_wp\\\/#organization\",\"name\":\"Albert-Schweitzer-Familienwerk Brandenburg e. V.\",\"url\":\"https:\\\/\\\/www.asf-brandenburg.de\\\/asf_wp\\\/\",\"logo\":{\"@type\":\"ImageObject\",\"inLanguage\":\"de\",\"@id\":\"https:\\\/\\\/www.asf-brandenburg.de\\\/asf_wp\\\/#\\\/schema\\\/logo\\\/image\\\/\",\"url\":\"https:\\\/\\\/www.asf-brandenburg.de\\\/asf_wp\\\/wp-content\\\/uploads\\\/2018\\\/08\\\/Logo_ASF_BRB_318x107.png\",\"contentUrl\":\"https:\\\/\\\/www.asf-brandenburg.de\\\/asf_wp\\\/wp-content\\\/uploads\\\/2018\\\/08\\\/Logo_ASF_BRB_318x107.png\",\"width\":318,\"height\":107,\"caption\":\"Albert-Schweitzer-Familienwerk Brandenburg e. V.\"},\"image\":{\"@id\":\"https:\\\/\\\/www.asf-brandenburg.de\\\/asf_wp\\\/#\\\/schema\\\/logo\\\/image\\\/\"},\"sameAs\":[\"https:\\\/\\\/www.facebook.com\\\/AlbertSchweitzerFamilienwerkBrandenburg\",\"https:\\\/\\\/www.youtube.com\\\/@asfbrandenburg\",\"https:\\\/\\\/www.instagram.com\\\/asf_brandenburg\\\/\"]},{\"@type\":\"Person\",\"@id\":\"https:\\\/\\\/www.asf-brandenburg.de\\\/asf_wp\\\/#\\\/schema\\\/person\\\/a63ba1553f2aa75f90f3809d9e4a1efc\",\"name\":\"Web Admin\",\"sameAs\":[\"http:\\\/\\\/www.asf-brandenburg.de\"],\"url\":\"https:\\\/\\\/www.asf-brandenburg.de\\\/asf_wp\\\/aktuelles\\\/author\\\/asf\\\/\"}]}<\/script>\n<!-- \/ Yoast SEO plugin. -->","yoast_head_json":{"title":"Neues aus der Offenen Werkstatt - Prusa Gesichtsschutz","description":"Fast 400 Gesichtsschutzmasken sind inzwischen gedruckt. Wir haben die ersten R\u00fcckmeldungen erhalten und daher heute einmal ein gro\u00dfes Dankesch\u00f6n an die vielen Unterst\u00fctzer der Aktion.","robots":{"index":"index","follow":"follow","max-snippet":"max-snippet:-1","max-image-preview":"max-image-preview:large","max-video-preview":"max-video-preview:-1"},"canonical":"https:\/\/www.asf-brandenburg.de\/asf_wp\/aktuelles\/2020\/neues-aus-der-offenen-werkstatt-prusa-gesichtsschutz\/","og_locale":"de_DE","og_type":"article","og_title":"Neues aus der Offenen Werkstatt - Prusa Gesichtsschutz","og_description":"Fast 400 Gesichtsschutzmasken sind inzwischen gedruckt. Wir haben die ersten R\u00fcckmeldungen erhalten und daher heute einmal ein gro\u00dfes Dankesch\u00f6n an die vielen Unterst\u00fctzer der Aktion.","og_url":"https:\/\/www.asf-brandenburg.de\/asf_wp\/aktuelles\/2020\/neues-aus-der-offenen-werkstatt-prusa-gesichtsschutz\/","og_site_name":"Albert-Schweitzer-Familienwerk Brandenburg e.V.","article_publisher":"https:\/\/www.facebook.com\/AlbertSchweitzerFamilienwerkBrandenburg","article_published_time":"2020-04-12T08:42:41+00:00","article_modified_time":"2020-04-21T09:19:31+00:00","og_image":[{"width":1707,"height":2560,"url":"https:\/\/www.asf-brandenburg.de\/asf_wp\/wp-content\/uploads\/2020\/04\/Corona-Schutzmaske-scaled.jpg","type":"image\/jpeg"}],"author":"Web Admin","twitter_card":"summary_large_image","twitter_misc":{"Verfasst von":"Web Admin","Gesch\u00e4tzte Lesezeit":"5\u00a0Minuten"},"schema":{"@context":"https:\/\/schema.org","@graph":[{"@type":"Article","@id":"https:\/\/www.asf-brandenburg.de\/asf_wp\/aktuelles\/2020\/neues-aus-der-offenen-werkstatt-prusa-gesichtsschutz\/#article","isPartOf":{"@id":"https:\/\/www.asf-brandenburg.de\/asf_wp\/aktuelles\/2020\/neues-aus-der-offenen-werkstatt-prusa-gesichtsschutz\/"},"author":{"name":"Web Admin","@id":"https:\/\/www.asf-brandenburg.de\/asf_wp\/#\/schema\/person\/a63ba1553f2aa75f90f3809d9e4a1efc"},"headline":"Neues aus der Offenen Werkstatt &#8211; Prusa Gesichtsschutz","datePublished":"2020-04-12T08:42:41+00:00","dateModified":"2020-04-21T09:19:31+00:00","mainEntityOfPage":{"@id":"https:\/\/www.asf-brandenburg.de\/asf_wp\/aktuelles\/2020\/neues-aus-der-offenen-werkstatt-prusa-gesichtsschutz\/"},"wordCount":1008,"publisher":{"@id":"https:\/\/www.asf-brandenburg.de\/asf_wp\/#organization"},"image":{"@id":"https:\/\/www.asf-brandenburg.de\/asf_wp\/aktuelles\/2020\/neues-aus-der-offenen-werkstatt-prusa-gesichtsschutz\/#primaryimage"},"thumbnailUrl":"https:\/\/www.asf-brandenburg.de\/asf_wp\/wp-content\/uploads\/2020\/04\/Corona-Schutzmaske-scaled.jpg","keywords":["Albert-Schweitzer-Familienwerk Brandenburg e.V.","COVID-19","Schutzmasken"],"articleSection":["Neuigkeiten 2020"],"inLanguage":"de"},{"@type":"WebPage","@id":"https:\/\/www.asf-brandenburg.de\/asf_wp\/aktuelles\/2020\/neues-aus-der-offenen-werkstatt-prusa-gesichtsschutz\/","url":"https:\/\/www.asf-brandenburg.de\/asf_wp\/aktuelles\/2020\/neues-aus-der-offenen-werkstatt-prusa-gesichtsschutz\/","name":"Neues aus der Offenen Werkstatt - Prusa Gesichtsschutz","isPartOf":{"@id":"https:\/\/www.asf-brandenburg.de\/asf_wp\/#website"},"primaryImageOfPage":{"@id":"https:\/\/www.asf-brandenburg.de\/asf_wp\/aktuelles\/2020\/neues-aus-der-offenen-werkstatt-prusa-gesichtsschutz\/#primaryimage"},"image":{"@id":"https:\/\/www.asf-brandenburg.de\/asf_wp\/aktuelles\/2020\/neues-aus-der-offenen-werkstatt-prusa-gesichtsschutz\/#primaryimage"},"thumbnailUrl":"https:\/\/www.asf-brandenburg.de\/asf_wp\/wp-content\/uploads\/2020\/04\/Corona-Schutzmaske-scaled.jpg","datePublished":"2020-04-12T08:42:41+00:00","dateModified":"2020-04-21T09:19:31+00:00","description":"Fast 400 Gesichtsschutzmasken sind inzwischen gedruckt. Wir haben die ersten R\u00fcckmeldungen erhalten und daher heute einmal ein gro\u00dfes Dankesch\u00f6n an die vielen Unterst\u00fctzer der Aktion.","breadcrumb":{"@id":"https:\/\/www.asf-brandenburg.de\/asf_wp\/aktuelles\/2020\/neues-aus-der-offenen-werkstatt-prusa-gesichtsschutz\/#breadcrumb"},"inLanguage":"de","potentialAction":[{"@type":"ReadAction","target":["https:\/\/www.asf-brandenburg.de\/asf_wp\/aktuelles\/2020\/neues-aus-der-offenen-werkstatt-prusa-gesichtsschutz\/"]}]},{"@type":"ImageObject","inLanguage":"de","@id":"https:\/\/www.asf-brandenburg.de\/asf_wp\/aktuelles\/2020\/neues-aus-der-offenen-werkstatt-prusa-gesichtsschutz\/#primaryimage","url":"https:\/\/www.asf-brandenburg.de\/asf_wp\/wp-content\/uploads\/2020\/04\/Corona-Schutzmaske-scaled.jpg","contentUrl":"https:\/\/www.asf-brandenburg.de\/asf_wp\/wp-content\/uploads\/2020\/04\/Corona-Schutzmaske-scaled.jpg","width":1707,"height":2560},{"@type":"BreadcrumbList","@id":"https:\/\/www.asf-brandenburg.de\/asf_wp\/aktuelles\/2020\/neues-aus-der-offenen-werkstatt-prusa-gesichtsschutz\/#breadcrumb","itemListElement":[{"@type":"ListItem","position":1,"name":"Startseite","item":"https:\/\/www.asf-brandenburg.de\/asf_wp\/"},{"@type":"ListItem","position":2,"name":"Neues aus der Offenen Werkstatt &#8211; Prusa Gesichtsschutz"}]},{"@type":"WebSite","@id":"https:\/\/www.asf-brandenburg.de\/asf_wp\/#website","url":"https:\/\/www.asf-brandenburg.de\/asf_wp\/","name":"Albert-Schweitzer-Kinderd\u00f6rfer und Familienwerke Brandenburg e. V.","description":"","publisher":{"@id":"https:\/\/www.asf-brandenburg.de\/asf_wp\/#organization"},"potentialAction":[{"@type":"SearchAction","target":{"@type":"EntryPoint","urlTemplate":"https:\/\/www.asf-brandenburg.de\/asf_wp\/?s={search_term_string}"},"query-input":{"@type":"PropertyValueSpecification","valueRequired":true,"valueName":"search_term_string"}}],"inLanguage":"de"},{"@type":"Organization","@id":"https:\/\/www.asf-brandenburg.de\/asf_wp\/#organization","name":"Albert-Schweitzer-Familienwerk Brandenburg e. V.","url":"https:\/\/www.asf-brandenburg.de\/asf_wp\/","logo":{"@type":"ImageObject","inLanguage":"de","@id":"https:\/\/www.asf-brandenburg.de\/asf_wp\/#\/schema\/logo\/image\/","url":"https:\/\/www.asf-brandenburg.de\/asf_wp\/wp-content\/uploads\/2018\/08\/Logo_ASF_BRB_318x107.png","contentUrl":"https:\/\/www.asf-brandenburg.de\/asf_wp\/wp-content\/uploads\/2018\/08\/Logo_ASF_BRB_318x107.png","width":318,"height":107,"caption":"Albert-Schweitzer-Familienwerk Brandenburg e. V."},"image":{"@id":"https:\/\/www.asf-brandenburg.de\/asf_wp\/#\/schema\/logo\/image\/"},"sameAs":["https:\/\/www.facebook.com\/AlbertSchweitzerFamilienwerkBrandenburg","https:\/\/www.youtube.com\/@asfbrandenburg","https:\/\/www.instagram.com\/asf_brandenburg\/"]},{"@type":"Person","@id":"https:\/\/www.asf-brandenburg.de\/asf_wp\/#\/schema\/person\/a63ba1553f2aa75f90f3809d9e4a1efc","name":"Web Admin","sameAs":["http:\/\/www.asf-brandenburg.de"],"url":"https:\/\/www.asf-brandenburg.de\/asf_wp\/aktuelles\/author\/asf\/"}]}},"_links":{"self":[{"href":"https:\/\/www.asf-brandenburg.de\/asf_wp\/wp-json\/wp\/v2\/posts\/1945","targetHints":{"allow":["GET"]}}],"collection":[{"href":"https:\/\/www.asf-brandenburg.de\/asf_wp\/wp-json\/wp\/v2\/posts"}],"about":[{"href":"https:\/\/www.asf-brandenburg.de\/asf_wp\/wp-json\/wp\/v2\/types\/post"}],"author":[{"embeddable":true,"href":"https:\/\/www.asf-brandenburg.de\/asf_wp\/wp-json\/wp\/v2\/users\/2"}],"replies":[{"embeddable":true,"href":"https:\/\/www.asf-brandenburg.de\/asf_wp\/wp-json\/wp\/v2\/comments?post=1945"}],"version-history":[{"count":0,"href":"https:\/\/www.asf-brandenburg.de\/asf_wp\/wp-json\/wp\/v2\/posts\/1945\/revisions"}],"wp:featuredmedia":[{"embeddable":true,"href":"https:\/\/www.asf-brandenburg.de\/asf_wp\/wp-json\/wp\/v2\/media\/1948"}],"wp:attachment":[{"href":"https:\/\/www.asf-brandenburg.de\/asf_wp\/wp-json\/wp\/v2\/media?parent=1945"}],"wp:term":[{"taxonomy":"category","embeddable":true,"href":"https:\/\/www.asf-brandenburg.de\/asf_wp\/wp-json\/wp\/v2\/categories?post=1945"},{"taxonomy":"post_tag","embeddable":true,"href":"https:\/\/www.asf-brandenburg.de\/asf_wp\/wp-json\/wp\/v2\/tags?post=1945"}],"curies":[{"name":"wp","href":"https:\/\/api.w.org\/{rel}","templated":true}]}}