{"id":1942,"date":"2020-04-09T08:47:49","date_gmt":"2020-04-09T06:47:49","guid":{"rendered":"https:\/\/www.asf-brandenburg.de\/asf_wp\/?p=1942"},"modified":"2020-04-12T10:26:38","modified_gmt":"2020-04-12T08:26:38","slug":"sehr-geehrte-eltern-es-liegen-ereignisreiche-und-anstrengende-tage-hinter-uns-hinter-ihnen-das-team-des-lausitzer-haus-des-lernens-moechte-sich-bei-ihnen-fuer-ihren-einsatz-bedan-2","status":"publish","type":"post","link":"https:\/\/www.asf-brandenburg.de\/asf_wp\/aktuelles\/2020\/sehr-geehrte-eltern-es-liegen-ereignisreiche-und-anstrengende-tage-hinter-uns-hinter-ihnen-das-team-des-lausitzer-haus-des-lernens-moechte-sich-bei-ihnen-fuer-ihren-einsatz-bedan-2\/","title":{"rendered":""},"content":{"rendered":"<div class=\"fusion-fullwidth fullwidth-box fusion-builder-row-1 nonhundred-percent-fullwidth non-hundred-percent-height-scrolling\" style=\"--awb-border-radius-top-left:0px;--awb-border-radius-top-right:0px;--awb-border-radius-bottom-right:0px;--awb-border-radius-bottom-left:0px;--awb-flex-wrap:wrap;\" ><div class=\"fusion-builder-row fusion-row\"><div class=\"fusion-layout-column fusion_builder_column fusion-builder-column-0 fusion_builder_column_1_1 1_1 fusion-one-full fusion-column-first fusion-column-last\" style=\"--awb-bg-size:cover;--awb-margin-bottom:0px;\"><div class=\"fusion-column-wrapper fusion-column-has-shadow fusion-flex-column-wrapper-legacy\"><div class=\"fusion-text fusion-text-1\"><p><img decoding=\"async\" class=\"alignnone size-full wp-image-1941\" src=\"https:\/\/www.asf-brandenburg.de\/asf_wp\/wp-content\/uploads\/2020\/04\/Ostern-2020-Homepage.jpg\" alt=\"\" width=\"946\" height=\"591\" srcset=\"https:\/\/www.asf-brandenburg.de\/asf_wp\/wp-content\/uploads\/2020\/04\/Ostern-2020-Homepage-200x125.jpg 200w, https:\/\/www.asf-brandenburg.de\/asf_wp\/wp-content\/uploads\/2020\/04\/Ostern-2020-Homepage-300x187.jpg 300w, https:\/\/www.asf-brandenburg.de\/asf_wp\/wp-content\/uploads\/2020\/04\/Ostern-2020-Homepage-400x250.jpg 400w, https:\/\/www.asf-brandenburg.de\/asf_wp\/wp-content\/uploads\/2020\/04\/Ostern-2020-Homepage-600x375.jpg 600w, https:\/\/www.asf-brandenburg.de\/asf_wp\/wp-content\/uploads\/2020\/04\/Ostern-2020-Homepage-768x480.jpg 768w, https:\/\/www.asf-brandenburg.de\/asf_wp\/wp-content\/uploads\/2020\/04\/Ostern-2020-Homepage-800x500.jpg 800w, https:\/\/www.asf-brandenburg.de\/asf_wp\/wp-content\/uploads\/2020\/04\/Ostern-2020-Homepage.jpg 946w\" sizes=\"(max-width: 946px) 100vw, 946px\" \/><\/p>\n<\/div><div class=\"fusion-sep-clear\"><\/div><div class=\"fusion-separator fusion-full-width-sep\" style=\"margin-left: auto;margin-right: auto;margin-top:30px;width:100%;\"><\/div><div class=\"fusion-sep-clear\"><\/div><div class=\"fusion-clearfix\"><\/div><\/div><\/div><div class=\"fusion-layout-column fusion_builder_column fusion-builder-column-1 fusion_builder_column_1_2 1_2 fusion-one-half fusion-column-first\" style=\"--awb-bg-size:cover;width:50%;width:calc(50% - ( ( 4% ) * 0.5 ) );margin-right: 4%;\"><div class=\"fusion-column-wrapper fusion-column-has-shadow fusion-flex-column-wrapper-legacy\"><div class=\"fusion-clearfix\"><\/div><\/div><\/div><div class=\"fusion-layout-column fusion_builder_column fusion-builder-column-2 fusion_builder_column_1_2 1_2 fusion-one-half fusion-column-last\" style=\"--awb-bg-size:cover;width:50%;width:calc(50% - ( ( 4% ) * 0.5 ) );\"><div class=\"fusion-column-wrapper fusion-column-has-shadow fusion-flex-column-wrapper-legacy\"><div class=\"fusion-clearfix\"><\/div><\/div><\/div><\/div><\/div>\n","protected":false},"excerpt":{"rendered":"","protected":false},"author":2,"featured_media":1941,"comment_status":"closed","ping_status":"open","sticky":false,"template":"","format":"standard","meta":{"inline_featured_image":false,"footnotes":""},"categories":[83,18],"tags":[80,99],"class_list":["post-1942","post","type-post","status-publish","format-standard","has-post-thumbnail","hentry","category-neuigkeiten-2020","category-schule","tag-albert-schweitzer-familienwerk-brandenburg-e-v","tag-ostern-2020"],"yoast_head":"<!-- This site is optimized with the Yoast SEO plugin v27.5 - https:\/\/yoast.com\/product\/yoast-seo-wordpress\/ -->\n<title>Albert-Schweitzer-Familienwerk Brandenburg e.V.<\/title>\n<meta name=\"description\" content=\"Nun ist Realit\u00e4t geworden, woran anfangs niemand glauben wollte. Vereine und Freizeiteinrichtungen schlie\u00dfen, Veranstaltungen werden abgesagt, die Eltern sind in Heimarbeit und die Kinder und Jugendlichen sind zu Hause, weil Unterricht und Betreuungen nicht stattfinden. Ausreichend Zeit mit der Familie ist ein seltenes Gut. Was aber, wenn das Miteinander auf l\u00e4ngere Zeit verordnet wird und die Freizeitm\u00f6glichkeiten eingeschr\u00e4nkt sind? Was k\u00f6nnen Eltern tun, damit die Familie trotzdem eine gute Zeit miteinander verbringen kann?\" \/>\n<meta name=\"robots\" content=\"index, follow, max-snippet:-1, max-image-preview:large, max-video-preview:-1\" \/>\n<link rel=\"canonical\" href=\"https:\/\/www.asf-brandenburg.de\/asf_wp\/aktuelles\/2020\/sehr-geehrte-eltern-es-liegen-ereignisreiche-und-anstrengende-tage-hinter-uns-hinter-ihnen-das-team-des-lausitzer-haus-des-lernens-moechte-sich-bei-ihnen-fuer-ihren-einsatz-bedan-2\/\" \/>\n<meta property=\"og:locale\" content=\"de_DE\" \/>\n<meta property=\"og:type\" content=\"article\" \/>\n<meta property=\"og:description\" content=\"Nun ist Realit\u00e4t geworden, woran anfangs niemand glauben wollte. Vereine und Freizeiteinrichtungen schlie\u00dfen, Veranstaltungen werden abgesagt, die Eltern sind in Heimarbeit und die Kinder und Jugendlichen sind zu Hause, weil Unterricht und Betreuungen nicht stattfinden. Ausreichend Zeit mit der Familie ist ein seltenes Gut. Was aber, wenn das Miteinander auf l\u00e4ngere Zeit verordnet wird und die Freizeitm\u00f6glichkeiten eingeschr\u00e4nkt sind? Was k\u00f6nnen Eltern tun, damit die Familie trotzdem eine gute Zeit miteinander verbringen kann?\" \/>\n<meta property=\"og:url\" content=\"https:\/\/www.asf-brandenburg.de\/asf_wp\/aktuelles\/2020\/sehr-geehrte-eltern-es-liegen-ereignisreiche-und-anstrengende-tage-hinter-uns-hinter-ihnen-das-team-des-lausitzer-haus-des-lernens-moechte-sich-bei-ihnen-fuer-ihren-einsatz-bedan-2\/\" \/>\n<meta property=\"og:site_name\" content=\"Albert-Schweitzer-Familienwerk Brandenburg e.V.\" \/>\n<meta property=\"article:publisher\" content=\"https:\/\/www.facebook.com\/AlbertSchweitzerFamilienwerkBrandenburg\" \/>\n<meta property=\"article:published_time\" content=\"2020-04-09T06:47:49+00:00\" \/>\n<meta property=\"article:modified_time\" content=\"2020-04-12T08:26:38+00:00\" \/>\n<meta property=\"og:image\" content=\"https:\/\/www.asf-brandenburg.de\/asf_wp\/wp-content\/uploads\/2020\/04\/Ostern-2020-Homepage.jpg\" \/>\n\t<meta property=\"og:image:width\" content=\"946\" \/>\n\t<meta property=\"og:image:height\" content=\"591\" \/>\n\t<meta property=\"og:image:type\" content=\"image\/jpeg\" \/>\n<meta name=\"author\" content=\"Web Admin\" \/>\n<meta name=\"twitter:card\" content=\"summary_large_image\" \/>\n<meta name=\"twitter:label1\" content=\"Verfasst von\" \/>\n\t<meta name=\"twitter:data1\" content=\"Web Admin\" \/>\n\t<meta name=\"twitter:label2\" content=\"Gesch\u00e4tzte Lesezeit\" \/>\n\t<meta name=\"twitter:data2\" content=\"2\u00a0Minuten\" \/>\n<script type=\"application\/ld+json\" class=\"yoast-schema-graph\">{\"@context\":\"https:\\\/\\\/schema.org\",\"@graph\":[{\"@type\":\"Article\",\"@id\":\"https:\\\/\\\/www.asf-brandenburg.de\\\/asf_wp\\\/aktuelles\\\/2020\\\/sehr-geehrte-eltern-es-liegen-ereignisreiche-und-anstrengende-tage-hinter-uns-hinter-ihnen-das-team-des-lausitzer-haus-des-lernens-moechte-sich-bei-ihnen-fuer-ihren-einsatz-bedan-2\\\/#article\",\"isPartOf\":{\"@id\":\"https:\\\/\\\/www.asf-brandenburg.de\\\/asf_wp\\\/aktuelles\\\/2020\\\/sehr-geehrte-eltern-es-liegen-ereignisreiche-und-anstrengende-tage-hinter-uns-hinter-ihnen-das-team-des-lausitzer-haus-des-lernens-moechte-sich-bei-ihnen-fuer-ihren-einsatz-bedan-2\\\/\"},\"author\":{\"name\":\"Web Admin\",\"@id\":\"https:\\\/\\\/www.asf-brandenburg.de\\\/asf_wp\\\/#\\\/schema\\\/person\\\/a63ba1553f2aa75f90f3809d9e4a1efc\"},\"headline\":\"Kein Titel\",\"datePublished\":\"2020-04-09T06:47:49+00:00\",\"dateModified\":\"2020-04-12T08:26:38+00:00\",\"mainEntityOfPage\":{\"@id\":\"https:\\\/\\\/www.asf-brandenburg.de\\\/asf_wp\\\/aktuelles\\\/2020\\\/sehr-geehrte-eltern-es-liegen-ereignisreiche-und-anstrengende-tage-hinter-uns-hinter-ihnen-das-team-des-lausitzer-haus-des-lernens-moechte-sich-bei-ihnen-fuer-ihren-einsatz-bedan-2\\\/\"},\"wordCount\":458,\"publisher\":{\"@id\":\"https:\\\/\\\/www.asf-brandenburg.de\\\/asf_wp\\\/#organization\"},\"image\":{\"@id\":\"https:\\\/\\\/www.asf-brandenburg.de\\\/asf_wp\\\/aktuelles\\\/2020\\\/sehr-geehrte-eltern-es-liegen-ereignisreiche-und-anstrengende-tage-hinter-uns-hinter-ihnen-das-team-des-lausitzer-haus-des-lernens-moechte-sich-bei-ihnen-fuer-ihren-einsatz-bedan-2\\\/#primaryimage\"},\"thumbnailUrl\":\"https:\\\/\\\/www.asf-brandenburg.de\\\/asf_wp\\\/wp-content\\\/uploads\\\/2020\\\/04\\\/Ostern-2020-Homepage.jpg\",\"keywords\":[\"Albert-Schweitzer-Familienwerk Brandenburg e.V.\",\"Ostern 2020\"],\"articleSection\":[\"Neuigkeiten 2020\",\"Schule\"],\"inLanguage\":\"de\"},{\"@type\":\"WebPage\",\"@id\":\"https:\\\/\\\/www.asf-brandenburg.de\\\/asf_wp\\\/aktuelles\\\/2020\\\/sehr-geehrte-eltern-es-liegen-ereignisreiche-und-anstrengende-tage-hinter-uns-hinter-ihnen-das-team-des-lausitzer-haus-des-lernens-moechte-sich-bei-ihnen-fuer-ihren-einsatz-bedan-2\\\/\",\"url\":\"https:\\\/\\\/www.asf-brandenburg.de\\\/asf_wp\\\/aktuelles\\\/2020\\\/sehr-geehrte-eltern-es-liegen-ereignisreiche-und-anstrengende-tage-hinter-uns-hinter-ihnen-das-team-des-lausitzer-haus-des-lernens-moechte-sich-bei-ihnen-fuer-ihren-einsatz-bedan-2\\\/\",\"name\":\"\",\"isPartOf\":{\"@id\":\"https:\\\/\\\/www.asf-brandenburg.de\\\/asf_wp\\\/#website\"},\"primaryImageOfPage\":{\"@id\":\"https:\\\/\\\/www.asf-brandenburg.de\\\/asf_wp\\\/aktuelles\\\/2020\\\/sehr-geehrte-eltern-es-liegen-ereignisreiche-und-anstrengende-tage-hinter-uns-hinter-ihnen-das-team-des-lausitzer-haus-des-lernens-moechte-sich-bei-ihnen-fuer-ihren-einsatz-bedan-2\\\/#primaryimage\"},\"image\":{\"@id\":\"https:\\\/\\\/www.asf-brandenburg.de\\\/asf_wp\\\/aktuelles\\\/2020\\\/sehr-geehrte-eltern-es-liegen-ereignisreiche-und-anstrengende-tage-hinter-uns-hinter-ihnen-das-team-des-lausitzer-haus-des-lernens-moechte-sich-bei-ihnen-fuer-ihren-einsatz-bedan-2\\\/#primaryimage\"},\"thumbnailUrl\":\"https:\\\/\\\/www.asf-brandenburg.de\\\/asf_wp\\\/wp-content\\\/uploads\\\/2020\\\/04\\\/Ostern-2020-Homepage.jpg\",\"datePublished\":\"2020-04-09T06:47:49+00:00\",\"dateModified\":\"2020-04-12T08:26:38+00:00\",\"description\":\"Nun ist Realit\u00e4t geworden, woran anfangs niemand glauben wollte. Vereine und Freizeiteinrichtungen schlie\u00dfen, Veranstaltungen werden abgesagt, die Eltern sind in Heimarbeit und die Kinder und Jugendlichen sind zu Hause, weil Unterricht und Betreuungen nicht stattfinden. Ausreichend Zeit mit der Familie ist ein seltenes Gut. Was aber, wenn das Miteinander auf l\u00e4ngere Zeit verordnet wird und die Freizeitm\u00f6glichkeiten eingeschr\u00e4nkt sind? Was k\u00f6nnen Eltern tun, damit die Familie trotzdem eine gute Zeit miteinander verbringen kann?\",\"inLanguage\":\"de\",\"potentialAction\":[{\"@type\":\"ReadAction\",\"target\":[\"https:\\\/\\\/www.asf-brandenburg.de\\\/asf_wp\\\/aktuelles\\\/2020\\\/sehr-geehrte-eltern-es-liegen-ereignisreiche-und-anstrengende-tage-hinter-uns-hinter-ihnen-das-team-des-lausitzer-haus-des-lernens-moechte-sich-bei-ihnen-fuer-ihren-einsatz-bedan-2\\\/\"]}]},{\"@type\":\"ImageObject\",\"inLanguage\":\"de\",\"@id\":\"https:\\\/\\\/www.asf-brandenburg.de\\\/asf_wp\\\/aktuelles\\\/2020\\\/sehr-geehrte-eltern-es-liegen-ereignisreiche-und-anstrengende-tage-hinter-uns-hinter-ihnen-das-team-des-lausitzer-haus-des-lernens-moechte-sich-bei-ihnen-fuer-ihren-einsatz-bedan-2\\\/#primaryimage\",\"url\":\"https:\\\/\\\/www.asf-brandenburg.de\\\/asf_wp\\\/wp-content\\\/uploads\\\/2020\\\/04\\\/Ostern-2020-Homepage.jpg\",\"contentUrl\":\"https:\\\/\\\/www.asf-brandenburg.de\\\/asf_wp\\\/wp-content\\\/uploads\\\/2020\\\/04\\\/Ostern-2020-Homepage.jpg\",\"width\":946,\"height\":591},{\"@type\":\"WebSite\",\"@id\":\"https:\\\/\\\/www.asf-brandenburg.de\\\/asf_wp\\\/#website\",\"url\":\"https:\\\/\\\/www.asf-brandenburg.de\\\/asf_wp\\\/\",\"name\":\"Albert-Schweitzer-Kinderd\u00f6rfer und Familienwerke Brandenburg e. V.\",\"description\":\"\",\"publisher\":{\"@id\":\"https:\\\/\\\/www.asf-brandenburg.de\\\/asf_wp\\\/#organization\"},\"potentialAction\":[{\"@type\":\"SearchAction\",\"target\":{\"@type\":\"EntryPoint\",\"urlTemplate\":\"https:\\\/\\\/www.asf-brandenburg.de\\\/asf_wp\\\/?s={search_term_string}\"},\"query-input\":{\"@type\":\"PropertyValueSpecification\",\"valueRequired\":true,\"valueName\":\"search_term_string\"}}],\"inLanguage\":\"de\"},{\"@type\":\"Organization\",\"@id\":\"https:\\\/\\\/www.asf-brandenburg.de\\\/asf_wp\\\/#organization\",\"name\":\"Albert-Schweitzer-Familienwerk Brandenburg e. V.\",\"url\":\"https:\\\/\\\/www.asf-brandenburg.de\\\/asf_wp\\\/\",\"logo\":{\"@type\":\"ImageObject\",\"inLanguage\":\"de\",\"@id\":\"https:\\\/\\\/www.asf-brandenburg.de\\\/asf_wp\\\/#\\\/schema\\\/logo\\\/image\\\/\",\"url\":\"https:\\\/\\\/www.asf-brandenburg.de\\\/asf_wp\\\/wp-content\\\/uploads\\\/2018\\\/08\\\/Logo_ASF_BRB_318x107.png\",\"contentUrl\":\"https:\\\/\\\/www.asf-brandenburg.de\\\/asf_wp\\\/wp-content\\\/uploads\\\/2018\\\/08\\\/Logo_ASF_BRB_318x107.png\",\"width\":318,\"height\":107,\"caption\":\"Albert-Schweitzer-Familienwerk Brandenburg e. V.\"},\"image\":{\"@id\":\"https:\\\/\\\/www.asf-brandenburg.de\\\/asf_wp\\\/#\\\/schema\\\/logo\\\/image\\\/\"},\"sameAs\":[\"https:\\\/\\\/www.facebook.com\\\/AlbertSchweitzerFamilienwerkBrandenburg\",\"https:\\\/\\\/www.youtube.com\\\/@asfbrandenburg\",\"https:\\\/\\\/www.instagram.com\\\/asf_brandenburg\\\/\"]},{\"@type\":\"Person\",\"@id\":\"https:\\\/\\\/www.asf-brandenburg.de\\\/asf_wp\\\/#\\\/schema\\\/person\\\/a63ba1553f2aa75f90f3809d9e4a1efc\",\"name\":\"Web Admin\",\"sameAs\":[\"http:\\\/\\\/www.asf-brandenburg.de\"],\"url\":\"https:\\\/\\\/www.asf-brandenburg.de\\\/asf_wp\\\/aktuelles\\\/author\\\/asf\\\/\"}]}<\/script>\n<!-- \/ Yoast SEO plugin. -->","yoast_head_json":{"title":"Albert-Schweitzer-Familienwerk Brandenburg e.V.","description":"Nun ist Realit\u00e4t geworden, woran anfangs niemand glauben wollte. Vereine und Freizeiteinrichtungen schlie\u00dfen, Veranstaltungen werden abgesagt, die Eltern sind in Heimarbeit und die Kinder und Jugendlichen sind zu Hause, weil Unterricht und Betreuungen nicht stattfinden. Ausreichend Zeit mit der Familie ist ein seltenes Gut. Was aber, wenn das Miteinander auf l\u00e4ngere Zeit verordnet wird und die Freizeitm\u00f6glichkeiten eingeschr\u00e4nkt sind? Was k\u00f6nnen Eltern tun, damit die Familie trotzdem eine gute Zeit miteinander verbringen kann?","robots":{"index":"index","follow":"follow","max-snippet":"max-snippet:-1","max-image-preview":"max-image-preview:large","max-video-preview":"max-video-preview:-1"},"canonical":"https:\/\/www.asf-brandenburg.de\/asf_wp\/aktuelles\/2020\/sehr-geehrte-eltern-es-liegen-ereignisreiche-und-anstrengende-tage-hinter-uns-hinter-ihnen-das-team-des-lausitzer-haus-des-lernens-moechte-sich-bei-ihnen-fuer-ihren-einsatz-bedan-2\/","og_locale":"de_DE","og_type":"article","og_description":"Nun ist Realit\u00e4t geworden, woran anfangs niemand glauben wollte. Vereine und Freizeiteinrichtungen schlie\u00dfen, Veranstaltungen werden abgesagt, die Eltern sind in Heimarbeit und die Kinder und Jugendlichen sind zu Hause, weil Unterricht und Betreuungen nicht stattfinden. Ausreichend Zeit mit der Familie ist ein seltenes Gut. Was aber, wenn das Miteinander auf l\u00e4ngere Zeit verordnet wird und die Freizeitm\u00f6glichkeiten eingeschr\u00e4nkt sind? Was k\u00f6nnen Eltern tun, damit die Familie trotzdem eine gute Zeit miteinander verbringen kann?","og_url":"https:\/\/www.asf-brandenburg.de\/asf_wp\/aktuelles\/2020\/sehr-geehrte-eltern-es-liegen-ereignisreiche-und-anstrengende-tage-hinter-uns-hinter-ihnen-das-team-des-lausitzer-haus-des-lernens-moechte-sich-bei-ihnen-fuer-ihren-einsatz-bedan-2\/","og_site_name":"Albert-Schweitzer-Familienwerk Brandenburg e.V.","article_publisher":"https:\/\/www.facebook.com\/AlbertSchweitzerFamilienwerkBrandenburg","article_published_time":"2020-04-09T06:47:49+00:00","article_modified_time":"2020-04-12T08:26:38+00:00","og_image":[{"width":946,"height":591,"url":"https:\/\/www.asf-brandenburg.de\/asf_wp\/wp-content\/uploads\/2020\/04\/Ostern-2020-Homepage.jpg","type":"image\/jpeg"}],"author":"Web Admin","twitter_card":"summary_large_image","twitter_misc":{"Verfasst von":"Web Admin","Gesch\u00e4tzte Lesezeit":"2\u00a0Minuten"},"schema":{"@context":"https:\/\/schema.org","@graph":[{"@type":"Article","@id":"https:\/\/www.asf-brandenburg.de\/asf_wp\/aktuelles\/2020\/sehr-geehrte-eltern-es-liegen-ereignisreiche-und-anstrengende-tage-hinter-uns-hinter-ihnen-das-team-des-lausitzer-haus-des-lernens-moechte-sich-bei-ihnen-fuer-ihren-einsatz-bedan-2\/#article","isPartOf":{"@id":"https:\/\/www.asf-brandenburg.de\/asf_wp\/aktuelles\/2020\/sehr-geehrte-eltern-es-liegen-ereignisreiche-und-anstrengende-tage-hinter-uns-hinter-ihnen-das-team-des-lausitzer-haus-des-lernens-moechte-sich-bei-ihnen-fuer-ihren-einsatz-bedan-2\/"},"author":{"name":"Web Admin","@id":"https:\/\/www.asf-brandenburg.de\/asf_wp\/#\/schema\/person\/a63ba1553f2aa75f90f3809d9e4a1efc"},"headline":"Kein Titel","datePublished":"2020-04-09T06:47:49+00:00","dateModified":"2020-04-12T08:26:38+00:00","mainEntityOfPage":{"@id":"https:\/\/www.asf-brandenburg.de\/asf_wp\/aktuelles\/2020\/sehr-geehrte-eltern-es-liegen-ereignisreiche-und-anstrengende-tage-hinter-uns-hinter-ihnen-das-team-des-lausitzer-haus-des-lernens-moechte-sich-bei-ihnen-fuer-ihren-einsatz-bedan-2\/"},"wordCount":458,"publisher":{"@id":"https:\/\/www.asf-brandenburg.de\/asf_wp\/#organization"},"image":{"@id":"https:\/\/www.asf-brandenburg.de\/asf_wp\/aktuelles\/2020\/sehr-geehrte-eltern-es-liegen-ereignisreiche-und-anstrengende-tage-hinter-uns-hinter-ihnen-das-team-des-lausitzer-haus-des-lernens-moechte-sich-bei-ihnen-fuer-ihren-einsatz-bedan-2\/#primaryimage"},"thumbnailUrl":"https:\/\/www.asf-brandenburg.de\/asf_wp\/wp-content\/uploads\/2020\/04\/Ostern-2020-Homepage.jpg","keywords":["Albert-Schweitzer-Familienwerk Brandenburg e.V.","Ostern 2020"],"articleSection":["Neuigkeiten 2020","Schule"],"inLanguage":"de"},{"@type":"WebPage","@id":"https:\/\/www.asf-brandenburg.de\/asf_wp\/aktuelles\/2020\/sehr-geehrte-eltern-es-liegen-ereignisreiche-und-anstrengende-tage-hinter-uns-hinter-ihnen-das-team-des-lausitzer-haus-des-lernens-moechte-sich-bei-ihnen-fuer-ihren-einsatz-bedan-2\/","url":"https:\/\/www.asf-brandenburg.de\/asf_wp\/aktuelles\/2020\/sehr-geehrte-eltern-es-liegen-ereignisreiche-und-anstrengende-tage-hinter-uns-hinter-ihnen-das-team-des-lausitzer-haus-des-lernens-moechte-sich-bei-ihnen-fuer-ihren-einsatz-bedan-2\/","name":"","isPartOf":{"@id":"https:\/\/www.asf-brandenburg.de\/asf_wp\/#website"},"primaryImageOfPage":{"@id":"https:\/\/www.asf-brandenburg.de\/asf_wp\/aktuelles\/2020\/sehr-geehrte-eltern-es-liegen-ereignisreiche-und-anstrengende-tage-hinter-uns-hinter-ihnen-das-team-des-lausitzer-haus-des-lernens-moechte-sich-bei-ihnen-fuer-ihren-einsatz-bedan-2\/#primaryimage"},"image":{"@id":"https:\/\/www.asf-brandenburg.de\/asf_wp\/aktuelles\/2020\/sehr-geehrte-eltern-es-liegen-ereignisreiche-und-anstrengende-tage-hinter-uns-hinter-ihnen-das-team-des-lausitzer-haus-des-lernens-moechte-sich-bei-ihnen-fuer-ihren-einsatz-bedan-2\/#primaryimage"},"thumbnailUrl":"https:\/\/www.asf-brandenburg.de\/asf_wp\/wp-content\/uploads\/2020\/04\/Ostern-2020-Homepage.jpg","datePublished":"2020-04-09T06:47:49+00:00","dateModified":"2020-04-12T08:26:38+00:00","description":"Nun ist Realit\u00e4t geworden, woran anfangs niemand glauben wollte. Vereine und Freizeiteinrichtungen schlie\u00dfen, Veranstaltungen werden abgesagt, die Eltern sind in Heimarbeit und die Kinder und Jugendlichen sind zu Hause, weil Unterricht und Betreuungen nicht stattfinden. Ausreichend Zeit mit der Familie ist ein seltenes Gut. Was aber, wenn das Miteinander auf l\u00e4ngere Zeit verordnet wird und die Freizeitm\u00f6glichkeiten eingeschr\u00e4nkt sind? Was k\u00f6nnen Eltern tun, damit die Familie trotzdem eine gute Zeit miteinander verbringen kann?","inLanguage":"de","potentialAction":[{"@type":"ReadAction","target":["https:\/\/www.asf-brandenburg.de\/asf_wp\/aktuelles\/2020\/sehr-geehrte-eltern-es-liegen-ereignisreiche-und-anstrengende-tage-hinter-uns-hinter-ihnen-das-team-des-lausitzer-haus-des-lernens-moechte-sich-bei-ihnen-fuer-ihren-einsatz-bedan-2\/"]}]},{"@type":"ImageObject","inLanguage":"de","@id":"https:\/\/www.asf-brandenburg.de\/asf_wp\/aktuelles\/2020\/sehr-geehrte-eltern-es-liegen-ereignisreiche-und-anstrengende-tage-hinter-uns-hinter-ihnen-das-team-des-lausitzer-haus-des-lernens-moechte-sich-bei-ihnen-fuer-ihren-einsatz-bedan-2\/#primaryimage","url":"https:\/\/www.asf-brandenburg.de\/asf_wp\/wp-content\/uploads\/2020\/04\/Ostern-2020-Homepage.jpg","contentUrl":"https:\/\/www.asf-brandenburg.de\/asf_wp\/wp-content\/uploads\/2020\/04\/Ostern-2020-Homepage.jpg","width":946,"height":591},{"@type":"WebSite","@id":"https:\/\/www.asf-brandenburg.de\/asf_wp\/#website","url":"https:\/\/www.asf-brandenburg.de\/asf_wp\/","name":"Albert-Schweitzer-Kinderd\u00f6rfer und Familienwerke Brandenburg e. V.","description":"","publisher":{"@id":"https:\/\/www.asf-brandenburg.de\/asf_wp\/#organization"},"potentialAction":[{"@type":"SearchAction","target":{"@type":"EntryPoint","urlTemplate":"https:\/\/www.asf-brandenburg.de\/asf_wp\/?s={search_term_string}"},"query-input":{"@type":"PropertyValueSpecification","valueRequired":true,"valueName":"search_term_string"}}],"inLanguage":"de"},{"@type":"Organization","@id":"https:\/\/www.asf-brandenburg.de\/asf_wp\/#organization","name":"Albert-Schweitzer-Familienwerk Brandenburg e. V.","url":"https:\/\/www.asf-brandenburg.de\/asf_wp\/","logo":{"@type":"ImageObject","inLanguage":"de","@id":"https:\/\/www.asf-brandenburg.de\/asf_wp\/#\/schema\/logo\/image\/","url":"https:\/\/www.asf-brandenburg.de\/asf_wp\/wp-content\/uploads\/2018\/08\/Logo_ASF_BRB_318x107.png","contentUrl":"https:\/\/www.asf-brandenburg.de\/asf_wp\/wp-content\/uploads\/2018\/08\/Logo_ASF_BRB_318x107.png","width":318,"height":107,"caption":"Albert-Schweitzer-Familienwerk Brandenburg e. V."},"image":{"@id":"https:\/\/www.asf-brandenburg.de\/asf_wp\/#\/schema\/logo\/image\/"},"sameAs":["https:\/\/www.facebook.com\/AlbertSchweitzerFamilienwerkBrandenburg","https:\/\/www.youtube.com\/@asfbrandenburg","https:\/\/www.instagram.com\/asf_brandenburg\/"]},{"@type":"Person","@id":"https:\/\/www.asf-brandenburg.de\/asf_wp\/#\/schema\/person\/a63ba1553f2aa75f90f3809d9e4a1efc","name":"Web Admin","sameAs":["http:\/\/www.asf-brandenburg.de"],"url":"https:\/\/www.asf-brandenburg.de\/asf_wp\/aktuelles\/author\/asf\/"}]}},"_links":{"self":[{"href":"https:\/\/www.asf-brandenburg.de\/asf_wp\/wp-json\/wp\/v2\/posts\/1942","targetHints":{"allow":["GET"]}}],"collection":[{"href":"https:\/\/www.asf-brandenburg.de\/asf_wp\/wp-json\/wp\/v2\/posts"}],"about":[{"href":"https:\/\/www.asf-brandenburg.de\/asf_wp\/wp-json\/wp\/v2\/types\/post"}],"author":[{"embeddable":true,"href":"https:\/\/www.asf-brandenburg.de\/asf_wp\/wp-json\/wp\/v2\/users\/2"}],"replies":[{"embeddable":true,"href":"https:\/\/www.asf-brandenburg.de\/asf_wp\/wp-json\/wp\/v2\/comments?post=1942"}],"version-history":[{"count":0,"href":"https:\/\/www.asf-brandenburg.de\/asf_wp\/wp-json\/wp\/v2\/posts\/1942\/revisions"}],"wp:featuredmedia":[{"embeddable":true,"href":"https:\/\/www.asf-brandenburg.de\/asf_wp\/wp-json\/wp\/v2\/media\/1941"}],"wp:attachment":[{"href":"https:\/\/www.asf-brandenburg.de\/asf_wp\/wp-json\/wp\/v2\/media?parent=1942"}],"wp:term":[{"taxonomy":"category","embeddable":true,"href":"https:\/\/www.asf-brandenburg.de\/asf_wp\/wp-json\/wp\/v2\/categories?post=1942"},{"taxonomy":"post_tag","embeddable":true,"href":"https:\/\/www.asf-brandenburg.de\/asf_wp\/wp-json\/wp\/v2\/tags?post=1942"}],"curies":[{"name":"wp","href":"https:\/\/api.w.org\/{rel}","templated":true}]}}