{"id":1535,"date":"2019-10-22T11:44:59","date_gmt":"2019-10-22T09:44:59","guid":{"rendered":"https:\/\/www.asf-brandenburg.de\/asf_wp\/?p=1535"},"modified":"2019-11-20T11:48:00","modified_gmt":"2019-11-20T10:48:00","slug":"ein-tagesausflug-zum-kindertobetag-nach-cottbus","status":"publish","type":"post","link":"https:\/\/www.asf-brandenburg.de\/asf_wp\/aktuelles\/2019\/ein-tagesausflug-zum-kindertobetag-nach-cottbus\/","title":{"rendered":"Ein Tagesausflug zum Kindertobetag nach Cottbus"},"content":{"rendered":"<div class=\"fusion-fullwidth fullwidth-box fusion-builder-row-1 nonhundred-percent-fullwidth non-hundred-percent-height-scrolling\" style=\"--awb-border-radius-top-left:0px;--awb-border-radius-top-right:0px;--awb-border-radius-bottom-right:0px;--awb-border-radius-bottom-left:0px;--awb-flex-wrap:wrap;\" ><div class=\"fusion-builder-row fusion-row\"><div class=\"fusion-layout-column fusion_builder_column fusion-builder-column-0 fusion_builder_column_1_1 1_1 fusion-one-full fusion-column-first fusion-column-last\" style=\"--awb-bg-size:cover;--awb-margin-bottom:0px;\"><div class=\"fusion-column-wrapper fusion-column-has-shadow fusion-flex-column-wrapper-legacy\"><div class=\"fusion-text fusion-text-1\"><p>Am 20.10.2019 fand der 25. Kindertobetag in Cottbus statt. Mit von der Partie waren das Team der ambulanten Erziehungshilfen und 7 Familien, welche ersichtlichen Spa\u00df und viel Freude an diesem Tag hatten. Rutschen, springen, klettern und toben standen auf der Tagesordnung. Der Indoorspielplatz f\u00fcr Gro\u00df und Klein sorgte f\u00fcr ausgepowerte Kinder und Jugendliche. Doch nicht nur diese, sondern auch die Eltern sind an den verschiedenen Stationen ins Schwitzen gekommen und kletterten, h\u00fcpften und sprangen von einem Hindernis zum n\u00e4chsten.<\/p>\n<p>Alles wurde und musste ausprobiert werden, um sich anschlie\u00dfend mit einer Kugel Eis zu belohnen und sich f\u00fcr die weiteren Runden zu st\u00e4rken. Eine kurze gem\u00fctliche Runde zusammen, bis sich die Kleinen wieder auf den Weg ins Spieleparadies machten. An diesem Tag strahlten die Kinderaugen schon beim Eingang, dennoch ist der ein oder andere ersch\u00f6pft gewesen und freute sich am Abend auf das Bett.<\/p>\n<p>Katharina Weber<br \/>\nSozialp\u00e4dagogische Familienhelferin<\/p>\n<\/div><div class=\"fusion-sep-clear\"><\/div><div class=\"fusion-separator fusion-full-width-sep\" style=\"margin-left: auto;margin-right: auto;margin-top:30px;width:100%;\"><\/div><div class=\"fusion-sep-clear\"><\/div><div class=\"fusion-clearfix\"><\/div><\/div><\/div><div class=\"fusion-layout-column fusion_builder_column fusion-builder-column-1 fusion_builder_column_1_2 1_2 fusion-one-half fusion-column-first\" style=\"--awb-bg-size:cover;width:50%;width:calc(50% - ( ( 4% ) * 0.5 ) );margin-right: 4%;\"><div class=\"fusion-column-wrapper fusion-column-has-shadow fusion-flex-column-wrapper-legacy\"><div class=\"fusion-image-element in-legacy-container\" style=\"--awb-caption-title-font-family:var(--h2_typography-font-family);--awb-caption-title-font-weight:var(--h2_typography-font-weight);--awb-caption-title-font-style:var(--h2_typography-font-style);--awb-caption-title-size:var(--h2_typography-font-size);--awb-caption-title-transform:var(--h2_typography-text-transform);--awb-caption-title-line-height:var(--h2_typography-line-height);--awb-caption-title-letter-spacing:var(--h2_typography-letter-spacing);\"><span class=\" fusion-imageframe imageframe-none imageframe-1 hover-type-none\"><img decoding=\"async\" width=\"371\" height=\"539\" title=\"Tobetag Cottbus\" src=\"https:\/\/www.asf-brandenburg.de\/asf_wp\/wp-content\/uploads\/2019\/11\/Tobetag-Cottbus.jpg\" alt class=\"img-responsive wp-image-1537\" srcset=\"https:\/\/www.asf-brandenburg.de\/asf_wp\/wp-content\/uploads\/2019\/11\/Tobetag-Cottbus-200x291.jpg 200w, https:\/\/www.asf-brandenburg.de\/asf_wp\/wp-content\/uploads\/2019\/11\/Tobetag-Cottbus.jpg 371w\" sizes=\"(max-width: 800px) 100vw, 371px\" \/><\/span><\/div><div class=\"fusion-clearfix\"><\/div><\/div><\/div><div class=\"fusion-layout-column fusion_builder_column fusion-builder-column-2 fusion_builder_column_1_2 1_2 fusion-one-half fusion-column-last\" style=\"--awb-bg-size:cover;width:50%;width:calc(50% - ( ( 4% ) * 0.5 ) );\"><div class=\"fusion-column-wrapper fusion-column-has-shadow fusion-flex-column-wrapper-legacy\"><div class=\"fusion-image-element in-legacy-container\" style=\"--awb-caption-title-font-family:var(--h2_typography-font-family);--awb-caption-title-font-weight:var(--h2_typography-font-weight);--awb-caption-title-font-style:var(--h2_typography-font-style);--awb-caption-title-size:var(--h2_typography-font-size);--awb-caption-title-transform:var(--h2_typography-text-transform);--awb-caption-title-line-height:var(--h2_typography-line-height);--awb-caption-title-letter-spacing:var(--h2_typography-letter-spacing);\"><span class=\" fusion-imageframe imageframe-none imageframe-2 hover-type-none\"><img decoding=\"async\" width=\"583\" height=\"437\" title=\"Tobetag Cottbus 2\" src=\"https:\/\/www.asf-brandenburg.de\/asf_wp\/wp-content\/uploads\/2019\/11\/Tobetag-Cottbus-2.jpg\" alt class=\"img-responsive wp-image-1536\" srcset=\"https:\/\/www.asf-brandenburg.de\/asf_wp\/wp-content\/uploads\/2019\/11\/Tobetag-Cottbus-2-200x150.jpg 200w, https:\/\/www.asf-brandenburg.de\/asf_wp\/wp-content\/uploads\/2019\/11\/Tobetag-Cottbus-2-400x300.jpg 400w, https:\/\/www.asf-brandenburg.de\/asf_wp\/wp-content\/uploads\/2019\/11\/Tobetag-Cottbus-2.jpg 583w\" sizes=\"(max-width: 800px) 100vw, 583px\" \/><\/span><\/div><div class=\"fusion-clearfix\"><\/div><\/div><\/div><\/div><\/div>\n","protected":false},"excerpt":{"rendered":"<p>Am 20.10.2019 fand der 25. Kindertobetag in Cottbus statt. Mit von der Partie waren das Team der ambulanten Erziehungshilfen und 7 Familien,<br \/>\nwelche ersichtlichen Spa\u00df und viel Freude an diesem Tag hatten. Rutschen, springen, klettern und toben standen auf der Tagesordnung.<br \/>\nDer Indoorspielplatz f\u00fcr Gro\u00df und Klein sorgte f\u00fcr ausgepowerte Kinder und Jugendliche.<\/p>\n","protected":false},"author":2,"featured_media":1536,"comment_status":"closed","ping_status":"open","sticky":false,"template":"","format":"standard","meta":{"inline_featured_image":false,"footnotes":""},"categories":[13],"tags":[62],"class_list":["post-1535","post","type-post","status-publish","format-standard","has-post-thumbnail","hentry","category-neuigkeiten-2019","tag-kindertobetag-in-cottbus"],"yoast_head":"<!-- This site is optimized with the Yoast SEO plugin v27.5 - https:\/\/yoast.com\/product\/yoast-seo-wordpress\/ -->\n<title>Ein Tagesausflug zum Kindertobetag nach Cottbus<\/title>\n<meta name=\"description\" content=\"Am 20.10.2019 fand der 25. Kindertobetag in Cottbus statt. Mit von der Partie waren das Team der ambulanten Erziehungshilfen und 7 Familien, welche ersichtlichen Spa\u00df und viel Freude an diesem Tag hatten. Rutschen, springen, klettern und toben standen auf der Tagesordnung.\" \/>\n<meta name=\"robots\" content=\"index, follow, max-snippet:-1, max-image-preview:large, max-video-preview:-1\" \/>\n<link rel=\"canonical\" href=\"https:\/\/www.asf-brandenburg.de\/asf_wp\/aktuelles\/2019\/ein-tagesausflug-zum-kindertobetag-nach-cottbus\/\" \/>\n<meta property=\"og:locale\" content=\"de_DE\" \/>\n<meta property=\"og:type\" content=\"article\" \/>\n<meta property=\"og:title\" content=\"Ein Tagesausflug zum Kindertobetag nach Cottbus\" \/>\n<meta property=\"og:description\" content=\"Am 20.10.2019 fand der 25. Kindertobetag in Cottbus statt. Mit von der Partie waren das Team der ambulanten Erziehungshilfen und 7 Familien, welche ersichtlichen Spa\u00df und viel Freude an diesem Tag hatten. Rutschen, springen, klettern und toben standen auf der Tagesordnung.\" \/>\n<meta property=\"og:url\" content=\"https:\/\/www.asf-brandenburg.de\/asf_wp\/aktuelles\/2019\/ein-tagesausflug-zum-kindertobetag-nach-cottbus\/\" \/>\n<meta property=\"og:site_name\" content=\"Albert-Schweitzer-Familienwerk Brandenburg e.V.\" \/>\n<meta property=\"article:publisher\" content=\"https:\/\/www.facebook.com\/AlbertSchweitzerFamilienwerkBrandenburg\" \/>\n<meta property=\"article:published_time\" content=\"2019-10-22T09:44:59+00:00\" \/>\n<meta property=\"article:modified_time\" content=\"2019-11-20T10:48:00+00:00\" \/>\n<meta property=\"og:image\" content=\"https:\/\/www.asf-brandenburg.de\/asf_wp\/wp-content\/uploads\/2019\/11\/Tobetag-Cottbus-2.jpg\" \/>\n\t<meta property=\"og:image:width\" content=\"583\" \/>\n\t<meta property=\"og:image:height\" content=\"437\" \/>\n\t<meta property=\"og:image:type\" content=\"image\/jpeg\" \/>\n<meta name=\"author\" content=\"Web Admin\" \/>\n<meta name=\"twitter:card\" content=\"summary_large_image\" \/>\n<meta name=\"twitter:label1\" content=\"Verfasst von\" \/>\n\t<meta name=\"twitter:data1\" content=\"Web Admin\" \/>\n\t<meta name=\"twitter:label2\" content=\"Gesch\u00e4tzte Lesezeit\" \/>\n\t<meta name=\"twitter:data2\" content=\"4\u00a0Minuten\" \/>\n<script type=\"application\/ld+json\" class=\"yoast-schema-graph\">{\"@context\":\"https:\\\/\\\/schema.org\",\"@graph\":[{\"@type\":\"Article\",\"@id\":\"https:\\\/\\\/www.asf-brandenburg.de\\\/asf_wp\\\/aktuelles\\\/2019\\\/ein-tagesausflug-zum-kindertobetag-nach-cottbus\\\/#article\",\"isPartOf\":{\"@id\":\"https:\\\/\\\/www.asf-brandenburg.de\\\/asf_wp\\\/aktuelles\\\/2019\\\/ein-tagesausflug-zum-kindertobetag-nach-cottbus\\\/\"},\"author\":{\"name\":\"Web Admin\",\"@id\":\"https:\\\/\\\/www.asf-brandenburg.de\\\/asf_wp\\\/#\\\/schema\\\/person\\\/a63ba1553f2aa75f90f3809d9e4a1efc\"},\"headline\":\"Ein Tagesausflug zum Kindertobetag nach Cottbus\",\"datePublished\":\"2019-10-22T09:44:59+00:00\",\"dateModified\":\"2019-11-20T10:48:00+00:00\",\"mainEntityOfPage\":{\"@id\":\"https:\\\/\\\/www.asf-brandenburg.de\\\/asf_wp\\\/aktuelles\\\/2019\\\/ein-tagesausflug-zum-kindertobetag-nach-cottbus\\\/\"},\"wordCount\":740,\"publisher\":{\"@id\":\"https:\\\/\\\/www.asf-brandenburg.de\\\/asf_wp\\\/#organization\"},\"image\":{\"@id\":\"https:\\\/\\\/www.asf-brandenburg.de\\\/asf_wp\\\/aktuelles\\\/2019\\\/ein-tagesausflug-zum-kindertobetag-nach-cottbus\\\/#primaryimage\"},\"thumbnailUrl\":\"https:\\\/\\\/www.asf-brandenburg.de\\\/asf_wp\\\/wp-content\\\/uploads\\\/2019\\\/11\\\/Tobetag-Cottbus-2.jpg\",\"keywords\":[\"Kindertobetag in Cottbus\"],\"articleSection\":[\"Neuigkeiten 2019\"],\"inLanguage\":\"de\"},{\"@type\":\"WebPage\",\"@id\":\"https:\\\/\\\/www.asf-brandenburg.de\\\/asf_wp\\\/aktuelles\\\/2019\\\/ein-tagesausflug-zum-kindertobetag-nach-cottbus\\\/\",\"url\":\"https:\\\/\\\/www.asf-brandenburg.de\\\/asf_wp\\\/aktuelles\\\/2019\\\/ein-tagesausflug-zum-kindertobetag-nach-cottbus\\\/\",\"name\":\"Ein Tagesausflug zum Kindertobetag nach Cottbus\",\"isPartOf\":{\"@id\":\"https:\\\/\\\/www.asf-brandenburg.de\\\/asf_wp\\\/#website\"},\"primaryImageOfPage\":{\"@id\":\"https:\\\/\\\/www.asf-brandenburg.de\\\/asf_wp\\\/aktuelles\\\/2019\\\/ein-tagesausflug-zum-kindertobetag-nach-cottbus\\\/#primaryimage\"},\"image\":{\"@id\":\"https:\\\/\\\/www.asf-brandenburg.de\\\/asf_wp\\\/aktuelles\\\/2019\\\/ein-tagesausflug-zum-kindertobetag-nach-cottbus\\\/#primaryimage\"},\"thumbnailUrl\":\"https:\\\/\\\/www.asf-brandenburg.de\\\/asf_wp\\\/wp-content\\\/uploads\\\/2019\\\/11\\\/Tobetag-Cottbus-2.jpg\",\"datePublished\":\"2019-10-22T09:44:59+00:00\",\"dateModified\":\"2019-11-20T10:48:00+00:00\",\"description\":\"Am 20.10.2019 fand der 25. Kindertobetag in Cottbus statt. Mit von der Partie waren das Team der ambulanten Erziehungshilfen und 7 Familien, welche ersichtlichen Spa\u00df und viel Freude an diesem Tag hatten. Rutschen, springen, klettern und toben standen auf der Tagesordnung.\",\"breadcrumb\":{\"@id\":\"https:\\\/\\\/www.asf-brandenburg.de\\\/asf_wp\\\/aktuelles\\\/2019\\\/ein-tagesausflug-zum-kindertobetag-nach-cottbus\\\/#breadcrumb\"},\"inLanguage\":\"de\",\"potentialAction\":[{\"@type\":\"ReadAction\",\"target\":[\"https:\\\/\\\/www.asf-brandenburg.de\\\/asf_wp\\\/aktuelles\\\/2019\\\/ein-tagesausflug-zum-kindertobetag-nach-cottbus\\\/\"]}]},{\"@type\":\"ImageObject\",\"inLanguage\":\"de\",\"@id\":\"https:\\\/\\\/www.asf-brandenburg.de\\\/asf_wp\\\/aktuelles\\\/2019\\\/ein-tagesausflug-zum-kindertobetag-nach-cottbus\\\/#primaryimage\",\"url\":\"https:\\\/\\\/www.asf-brandenburg.de\\\/asf_wp\\\/wp-content\\\/uploads\\\/2019\\\/11\\\/Tobetag-Cottbus-2.jpg\",\"contentUrl\":\"https:\\\/\\\/www.asf-brandenburg.de\\\/asf_wp\\\/wp-content\\\/uploads\\\/2019\\\/11\\\/Tobetag-Cottbus-2.jpg\",\"width\":583,\"height\":437},{\"@type\":\"BreadcrumbList\",\"@id\":\"https:\\\/\\\/www.asf-brandenburg.de\\\/asf_wp\\\/aktuelles\\\/2019\\\/ein-tagesausflug-zum-kindertobetag-nach-cottbus\\\/#breadcrumb\",\"itemListElement\":[{\"@type\":\"ListItem\",\"position\":1,\"name\":\"Startseite\",\"item\":\"https:\\\/\\\/www.asf-brandenburg.de\\\/asf_wp\\\/\"},{\"@type\":\"ListItem\",\"position\":2,\"name\":\"Ein Tagesausflug zum Kindertobetag nach Cottbus\"}]},{\"@type\":\"WebSite\",\"@id\":\"https:\\\/\\\/www.asf-brandenburg.de\\\/asf_wp\\\/#website\",\"url\":\"https:\\\/\\\/www.asf-brandenburg.de\\\/asf_wp\\\/\",\"name\":\"Albert-Schweitzer-Kinderd\u00f6rfer und Familienwerke Brandenburg e. V.\",\"description\":\"\",\"publisher\":{\"@id\":\"https:\\\/\\\/www.asf-brandenburg.de\\\/asf_wp\\\/#organization\"},\"potentialAction\":[{\"@type\":\"SearchAction\",\"target\":{\"@type\":\"EntryPoint\",\"urlTemplate\":\"https:\\\/\\\/www.asf-brandenburg.de\\\/asf_wp\\\/?s={search_term_string}\"},\"query-input\":{\"@type\":\"PropertyValueSpecification\",\"valueRequired\":true,\"valueName\":\"search_term_string\"}}],\"inLanguage\":\"de\"},{\"@type\":\"Organization\",\"@id\":\"https:\\\/\\\/www.asf-brandenburg.de\\\/asf_wp\\\/#organization\",\"name\":\"Albert-Schweitzer-Familienwerk Brandenburg e. V.\",\"url\":\"https:\\\/\\\/www.asf-brandenburg.de\\\/asf_wp\\\/\",\"logo\":{\"@type\":\"ImageObject\",\"inLanguage\":\"de\",\"@id\":\"https:\\\/\\\/www.asf-brandenburg.de\\\/asf_wp\\\/#\\\/schema\\\/logo\\\/image\\\/\",\"url\":\"https:\\\/\\\/www.asf-brandenburg.de\\\/asf_wp\\\/wp-content\\\/uploads\\\/2018\\\/08\\\/Logo_ASF_BRB_318x107.png\",\"contentUrl\":\"https:\\\/\\\/www.asf-brandenburg.de\\\/asf_wp\\\/wp-content\\\/uploads\\\/2018\\\/08\\\/Logo_ASF_BRB_318x107.png\",\"width\":318,\"height\":107,\"caption\":\"Albert-Schweitzer-Familienwerk Brandenburg e. V.\"},\"image\":{\"@id\":\"https:\\\/\\\/www.asf-brandenburg.de\\\/asf_wp\\\/#\\\/schema\\\/logo\\\/image\\\/\"},\"sameAs\":[\"https:\\\/\\\/www.facebook.com\\\/AlbertSchweitzerFamilienwerkBrandenburg\",\"https:\\\/\\\/www.youtube.com\\\/@asfbrandenburg\",\"https:\\\/\\\/www.instagram.com\\\/asf_brandenburg\\\/\"]},{\"@type\":\"Person\",\"@id\":\"https:\\\/\\\/www.asf-brandenburg.de\\\/asf_wp\\\/#\\\/schema\\\/person\\\/a63ba1553f2aa75f90f3809d9e4a1efc\",\"name\":\"Web Admin\",\"sameAs\":[\"http:\\\/\\\/www.asf-brandenburg.de\"],\"url\":\"https:\\\/\\\/www.asf-brandenburg.de\\\/asf_wp\\\/aktuelles\\\/author\\\/asf\\\/\"}]}<\/script>\n<!-- \/ Yoast SEO plugin. -->","yoast_head_json":{"title":"Ein Tagesausflug zum Kindertobetag nach Cottbus","description":"Am 20.10.2019 fand der 25. Kindertobetag in Cottbus statt. Mit von der Partie waren das Team der ambulanten Erziehungshilfen und 7 Familien, welche ersichtlichen Spa\u00df und viel Freude an diesem Tag hatten. Rutschen, springen, klettern und toben standen auf der Tagesordnung.","robots":{"index":"index","follow":"follow","max-snippet":"max-snippet:-1","max-image-preview":"max-image-preview:large","max-video-preview":"max-video-preview:-1"},"canonical":"https:\/\/www.asf-brandenburg.de\/asf_wp\/aktuelles\/2019\/ein-tagesausflug-zum-kindertobetag-nach-cottbus\/","og_locale":"de_DE","og_type":"article","og_title":"Ein Tagesausflug zum Kindertobetag nach Cottbus","og_description":"Am 20.10.2019 fand der 25. Kindertobetag in Cottbus statt. Mit von der Partie waren das Team der ambulanten Erziehungshilfen und 7 Familien, welche ersichtlichen Spa\u00df und viel Freude an diesem Tag hatten. Rutschen, springen, klettern und toben standen auf der Tagesordnung.","og_url":"https:\/\/www.asf-brandenburg.de\/asf_wp\/aktuelles\/2019\/ein-tagesausflug-zum-kindertobetag-nach-cottbus\/","og_site_name":"Albert-Schweitzer-Familienwerk Brandenburg e.V.","article_publisher":"https:\/\/www.facebook.com\/AlbertSchweitzerFamilienwerkBrandenburg","article_published_time":"2019-10-22T09:44:59+00:00","article_modified_time":"2019-11-20T10:48:00+00:00","og_image":[{"width":583,"height":437,"url":"https:\/\/www.asf-brandenburg.de\/asf_wp\/wp-content\/uploads\/2019\/11\/Tobetag-Cottbus-2.jpg","type":"image\/jpeg"}],"author":"Web Admin","twitter_card":"summary_large_image","twitter_misc":{"Verfasst von":"Web Admin","Gesch\u00e4tzte Lesezeit":"4\u00a0Minuten"},"schema":{"@context":"https:\/\/schema.org","@graph":[{"@type":"Article","@id":"https:\/\/www.asf-brandenburg.de\/asf_wp\/aktuelles\/2019\/ein-tagesausflug-zum-kindertobetag-nach-cottbus\/#article","isPartOf":{"@id":"https:\/\/www.asf-brandenburg.de\/asf_wp\/aktuelles\/2019\/ein-tagesausflug-zum-kindertobetag-nach-cottbus\/"},"author":{"name":"Web Admin","@id":"https:\/\/www.asf-brandenburg.de\/asf_wp\/#\/schema\/person\/a63ba1553f2aa75f90f3809d9e4a1efc"},"headline":"Ein Tagesausflug zum Kindertobetag nach Cottbus","datePublished":"2019-10-22T09:44:59+00:00","dateModified":"2019-11-20T10:48:00+00:00","mainEntityOfPage":{"@id":"https:\/\/www.asf-brandenburg.de\/asf_wp\/aktuelles\/2019\/ein-tagesausflug-zum-kindertobetag-nach-cottbus\/"},"wordCount":740,"publisher":{"@id":"https:\/\/www.asf-brandenburg.de\/asf_wp\/#organization"},"image":{"@id":"https:\/\/www.asf-brandenburg.de\/asf_wp\/aktuelles\/2019\/ein-tagesausflug-zum-kindertobetag-nach-cottbus\/#primaryimage"},"thumbnailUrl":"https:\/\/www.asf-brandenburg.de\/asf_wp\/wp-content\/uploads\/2019\/11\/Tobetag-Cottbus-2.jpg","keywords":["Kindertobetag in Cottbus"],"articleSection":["Neuigkeiten 2019"],"inLanguage":"de"},{"@type":"WebPage","@id":"https:\/\/www.asf-brandenburg.de\/asf_wp\/aktuelles\/2019\/ein-tagesausflug-zum-kindertobetag-nach-cottbus\/","url":"https:\/\/www.asf-brandenburg.de\/asf_wp\/aktuelles\/2019\/ein-tagesausflug-zum-kindertobetag-nach-cottbus\/","name":"Ein Tagesausflug zum Kindertobetag nach Cottbus","isPartOf":{"@id":"https:\/\/www.asf-brandenburg.de\/asf_wp\/#website"},"primaryImageOfPage":{"@id":"https:\/\/www.asf-brandenburg.de\/asf_wp\/aktuelles\/2019\/ein-tagesausflug-zum-kindertobetag-nach-cottbus\/#primaryimage"},"image":{"@id":"https:\/\/www.asf-brandenburg.de\/asf_wp\/aktuelles\/2019\/ein-tagesausflug-zum-kindertobetag-nach-cottbus\/#primaryimage"},"thumbnailUrl":"https:\/\/www.asf-brandenburg.de\/asf_wp\/wp-content\/uploads\/2019\/11\/Tobetag-Cottbus-2.jpg","datePublished":"2019-10-22T09:44:59+00:00","dateModified":"2019-11-20T10:48:00+00:00","description":"Am 20.10.2019 fand der 25. Kindertobetag in Cottbus statt. Mit von der Partie waren das Team der ambulanten Erziehungshilfen und 7 Familien, welche ersichtlichen Spa\u00df und viel Freude an diesem Tag hatten. Rutschen, springen, klettern und toben standen auf der Tagesordnung.","breadcrumb":{"@id":"https:\/\/www.asf-brandenburg.de\/asf_wp\/aktuelles\/2019\/ein-tagesausflug-zum-kindertobetag-nach-cottbus\/#breadcrumb"},"inLanguage":"de","potentialAction":[{"@type":"ReadAction","target":["https:\/\/www.asf-brandenburg.de\/asf_wp\/aktuelles\/2019\/ein-tagesausflug-zum-kindertobetag-nach-cottbus\/"]}]},{"@type":"ImageObject","inLanguage":"de","@id":"https:\/\/www.asf-brandenburg.de\/asf_wp\/aktuelles\/2019\/ein-tagesausflug-zum-kindertobetag-nach-cottbus\/#primaryimage","url":"https:\/\/www.asf-brandenburg.de\/asf_wp\/wp-content\/uploads\/2019\/11\/Tobetag-Cottbus-2.jpg","contentUrl":"https:\/\/www.asf-brandenburg.de\/asf_wp\/wp-content\/uploads\/2019\/11\/Tobetag-Cottbus-2.jpg","width":583,"height":437},{"@type":"BreadcrumbList","@id":"https:\/\/www.asf-brandenburg.de\/asf_wp\/aktuelles\/2019\/ein-tagesausflug-zum-kindertobetag-nach-cottbus\/#breadcrumb","itemListElement":[{"@type":"ListItem","position":1,"name":"Startseite","item":"https:\/\/www.asf-brandenburg.de\/asf_wp\/"},{"@type":"ListItem","position":2,"name":"Ein Tagesausflug zum Kindertobetag nach Cottbus"}]},{"@type":"WebSite","@id":"https:\/\/www.asf-brandenburg.de\/asf_wp\/#website","url":"https:\/\/www.asf-brandenburg.de\/asf_wp\/","name":"Albert-Schweitzer-Kinderd\u00f6rfer und Familienwerke Brandenburg e. V.","description":"","publisher":{"@id":"https:\/\/www.asf-brandenburg.de\/asf_wp\/#organization"},"potentialAction":[{"@type":"SearchAction","target":{"@type":"EntryPoint","urlTemplate":"https:\/\/www.asf-brandenburg.de\/asf_wp\/?s={search_term_string}"},"query-input":{"@type":"PropertyValueSpecification","valueRequired":true,"valueName":"search_term_string"}}],"inLanguage":"de"},{"@type":"Organization","@id":"https:\/\/www.asf-brandenburg.de\/asf_wp\/#organization","name":"Albert-Schweitzer-Familienwerk Brandenburg e. V.","url":"https:\/\/www.asf-brandenburg.de\/asf_wp\/","logo":{"@type":"ImageObject","inLanguage":"de","@id":"https:\/\/www.asf-brandenburg.de\/asf_wp\/#\/schema\/logo\/image\/","url":"https:\/\/www.asf-brandenburg.de\/asf_wp\/wp-content\/uploads\/2018\/08\/Logo_ASF_BRB_318x107.png","contentUrl":"https:\/\/www.asf-brandenburg.de\/asf_wp\/wp-content\/uploads\/2018\/08\/Logo_ASF_BRB_318x107.png","width":318,"height":107,"caption":"Albert-Schweitzer-Familienwerk Brandenburg e. V."},"image":{"@id":"https:\/\/www.asf-brandenburg.de\/asf_wp\/#\/schema\/logo\/image\/"},"sameAs":["https:\/\/www.facebook.com\/AlbertSchweitzerFamilienwerkBrandenburg","https:\/\/www.youtube.com\/@asfbrandenburg","https:\/\/www.instagram.com\/asf_brandenburg\/"]},{"@type":"Person","@id":"https:\/\/www.asf-brandenburg.de\/asf_wp\/#\/schema\/person\/a63ba1553f2aa75f90f3809d9e4a1efc","name":"Web Admin","sameAs":["http:\/\/www.asf-brandenburg.de"],"url":"https:\/\/www.asf-brandenburg.de\/asf_wp\/aktuelles\/author\/asf\/"}]}},"_links":{"self":[{"href":"https:\/\/www.asf-brandenburg.de\/asf_wp\/wp-json\/wp\/v2\/posts\/1535","targetHints":{"allow":["GET"]}}],"collection":[{"href":"https:\/\/www.asf-brandenburg.de\/asf_wp\/wp-json\/wp\/v2\/posts"}],"about":[{"href":"https:\/\/www.asf-brandenburg.de\/asf_wp\/wp-json\/wp\/v2\/types\/post"}],"author":[{"embeddable":true,"href":"https:\/\/www.asf-brandenburg.de\/asf_wp\/wp-json\/wp\/v2\/users\/2"}],"replies":[{"embeddable":true,"href":"https:\/\/www.asf-brandenburg.de\/asf_wp\/wp-json\/wp\/v2\/comments?post=1535"}],"version-history":[{"count":0,"href":"https:\/\/www.asf-brandenburg.de\/asf_wp\/wp-json\/wp\/v2\/posts\/1535\/revisions"}],"wp:featuredmedia":[{"embeddable":true,"href":"https:\/\/www.asf-brandenburg.de\/asf_wp\/wp-json\/wp\/v2\/media\/1536"}],"wp:attachment":[{"href":"https:\/\/www.asf-brandenburg.de\/asf_wp\/wp-json\/wp\/v2\/media?parent=1535"}],"wp:term":[{"taxonomy":"category","embeddable":true,"href":"https:\/\/www.asf-brandenburg.de\/asf_wp\/wp-json\/wp\/v2\/categories?post=1535"},{"taxonomy":"post_tag","embeddable":true,"href":"https:\/\/www.asf-brandenburg.de\/asf_wp\/wp-json\/wp\/v2\/tags?post=1535"}],"curies":[{"name":"wp","href":"https:\/\/api.w.org\/{rel}","templated":true}]}}