{"id":10766,"date":"2026-09-03T10:51:43","date_gmt":"2026-09-03T08:51:43","guid":{"rendered":"https:\/\/www.asf-brandenburg.de\/asf_wp\/?p=10766"},"modified":"2026-09-03T10:51:43","modified_gmt":"2026-09-03T08:51:43","slug":"drachenbootrennen-2026-team-albert-schweitzer-brandenburg","status":"publish","type":"post","link":"https:\/\/www.asf-brandenburg.de\/asf_wp\/aktuelles\/2026\/drachenbootrennen-2026-team-albert-schweitzer-brandenburg\/","title":{"rendered":"Drachenbootrennen 2026 \u2013 &#8222;Team Albert&#8220;"},"content":{"rendered":"<div class=\"fusion-fullwidth fullwidth-box fusion-builder-row-1 fusion-flex-container has-pattern-background has-mask-background nonhundred-percent-fullwidth non-hundred-percent-height-scrolling\" style=\"--awb-border-radius-top-left:0px;--awb-border-radius-top-right:0px;--awb-border-radius-bottom-right:0px;--awb-border-radius-bottom-left:0px;--awb-flex-wrap:wrap;\" ><div class=\"fusion-builder-row fusion-row fusion-flex-align-items-flex-start fusion-flex-content-wrap\" style=\"max-width:1331.2px;margin-left: calc(-4% \/ 2 );margin-right: calc(-4% \/ 2 );\"><div class=\"fusion-layout-column fusion_builder_column fusion-builder-column-0 fusion_builder_column_1_1 1_1 fusion-flex-column\" style=\"--awb-bg-size:cover;--awb-width-large:100%;--awb-margin-top-large:0px;--awb-spacing-right-large:1.92%;--awb-margin-bottom-large:20px;--awb-spacing-left-large:1.92%;--awb-width-medium:100%;--awb-order-medium:0;--awb-spacing-right-medium:1.92%;--awb-spacing-left-medium:1.92%;--awb-width-small:100%;--awb-order-small:0;--awb-spacing-right-small:1.92%;--awb-spacing-left-small:1.92%;\"><div class=\"fusion-column-wrapper fusion-column-has-shadow fusion-flex-justify-content-flex-start fusion-content-layout-column\"><div class=\"fusion-image-element\" style=\"--awb-caption-title-font-family:var(--h2_typography-font-family);--awb-caption-title-font-weight:var(--h2_typography-font-weight);--awb-caption-title-font-style:var(--h2_typography-font-style);--awb-caption-title-size:var(--h2_typography-font-size);--awb-caption-title-transform:var(--h2_typography-text-transform);--awb-caption-title-line-height:var(--h2_typography-line-height);--awb-caption-title-letter-spacing:var(--h2_typography-letter-spacing);\"><span class=\" fusion-imageframe imageframe-none imageframe-1 hover-type-none\"><img decoding=\"async\" width=\"1920\" height=\"1468\" title=\"IMG_20260829_171623\" src=\"https:\/\/www.asf-brandenburg.de\/asf_wp\/wp-content\/uploads\/2026\/09\/IMG_20260829_171623-scaled-e1788425197546.jpg\" alt class=\"img-responsive wp-image-10767\" srcset=\"https:\/\/www.asf-brandenburg.de\/asf_wp\/wp-content\/uploads\/2026\/09\/IMG_20260829_171623-scaled-e1788425197546-200x153.jpg 200w, https:\/\/www.asf-brandenburg.de\/asf_wp\/wp-content\/uploads\/2026\/09\/IMG_20260829_171623-scaled-e1788425197546-400x306.jpg 400w, https:\/\/www.asf-brandenburg.de\/asf_wp\/wp-content\/uploads\/2026\/09\/IMG_20260829_171623-scaled-e1788425197546-600x459.jpg 600w, https:\/\/www.asf-brandenburg.de\/asf_wp\/wp-content\/uploads\/2026\/09\/IMG_20260829_171623-scaled-e1788425197546-800x612.jpg 800w, https:\/\/www.asf-brandenburg.de\/asf_wp\/wp-content\/uploads\/2026\/09\/IMG_20260829_171623-scaled-e1788425197546-1200x918.jpg 1200w, https:\/\/www.asf-brandenburg.de\/asf_wp\/wp-content\/uploads\/2026\/09\/IMG_20260829_171623-scaled-e1788425197546.jpg 1920w\" sizes=\"(max-width: 1280px) 100vw, (max-width: 770px) 100vw, 1920px\" \/><\/span><\/div><div class=\"fusion-text fusion-text-1\"><h1>\ud83d\udc09 \u201eWir sind da, wenn das Leben Wellen schl\u00e4gt.&#8220; \u2013 Unser Team beim Drachenbootrennen 2026<\/h1>\n<p>Zum dritten Mal in Folge haben Kolleginnen und Kollegen des <strong>Albert-Schweitzer-Familienwerk Brandenburg e.V.<\/strong> beim Drachenbootrennen teilgenommen \u2013 und wieder einmal bewiesen, dass Teamgeist keine Frage des Berufsfeldes ist. Mit Paddel in der Hand, einem gemeinsamen Takt und vollem Einsatz hat unser Team <strong>Platz 15<\/strong> erk\u00e4mpft. Ein Erfolg, auf den wir gemeinsam stolz sind!<\/p>\n<h2>Ein Team, das zusammenw\u00e4chst<\/h2>\n<p>Bunt, engagiert und motiviert: Unser Drachenboot-Team bestand aus Kolleginnen und Kollegen aus verschiedenen Bereichen des <strong>Albert-Schweitzer-Familienwerk Brandenburg e.V.<\/strong> \u2013 von der p\u00e4dagogischen Arbeit bis zur Verwaltung. In den Wochen vor dem Rennen haben wir gemeinsam trainiert, den Rhythmus gefunden und uns als Mannschaft zusammengefunden.<\/p>\n<p>Mit frischen Team-T-Shirts und einer geh\u00f6rigen Portion Vorfreude sind wir an den Startblock gegangen. Was uns angetrieben hat? Unser Motto: <strong>\u201eWir sind da, wenn das Leben Wellen schl\u00e4gt.&#8220;<\/strong> \u2013 ein Versprechen, das wir t\u00e4glich in unserer Arbeit leben und das auf dem Wasser eine ganz neue Dimension bekommen hat.<\/p>\n<h2>Voller Einsatz bis zur Ziellinie \ud83c\udfc5<\/h2>\n<p>Als die Trommeln den Takt schlugen und das Wasser vor uns lag, war die Anspannung sp\u00fcrbar \u2013 und die Energie enorm. Unser Team paddelte mit vollem Einsatz, Konzentration und lautstarker Unterst\u00fctzung vom Ufer. Das Ergebnis: <strong>Platz 15<\/strong> \u2013 erk\u00e4mpft mit Herzblut und Teamgeist.<\/p>\n<p>F\u00fcr uns ist das Drachenbootrennen mehr als ein sportliches Event. Es ist ein Erlebnis, das zeigt: Wenn Menschen mit unterschiedlichen Hintergr\u00fcnden und St\u00e4rken an einem Strang ziehen, entsteht etwas Besonderes. Genau das ist es, was uns als Organisation t\u00e4glich antreibt \u2013 f\u00fcr Kinder, Jugendliche und Familien in Brandenburg.<\/p>\n<h2>Dankesch\u00f6n \u2013 von Herzen \ud83d\udc9b<\/h2>\n<p>Ein gro\u00dfes Dankesch\u00f6n gilt allen, die diesen Tag m\u00f6glich gemacht haben:<\/p>\n<ul>\n<li>\ud83d\udce3 Unseren <strong>Fans und Unterst\u00fctzerinnen<\/strong> am Ufer, die uns lautstark angefeuert haben<\/li>\n<li>\ud83d\ude4c Allen <strong>Unterst\u00fctzerinnen und Unterst\u00fctzern<\/strong> im Hintergrund<\/li>\n<li>\ud83c\udf93 Unserem <strong>Trainer<\/strong>, der unser Team mit Geduld, Leidenschaft und Expertise durch die gesamte Vorbereitung und das Rennen begleitet hat<\/li>\n<\/ul>\n<p>Ohne euch w\u00e4re dieser Tag nur halb so unvergesslich gewesen!<\/p>\n<h2>Wir kommen wieder! \ud83d\udc09\ud83d\udea4<\/h2>\n<p>Das Drachenbootrennen ist f\u00fcr uns eine feste Tradition geworden \u2013 und wir freuen uns schon auf das n\u00e4chste Jahr! Es erinnert uns daran, warum wir tun, was wir tun: Gemeinsam. F\u00fcreinander. Mit Herz.<\/p>\n<p>\ud83d\udc49 <strong>Mehr \u00fcber unsere Arbeit erfahren?<\/strong> Schau dich auf unserer Webseite um oder melde dich direkt bei uns \u2013 wir freuen uns auf deine Nachricht!<\/p>\n<\/div><div class=\"awb-gallery-wrapper awb-gallery-wrapper-1 button-span-no\" style=\"--more-btn-alignment:center;\"><div style=\"margin:-5px;--awb-bordersize:0px;\" class=\"fusion-gallery fusion-gallery-container fusion-grid-3 fusion-columns-total-2 fusion-gallery-layout-grid fusion-gallery-1\"><div style=\"padding:5px;\" class=\"fusion-grid-column fusion-gallery-column fusion-gallery-column-3 hover-type-none\"><div class=\"fusion-gallery-image\"><a href=\"https:\/\/www.asf-brandenburg.de\/asf_wp\/wp-content\/uploads\/2026\/09\/IMG_20260829_132954-scaled.jpg\" rel=\"noreferrer\" data-rel=\"iLightbox[gallery_image_1]\" class=\"fusion-lightbox\" target=\"_self\"><img decoding=\"async\" src=\"https:\/\/www.asf-brandenburg.de\/asf_wp\/wp-content\/uploads\/2026\/09\/IMG_20260829_132954-scaled.jpg\" width=\"1920\" height=\"2560\" alt=\"\" title=\"IMG_20260829_132954\" aria-label=\"IMG_20260829_132954\" class=\"img-responsive wp-image-10770\" srcset=\"https:\/\/www.asf-brandenburg.de\/asf_wp\/wp-content\/uploads\/2026\/09\/IMG_20260829_132954-200x267.jpg 200w, https:\/\/www.asf-brandenburg.de\/asf_wp\/wp-content\/uploads\/2026\/09\/IMG_20260829_132954-400x533.jpg 400w, https:\/\/www.asf-brandenburg.de\/asf_wp\/wp-content\/uploads\/2026\/09\/IMG_20260829_132954-600x800.jpg 600w, https:\/\/www.asf-brandenburg.de\/asf_wp\/wp-content\/uploads\/2026\/09\/IMG_20260829_132954-800x1067.jpg 800w, https:\/\/www.asf-brandenburg.de\/asf_wp\/wp-content\/uploads\/2026\/09\/IMG_20260829_132954-1200x1600.jpg 1200w, https:\/\/www.asf-brandenburg.de\/asf_wp\/wp-content\/uploads\/2026\/09\/IMG_20260829_132954-scaled.jpg 1920w\" sizes=\"(min-width: 2200px) 100vw, (min-width: 784px) 423px, (min-width: 712px) 635px, (min-width: 640px) 712px, \" \/><\/a><\/div><\/div><div style=\"padding:5px;\" class=\"fusion-grid-column fusion-gallery-column fusion-gallery-column-3 hover-type-none\"><div class=\"fusion-gallery-image\"><a href=\"https:\/\/www.asf-brandenburg.de\/asf_wp\/wp-content\/uploads\/2026\/09\/IMG_20260829_144331-scaled-e1788425374879.jpg\" rel=\"noreferrer\" data-rel=\"iLightbox[gallery_image_1]\" class=\"fusion-lightbox\" target=\"_self\"><img decoding=\"async\" src=\"https:\/\/www.asf-brandenburg.de\/asf_wp\/wp-content\/uploads\/2026\/09\/IMG_20260829_144331-scaled-e1788425374879.jpg\" width=\"1920\" height=\"1758\" alt=\"\" title=\"IMG_20260829_144331\" aria-label=\"IMG_20260829_144331\" class=\"img-responsive wp-image-10771\" srcset=\"https:\/\/www.asf-brandenburg.de\/asf_wp\/wp-content\/uploads\/2026\/09\/IMG_20260829_144331-scaled-e1788425374879-200x183.jpg 200w, https:\/\/www.asf-brandenburg.de\/asf_wp\/wp-content\/uploads\/2026\/09\/IMG_20260829_144331-scaled-e1788425374879-400x366.jpg 400w, https:\/\/www.asf-brandenburg.de\/asf_wp\/wp-content\/uploads\/2026\/09\/IMG_20260829_144331-scaled-e1788425374879-600x549.jpg 600w, https:\/\/www.asf-brandenburg.de\/asf_wp\/wp-content\/uploads\/2026\/09\/IMG_20260829_144331-scaled-e1788425374879-800x733.jpg 800w, https:\/\/www.asf-brandenburg.de\/asf_wp\/wp-content\/uploads\/2026\/09\/IMG_20260829_144331-scaled-e1788425374879-1200x1099.jpg 1200w, https:\/\/www.asf-brandenburg.de\/asf_wp\/wp-content\/uploads\/2026\/09\/IMG_20260829_144331-scaled-e1788425374879.jpg 1920w\" sizes=\"(min-width: 2200px) 100vw, (min-width: 784px) 423px, (min-width: 712px) 635px, (min-width: 640px) 712px, \" \/><\/a><\/div><\/div><\/div><\/div><\/div><\/div><\/div><\/div>\n","protected":false},"excerpt":{"rendered":"<p>Zum dritten Mal in Folge haben Kolleginnen und Kollegen des Albert-Schweitzer-Familienwerk Brandenburg e.V. beim Drachenbootrennen teilgenommen \u2013 und wieder einmal bewiesen, dass Teamgeist keine Frage des Berufsfeldes ist. Mit Paddel in der Hand, einem gemeinsamen Takt und vollem Einsatz hat unser Team Platz 15 erk\u00e4mpft. Ein Erfolg, auf den wir gemeinsam stolz sind!<\/p>\n","protected":false},"author":2,"featured_media":10767,"comment_status":"open","ping_status":"open","sticky":false,"template":"","format":"standard","meta":{"inline_featured_image":false,"footnotes":""},"categories":[192],"tags":[186],"class_list":["post-10766","post","type-post","status-publish","format-standard","has-post-thumbnail","hentry","category-neuigkeiten-2026","tag-drachenbootrennen"],"yoast_head":"<!-- This site is optimized with the Yoast SEO plugin v28.4 - https:\/\/yoast.com\/product\/yoast-seo-wordpress\/ -->\n<title>Drachenbootrennen 2026 \u2013 &quot;Team Albert&quot; - Albert-Schweitzer-Familienwerk Brandenburg e.V.<\/title>\n<meta name=\"description\" content=\"Zum dritten Mal dabei! Unser Team vom Albert-Schweitzer-Familienwerk Brandenburg e.V. beim Drachenbootrennen 2026 \u2013 mit Teamgeist, Herz und Platz 15. \ud83d\udc09\" \/>\n<meta name=\"robots\" content=\"index, follow, max-snippet:-1, max-image-preview:large, max-video-preview:-1\" \/>\n<link rel=\"canonical\" href=\"https:\/\/www.asf-brandenburg.de\/asf_wp\/aktuelles\/2026\/drachenbootrennen-2026-team-albert-schweitzer-brandenburg\/\" \/>\n<meta property=\"og:locale\" content=\"de_DE\" \/>\n<meta property=\"og:type\" content=\"article\" \/>\n<meta property=\"og:title\" content=\"Drachenbootrennen 2026 \u2013 &quot;Team Albert&quot; - Albert-Schweitzer-Familienwerk Brandenburg e.V.\" \/>\n<meta property=\"og:description\" content=\"Zum dritten Mal dabei! Unser Team vom Albert-Schweitzer-Familienwerk Brandenburg e.V. beim Drachenbootrennen 2026 \u2013 mit Teamgeist, Herz und Platz 15. \ud83d\udc09\" \/>\n<meta property=\"og:url\" content=\"https:\/\/www.asf-brandenburg.de\/asf_wp\/aktuelles\/2026\/drachenbootrennen-2026-team-albert-schweitzer-brandenburg\/\" \/>\n<meta property=\"og:site_name\" content=\"Albert-Schweitzer-Familienwerk Brandenburg e.V.\" \/>\n<meta property=\"article:publisher\" content=\"https:\/\/www.facebook.com\/AlbertSchweitzerFamilienwerkBrandenburg\" \/>\n<meta property=\"article:published_time\" content=\"2026-09-03T08:51:43+00:00\" \/>\n<meta property=\"og:image\" content=\"https:\/\/www.asf-brandenburg.de\/asf_wp\/wp-content\/uploads\/2026\/09\/IMG_20260829_171623-scaled-e1788425197546.jpg\" \/>\n\t<meta property=\"og:image:width\" content=\"1920\" \/>\n\t<meta property=\"og:image:height\" content=\"1468\" \/>\n\t<meta property=\"og:image:type\" content=\"image\/jpeg\" \/>\n<meta name=\"author\" content=\"Web Admin\" \/>\n<meta name=\"twitter:card\" content=\"summary_large_image\" \/>\n<meta name=\"twitter:label1\" content=\"Verfasst von\" \/>\n\t<meta name=\"twitter:data1\" content=\"Web Admin\" \/>\n\t<meta name=\"twitter:label2\" content=\"Gesch\u00e4tzte Lesezeit\" \/>\n\t<meta name=\"twitter:data2\" content=\"3\u00a0Minuten\" \/>\n<script type=\"application\/ld+json\" class=\"yoast-schema-graph\">{\"@context\":\"https:\\\/\\\/schema.org\",\"@graph\":[{\"@type\":\"Article\",\"@id\":\"https:\\\/\\\/www.asf-brandenburg.de\\\/asf_wp\\\/aktuelles\\\/2026\\\/drachenbootrennen-2026-team-albert-schweitzer-brandenburg\\\/#article\",\"isPartOf\":{\"@id\":\"https:\\\/\\\/www.asf-brandenburg.de\\\/asf_wp\\\/aktuelles\\\/2026\\\/drachenbootrennen-2026-team-albert-schweitzer-brandenburg\\\/\"},\"author\":{\"name\":\"Web Admin\",\"@id\":\"https:\\\/\\\/www.asf-brandenburg.de\\\/asf_wp\\\/#\\\/schema\\\/person\\\/a63ba1553f2aa75f90f3809d9e4a1efc\"},\"headline\":\"Drachenbootrennen 2026 \u2013 &#8222;Team Albert&#8220;\",\"datePublished\":\"2026-09-03T08:51:43+00:00\",\"mainEntityOfPage\":{\"@id\":\"https:\\\/\\\/www.asf-brandenburg.de\\\/asf_wp\\\/aktuelles\\\/2026\\\/drachenbootrennen-2026-team-albert-schweitzer-brandenburg\\\/\"},\"wordCount\":2065,\"commentCount\":0,\"publisher\":{\"@id\":\"https:\\\/\\\/www.asf-brandenburg.de\\\/asf_wp\\\/#organization\"},\"image\":{\"@id\":\"https:\\\/\\\/www.asf-brandenburg.de\\\/asf_wp\\\/aktuelles\\\/2026\\\/drachenbootrennen-2026-team-albert-schweitzer-brandenburg\\\/#primaryimage\"},\"thumbnailUrl\":\"https:\\\/\\\/www.asf-brandenburg.de\\\/asf_wp\\\/wp-content\\\/uploads\\\/2026\\\/09\\\/IMG_20260829_171623-scaled-e1788425197546.jpg\",\"keywords\":[\"Drachenbootrennen\"],\"articleSection\":[\"Neuigkeiten 2026\"],\"inLanguage\":\"de\",\"potentialAction\":[{\"@type\":\"CommentAction\",\"name\":\"Comment\",\"target\":[\"https:\\\/\\\/www.asf-brandenburg.de\\\/asf_wp\\\/aktuelles\\\/2026\\\/drachenbootrennen-2026-team-albert-schweitzer-brandenburg\\\/#respond\"]}]},{\"@type\":\"WebPage\",\"@id\":\"https:\\\/\\\/www.asf-brandenburg.de\\\/asf_wp\\\/aktuelles\\\/2026\\\/drachenbootrennen-2026-team-albert-schweitzer-brandenburg\\\/\",\"url\":\"https:\\\/\\\/www.asf-brandenburg.de\\\/asf_wp\\\/aktuelles\\\/2026\\\/drachenbootrennen-2026-team-albert-schweitzer-brandenburg\\\/\",\"name\":\"Drachenbootrennen 2026 \u2013 \\\"Team Albert\\\" - Albert-Schweitzer-Familienwerk Brandenburg e.V.\",\"isPartOf\":{\"@id\":\"https:\\\/\\\/www.asf-brandenburg.de\\\/asf_wp\\\/#website\"},\"primaryImageOfPage\":{\"@id\":\"https:\\\/\\\/www.asf-brandenburg.de\\\/asf_wp\\\/aktuelles\\\/2026\\\/drachenbootrennen-2026-team-albert-schweitzer-brandenburg\\\/#primaryimage\"},\"image\":{\"@id\":\"https:\\\/\\\/www.asf-brandenburg.de\\\/asf_wp\\\/aktuelles\\\/2026\\\/drachenbootrennen-2026-team-albert-schweitzer-brandenburg\\\/#primaryimage\"},\"thumbnailUrl\":\"https:\\\/\\\/www.asf-brandenburg.de\\\/asf_wp\\\/wp-content\\\/uploads\\\/2026\\\/09\\\/IMG_20260829_171623-scaled-e1788425197546.jpg\",\"datePublished\":\"2026-09-03T08:51:43+00:00\",\"description\":\"Zum dritten Mal dabei! Unser Team vom Albert-Schweitzer-Familienwerk Brandenburg e.V. beim Drachenbootrennen 2026 \u2013 mit Teamgeist, Herz und Platz 15. \ud83d\udc09\",\"breadcrumb\":{\"@id\":\"https:\\\/\\\/www.asf-brandenburg.de\\\/asf_wp\\\/aktuelles\\\/2026\\\/drachenbootrennen-2026-team-albert-schweitzer-brandenburg\\\/#breadcrumb\"},\"inLanguage\":\"de\",\"potentialAction\":[{\"@type\":\"ReadAction\",\"target\":[\"https:\\\/\\\/www.asf-brandenburg.de\\\/asf_wp\\\/aktuelles\\\/2026\\\/drachenbootrennen-2026-team-albert-schweitzer-brandenburg\\\/\"]}]},{\"@type\":\"ImageObject\",\"inLanguage\":\"de\",\"@id\":\"https:\\\/\\\/www.asf-brandenburg.de\\\/asf_wp\\\/aktuelles\\\/2026\\\/drachenbootrennen-2026-team-albert-schweitzer-brandenburg\\\/#primaryimage\",\"url\":\"https:\\\/\\\/www.asf-brandenburg.de\\\/asf_wp\\\/wp-content\\\/uploads\\\/2026\\\/09\\\/IMG_20260829_171623-scaled-e1788425197546.jpg\",\"contentUrl\":\"https:\\\/\\\/www.asf-brandenburg.de\\\/asf_wp\\\/wp-content\\\/uploads\\\/2026\\\/09\\\/IMG_20260829_171623-scaled-e1788425197546.jpg\",\"width\":1920,\"height\":1468},{\"@type\":\"BreadcrumbList\",\"@id\":\"https:\\\/\\\/www.asf-brandenburg.de\\\/asf_wp\\\/aktuelles\\\/2026\\\/drachenbootrennen-2026-team-albert-schweitzer-brandenburg\\\/#breadcrumb\",\"itemListElement\":[{\"@type\":\"ListItem\",\"position\":1,\"name\":\"Startseite\",\"item\":\"https:\\\/\\\/www.asf-brandenburg.de\\\/asf_wp\\\/\"},{\"@type\":\"ListItem\",\"position\":2,\"name\":\"Drachenbootrennen 2026 \u2013 &#8222;Team Albert&#8220;\"}]},{\"@type\":\"WebSite\",\"@id\":\"https:\\\/\\\/www.asf-brandenburg.de\\\/asf_wp\\\/#website\",\"url\":\"https:\\\/\\\/www.asf-brandenburg.de\\\/asf_wp\\\/\",\"name\":\"Albert-Schweitzer-Kinderd\u00f6rfer und Familienwerke Brandenburg e. V.\",\"description\":\"\",\"publisher\":{\"@id\":\"https:\\\/\\\/www.asf-brandenburg.de\\\/asf_wp\\\/#organization\"},\"potentialAction\":[{\"@type\":\"SearchAction\",\"target\":{\"@type\":\"EntryPoint\",\"urlTemplate\":\"https:\\\/\\\/www.asf-brandenburg.de\\\/asf_wp\\\/?s={search_term_string}\"},\"query-input\":{\"@type\":\"PropertyValueSpecification\",\"valueRequired\":true,\"valueName\":\"search_term_string\"}}],\"inLanguage\":\"de\"},{\"@type\":\"Organization\",\"@id\":\"https:\\\/\\\/www.asf-brandenburg.de\\\/asf_wp\\\/#organization\",\"name\":\"Albert-Schweitzer-Familienwerk Brandenburg e. V.\",\"url\":\"https:\\\/\\\/www.asf-brandenburg.de\\\/asf_wp\\\/\",\"logo\":{\"@type\":\"ImageObject\",\"inLanguage\":\"de\",\"@id\":\"https:\\\/\\\/www.asf-brandenburg.de\\\/asf_wp\\\/#\\\/schema\\\/logo\\\/image\\\/\",\"url\":\"https:\\\/\\\/www.asf-brandenburg.de\\\/asf_wp\\\/wp-content\\\/uploads\\\/2018\\\/08\\\/Logo_ASF_BRB_318x107.png\",\"contentUrl\":\"https:\\\/\\\/www.asf-brandenburg.de\\\/asf_wp\\\/wp-content\\\/uploads\\\/2018\\\/08\\\/Logo_ASF_BRB_318x107.png\",\"width\":318,\"height\":107,\"caption\":\"Albert-Schweitzer-Familienwerk Brandenburg e. V.\"},\"image\":{\"@id\":\"https:\\\/\\\/www.asf-brandenburg.de\\\/asf_wp\\\/#\\\/schema\\\/logo\\\/image\\\/\"},\"sameAs\":[\"https:\\\/\\\/www.facebook.com\\\/AlbertSchweitzerFamilienwerkBrandenburg\",\"https:\\\/\\\/www.youtube.com\\\/@asfbrandenburg\",\"https:\\\/\\\/www.instagram.com\\\/asf_brandenburg\\\/\"]},{\"@type\":\"Person\",\"@id\":\"https:\\\/\\\/www.asf-brandenburg.de\\\/asf_wp\\\/#\\\/schema\\\/person\\\/a63ba1553f2aa75f90f3809d9e4a1efc\",\"name\":\"Web Admin\",\"sameAs\":[\"http:\\\/\\\/www.asf-brandenburg.de\"],\"url\":\"https:\\\/\\\/www.asf-brandenburg.de\\\/asf_wp\\\/aktuelles\\\/author\\\/asf\\\/\"}]}<\/script>\n<!-- \/ Yoast SEO plugin. -->","yoast_head_json":{"title":"Drachenbootrennen 2026 \u2013 \"Team Albert\" - Albert-Schweitzer-Familienwerk Brandenburg e.V.","description":"Zum dritten Mal dabei! Unser Team vom Albert-Schweitzer-Familienwerk Brandenburg e.V. beim Drachenbootrennen 2026 \u2013 mit Teamgeist, Herz und Platz 15. \ud83d\udc09","robots":{"index":"index","follow":"follow","max-snippet":"max-snippet:-1","max-image-preview":"max-image-preview:large","max-video-preview":"max-video-preview:-1"},"canonical":"https:\/\/www.asf-brandenburg.de\/asf_wp\/aktuelles\/2026\/drachenbootrennen-2026-team-albert-schweitzer-brandenburg\/","og_locale":"de_DE","og_type":"article","og_title":"Drachenbootrennen 2026 \u2013 \"Team Albert\" - Albert-Schweitzer-Familienwerk Brandenburg e.V.","og_description":"Zum dritten Mal dabei! Unser Team vom Albert-Schweitzer-Familienwerk Brandenburg e.V. beim Drachenbootrennen 2026 \u2013 mit Teamgeist, Herz und Platz 15. \ud83d\udc09","og_url":"https:\/\/www.asf-brandenburg.de\/asf_wp\/aktuelles\/2026\/drachenbootrennen-2026-team-albert-schweitzer-brandenburg\/","og_site_name":"Albert-Schweitzer-Familienwerk Brandenburg e.V.","article_publisher":"https:\/\/www.facebook.com\/AlbertSchweitzerFamilienwerkBrandenburg","article_published_time":"2026-09-03T08:51:43+00:00","og_image":[{"width":1920,"height":1468,"url":"https:\/\/www.asf-brandenburg.de\/asf_wp\/wp-content\/uploads\/2026\/09\/IMG_20260829_171623-scaled-e1788425197546.jpg","type":"image\/jpeg"}],"author":"Web Admin","twitter_card":"summary_large_image","twitter_misc":{"Verfasst von":"Web Admin","Gesch\u00e4tzte Lesezeit":"3\u00a0Minuten"},"schema":{"@context":"https:\/\/schema.org","@graph":[{"@type":"Article","@id":"https:\/\/www.asf-brandenburg.de\/asf_wp\/aktuelles\/2026\/drachenbootrennen-2026-team-albert-schweitzer-brandenburg\/#article","isPartOf":{"@id":"https:\/\/www.asf-brandenburg.de\/asf_wp\/aktuelles\/2026\/drachenbootrennen-2026-team-albert-schweitzer-brandenburg\/"},"author":{"name":"Web Admin","@id":"https:\/\/www.asf-brandenburg.de\/asf_wp\/#\/schema\/person\/a63ba1553f2aa75f90f3809d9e4a1efc"},"headline":"Drachenbootrennen 2026 \u2013 &#8222;Team Albert&#8220;","datePublished":"2026-09-03T08:51:43+00:00","mainEntityOfPage":{"@id":"https:\/\/www.asf-brandenburg.de\/asf_wp\/aktuelles\/2026\/drachenbootrennen-2026-team-albert-schweitzer-brandenburg\/"},"wordCount":2065,"commentCount":0,"publisher":{"@id":"https:\/\/www.asf-brandenburg.de\/asf_wp\/#organization"},"image":{"@id":"https:\/\/www.asf-brandenburg.de\/asf_wp\/aktuelles\/2026\/drachenbootrennen-2026-team-albert-schweitzer-brandenburg\/#primaryimage"},"thumbnailUrl":"https:\/\/www.asf-brandenburg.de\/asf_wp\/wp-content\/uploads\/2026\/09\/IMG_20260829_171623-scaled-e1788425197546.jpg","keywords":["Drachenbootrennen"],"articleSection":["Neuigkeiten 2026"],"inLanguage":"de","potentialAction":[{"@type":"CommentAction","name":"Comment","target":["https:\/\/www.asf-brandenburg.de\/asf_wp\/aktuelles\/2026\/drachenbootrennen-2026-team-albert-schweitzer-brandenburg\/#respond"]}]},{"@type":"WebPage","@id":"https:\/\/www.asf-brandenburg.de\/asf_wp\/aktuelles\/2026\/drachenbootrennen-2026-team-albert-schweitzer-brandenburg\/","url":"https:\/\/www.asf-brandenburg.de\/asf_wp\/aktuelles\/2026\/drachenbootrennen-2026-team-albert-schweitzer-brandenburg\/","name":"Drachenbootrennen 2026 \u2013 \"Team Albert\" - Albert-Schweitzer-Familienwerk Brandenburg e.V.","isPartOf":{"@id":"https:\/\/www.asf-brandenburg.de\/asf_wp\/#website"},"primaryImageOfPage":{"@id":"https:\/\/www.asf-brandenburg.de\/asf_wp\/aktuelles\/2026\/drachenbootrennen-2026-team-albert-schweitzer-brandenburg\/#primaryimage"},"image":{"@id":"https:\/\/www.asf-brandenburg.de\/asf_wp\/aktuelles\/2026\/drachenbootrennen-2026-team-albert-schweitzer-brandenburg\/#primaryimage"},"thumbnailUrl":"https:\/\/www.asf-brandenburg.de\/asf_wp\/wp-content\/uploads\/2026\/09\/IMG_20260829_171623-scaled-e1788425197546.jpg","datePublished":"2026-09-03T08:51:43+00:00","description":"Zum dritten Mal dabei! Unser Team vom Albert-Schweitzer-Familienwerk Brandenburg e.V. beim Drachenbootrennen 2026 \u2013 mit Teamgeist, Herz und Platz 15. \ud83d\udc09","breadcrumb":{"@id":"https:\/\/www.asf-brandenburg.de\/asf_wp\/aktuelles\/2026\/drachenbootrennen-2026-team-albert-schweitzer-brandenburg\/#breadcrumb"},"inLanguage":"de","potentialAction":[{"@type":"ReadAction","target":["https:\/\/www.asf-brandenburg.de\/asf_wp\/aktuelles\/2026\/drachenbootrennen-2026-team-albert-schweitzer-brandenburg\/"]}]},{"@type":"ImageObject","inLanguage":"de","@id":"https:\/\/www.asf-brandenburg.de\/asf_wp\/aktuelles\/2026\/drachenbootrennen-2026-team-albert-schweitzer-brandenburg\/#primaryimage","url":"https:\/\/www.asf-brandenburg.de\/asf_wp\/wp-content\/uploads\/2026\/09\/IMG_20260829_171623-scaled-e1788425197546.jpg","contentUrl":"https:\/\/www.asf-brandenburg.de\/asf_wp\/wp-content\/uploads\/2026\/09\/IMG_20260829_171623-scaled-e1788425197546.jpg","width":1920,"height":1468},{"@type":"BreadcrumbList","@id":"https:\/\/www.asf-brandenburg.de\/asf_wp\/aktuelles\/2026\/drachenbootrennen-2026-team-albert-schweitzer-brandenburg\/#breadcrumb","itemListElement":[{"@type":"ListItem","position":1,"name":"Startseite","item":"https:\/\/www.asf-brandenburg.de\/asf_wp\/"},{"@type":"ListItem","position":2,"name":"Drachenbootrennen 2026 \u2013 &#8222;Team Albert&#8220;"}]},{"@type":"WebSite","@id":"https:\/\/www.asf-brandenburg.de\/asf_wp\/#website","url":"https:\/\/www.asf-brandenburg.de\/asf_wp\/","name":"Albert-Schweitzer-Kinderd\u00f6rfer und Familienwerke Brandenburg e. V.","description":"","publisher":{"@id":"https:\/\/www.asf-brandenburg.de\/asf_wp\/#organization"},"potentialAction":[{"@type":"SearchAction","target":{"@type":"EntryPoint","urlTemplate":"https:\/\/www.asf-brandenburg.de\/asf_wp\/?s={search_term_string}"},"query-input":{"@type":"PropertyValueSpecification","valueRequired":true,"valueName":"search_term_string"}}],"inLanguage":"de"},{"@type":"Organization","@id":"https:\/\/www.asf-brandenburg.de\/asf_wp\/#organization","name":"Albert-Schweitzer-Familienwerk Brandenburg e. V.","url":"https:\/\/www.asf-brandenburg.de\/asf_wp\/","logo":{"@type":"ImageObject","inLanguage":"de","@id":"https:\/\/www.asf-brandenburg.de\/asf_wp\/#\/schema\/logo\/image\/","url":"https:\/\/www.asf-brandenburg.de\/asf_wp\/wp-content\/uploads\/2018\/08\/Logo_ASF_BRB_318x107.png","contentUrl":"https:\/\/www.asf-brandenburg.de\/asf_wp\/wp-content\/uploads\/2018\/08\/Logo_ASF_BRB_318x107.png","width":318,"height":107,"caption":"Albert-Schweitzer-Familienwerk Brandenburg e. V."},"image":{"@id":"https:\/\/www.asf-brandenburg.de\/asf_wp\/#\/schema\/logo\/image\/"},"sameAs":["https:\/\/www.facebook.com\/AlbertSchweitzerFamilienwerkBrandenburg","https:\/\/www.youtube.com\/@asfbrandenburg","https:\/\/www.instagram.com\/asf_brandenburg\/"]},{"@type":"Person","@id":"https:\/\/www.asf-brandenburg.de\/asf_wp\/#\/schema\/person\/a63ba1553f2aa75f90f3809d9e4a1efc","name":"Web Admin","sameAs":["http:\/\/www.asf-brandenburg.de"],"url":"https:\/\/www.asf-brandenburg.de\/asf_wp\/aktuelles\/author\/asf\/"}]}},"_links":{"self":[{"href":"https:\/\/www.asf-brandenburg.de\/asf_wp\/wp-json\/wp\/v2\/posts\/10766","targetHints":{"allow":["GET"]}}],"collection":[{"href":"https:\/\/www.asf-brandenburg.de\/asf_wp\/wp-json\/wp\/v2\/posts"}],"about":[{"href":"https:\/\/www.asf-brandenburg.de\/asf_wp\/wp-json\/wp\/v2\/types\/post"}],"author":[{"embeddable":true,"href":"https:\/\/www.asf-brandenburg.de\/asf_wp\/wp-json\/wp\/v2\/users\/2"}],"replies":[{"embeddable":true,"href":"https:\/\/www.asf-brandenburg.de\/asf_wp\/wp-json\/wp\/v2\/comments?post=10766"}],"version-history":[{"count":4,"href":"https:\/\/www.asf-brandenburg.de\/asf_wp\/wp-json\/wp\/v2\/posts\/10766\/revisions"}],"predecessor-version":[{"id":10773,"href":"https:\/\/www.asf-brandenburg.de\/asf_wp\/wp-json\/wp\/v2\/posts\/10766\/revisions\/10773"}],"wp:featuredmedia":[{"embeddable":true,"href":"https:\/\/www.asf-brandenburg.de\/asf_wp\/wp-json\/wp\/v2\/media\/10767"}],"wp:attachment":[{"href":"https:\/\/www.asf-brandenburg.de\/asf_wp\/wp-json\/wp\/v2\/media?parent=10766"}],"wp:term":[{"taxonomy":"category","embeddable":true,"href":"https:\/\/www.asf-brandenburg.de\/asf_wp\/wp-json\/wp\/v2\/categories?post=10766"},{"taxonomy":"post_tag","embeddable":true,"href":"https:\/\/www.asf-brandenburg.de\/asf_wp\/wp-json\/wp\/v2\/tags?post=10766"}],"curies":[{"name":"wp","href":"https:\/\/api.w.org\/{rel}","templated":true}]}}