{"id":10430,"date":"2026-04-29T12:49:58","date_gmt":"2026-04-29T10:49:58","guid":{"rendered":"https:\/\/www.asf-brandenburg.de\/asf_wp\/?p=10430"},"modified":"2026-04-29T12:49:58","modified_gmt":"2026-04-29T10:49:58","slug":"babyempfang-2026-in-spremberg","status":"publish","type":"post","link":"https:\/\/www.asf-brandenburg.de\/asf_wp\/aktuelles\/2026\/babyempfang-2026-in-spremberg\/","title":{"rendered":"Babyempfang 2026 in Spremberg"},"content":{"rendered":"<div class=\"fusion-fullwidth fullwidth-box fusion-builder-row-1 fusion-flex-container has-pattern-background has-mask-background nonhundred-percent-fullwidth non-hundred-percent-height-scrolling\" style=\"--awb-border-radius-top-left:0px;--awb-border-radius-top-right:0px;--awb-border-radius-bottom-right:0px;--awb-border-radius-bottom-left:0px;--awb-flex-wrap:wrap;\" ><div class=\"fusion-builder-row fusion-row fusion-flex-align-items-flex-start fusion-flex-content-wrap\" style=\"max-width:1331.2px;margin-left: calc(-4% \/ 2 );margin-right: calc(-4% \/ 2 );\"><div class=\"fusion-layout-column fusion_builder_column fusion-builder-column-0 fusion_builder_column_1_1 1_1 fusion-flex-column\" style=\"--awb-bg-size:cover;--awb-width-large:100%;--awb-margin-top-large:0px;--awb-spacing-right-large:1.92%;--awb-margin-bottom-large:20px;--awb-spacing-left-large:1.92%;--awb-width-medium:100%;--awb-order-medium:0;--awb-spacing-right-medium:1.92%;--awb-spacing-left-medium:1.92%;--awb-width-small:100%;--awb-order-small:0;--awb-spacing-right-small:1.92%;--awb-spacing-left-small:1.92%;\"><div class=\"fusion-column-wrapper fusion-column-has-shadow fusion-flex-justify-content-flex-start fusion-content-layout-column\"><div class=\"fusion-image-element \" style=\"--awb-caption-title-font-family:var(--h2_typography-font-family);--awb-caption-title-font-weight:var(--h2_typography-font-weight);--awb-caption-title-font-style:var(--h2_typography-font-style);--awb-caption-title-size:var(--h2_typography-font-size);--awb-caption-title-transform:var(--h2_typography-text-transform);--awb-caption-title-line-height:var(--h2_typography-line-height);--awb-caption-title-letter-spacing:var(--h2_typography-letter-spacing);\"><span class=\" fusion-imageframe imageframe-none imageframe-1 hover-type-none\"><img decoding=\"async\" width=\"1200\" height=\"920\" title=\"Babyempfang 2026\" src=\"https:\/\/www.asf-brandenburg.de\/asf_wp\/wp-content\/uploads\/2026\/04\/IMG-20260424-WA0001-e1777459615936.jpg\" alt class=\"img-responsive wp-image-10431\" srcset=\"https:\/\/www.asf-brandenburg.de\/asf_wp\/wp-content\/uploads\/2026\/04\/IMG-20260424-WA0001-e1777459615936-200x153.jpg 200w, https:\/\/www.asf-brandenburg.de\/asf_wp\/wp-content\/uploads\/2026\/04\/IMG-20260424-WA0001-e1777459615936-400x307.jpg 400w, https:\/\/www.asf-brandenburg.de\/asf_wp\/wp-content\/uploads\/2026\/04\/IMG-20260424-WA0001-e1777459615936-600x460.jpg 600w, https:\/\/www.asf-brandenburg.de\/asf_wp\/wp-content\/uploads\/2026\/04\/IMG-20260424-WA0001-e1777459615936-800x613.jpg 800w, https:\/\/www.asf-brandenburg.de\/asf_wp\/wp-content\/uploads\/2026\/04\/IMG-20260424-WA0001-e1777459615936.jpg 1200w\" sizes=\"(max-width: 1280px) 100vw, (max-width: 770px) 100vw, 1200px\" \/><\/span><\/div><div class=\"fusion-text fusion-text-1\"><div class=\"entry-content contentArea\">\n<h3>Ein warmer Empfang f\u00fcr 23 Familien<\/h3>\n<p>Auch in diesem Jahr war das Albert-Schweitzer-Familienwerk Brandenburg e.V. beim Babyempfang mit dabei.<br \/>\nIn einem offenen, herzlichen Rahmen wurden 23 Familien mit ihren Kindern begr\u00fc\u00dft. Der Babyempfang bietet jungen Familien in Brandenburg die M\u00f6glichkeit, fr\u00fch mit Unterst\u00fctzungsangeboten in Kontakt zu kommen \u2013 niedrigschwellig, unkompliziert und auf Augenh\u00f6he.<\/p>\n<p>Gerade in den ersten Lebensjahren entstehen viele Fragen: zur Entwicklung des Kindes, zu Entlastungsm\u00f6glichkeiten im Alltag oder zu passenden Angeboten vor Ort. Hier setzt unsere Kinder- und Jugendhilfe in Brandenburg an.<\/p>\n<hr \/>\n<h3>Familientreff und Eltern-Kind-Gruppe: Ein Ort f\u00fcr Austausch und Unterst\u00fctzung<\/h3>\n<p>Unser Familientreff mit der Eltern-Kind-Gruppe war beim Babyempfang vertreten, um sein Angebot den Familien vorzustellen.<br \/>\nIm Familientreff finden Eltern mit ihren Babys und Kleinkindern:<\/p>\n<ul>\n<li>Raum f\u00fcr Austausch mit anderen M\u00fcttern und V\u00e4tern<\/li>\n<li>Ansprechpartner*innen f\u00fcr Fragen rund um den Familienalltag<\/li>\n<li>Angebote zum gemeinsamen Spielen, Singen und Entdecken<\/li>\n<li>Unterst\u00fctzung, wenn der Alltag mal schwierig wird<\/li>\n<\/ul>\n<p>Die Eltern-Kind-Gruppe ist ein offener, wertsch\u00e4tzender Treffpunkt \u2013 ohne Leistungsdruck, daf\u00fcr mit viel Verst\u00e4ndnis. Unser Ziel ist es, Eltern zu st\u00e4rken, Kinder zu sch\u00fctzen und Familien fr\u00fchzeitig zu begleiten, damit gute Entwicklung gelingen kann.<\/p>\n<hr \/>\n<h3>Kita Gro\u00df Luja stellt sich vor: Ein besonderer Ort f\u00fcr Kinder<\/h3>\n<p>Auch unsere Kita Gro\u00df Luja war beim Babyempfang mit dabei und hat ihre besondere Kita vorgestellt. Hier stehen:<\/p>\n<ul>\n<li>ein liebevoller, sicherer Rahmen<\/li>\n<li>individuelle F\u00f6rderung<\/li>\n<li>und die Bed\u00fcrfnisse der Kinder und ihrer Familien<\/li>\n<\/ul>\n<p>im Mittelpunkt.<\/p>\n<p>Mit viel Herz, p\u00e4dagogischer Fachlichkeit und Orientierung an der Ethik Albert Schweitzers \u2013 der \u201eEhrfurcht vor dem Leben\u201c \u2013 bietet die Kita Gro\u00df Luja Kindern einen Ort, an dem sie spielen, lernen, sich ausprobieren und wachsen k\u00f6nnen. F\u00fcr viele Familien ist sie ein wichtiger Anker im Alltag.<\/p>\n<hr \/>\n<h3>Warum solche Angebote f\u00fcr Familien so wichtig sind<\/h3>\n<p>Fr\u00fche Unterst\u00fctzung kann viel bewirken:<br \/>\nFamilien f\u00fchlen sich nicht allein gelassen, Kinder erleben Sicherheit und Zuwendung, und m\u00f6gliche Belastungen k\u00f6nnen fr\u00fchzeitig aufgefangen werden. Mit Angeboten wie dem Familientreff, der Eltern-Kind-Gruppe, der Kita Gro\u00df Luja und weiteren Hilfen leisten wir einen Beitrag zu:<\/p>\n<ul>\n<li>gelingendem Aufwachsen von Kindern<\/li>\n<li>Entlastung von Eltern<\/li>\n<li>St\u00e4rkung von Familien in Brandenburg<\/li>\n<\/ul>\n<p>Als freier Tr\u00e4ger der Kinder- und Jugendhilfe in Brandenburg ist es uns wichtig, Familien wertsch\u00e4tzend und ressourcenorientiert zu begleiten.<\/p>\n<hr \/>\n<h3>Kontakt &amp; mehr Informationen<\/h3>\n<p>M\u00f6chten Sie mehr \u00fcber unseren Familientreff, die Eltern-Kind-Gruppe oder die Kita Gro\u00df Luja erfahren?<br \/>\nSuchen Sie Unterst\u00fctzung f\u00fcr Ihre Familie oder m\u00f6chten Sie unsere Arbeit als Spender<em>in oder Ehrenamtliche<\/em>r unterst\u00fctzen?<\/p>\n<p><strong>Dann nehmen Sie gern Kontakt mit uns auf!<\/strong><\/p>\n<p>Wir freuen uns darauf, Familien in Brandenburg auch weiterhin ein verl\u00e4sslicher Partner zu sein \u2013 von den ersten Lebenstagen an.<\/p>\n<\/div>\n<\/div><\/div><\/div><\/div><\/div>\n","protected":false},"excerpt":{"rendered":"<p>Auch in diesem Jahr war das Albert-Schweitzer-Familienwerk Brandenburg e.V. beim Babyempfang mit dabei.<br \/>\nIn einem offenen, herzlichen Rahmen wurden 23 Familien mit ihren Kindern begr\u00fc\u00dft. <\/p>\n","protected":false},"author":2,"featured_media":10431,"comment_status":"open","ping_status":"open","sticky":false,"template":"","format":"standard","meta":{"inline_featured_image":false,"footnotes":""},"categories":[192],"tags":[80,193,105],"class_list":["post-10430","post","type-post","status-publish","format-standard","has-post-thumbnail","hentry","category-neuigkeiten-2026","tag-albert-schweitzer-familienwerk-brandenburg-e-v","tag-familientreff","tag-kita-gross-luja"],"yoast_head":"<!-- This site is optimized with the Yoast SEO plugin v27.5 - https:\/\/yoast.com\/product\/yoast-seo-wordpress\/ -->\n<title>Babyempfang 2026 in Spremberg - Albert-Schweitzer-Familienwerk Brandenburg e.V.<\/title>\n<meta name=\"description\" content=\"Farbenfrohe Osteraktionen im Familienzentrum: sorbische Ostereier gestalten und ein Dankes-Besuch vom Osterhasen aus Graustein.\" \/>\n<meta name=\"robots\" content=\"index, follow, max-snippet:-1, max-image-preview:large, max-video-preview:-1\" \/>\n<link rel=\"canonical\" href=\"https:\/\/www.asf-brandenburg.de\/asf_wp\/aktuelles\/2026\/babyempfang-2026-in-spremberg\/\" \/>\n<meta property=\"og:locale\" content=\"de_DE\" \/>\n<meta property=\"og:type\" content=\"article\" \/>\n<meta property=\"og:title\" content=\"Babyempfang 2026 in Spremberg - Albert-Schweitzer-Familienwerk Brandenburg e.V.\" \/>\n<meta property=\"og:description\" content=\"Farbenfrohe Osteraktionen im Familienzentrum: sorbische Ostereier gestalten und ein Dankes-Besuch vom Osterhasen aus Graustein.\" \/>\n<meta property=\"og:url\" content=\"https:\/\/www.asf-brandenburg.de\/asf_wp\/aktuelles\/2026\/babyempfang-2026-in-spremberg\/\" \/>\n<meta property=\"og:site_name\" content=\"Albert-Schweitzer-Familienwerk Brandenburg e.V.\" \/>\n<meta property=\"article:publisher\" content=\"https:\/\/www.facebook.com\/AlbertSchweitzerFamilienwerkBrandenburg\" \/>\n<meta property=\"article:published_time\" content=\"2026-04-29T10:49:58+00:00\" \/>\n<meta property=\"og:image\" content=\"https:\/\/www.asf-brandenburg.de\/asf_wp\/wp-content\/uploads\/2026\/04\/IMG-20260424-WA0001-e1777459615936.jpg\" \/>\n\t<meta property=\"og:image:width\" content=\"1200\" \/>\n\t<meta property=\"og:image:height\" content=\"920\" \/>\n\t<meta property=\"og:image:type\" content=\"image\/jpeg\" \/>\n<meta name=\"author\" content=\"Web Admin\" \/>\n<meta name=\"twitter:card\" content=\"summary_large_image\" \/>\n<meta name=\"twitter:label1\" content=\"Verfasst von\" \/>\n\t<meta name=\"twitter:data1\" content=\"Web Admin\" \/>\n\t<meta name=\"twitter:label2\" content=\"Gesch\u00e4tzte Lesezeit\" \/>\n\t<meta name=\"twitter:data2\" content=\"3\u00a0Minuten\" \/>\n<script type=\"application\/ld+json\" class=\"yoast-schema-graph\">{\"@context\":\"https:\\\/\\\/schema.org\",\"@graph\":[{\"@type\":\"Article\",\"@id\":\"https:\\\/\\\/www.asf-brandenburg.de\\\/asf_wp\\\/aktuelles\\\/2026\\\/babyempfang-2026-in-spremberg\\\/#article\",\"isPartOf\":{\"@id\":\"https:\\\/\\\/www.asf-brandenburg.de\\\/asf_wp\\\/aktuelles\\\/2026\\\/babyempfang-2026-in-spremberg\\\/\"},\"author\":{\"name\":\"Web Admin\",\"@id\":\"https:\\\/\\\/www.asf-brandenburg.de\\\/asf_wp\\\/#\\\/schema\\\/person\\\/a63ba1553f2aa75f90f3809d9e4a1efc\"},\"headline\":\"Babyempfang 2026 in Spremberg\",\"datePublished\":\"2026-04-29T10:49:58+00:00\",\"mainEntityOfPage\":{\"@id\":\"https:\\\/\\\/www.asf-brandenburg.de\\\/asf_wp\\\/aktuelles\\\/2026\\\/babyempfang-2026-in-spremberg\\\/\"},\"wordCount\":1858,\"commentCount\":0,\"publisher\":{\"@id\":\"https:\\\/\\\/www.asf-brandenburg.de\\\/asf_wp\\\/#organization\"},\"image\":{\"@id\":\"https:\\\/\\\/www.asf-brandenburg.de\\\/asf_wp\\\/aktuelles\\\/2026\\\/babyempfang-2026-in-spremberg\\\/#primaryimage\"},\"thumbnailUrl\":\"https:\\\/\\\/www.asf-brandenburg.de\\\/asf_wp\\\/wp-content\\\/uploads\\\/2026\\\/04\\\/IMG-20260424-WA0001-e1777459615936.jpg\",\"keywords\":[\"Albert-Schweitzer-Familienwerk Brandenburg e.V.\",\"Familientreff\",\"Kita Gro\u00df Luja\"],\"articleSection\":[\"Neuigkeiten 2026\"],\"inLanguage\":\"de\",\"potentialAction\":[{\"@type\":\"CommentAction\",\"name\":\"Comment\",\"target\":[\"https:\\\/\\\/www.asf-brandenburg.de\\\/asf_wp\\\/aktuelles\\\/2026\\\/babyempfang-2026-in-spremberg\\\/#respond\"]}]},{\"@type\":\"WebPage\",\"@id\":\"https:\\\/\\\/www.asf-brandenburg.de\\\/asf_wp\\\/aktuelles\\\/2026\\\/babyempfang-2026-in-spremberg\\\/\",\"url\":\"https:\\\/\\\/www.asf-brandenburg.de\\\/asf_wp\\\/aktuelles\\\/2026\\\/babyempfang-2026-in-spremberg\\\/\",\"name\":\"Babyempfang 2026 in Spremberg - Albert-Schweitzer-Familienwerk Brandenburg e.V.\",\"isPartOf\":{\"@id\":\"https:\\\/\\\/www.asf-brandenburg.de\\\/asf_wp\\\/#website\"},\"primaryImageOfPage\":{\"@id\":\"https:\\\/\\\/www.asf-brandenburg.de\\\/asf_wp\\\/aktuelles\\\/2026\\\/babyempfang-2026-in-spremberg\\\/#primaryimage\"},\"image\":{\"@id\":\"https:\\\/\\\/www.asf-brandenburg.de\\\/asf_wp\\\/aktuelles\\\/2026\\\/babyempfang-2026-in-spremberg\\\/#primaryimage\"},\"thumbnailUrl\":\"https:\\\/\\\/www.asf-brandenburg.de\\\/asf_wp\\\/wp-content\\\/uploads\\\/2026\\\/04\\\/IMG-20260424-WA0001-e1777459615936.jpg\",\"datePublished\":\"2026-04-29T10:49:58+00:00\",\"description\":\"Farbenfrohe Osteraktionen im Familienzentrum: sorbische Ostereier gestalten und ein Dankes-Besuch vom Osterhasen aus Graustein.\",\"breadcrumb\":{\"@id\":\"https:\\\/\\\/www.asf-brandenburg.de\\\/asf_wp\\\/aktuelles\\\/2026\\\/babyempfang-2026-in-spremberg\\\/#breadcrumb\"},\"inLanguage\":\"de\",\"potentialAction\":[{\"@type\":\"ReadAction\",\"target\":[\"https:\\\/\\\/www.asf-brandenburg.de\\\/asf_wp\\\/aktuelles\\\/2026\\\/babyempfang-2026-in-spremberg\\\/\"]}]},{\"@type\":\"ImageObject\",\"inLanguage\":\"de\",\"@id\":\"https:\\\/\\\/www.asf-brandenburg.de\\\/asf_wp\\\/aktuelles\\\/2026\\\/babyempfang-2026-in-spremberg\\\/#primaryimage\",\"url\":\"https:\\\/\\\/www.asf-brandenburg.de\\\/asf_wp\\\/wp-content\\\/uploads\\\/2026\\\/04\\\/IMG-20260424-WA0001-e1777459615936.jpg\",\"contentUrl\":\"https:\\\/\\\/www.asf-brandenburg.de\\\/asf_wp\\\/wp-content\\\/uploads\\\/2026\\\/04\\\/IMG-20260424-WA0001-e1777459615936.jpg\",\"width\":1200,\"height\":920},{\"@type\":\"BreadcrumbList\",\"@id\":\"https:\\\/\\\/www.asf-brandenburg.de\\\/asf_wp\\\/aktuelles\\\/2026\\\/babyempfang-2026-in-spremberg\\\/#breadcrumb\",\"itemListElement\":[{\"@type\":\"ListItem\",\"position\":1,\"name\":\"Startseite\",\"item\":\"https:\\\/\\\/www.asf-brandenburg.de\\\/asf_wp\\\/\"},{\"@type\":\"ListItem\",\"position\":2,\"name\":\"Babyempfang 2026 in Spremberg\"}]},{\"@type\":\"WebSite\",\"@id\":\"https:\\\/\\\/www.asf-brandenburg.de\\\/asf_wp\\\/#website\",\"url\":\"https:\\\/\\\/www.asf-brandenburg.de\\\/asf_wp\\\/\",\"name\":\"Albert-Schweitzer-Kinderd\u00f6rfer und Familienwerke Brandenburg e. V.\",\"description\":\"\",\"publisher\":{\"@id\":\"https:\\\/\\\/www.asf-brandenburg.de\\\/asf_wp\\\/#organization\"},\"potentialAction\":[{\"@type\":\"SearchAction\",\"target\":{\"@type\":\"EntryPoint\",\"urlTemplate\":\"https:\\\/\\\/www.asf-brandenburg.de\\\/asf_wp\\\/?s={search_term_string}\"},\"query-input\":{\"@type\":\"PropertyValueSpecification\",\"valueRequired\":true,\"valueName\":\"search_term_string\"}}],\"inLanguage\":\"de\"},{\"@type\":\"Organization\",\"@id\":\"https:\\\/\\\/www.asf-brandenburg.de\\\/asf_wp\\\/#organization\",\"name\":\"Albert-Schweitzer-Familienwerk Brandenburg e. V.\",\"url\":\"https:\\\/\\\/www.asf-brandenburg.de\\\/asf_wp\\\/\",\"logo\":{\"@type\":\"ImageObject\",\"inLanguage\":\"de\",\"@id\":\"https:\\\/\\\/www.asf-brandenburg.de\\\/asf_wp\\\/#\\\/schema\\\/logo\\\/image\\\/\",\"url\":\"https:\\\/\\\/www.asf-brandenburg.de\\\/asf_wp\\\/wp-content\\\/uploads\\\/2018\\\/08\\\/Logo_ASF_BRB_318x107.png\",\"contentUrl\":\"https:\\\/\\\/www.asf-brandenburg.de\\\/asf_wp\\\/wp-content\\\/uploads\\\/2018\\\/08\\\/Logo_ASF_BRB_318x107.png\",\"width\":318,\"height\":107,\"caption\":\"Albert-Schweitzer-Familienwerk Brandenburg e. V.\"},\"image\":{\"@id\":\"https:\\\/\\\/www.asf-brandenburg.de\\\/asf_wp\\\/#\\\/schema\\\/logo\\\/image\\\/\"},\"sameAs\":[\"https:\\\/\\\/www.facebook.com\\\/AlbertSchweitzerFamilienwerkBrandenburg\",\"https:\\\/\\\/www.youtube.com\\\/@asfbrandenburg\",\"https:\\\/\\\/www.instagram.com\\\/asf_brandenburg\\\/\"]},{\"@type\":\"Person\",\"@id\":\"https:\\\/\\\/www.asf-brandenburg.de\\\/asf_wp\\\/#\\\/schema\\\/person\\\/a63ba1553f2aa75f90f3809d9e4a1efc\",\"name\":\"Web Admin\",\"sameAs\":[\"http:\\\/\\\/www.asf-brandenburg.de\"],\"url\":\"https:\\\/\\\/www.asf-brandenburg.de\\\/asf_wp\\\/aktuelles\\\/author\\\/asf\\\/\"}]}<\/script>\n<!-- \/ Yoast SEO plugin. -->","yoast_head_json":{"title":"Babyempfang 2026 in Spremberg - Albert-Schweitzer-Familienwerk Brandenburg e.V.","description":"Farbenfrohe Osteraktionen im Familienzentrum: sorbische Ostereier gestalten und ein Dankes-Besuch vom Osterhasen aus Graustein.","robots":{"index":"index","follow":"follow","max-snippet":"max-snippet:-1","max-image-preview":"max-image-preview:large","max-video-preview":"max-video-preview:-1"},"canonical":"https:\/\/www.asf-brandenburg.de\/asf_wp\/aktuelles\/2026\/babyempfang-2026-in-spremberg\/","og_locale":"de_DE","og_type":"article","og_title":"Babyempfang 2026 in Spremberg - Albert-Schweitzer-Familienwerk Brandenburg e.V.","og_description":"Farbenfrohe Osteraktionen im Familienzentrum: sorbische Ostereier gestalten und ein Dankes-Besuch vom Osterhasen aus Graustein.","og_url":"https:\/\/www.asf-brandenburg.de\/asf_wp\/aktuelles\/2026\/babyempfang-2026-in-spremberg\/","og_site_name":"Albert-Schweitzer-Familienwerk Brandenburg e.V.","article_publisher":"https:\/\/www.facebook.com\/AlbertSchweitzerFamilienwerkBrandenburg","article_published_time":"2026-04-29T10:49:58+00:00","og_image":[{"width":1200,"height":920,"url":"https:\/\/www.asf-brandenburg.de\/asf_wp\/wp-content\/uploads\/2026\/04\/IMG-20260424-WA0001-e1777459615936.jpg","type":"image\/jpeg"}],"author":"Web Admin","twitter_card":"summary_large_image","twitter_misc":{"Verfasst von":"Web Admin","Gesch\u00e4tzte Lesezeit":"3\u00a0Minuten"},"schema":{"@context":"https:\/\/schema.org","@graph":[{"@type":"Article","@id":"https:\/\/www.asf-brandenburg.de\/asf_wp\/aktuelles\/2026\/babyempfang-2026-in-spremberg\/#article","isPartOf":{"@id":"https:\/\/www.asf-brandenburg.de\/asf_wp\/aktuelles\/2026\/babyempfang-2026-in-spremberg\/"},"author":{"name":"Web Admin","@id":"https:\/\/www.asf-brandenburg.de\/asf_wp\/#\/schema\/person\/a63ba1553f2aa75f90f3809d9e4a1efc"},"headline":"Babyempfang 2026 in Spremberg","datePublished":"2026-04-29T10:49:58+00:00","mainEntityOfPage":{"@id":"https:\/\/www.asf-brandenburg.de\/asf_wp\/aktuelles\/2026\/babyempfang-2026-in-spremberg\/"},"wordCount":1858,"commentCount":0,"publisher":{"@id":"https:\/\/www.asf-brandenburg.de\/asf_wp\/#organization"},"image":{"@id":"https:\/\/www.asf-brandenburg.de\/asf_wp\/aktuelles\/2026\/babyempfang-2026-in-spremberg\/#primaryimage"},"thumbnailUrl":"https:\/\/www.asf-brandenburg.de\/asf_wp\/wp-content\/uploads\/2026\/04\/IMG-20260424-WA0001-e1777459615936.jpg","keywords":["Albert-Schweitzer-Familienwerk Brandenburg e.V.","Familientreff","Kita Gro\u00df Luja"],"articleSection":["Neuigkeiten 2026"],"inLanguage":"de","potentialAction":[{"@type":"CommentAction","name":"Comment","target":["https:\/\/www.asf-brandenburg.de\/asf_wp\/aktuelles\/2026\/babyempfang-2026-in-spremberg\/#respond"]}]},{"@type":"WebPage","@id":"https:\/\/www.asf-brandenburg.de\/asf_wp\/aktuelles\/2026\/babyempfang-2026-in-spremberg\/","url":"https:\/\/www.asf-brandenburg.de\/asf_wp\/aktuelles\/2026\/babyempfang-2026-in-spremberg\/","name":"Babyempfang 2026 in Spremberg - Albert-Schweitzer-Familienwerk Brandenburg e.V.","isPartOf":{"@id":"https:\/\/www.asf-brandenburg.de\/asf_wp\/#website"},"primaryImageOfPage":{"@id":"https:\/\/www.asf-brandenburg.de\/asf_wp\/aktuelles\/2026\/babyempfang-2026-in-spremberg\/#primaryimage"},"image":{"@id":"https:\/\/www.asf-brandenburg.de\/asf_wp\/aktuelles\/2026\/babyempfang-2026-in-spremberg\/#primaryimage"},"thumbnailUrl":"https:\/\/www.asf-brandenburg.de\/asf_wp\/wp-content\/uploads\/2026\/04\/IMG-20260424-WA0001-e1777459615936.jpg","datePublished":"2026-04-29T10:49:58+00:00","description":"Farbenfrohe Osteraktionen im Familienzentrum: sorbische Ostereier gestalten und ein Dankes-Besuch vom Osterhasen aus Graustein.","breadcrumb":{"@id":"https:\/\/www.asf-brandenburg.de\/asf_wp\/aktuelles\/2026\/babyempfang-2026-in-spremberg\/#breadcrumb"},"inLanguage":"de","potentialAction":[{"@type":"ReadAction","target":["https:\/\/www.asf-brandenburg.de\/asf_wp\/aktuelles\/2026\/babyempfang-2026-in-spremberg\/"]}]},{"@type":"ImageObject","inLanguage":"de","@id":"https:\/\/www.asf-brandenburg.de\/asf_wp\/aktuelles\/2026\/babyempfang-2026-in-spremberg\/#primaryimage","url":"https:\/\/www.asf-brandenburg.de\/asf_wp\/wp-content\/uploads\/2026\/04\/IMG-20260424-WA0001-e1777459615936.jpg","contentUrl":"https:\/\/www.asf-brandenburg.de\/asf_wp\/wp-content\/uploads\/2026\/04\/IMG-20260424-WA0001-e1777459615936.jpg","width":1200,"height":920},{"@type":"BreadcrumbList","@id":"https:\/\/www.asf-brandenburg.de\/asf_wp\/aktuelles\/2026\/babyempfang-2026-in-spremberg\/#breadcrumb","itemListElement":[{"@type":"ListItem","position":1,"name":"Startseite","item":"https:\/\/www.asf-brandenburg.de\/asf_wp\/"},{"@type":"ListItem","position":2,"name":"Babyempfang 2026 in Spremberg"}]},{"@type":"WebSite","@id":"https:\/\/www.asf-brandenburg.de\/asf_wp\/#website","url":"https:\/\/www.asf-brandenburg.de\/asf_wp\/","name":"Albert-Schweitzer-Kinderd\u00f6rfer und Familienwerke Brandenburg e. V.","description":"","publisher":{"@id":"https:\/\/www.asf-brandenburg.de\/asf_wp\/#organization"},"potentialAction":[{"@type":"SearchAction","target":{"@type":"EntryPoint","urlTemplate":"https:\/\/www.asf-brandenburg.de\/asf_wp\/?s={search_term_string}"},"query-input":{"@type":"PropertyValueSpecification","valueRequired":true,"valueName":"search_term_string"}}],"inLanguage":"de"},{"@type":"Organization","@id":"https:\/\/www.asf-brandenburg.de\/asf_wp\/#organization","name":"Albert-Schweitzer-Familienwerk Brandenburg e. V.","url":"https:\/\/www.asf-brandenburg.de\/asf_wp\/","logo":{"@type":"ImageObject","inLanguage":"de","@id":"https:\/\/www.asf-brandenburg.de\/asf_wp\/#\/schema\/logo\/image\/","url":"https:\/\/www.asf-brandenburg.de\/asf_wp\/wp-content\/uploads\/2018\/08\/Logo_ASF_BRB_318x107.png","contentUrl":"https:\/\/www.asf-brandenburg.de\/asf_wp\/wp-content\/uploads\/2018\/08\/Logo_ASF_BRB_318x107.png","width":318,"height":107,"caption":"Albert-Schweitzer-Familienwerk Brandenburg e. V."},"image":{"@id":"https:\/\/www.asf-brandenburg.de\/asf_wp\/#\/schema\/logo\/image\/"},"sameAs":["https:\/\/www.facebook.com\/AlbertSchweitzerFamilienwerkBrandenburg","https:\/\/www.youtube.com\/@asfbrandenburg","https:\/\/www.instagram.com\/asf_brandenburg\/"]},{"@type":"Person","@id":"https:\/\/www.asf-brandenburg.de\/asf_wp\/#\/schema\/person\/a63ba1553f2aa75f90f3809d9e4a1efc","name":"Web Admin","sameAs":["http:\/\/www.asf-brandenburg.de"],"url":"https:\/\/www.asf-brandenburg.de\/asf_wp\/aktuelles\/author\/asf\/"}]}},"_links":{"self":[{"href":"https:\/\/www.asf-brandenburg.de\/asf_wp\/wp-json\/wp\/v2\/posts\/10430","targetHints":{"allow":["GET"]}}],"collection":[{"href":"https:\/\/www.asf-brandenburg.de\/asf_wp\/wp-json\/wp\/v2\/posts"}],"about":[{"href":"https:\/\/www.asf-brandenburg.de\/asf_wp\/wp-json\/wp\/v2\/types\/post"}],"author":[{"embeddable":true,"href":"https:\/\/www.asf-brandenburg.de\/asf_wp\/wp-json\/wp\/v2\/users\/2"}],"replies":[{"embeddable":true,"href":"https:\/\/www.asf-brandenburg.de\/asf_wp\/wp-json\/wp\/v2\/comments?post=10430"}],"version-history":[{"count":2,"href":"https:\/\/www.asf-brandenburg.de\/asf_wp\/wp-json\/wp\/v2\/posts\/10430\/revisions"}],"predecessor-version":[{"id":10437,"href":"https:\/\/www.asf-brandenburg.de\/asf_wp\/wp-json\/wp\/v2\/posts\/10430\/revisions\/10437"}],"wp:featuredmedia":[{"embeddable":true,"href":"https:\/\/www.asf-brandenburg.de\/asf_wp\/wp-json\/wp\/v2\/media\/10431"}],"wp:attachment":[{"href":"https:\/\/www.asf-brandenburg.de\/asf_wp\/wp-json\/wp\/v2\/media?parent=10430"}],"wp:term":[{"taxonomy":"category","embeddable":true,"href":"https:\/\/www.asf-brandenburg.de\/asf_wp\/wp-json\/wp\/v2\/categories?post=10430"},{"taxonomy":"post_tag","embeddable":true,"href":"https:\/\/www.asf-brandenburg.de\/asf_wp\/wp-json\/wp\/v2\/tags?post=10430"}],"curies":[{"name":"wp","href":"https:\/\/api.w.org\/{rel}","templated":true}]}}